{"id":60804,"date":"2022-08-02T23:34:00","date_gmt":"2022-08-03T04:34:00","guid":{"rendered":"https:\/\/pagina10.com\/web\/?p=60804"},"modified":"2022-08-02T23:34:00","modified_gmt":"2022-08-03T04:34:00","slug":"fallecio-el-apostol-de-la-paz-monsenor-luis-augusto-castro-quiroga","status":"publish","type":"post","link":"https:\/\/pagina10.com\/web\/fallecio-el-apostol-de-la-paz-monsenor-luis-augusto-castro-quiroga\/","title":{"rendered":"Falleci\u00f3 el ap\u00f3stol de la paz: Monse\u00f1or Luis Augusto Castro Quiroga"},"content":{"rendered":"<p style=\"text-align: justify;\">A los 80 a\u00f1os regres\u00f3 a la casa del creador el arzobispo em\u00e9rito de Tunja Luis Augusto Castro Quiroga, quien hab\u00eda sido internado en la Cl\u00ednica Marly en Ch\u00eda, Cundinamarca, donde permanec\u00eda recluido recibiendo asistencia medica tras sufrir complicaciones respiratorias debido al covid-19.<\/p>\n<p style=\"text-align: justify;\">\u201cCon profundo dolor, pero con la esperanza puesta en el Se\u00f1or Resucitado, debemos informar que ha fallecido Monse\u00f1or Luis Augusto Castro Quiroga, que Dios lo reciba en la patria eterna y lo colme con el cielo por su entrega generosa a su santa voluntad\u201d, manifest\u00f3 la Arquidi\u00f3cesis de Tunja.<\/p>\n<p style=\"text-align: justify;\">El ap\u00f3stol de la paz, como era conocido en la Iglesia Cat\u00f3lica colombiana, se destac\u00f3 por ser uno de los mediadores de paz durante el conflicto armado protagonizado por la exguerrilla de las Farc. De hecho su papel pacificador sirvi\u00f3 para liberar a varios militares retenidos por ese grupo insurgente en Putumayo durante el a\u00f1o 1997.<\/p>\n<p style=\"text-align: justify;\">Castro Quiroga se desempe\u00f1\u00f3 como presidente de la Conferencia Episcopal Colombiana y adem\u00e1s, fue presidente de la Comisi\u00f3n de Conciliaci\u00f3n Nacional (CNN), donde tuvo una incidencia en los acuerdos de paz desarrollados en el pa\u00eds. En 2016, recibi\u00f3 la petici\u00f3n del Eln de iniciar di\u00e1logos con el Gobierno Nacional.<\/p>\n","protected":false},"excerpt":{"rendered":"<p>A los 80 a\u00f1os regres\u00f3 a la casa del creador el arzobispo em\u00e9rito de Tunja Luis Augusto Castro Quiroga, quien hab\u00eda sido internado en la Cl\u00ednica Marly en Ch\u00eda, Cundinamarca, donde permanec\u00eda recluido recibiendo asistencia medica tras sufrir complicaciones respiratorias debido al covid-19. \u201cCon profundo dolor, pero con la esperanza puesta en el Se\u00f1or Resucitado, [&hellip;]<\/p>\n","protected":false},"author":1,"featured_media":60805,"comment_status":"open","ping_status":"open","sticky":false,"template":"","format":"standard","meta":{"footnotes":""},"categories":[94],"tags":[],"class_list":["post-60804","post","type-post","status-publish","format-standard","has-post-thumbnail","hentry","category-nacional-global-2"],"yoast_head":"<!-- This site is optimized with the Yoast SEO plugin v27.1.1 - https:\/\/yoast.com\/product\/yoast-seo-wordpress\/ -->\n<title>Falleci\u00f3 el ap\u00f3stol de la paz: Monse\u00f1or Luis Augusto Castro Quiroga | P\u00e1gina10<\/title>\n<meta name=\"robots\" content=\"index, follow, max-snippet:-1, max-image-preview:large, max-video-preview:-1\" \/>\n<link rel=\"canonical\" href=\"https:\/\/pagina10.com\/web\/fallecio-el-apostol-de-la-paz-monsenor-luis-augusto-castro-quiroga\/\" \/>\n<meta property=\"og:locale\" content=\"es_ES\" \/>\n<meta property=\"og:type\" content=\"article\" \/>\n<meta property=\"og:title\" content=\"Falleci\u00f3 el ap\u00f3stol de la paz: Monse\u00f1or Luis Augusto Castro Quiroga | P\u00e1gina10\" \/>\n<meta property=\"og:description\" content=\"A los 80 a\u00f1os regres\u00f3 a la casa del creador el arzobispo em\u00e9rito de Tunja Luis Augusto Castro Quiroga, quien hab\u00eda sido internado en la Cl\u00ednica Marly en Ch\u00eda, Cundinamarca, donde permanec\u00eda recluido recibiendo asistencia medica tras sufrir complicaciones respiratorias debido al covid-19. \u201cCon profundo dolor, pero con la esperanza puesta en el Se\u00f1or Resucitado, [&hellip;]\" \/>\n<meta property=\"og:url\" content=\"https:\/\/pagina10.com\/web\/fallecio-el-apostol-de-la-paz-monsenor-luis-augusto-castro-quiroga\/\" \/>\n<meta property=\"og:site_name\" content=\"P\u00e1gina10\" \/>\n<meta property=\"article:publisher\" content=\"https:\/\/www.facebook.com\/pag10com\" \/>\n<meta property=\"article:published_time\" content=\"2022-08-03T04:34:00+00:00\" \/>\n<meta property=\"og:image\" content=\"https:\/\/pagina10.com\/web\/wp-content\/uploads\/2022\/08\/monsenor-Luis-Augusto-Castro.jpg\" \/>\n\t<meta property=\"og:image:width\" content=\"566\" \/>\n\t<meta property=\"og:image:height\" content=\"402\" \/>\n\t<meta property=\"og:image:type\" content=\"image\/jpeg\" \/>\n<meta name=\"author\" content=\"P\u00e1gina 10\" \/>\n<meta name=\"twitter:card\" content=\"summary_large_image\" \/>\n<meta name=\"twitter:creator\" content=\"@Pag10com\" \/>\n<meta name=\"twitter:site\" content=\"@Pag10com\" \/>\n<meta name=\"twitter:label1\" content=\"Escrito por\" \/>\n\t<meta name=\"twitter:data1\" content=\"P\u00e1gina 10\" \/>\n\t<meta name=\"twitter:label2\" content=\"Tiempo de lectura\" \/>\n\t<meta name=\"twitter:data2\" content=\"1 minuto\" \/>\n<script type=\"application\/ld+json\" class=\"yoast-schema-graph\">{\"@context\":\"https:\/\/schema.org\",\"@graph\":[{\"@type\":\"Article\",\"@id\":\"https:\/\/pagina10.com\/web\/fallecio-el-apostol-de-la-paz-monsenor-luis-augusto-castro-quiroga\/#article\",\"isPartOf\":{\"@id\":\"https:\/\/pagina10.com\/web\/fallecio-el-apostol-de-la-paz-monsenor-luis-augusto-castro-quiroga\/\"},\"author\":{\"name\":\"P\u00e1gina 10\",\"@id\":\"https:\/\/pagina10.com\/web\/#\/schema\/person\/2efc4a090d25b667d3bc796798a3a81b\"},\"headline\":\"Falleci\u00f3 el ap\u00f3stol de la paz: Monse\u00f1or Luis Augusto Castro Quiroga\",\"datePublished\":\"2022-08-03T04:34:00+00:00\",\"mainEntityOfPage\":{\"@id\":\"https:\/\/pagina10.com\/web\/fallecio-el-apostol-de-la-paz-monsenor-luis-augusto-castro-quiroga\/\"},\"wordCount\":225,\"commentCount\":0,\"publisher\":{\"@id\":\"https:\/\/pagina10.com\/web\/#organization\"},\"image\":{\"@id\":\"https:\/\/pagina10.com\/web\/fallecio-el-apostol-de-la-paz-monsenor-luis-augusto-castro-quiroga\/#primaryimage\"},\"thumbnailUrl\":\"https:\/\/pagina10.com\/web\/wp-content\/uploads\/2022\/08\/monsenor-Luis-Augusto-Castro.jpg\",\"articleSection\":[\"Nacional\"],\"inLanguage\":\"es\",\"potentialAction\":[{\"@type\":\"CommentAction\",\"name\":\"Comment\",\"target\":[\"https:\/\/pagina10.com\/web\/fallecio-el-apostol-de-la-paz-monsenor-luis-augusto-castro-quiroga\/#respond\"]}]},{\"@type\":\"WebPage\",\"@id\":\"https:\/\/pagina10.com\/web\/fallecio-el-apostol-de-la-paz-monsenor-luis-augusto-castro-quiroga\/\",\"url\":\"https:\/\/pagina10.com\/web\/fallecio-el-apostol-de-la-paz-monsenor-luis-augusto-castro-quiroga\/\",\"name\":\"Falleci\u00f3 el ap\u00f3stol de la paz: Monse\u00f1or Luis Augusto Castro Quiroga | P\u00e1gina10\",\"isPartOf\":{\"@id\":\"https:\/\/pagina10.com\/web\/#website\"},\"primaryImageOfPage\":{\"@id\":\"https:\/\/pagina10.com\/web\/fallecio-el-apostol-de-la-paz-monsenor-luis-augusto-castro-quiroga\/#primaryimage\"},\"image\":{\"@id\":\"https:\/\/pagina10.com\/web\/fallecio-el-apostol-de-la-paz-monsenor-luis-augusto-castro-quiroga\/#primaryimage\"},\"thumbnailUrl\":\"https:\/\/pagina10.com\/web\/wp-content\/uploads\/2022\/08\/monsenor-Luis-Augusto-Castro.jpg\",\"datePublished\":\"2022-08-03T04:34:00+00:00\",\"breadcrumb\":{\"@id\":\"https:\/\/pagina10.com\/web\/fallecio-el-apostol-de-la-paz-monsenor-luis-augusto-castro-quiroga\/#breadcrumb\"},\"inLanguage\":\"es\",\"potentialAction\":[{\"@type\":\"ReadAction\",\"target\":[\"https:\/\/pagina10.com\/web\/fallecio-el-apostol-de-la-paz-monsenor-luis-augusto-castro-quiroga\/\"]}]},{\"@type\":\"ImageObject\",\"inLanguage\":\"es\",\"@id\":\"https:\/\/pagina10.com\/web\/fallecio-el-apostol-de-la-paz-monsenor-luis-augusto-castro-quiroga\/#primaryimage\",\"url\":\"https:\/\/pagina10.com\/web\/wp-content\/uploads\/2022\/08\/monsenor-Luis-Augusto-Castro.jpg\",\"contentUrl\":\"https:\/\/pagina10.com\/web\/wp-content\/uploads\/2022\/08\/monsenor-Luis-Augusto-Castro.jpg\",\"width\":566,\"height\":402},{\"@type\":\"BreadcrumbList\",\"@id\":\"https:\/\/pagina10.com\/web\/fallecio-el-apostol-de-la-paz-monsenor-luis-augusto-castro-quiroga\/#breadcrumb\",\"itemListElement\":[{\"@type\":\"ListItem\",\"position\":1,\"name\":\"Portada\",\"item\":\"https:\/\/pagina10.com\/web\/\"},{\"@type\":\"ListItem\",\"position\":2,\"name\":\"Falleci\u00f3 el ap\u00f3stol de la paz: Monse\u00f1or Luis Augusto Castro Quiroga\"}]},{\"@type\":\"WebSite\",\"@id\":\"https:\/\/pagina10.com\/web\/#website\",\"url\":\"https:\/\/pagina10.com\/web\/\",\"name\":\"P\u00e1gina10\",\"description\":\"Peri\u00f3dico Regional\",\"publisher\":{\"@id\":\"https:\/\/pagina10.com\/web\/#organization\"},\"alternateName\":\"P\u00e1gina10 Peri\u00f3dico Regional\",\"potentialAction\":[{\"@type\":\"SearchAction\",\"target\":{\"@type\":\"EntryPoint\",\"urlTemplate\":\"https:\/\/pagina10.com\/web\/?s={search_term_string}\"},\"query-input\":{\"@type\":\"PropertyValueSpecification\",\"valueRequired\":true,\"valueName\":\"search_term_string\"}}],\"inLanguage\":\"es\"},{\"@type\":\"Organization\",\"@id\":\"https:\/\/pagina10.com\/web\/#organization\",\"name\":\"P\u00e1gina10\",\"alternateName\":\"P\u00e1gina10 Peri\u00f3dico Regional\",\"url\":\"https:\/\/pagina10.com\/web\/\",\"logo\":{\"@type\":\"ImageObject\",\"inLanguage\":\"es\",\"@id\":\"https:\/\/pagina10.com\/web\/#\/schema\/logo\/image\/\",\"url\":\"https:\/\/pagina10.com\/web\/wp-content\/uploads\/2024\/01\/40-pagina-10-periodico-regional-pasto.jpg\",\"contentUrl\":\"https:\/\/pagina10.com\/web\/wp-content\/uploads\/2024\/01\/40-pagina-10-periodico-regional-pasto.jpg\",\"width\":1280,\"height\":720,\"caption\":\"P\u00e1gina10\"},\"image\":{\"@id\":\"https:\/\/pagina10.com\/web\/#\/schema\/logo\/image\/\"},\"sameAs\":[\"https:\/\/www.facebook.com\/pag10com\",\"https:\/\/x.com\/Pag10com\",\"https:\/\/www.instagram.com\/pagina10col\/\",\"https:\/\/youtube.com\/channel\/pag10\",\"https:\/\/www.tiktok.com\/@p10col\"]},{\"@type\":\"Person\",\"@id\":\"https:\/\/pagina10.com\/web\/#\/schema\/person\/2efc4a090d25b667d3bc796798a3a81b\",\"name\":\"P\u00e1gina 10\",\"description\":\"P\u00e1gina 10 es un peri\u00f3dico regional que nace en Colombia, en el departamento de Nari\u00f1o, con un enfoque global, fundamentado en cuatro pilares esenciales: la libertad, el pluralismo, la inclusi\u00f3n y la independencia. P\u00e1gina 10 hace referencia a Nari\u00f1o como el d\u00e9cimo departamento creado en Colombia, despu\u00e9s de un proceso pol\u00edtico liderado por actores y actrices regionales con el fin de obtener la independencia y autonom\u00eda de nuestros territorios. Con la creaci\u00f3n de P\u00e1gina 10 se pretende abrir un escenario para el dialogo, la reflexi\u00f3n y el debate que se extienda a otras geograf\u00edas de Am\u00e9rica Latina y del planeta, en una apuesta por transformar colectivamente los desaf\u00edos de un mundo contempor\u00e1neo, m\u00e1s all\u00e1 de las fronteras impuestas.\",\"url\":\"https:\/\/pagina10.com\/web\/author\/pdiezadmin\/\"}]}<\/script>\n<!-- \/ Yoast SEO plugin. -->","yoast_head_json":{"title":"Falleci\u00f3 el ap\u00f3stol de la paz: Monse\u00f1or Luis Augusto Castro Quiroga | P\u00e1gina10","robots":{"index":"index","follow":"follow","max-snippet":"max-snippet:-1","max-image-preview":"max-image-preview:large","max-video-preview":"max-video-preview:-1"},"canonical":"https:\/\/pagina10.com\/web\/fallecio-el-apostol-de-la-paz-monsenor-luis-augusto-castro-quiroga\/","og_locale":"es_ES","og_type":"article","og_title":"Falleci\u00f3 el ap\u00f3stol de la paz: Monse\u00f1or Luis Augusto Castro Quiroga | P\u00e1gina10","og_description":"A los 80 a\u00f1os regres\u00f3 a la casa del creador el arzobispo em\u00e9rito de Tunja Luis Augusto Castro Quiroga, quien hab\u00eda sido internado en la Cl\u00ednica Marly en Ch\u00eda, Cundinamarca, donde permanec\u00eda recluido recibiendo asistencia medica tras sufrir complicaciones respiratorias debido al covid-19. \u201cCon profundo dolor, pero con la esperanza puesta en el Se\u00f1or Resucitado, [&hellip;]","og_url":"https:\/\/pagina10.com\/web\/fallecio-el-apostol-de-la-paz-monsenor-luis-augusto-castro-quiroga\/","og_site_name":"P\u00e1gina10","article_publisher":"https:\/\/www.facebook.com\/pag10com","article_published_time":"2022-08-03T04:34:00+00:00","og_image":[{"width":566,"height":402,"url":"https:\/\/pagina10.com\/web\/wp-content\/uploads\/2022\/08\/monsenor-Luis-Augusto-Castro.jpg","type":"image\/jpeg"}],"author":"P\u00e1gina 10","twitter_card":"summary_large_image","twitter_creator":"@Pag10com","twitter_site":"@Pag10com","twitter_misc":{"Escrito por":"P\u00e1gina 10","Tiempo de lectura":"1 minuto"},"schema":{"@context":"https:\/\/schema.org","@graph":[{"@type":"Article","@id":"https:\/\/pagina10.com\/web\/fallecio-el-apostol-de-la-paz-monsenor-luis-augusto-castro-quiroga\/#article","isPartOf":{"@id":"https:\/\/pagina10.com\/web\/fallecio-el-apostol-de-la-paz-monsenor-luis-augusto-castro-quiroga\/"},"author":{"name":"P\u00e1gina 10","@id":"https:\/\/pagina10.com\/web\/#\/schema\/person\/2efc4a090d25b667d3bc796798a3a81b"},"headline":"Falleci\u00f3 el ap\u00f3stol de la paz: Monse\u00f1or Luis Augusto Castro Quiroga","datePublished":"2022-08-03T04:34:00+00:00","mainEntityOfPage":{"@id":"https:\/\/pagina10.com\/web\/fallecio-el-apostol-de-la-paz-monsenor-luis-augusto-castro-quiroga\/"},"wordCount":225,"commentCount":0,"publisher":{"@id":"https:\/\/pagina10.com\/web\/#organization"},"image":{"@id":"https:\/\/pagina10.com\/web\/fallecio-el-apostol-de-la-paz-monsenor-luis-augusto-castro-quiroga\/#primaryimage"},"thumbnailUrl":"https:\/\/pagina10.com\/web\/wp-content\/uploads\/2022\/08\/monsenor-Luis-Augusto-Castro.jpg","articleSection":["Nacional"],"inLanguage":"es","potentialAction":[{"@type":"CommentAction","name":"Comment","target":["https:\/\/pagina10.com\/web\/fallecio-el-apostol-de-la-paz-monsenor-luis-augusto-castro-quiroga\/#respond"]}]},{"@type":"WebPage","@id":"https:\/\/pagina10.com\/web\/fallecio-el-apostol-de-la-paz-monsenor-luis-augusto-castro-quiroga\/","url":"https:\/\/pagina10.com\/web\/fallecio-el-apostol-de-la-paz-monsenor-luis-augusto-castro-quiroga\/","name":"Falleci\u00f3 el ap\u00f3stol de la paz: Monse\u00f1or Luis Augusto Castro Quiroga | P\u00e1gina10","isPartOf":{"@id":"https:\/\/pagina10.com\/web\/#website"},"primaryImageOfPage":{"@id":"https:\/\/pagina10.com\/web\/fallecio-el-apostol-de-la-paz-monsenor-luis-augusto-castro-quiroga\/#primaryimage"},"image":{"@id":"https:\/\/pagina10.com\/web\/fallecio-el-apostol-de-la-paz-monsenor-luis-augusto-castro-quiroga\/#primaryimage"},"thumbnailUrl":"https:\/\/pagina10.com\/web\/wp-content\/uploads\/2022\/08\/monsenor-Luis-Augusto-Castro.jpg","datePublished":"2022-08-03T04:34:00+00:00","breadcrumb":{"@id":"https:\/\/pagina10.com\/web\/fallecio-el-apostol-de-la-paz-monsenor-luis-augusto-castro-quiroga\/#breadcrumb"},"inLanguage":"es","potentialAction":[{"@type":"ReadAction","target":["https:\/\/pagina10.com\/web\/fallecio-el-apostol-de-la-paz-monsenor-luis-augusto-castro-quiroga\/"]}]},{"@type":"ImageObject","inLanguage":"es","@id":"https:\/\/pagina10.com\/web\/fallecio-el-apostol-de-la-paz-monsenor-luis-augusto-castro-quiroga\/#primaryimage","url":"https:\/\/pagina10.com\/web\/wp-content\/uploads\/2022\/08\/monsenor-Luis-Augusto-Castro.jpg","contentUrl":"https:\/\/pagina10.com\/web\/wp-content\/uploads\/2022\/08\/monsenor-Luis-Augusto-Castro.jpg","width":566,"height":402},{"@type":"BreadcrumbList","@id":"https:\/\/pagina10.com\/web\/fallecio-el-apostol-de-la-paz-monsenor-luis-augusto-castro-quiroga\/#breadcrumb","itemListElement":[{"@type":"ListItem","position":1,"name":"Portada","item":"https:\/\/pagina10.com\/web\/"},{"@type":"ListItem","position":2,"name":"Falleci\u00f3 el ap\u00f3stol de la paz: Monse\u00f1or Luis Augusto Castro Quiroga"}]},{"@type":"WebSite","@id":"https:\/\/pagina10.com\/web\/#website","url":"https:\/\/pagina10.com\/web\/","name":"P\u00e1gina10","description":"Peri\u00f3dico Regional","publisher":{"@id":"https:\/\/pagina10.com\/web\/#organization"},"alternateName":"P\u00e1gina10 Peri\u00f3dico Regional","potentialAction":[{"@type":"SearchAction","target":{"@type":"EntryPoint","urlTemplate":"https:\/\/pagina10.com\/web\/?s={search_term_string}"},"query-input":{"@type":"PropertyValueSpecification","valueRequired":true,"valueName":"search_term_string"}}],"inLanguage":"es"},{"@type":"Organization","@id":"https:\/\/pagina10.com\/web\/#organization","name":"P\u00e1gina10","alternateName":"P\u00e1gina10 Peri\u00f3dico Regional","url":"https:\/\/pagina10.com\/web\/","logo":{"@type":"ImageObject","inLanguage":"es","@id":"https:\/\/pagina10.com\/web\/#\/schema\/logo\/image\/","url":"https:\/\/pagina10.com\/web\/wp-content\/uploads\/2024\/01\/40-pagina-10-periodico-regional-pasto.jpg","contentUrl":"https:\/\/pagina10.com\/web\/wp-content\/uploads\/2024\/01\/40-pagina-10-periodico-regional-pasto.jpg","width":1280,"height":720,"caption":"P\u00e1gina10"},"image":{"@id":"https:\/\/pagina10.com\/web\/#\/schema\/logo\/image\/"},"sameAs":["https:\/\/www.facebook.com\/pag10com","https:\/\/x.com\/Pag10com","https:\/\/www.instagram.com\/pagina10col\/","https:\/\/youtube.com\/channel\/pag10","https:\/\/www.tiktok.com\/@p10col"]},{"@type":"Person","@id":"https:\/\/pagina10.com\/web\/#\/schema\/person\/2efc4a090d25b667d3bc796798a3a81b","name":"P\u00e1gina 10","description":"P\u00e1gina 10 es un peri\u00f3dico regional que nace en Colombia, en el departamento de Nari\u00f1o, con un enfoque global, fundamentado en cuatro pilares esenciales: la libertad, el pluralismo, la inclusi\u00f3n y la independencia. P\u00e1gina 10 hace referencia a Nari\u00f1o como el d\u00e9cimo departamento creado en Colombia, despu\u00e9s de un proceso pol\u00edtico liderado por actores y actrices regionales con el fin de obtener la independencia y autonom\u00eda de nuestros territorios. Con la creaci\u00f3n de P\u00e1gina 10 se pretende abrir un escenario para el dialogo, la reflexi\u00f3n y el debate que se extienda a otras geograf\u00edas de Am\u00e9rica Latina y del planeta, en una apuesta por transformar colectivamente los desaf\u00edos de un mundo contempor\u00e1neo, m\u00e1s all\u00e1 de las fronteras impuestas.","url":"https:\/\/pagina10.com\/web\/author\/pdiezadmin\/"}]}},"_links":{"self":[{"href":"https:\/\/pagina10.com\/web\/wp-json\/wp\/v2\/posts\/60804","targetHints":{"allow":["GET"]}}],"collection":[{"href":"https:\/\/pagina10.com\/web\/wp-json\/wp\/v2\/posts"}],"about":[{"href":"https:\/\/pagina10.com\/web\/wp-json\/wp\/v2\/types\/post"}],"author":[{"embeddable":true,"href":"https:\/\/pagina10.com\/web\/wp-json\/wp\/v2\/users\/1"}],"replies":[{"embeddable":true,"href":"https:\/\/pagina10.com\/web\/wp-json\/wp\/v2\/comments?post=60804"}],"version-history":[{"count":1,"href":"https:\/\/pagina10.com\/web\/wp-json\/wp\/v2\/posts\/60804\/revisions"}],"predecessor-version":[{"id":60806,"href":"https:\/\/pagina10.com\/web\/wp-json\/wp\/v2\/posts\/60804\/revisions\/60806"}],"wp:featuredmedia":[{"embeddable":true,"href":"https:\/\/pagina10.com\/web\/wp-json\/wp\/v2\/media\/60805"}],"wp:attachment":[{"href":"https:\/\/pagina10.com\/web\/wp-json\/wp\/v2\/media?parent=60804"}],"wp:term":[{"taxonomy":"category","embeddable":true,"href":"https:\/\/pagina10.com\/web\/wp-json\/wp\/v2\/categories?post=60804"},{"taxonomy":"post_tag","embeddable":true,"href":"https:\/\/pagina10.com\/web\/wp-json\/wp\/v2\/tags?post=60804"}],"curies":[{"name":"wp","href":"https:\/\/api.w.org\/{rel}","templated":true}]}}