{"id":60807,"date":"2022-08-03T12:56:10","date_gmt":"2022-08-03T17:56:10","guid":{"rendered":"https:\/\/pagina10.com\/web\/?p=60807"},"modified":"2022-08-03T12:56:10","modified_gmt":"2022-08-03T17:56:10","slug":"en-catambuco-realizaran-jornada-de-limpieza-a-traves-del-deporte","status":"publish","type":"post","link":"https:\/\/pagina10.com\/web\/en-catambuco-realizaran-jornada-de-limpieza-a-traves-del-deporte\/","title":{"rendered":"En Catambuco realizar\u00e1n jornada de limpieza a trav\u00e9s del deporte"},"content":{"rendered":"<p style=\"text-align: justify;\">El corregimiento de Catambuco ser\u00e1 escenario del Segundo Plogging Nari\u00f1o, iniciativa con la que se pretende recolectar la mayor cantidad de basuras a trav\u00e9s de una carrera atl\u00e9tica. Esta estrategia naci\u00f3 en Suecia hace diez a\u00f1os aproximadamente y consiste en combinar el deporte con la recolecci\u00f3n de los residuos.<\/p>\n<p style=\"text-align: justify;\">En Colombia se lleva a cabo desde el 2020 por medio de Plogging Colombia, mientras que en Nari\u00f1o llega a su segunda versi\u00f3n gracias al liderazgo de la Fundaci\u00f3n Eco Ciudad que junto con otras empresas realizar\u00e1n el evento el pr\u00f3ximo s\u00e1bado 13 de agosto a partir de las 8:30 de la ma\u00f1ana.<\/p>\n<p style=\"text-align: justify;\">El recorrido de aproximadamente 7 kil\u00f3metros, iniciar\u00e1 en el sector de Botanilla y se extender\u00e1 hasta la vereda San Francisco para luego terminar en la plazoleta principal donde se llevar\u00e1 a cabo el pesaje de los materiales recogidos y la premiaci\u00f3n tanto a la primera persona que llegue a la meta como a aquella que m\u00e1s residuos recoja.<\/p>\n<p style=\"text-align: justify;\">Lorena Caicedo, representante de Eco Ciudad, indic\u00f3 que la primera jornada se realiz\u00f3 en Mapachico con un recorrido similar y una recolecci\u00f3n de alrededor 160 kilos de basura. As\u00ed mismo, sostuvo que la mayor cantidad de basura recogida correspondi\u00f3 a art\u00edculos de pl\u00e1stico que posteriormente se convirtieron en escobas y recogedores.<\/p>\n","protected":false},"excerpt":{"rendered":"<p>El corregimiento de Catambuco ser\u00e1 escenario del Segundo Plogging Nari\u00f1o, iniciativa con la que se pretende recolectar la mayor cantidad de basuras a trav\u00e9s de una carrera atl\u00e9tica. Esta estrategia naci\u00f3 en Suecia hace diez a\u00f1os aproximadamente y consiste en combinar el deporte con la recolecci\u00f3n de los residuos. En Colombia se lleva a cabo [&hellip;]<\/p>\n","protected":false},"author":1,"featured_media":60808,"comment_status":"open","ping_status":"open","sticky":false,"template":"","format":"standard","meta":{"footnotes":""},"categories":[82],"tags":[],"class_list":["post-60807","post","type-post","status-publish","format-standard","has-post-thumbnail","hentry","category-ciudad-2"],"yoast_head":"<!-- This site is optimized with the Yoast SEO plugin v27.1.1 - https:\/\/yoast.com\/product\/yoast-seo-wordpress\/ -->\n<title>En Catambuco realizar\u00e1n jornada de limpieza a trav\u00e9s del deporte | P\u00e1gina10<\/title>\n<meta name=\"robots\" content=\"index, follow, max-snippet:-1, max-image-preview:large, max-video-preview:-1\" \/>\n<link rel=\"canonical\" href=\"https:\/\/pagina10.com\/web\/en-catambuco-realizaran-jornada-de-limpieza-a-traves-del-deporte\/\" \/>\n<meta property=\"og:locale\" content=\"es_ES\" \/>\n<meta property=\"og:type\" content=\"article\" \/>\n<meta property=\"og:title\" content=\"En Catambuco realizar\u00e1n jornada de limpieza a trav\u00e9s del deporte | P\u00e1gina10\" \/>\n<meta property=\"og:description\" content=\"El corregimiento de Catambuco ser\u00e1 escenario del Segundo Plogging Nari\u00f1o, iniciativa con la que se pretende recolectar la mayor cantidad de basuras a trav\u00e9s de una carrera atl\u00e9tica. Esta estrategia naci\u00f3 en Suecia hace diez a\u00f1os aproximadamente y consiste en combinar el deporte con la recolecci\u00f3n de los residuos. En Colombia se lleva a cabo [&hellip;]\" \/>\n<meta property=\"og:url\" content=\"https:\/\/pagina10.com\/web\/en-catambuco-realizaran-jornada-de-limpieza-a-traves-del-deporte\/\" \/>\n<meta property=\"og:site_name\" content=\"P\u00e1gina10\" \/>\n<meta property=\"article:publisher\" content=\"https:\/\/www.facebook.com\/pag10com\" \/>\n<meta property=\"article:published_time\" content=\"2022-08-03T17:56:10+00:00\" \/>\n<meta property=\"og:image\" content=\"https:\/\/pagina10.com\/web\/wp-content\/uploads\/2022\/08\/WhatsApp-Image-2022-08-02-at-7.28.16-PM-e1659549338272.jpeg\" \/>\n\t<meta property=\"og:image:width\" content=\"1080\" \/>\n\t<meta property=\"og:image:height\" content=\"644\" \/>\n\t<meta property=\"og:image:type\" content=\"image\/jpeg\" \/>\n<meta name=\"author\" content=\"P\u00e1gina 10\" \/>\n<meta name=\"twitter:card\" content=\"summary_large_image\" \/>\n<meta name=\"twitter:creator\" content=\"@Pag10com\" \/>\n<meta name=\"twitter:site\" content=\"@Pag10com\" \/>\n<meta name=\"twitter:label1\" content=\"Escrito por\" \/>\n\t<meta name=\"twitter:data1\" content=\"P\u00e1gina 10\" \/>\n\t<meta name=\"twitter:label2\" content=\"Tiempo de lectura\" \/>\n\t<meta name=\"twitter:data2\" content=\"1 minuto\" \/>\n<script type=\"application\/ld+json\" class=\"yoast-schema-graph\">{\"@context\":\"https:\/\/schema.org\",\"@graph\":[{\"@type\":\"Article\",\"@id\":\"https:\/\/pagina10.com\/web\/en-catambuco-realizaran-jornada-de-limpieza-a-traves-del-deporte\/#article\",\"isPartOf\":{\"@id\":\"https:\/\/pagina10.com\/web\/en-catambuco-realizaran-jornada-de-limpieza-a-traves-del-deporte\/\"},\"author\":{\"name\":\"P\u00e1gina 10\",\"@id\":\"https:\/\/pagina10.com\/web\/#\/schema\/person\/2efc4a090d25b667d3bc796798a3a81b\"},\"headline\":\"En Catambuco realizar\u00e1n jornada de limpieza a trav\u00e9s del deporte\",\"datePublished\":\"2022-08-03T17:56:10+00:00\",\"mainEntityOfPage\":{\"@id\":\"https:\/\/pagina10.com\/web\/en-catambuco-realizaran-jornada-de-limpieza-a-traves-del-deporte\/\"},\"wordCount\":236,\"commentCount\":0,\"publisher\":{\"@id\":\"https:\/\/pagina10.com\/web\/#organization\"},\"image\":{\"@id\":\"https:\/\/pagina10.com\/web\/en-catambuco-realizaran-jornada-de-limpieza-a-traves-del-deporte\/#primaryimage\"},\"thumbnailUrl\":\"https:\/\/pagina10.com\/web\/wp-content\/uploads\/2022\/08\/WhatsApp-Image-2022-08-02-at-7.28.16-PM-e1659549338272.jpeg\",\"articleSection\":[\"Ciudad\"],\"inLanguage\":\"es\",\"potentialAction\":[{\"@type\":\"CommentAction\",\"name\":\"Comment\",\"target\":[\"https:\/\/pagina10.com\/web\/en-catambuco-realizaran-jornada-de-limpieza-a-traves-del-deporte\/#respond\"]}]},{\"@type\":\"WebPage\",\"@id\":\"https:\/\/pagina10.com\/web\/en-catambuco-realizaran-jornada-de-limpieza-a-traves-del-deporte\/\",\"url\":\"https:\/\/pagina10.com\/web\/en-catambuco-realizaran-jornada-de-limpieza-a-traves-del-deporte\/\",\"name\":\"En Catambuco realizar\u00e1n jornada de limpieza a trav\u00e9s del deporte | P\u00e1gina10\",\"isPartOf\":{\"@id\":\"https:\/\/pagina10.com\/web\/#website\"},\"primaryImageOfPage\":{\"@id\":\"https:\/\/pagina10.com\/web\/en-catambuco-realizaran-jornada-de-limpieza-a-traves-del-deporte\/#primaryimage\"},\"image\":{\"@id\":\"https:\/\/pagina10.com\/web\/en-catambuco-realizaran-jornada-de-limpieza-a-traves-del-deporte\/#primaryimage\"},\"thumbnailUrl\":\"https:\/\/pagina10.com\/web\/wp-content\/uploads\/2022\/08\/WhatsApp-Image-2022-08-02-at-7.28.16-PM-e1659549338272.jpeg\",\"datePublished\":\"2022-08-03T17:56:10+00:00\",\"breadcrumb\":{\"@id\":\"https:\/\/pagina10.com\/web\/en-catambuco-realizaran-jornada-de-limpieza-a-traves-del-deporte\/#breadcrumb\"},\"inLanguage\":\"es\",\"potentialAction\":[{\"@type\":\"ReadAction\",\"target\":[\"https:\/\/pagina10.com\/web\/en-catambuco-realizaran-jornada-de-limpieza-a-traves-del-deporte\/\"]}]},{\"@type\":\"ImageObject\",\"inLanguage\":\"es\",\"@id\":\"https:\/\/pagina10.com\/web\/en-catambuco-realizaran-jornada-de-limpieza-a-traves-del-deporte\/#primaryimage\",\"url\":\"https:\/\/pagina10.com\/web\/wp-content\/uploads\/2022\/08\/WhatsApp-Image-2022-08-02-at-7.28.16-PM-e1659549338272.jpeg\",\"contentUrl\":\"https:\/\/pagina10.com\/web\/wp-content\/uploads\/2022\/08\/WhatsApp-Image-2022-08-02-at-7.28.16-PM-e1659549338272.jpeg\",\"width\":1080,\"height\":644},{\"@type\":\"BreadcrumbList\",\"@id\":\"https:\/\/pagina10.com\/web\/en-catambuco-realizaran-jornada-de-limpieza-a-traves-del-deporte\/#breadcrumb\",\"itemListElement\":[{\"@type\":\"ListItem\",\"position\":1,\"name\":\"Portada\",\"item\":\"https:\/\/pagina10.com\/web\/\"},{\"@type\":\"ListItem\",\"position\":2,\"name\":\"En Catambuco realizar\u00e1n jornada de limpieza a trav\u00e9s del deporte\"}]},{\"@type\":\"WebSite\",\"@id\":\"https:\/\/pagina10.com\/web\/#website\",\"url\":\"https:\/\/pagina10.com\/web\/\",\"name\":\"P\u00e1gina10\",\"description\":\"Peri\u00f3dico Regional\",\"publisher\":{\"@id\":\"https:\/\/pagina10.com\/web\/#organization\"},\"alternateName\":\"P\u00e1gina10 Peri\u00f3dico Regional\",\"potentialAction\":[{\"@type\":\"SearchAction\",\"target\":{\"@type\":\"EntryPoint\",\"urlTemplate\":\"https:\/\/pagina10.com\/web\/?s={search_term_string}\"},\"query-input\":{\"@type\":\"PropertyValueSpecification\",\"valueRequired\":true,\"valueName\":\"search_term_string\"}}],\"inLanguage\":\"es\"},{\"@type\":\"Organization\",\"@id\":\"https:\/\/pagina10.com\/web\/#organization\",\"name\":\"P\u00e1gina10\",\"alternateName\":\"P\u00e1gina10 Peri\u00f3dico Regional\",\"url\":\"https:\/\/pagina10.com\/web\/\",\"logo\":{\"@type\":\"ImageObject\",\"inLanguage\":\"es\",\"@id\":\"https:\/\/pagina10.com\/web\/#\/schema\/logo\/image\/\",\"url\":\"https:\/\/pagina10.com\/web\/wp-content\/uploads\/2024\/01\/40-pagina-10-periodico-regional-pasto.jpg\",\"contentUrl\":\"https:\/\/pagina10.com\/web\/wp-content\/uploads\/2024\/01\/40-pagina-10-periodico-regional-pasto.jpg\",\"width\":1280,\"height\":720,\"caption\":\"P\u00e1gina10\"},\"image\":{\"@id\":\"https:\/\/pagina10.com\/web\/#\/schema\/logo\/image\/\"},\"sameAs\":[\"https:\/\/www.facebook.com\/pag10com\",\"https:\/\/x.com\/Pag10com\",\"https:\/\/www.instagram.com\/pagina10col\/\",\"https:\/\/youtube.com\/channel\/pag10\",\"https:\/\/www.tiktok.com\/@p10col\"]},{\"@type\":\"Person\",\"@id\":\"https:\/\/pagina10.com\/web\/#\/schema\/person\/2efc4a090d25b667d3bc796798a3a81b\",\"name\":\"P\u00e1gina 10\",\"description\":\"P\u00e1gina 10 es un peri\u00f3dico regional que nace en Colombia, en el departamento de Nari\u00f1o, con un enfoque global, fundamentado en cuatro pilares esenciales: la libertad, el pluralismo, la inclusi\u00f3n y la independencia. P\u00e1gina 10 hace referencia a Nari\u00f1o como el d\u00e9cimo departamento creado en Colombia, despu\u00e9s de un proceso pol\u00edtico liderado por actores y actrices regionales con el fin de obtener la independencia y autonom\u00eda de nuestros territorios. Con la creaci\u00f3n de P\u00e1gina 10 se pretende abrir un escenario para el dialogo, la reflexi\u00f3n y el debate que se extienda a otras geograf\u00edas de Am\u00e9rica Latina y del planeta, en una apuesta por transformar colectivamente los desaf\u00edos de un mundo contempor\u00e1neo, m\u00e1s all\u00e1 de las fronteras impuestas.\",\"url\":\"https:\/\/pagina10.com\/web\/author\/pdiezadmin\/\"}]}<\/script>\n<!-- \/ Yoast SEO plugin. -->","yoast_head_json":{"title":"En Catambuco realizar\u00e1n jornada de limpieza a trav\u00e9s del deporte | P\u00e1gina10","robots":{"index":"index","follow":"follow","max-snippet":"max-snippet:-1","max-image-preview":"max-image-preview:large","max-video-preview":"max-video-preview:-1"},"canonical":"https:\/\/pagina10.com\/web\/en-catambuco-realizaran-jornada-de-limpieza-a-traves-del-deporte\/","og_locale":"es_ES","og_type":"article","og_title":"En Catambuco realizar\u00e1n jornada de limpieza a trav\u00e9s del deporte | P\u00e1gina10","og_description":"El corregimiento de Catambuco ser\u00e1 escenario del Segundo Plogging Nari\u00f1o, iniciativa con la que se pretende recolectar la mayor cantidad de basuras a trav\u00e9s de una carrera atl\u00e9tica. Esta estrategia naci\u00f3 en Suecia hace diez a\u00f1os aproximadamente y consiste en combinar el deporte con la recolecci\u00f3n de los residuos. En Colombia se lleva a cabo [&hellip;]","og_url":"https:\/\/pagina10.com\/web\/en-catambuco-realizaran-jornada-de-limpieza-a-traves-del-deporte\/","og_site_name":"P\u00e1gina10","article_publisher":"https:\/\/www.facebook.com\/pag10com","article_published_time":"2022-08-03T17:56:10+00:00","og_image":[{"width":1080,"height":644,"url":"https:\/\/pagina10.com\/web\/wp-content\/uploads\/2022\/08\/WhatsApp-Image-2022-08-02-at-7.28.16-PM-e1659549338272.jpeg","type":"image\/jpeg"}],"author":"P\u00e1gina 10","twitter_card":"summary_large_image","twitter_creator":"@Pag10com","twitter_site":"@Pag10com","twitter_misc":{"Escrito por":"P\u00e1gina 10","Tiempo de lectura":"1 minuto"},"schema":{"@context":"https:\/\/schema.org","@graph":[{"@type":"Article","@id":"https:\/\/pagina10.com\/web\/en-catambuco-realizaran-jornada-de-limpieza-a-traves-del-deporte\/#article","isPartOf":{"@id":"https:\/\/pagina10.com\/web\/en-catambuco-realizaran-jornada-de-limpieza-a-traves-del-deporte\/"},"author":{"name":"P\u00e1gina 10","@id":"https:\/\/pagina10.com\/web\/#\/schema\/person\/2efc4a090d25b667d3bc796798a3a81b"},"headline":"En Catambuco realizar\u00e1n jornada de limpieza a trav\u00e9s del deporte","datePublished":"2022-08-03T17:56:10+00:00","mainEntityOfPage":{"@id":"https:\/\/pagina10.com\/web\/en-catambuco-realizaran-jornada-de-limpieza-a-traves-del-deporte\/"},"wordCount":236,"commentCount":0,"publisher":{"@id":"https:\/\/pagina10.com\/web\/#organization"},"image":{"@id":"https:\/\/pagina10.com\/web\/en-catambuco-realizaran-jornada-de-limpieza-a-traves-del-deporte\/#primaryimage"},"thumbnailUrl":"https:\/\/pagina10.com\/web\/wp-content\/uploads\/2022\/08\/WhatsApp-Image-2022-08-02-at-7.28.16-PM-e1659549338272.jpeg","articleSection":["Ciudad"],"inLanguage":"es","potentialAction":[{"@type":"CommentAction","name":"Comment","target":["https:\/\/pagina10.com\/web\/en-catambuco-realizaran-jornada-de-limpieza-a-traves-del-deporte\/#respond"]}]},{"@type":"WebPage","@id":"https:\/\/pagina10.com\/web\/en-catambuco-realizaran-jornada-de-limpieza-a-traves-del-deporte\/","url":"https:\/\/pagina10.com\/web\/en-catambuco-realizaran-jornada-de-limpieza-a-traves-del-deporte\/","name":"En Catambuco realizar\u00e1n jornada de limpieza a trav\u00e9s del deporte | P\u00e1gina10","isPartOf":{"@id":"https:\/\/pagina10.com\/web\/#website"},"primaryImageOfPage":{"@id":"https:\/\/pagina10.com\/web\/en-catambuco-realizaran-jornada-de-limpieza-a-traves-del-deporte\/#primaryimage"},"image":{"@id":"https:\/\/pagina10.com\/web\/en-catambuco-realizaran-jornada-de-limpieza-a-traves-del-deporte\/#primaryimage"},"thumbnailUrl":"https:\/\/pagina10.com\/web\/wp-content\/uploads\/2022\/08\/WhatsApp-Image-2022-08-02-at-7.28.16-PM-e1659549338272.jpeg","datePublished":"2022-08-03T17:56:10+00:00","breadcrumb":{"@id":"https:\/\/pagina10.com\/web\/en-catambuco-realizaran-jornada-de-limpieza-a-traves-del-deporte\/#breadcrumb"},"inLanguage":"es","potentialAction":[{"@type":"ReadAction","target":["https:\/\/pagina10.com\/web\/en-catambuco-realizaran-jornada-de-limpieza-a-traves-del-deporte\/"]}]},{"@type":"ImageObject","inLanguage":"es","@id":"https:\/\/pagina10.com\/web\/en-catambuco-realizaran-jornada-de-limpieza-a-traves-del-deporte\/#primaryimage","url":"https:\/\/pagina10.com\/web\/wp-content\/uploads\/2022\/08\/WhatsApp-Image-2022-08-02-at-7.28.16-PM-e1659549338272.jpeg","contentUrl":"https:\/\/pagina10.com\/web\/wp-content\/uploads\/2022\/08\/WhatsApp-Image-2022-08-02-at-7.28.16-PM-e1659549338272.jpeg","width":1080,"height":644},{"@type":"BreadcrumbList","@id":"https:\/\/pagina10.com\/web\/en-catambuco-realizaran-jornada-de-limpieza-a-traves-del-deporte\/#breadcrumb","itemListElement":[{"@type":"ListItem","position":1,"name":"Portada","item":"https:\/\/pagina10.com\/web\/"},{"@type":"ListItem","position":2,"name":"En Catambuco realizar\u00e1n jornada de limpieza a trav\u00e9s del deporte"}]},{"@type":"WebSite","@id":"https:\/\/pagina10.com\/web\/#website","url":"https:\/\/pagina10.com\/web\/","name":"P\u00e1gina10","description":"Peri\u00f3dico Regional","publisher":{"@id":"https:\/\/pagina10.com\/web\/#organization"},"alternateName":"P\u00e1gina10 Peri\u00f3dico Regional","potentialAction":[{"@type":"SearchAction","target":{"@type":"EntryPoint","urlTemplate":"https:\/\/pagina10.com\/web\/?s={search_term_string}"},"query-input":{"@type":"PropertyValueSpecification","valueRequired":true,"valueName":"search_term_string"}}],"inLanguage":"es"},{"@type":"Organization","@id":"https:\/\/pagina10.com\/web\/#organization","name":"P\u00e1gina10","alternateName":"P\u00e1gina10 Peri\u00f3dico Regional","url":"https:\/\/pagina10.com\/web\/","logo":{"@type":"ImageObject","inLanguage":"es","@id":"https:\/\/pagina10.com\/web\/#\/schema\/logo\/image\/","url":"https:\/\/pagina10.com\/web\/wp-content\/uploads\/2024\/01\/40-pagina-10-periodico-regional-pasto.jpg","contentUrl":"https:\/\/pagina10.com\/web\/wp-content\/uploads\/2024\/01\/40-pagina-10-periodico-regional-pasto.jpg","width":1280,"height":720,"caption":"P\u00e1gina10"},"image":{"@id":"https:\/\/pagina10.com\/web\/#\/schema\/logo\/image\/"},"sameAs":["https:\/\/www.facebook.com\/pag10com","https:\/\/x.com\/Pag10com","https:\/\/www.instagram.com\/pagina10col\/","https:\/\/youtube.com\/channel\/pag10","https:\/\/www.tiktok.com\/@p10col"]},{"@type":"Person","@id":"https:\/\/pagina10.com\/web\/#\/schema\/person\/2efc4a090d25b667d3bc796798a3a81b","name":"P\u00e1gina 10","description":"P\u00e1gina 10 es un peri\u00f3dico regional que nace en Colombia, en el departamento de Nari\u00f1o, con un enfoque global, fundamentado en cuatro pilares esenciales: la libertad, el pluralismo, la inclusi\u00f3n y la independencia. P\u00e1gina 10 hace referencia a Nari\u00f1o como el d\u00e9cimo departamento creado en Colombia, despu\u00e9s de un proceso pol\u00edtico liderado por actores y actrices regionales con el fin de obtener la independencia y autonom\u00eda de nuestros territorios. Con la creaci\u00f3n de P\u00e1gina 10 se pretende abrir un escenario para el dialogo, la reflexi\u00f3n y el debate que se extienda a otras geograf\u00edas de Am\u00e9rica Latina y del planeta, en una apuesta por transformar colectivamente los desaf\u00edos de un mundo contempor\u00e1neo, m\u00e1s all\u00e1 de las fronteras impuestas.","url":"https:\/\/pagina10.com\/web\/author\/pdiezadmin\/"}]}},"_links":{"self":[{"href":"https:\/\/pagina10.com\/web\/wp-json\/wp\/v2\/posts\/60807","targetHints":{"allow":["GET"]}}],"collection":[{"href":"https:\/\/pagina10.com\/web\/wp-json\/wp\/v2\/posts"}],"about":[{"href":"https:\/\/pagina10.com\/web\/wp-json\/wp\/v2\/types\/post"}],"author":[{"embeddable":true,"href":"https:\/\/pagina10.com\/web\/wp-json\/wp\/v2\/users\/1"}],"replies":[{"embeddable":true,"href":"https:\/\/pagina10.com\/web\/wp-json\/wp\/v2\/comments?post=60807"}],"version-history":[{"count":1,"href":"https:\/\/pagina10.com\/web\/wp-json\/wp\/v2\/posts\/60807\/revisions"}],"predecessor-version":[{"id":60809,"href":"https:\/\/pagina10.com\/web\/wp-json\/wp\/v2\/posts\/60807\/revisions\/60809"}],"wp:featuredmedia":[{"embeddable":true,"href":"https:\/\/pagina10.com\/web\/wp-json\/wp\/v2\/media\/60808"}],"wp:attachment":[{"href":"https:\/\/pagina10.com\/web\/wp-json\/wp\/v2\/media?parent=60807"}],"wp:term":[{"taxonomy":"category","embeddable":true,"href":"https:\/\/pagina10.com\/web\/wp-json\/wp\/v2\/categories?post=60807"},{"taxonomy":"post_tag","embeddable":true,"href":"https:\/\/pagina10.com\/web\/wp-json\/wp\/v2\/tags?post=60807"}],"curies":[{"name":"wp","href":"https:\/\/api.w.org\/{rel}","templated":true}]}}