{"id":60827,"date":"2022-08-04T20:48:10","date_gmt":"2022-08-05T01:48:10","guid":{"rendered":"https:\/\/pagina10.com\/web\/?p=60827"},"modified":"2022-08-04T20:48:10","modified_gmt":"2022-08-05T01:48:10","slug":"pronunciamiento-de-fallecido-senador-narinense-enredaria-eleccion-de-la-ficha-de-gustavo-petro-a-la-contraloria","status":"publish","type":"post","link":"https:\/\/pagina10.com\/web\/pronunciamiento-de-fallecido-senador-narinense-enredaria-eleccion-de-la-ficha-de-gustavo-petro-a-la-contraloria\/","title":{"rendered":"Pronunciamiento de fallecido senador nari\u00f1ense enredar\u00eda elecci\u00f3n de la ficha de Gustavo Petro a la Contralor\u00eda"},"content":{"rendered":"<p style=\"text-align: justify;\">En una de sus intervenciones realizadas en el Congreso, el fallecido senador del partido Conservador, Eduardo Enr\u00edquez Maya, da claridad sobre porqu\u00e9 Julio C\u00e9sar C\u00e1rdenas, ficha del presidente electo Gustavo Petro; no puede ocupar el cargo de contralor general de la Rep\u00fablica.<\/p>\n<p style=\"text-align: justify;\">La alocuci\u00f3n se registr\u00f3 en la plenaria del Senado el 7 de junio de 2018, en la discusi\u00f3n del proyecto de ley sobre la forma de elegir contralor general. El congresista nari\u00f1ense quien muri\u00f3 en abril del 2021 por causa del covid-19, se dirige hacia el tambi\u00e9n desaparecido senador Horacio Serpa para explicarle por qu\u00e9 no se puede volver a conformar una terna cuando uno de los candidatos de la lista de elegibles renuncia a su aspiraci\u00f3n.<\/p>\n<p style=\"text-align: justify;\">\u201cLa mesa directiva del Congreso fijar\u00e1 fecha y hora para elegir al contralor general de la Rep\u00fablica. Oigan bien: \u201cExclusivamente de la lista previamente conformada\u201d. Y aqu\u00ed viene un art\u00edculo, aqu\u00ed viene un inciso muy importante.<\/p>\n<p style=\"text-align: justify;\">Lo leo: \u201cEn caso de presentarse alguna de las causales de falta absoluta de los integrantes de la lista de elegibles, el congreso elegir\u00e1 de los restantes al Contralor General de la Rep\u00fablica\u201d \u00bfPor qu\u00e9 se escribe, doctor Serpa, ese inciso?<\/p>\n<p style=\"text-align: justify;\">Sucede que ha sido costumbre que cuando llega una terna, incluso propuesta por las cortes, y una persona no va a ser escogida, dice \u201crenuncio\u201d. Perd\u00f3n la expresi\u00f3n: y se tir\u00f3 la terna. Y sirve eso para causar la nulidad de la elecci\u00f3n. O sea, no se\u00f1or, aqu\u00ed el que se retira, se retira. El que renuncia, renuncia\u201d, se\u00f1ala Enr\u00edquez.<\/p>\n<p style=\"text-align: justify;\">En este sentido, la intervenci\u00f3n del senador quien adem\u00e1s fue el autor de esa ley, entorpecer\u00eda las aspiraciones del Pacto Hist\u00f3rico de poner en la lista de elegibles a C\u00e1rdenas, quien no qued\u00f3 entre la lista de los 10 opcionales. As\u00ed las cosas, ni el presidente de la C\u00e1mara ni el del Senado, podr\u00edan avanzar en ese prop\u00f3sito ni siquiera con la ya creada nueva comisi\u00f3n accidental de este periodo constitucional.<\/p>\n","protected":false},"excerpt":{"rendered":"<p>En una de sus intervenciones realizadas en el Congreso, el fallecido senador del partido Conservador, Eduardo Enr\u00edquez Maya, da claridad sobre porqu\u00e9 Julio C\u00e9sar C\u00e1rdenas, ficha del presidente electo Gustavo Petro; no puede ocupar el cargo de contralor general de la Rep\u00fablica. La alocuci\u00f3n se registr\u00f3 en la plenaria del Senado el 7 de junio [&hellip;]<\/p>\n","protected":false},"author":1,"featured_media":60828,"comment_status":"open","ping_status":"open","sticky":false,"template":"","format":"standard","meta":{"footnotes":""},"categories":[94,1528],"tags":[],"class_list":["post-60827","post","type-post","status-publish","format-standard","has-post-thumbnail","hentry","category-nacional-global-2","category-titulares"],"yoast_head":"<!-- This site is optimized with the Yoast SEO plugin v27.1.1 - https:\/\/yoast.com\/product\/yoast-seo-wordpress\/ -->\n<title>Pronunciamiento de fallecido senador nari\u00f1ense enredar\u00eda elecci\u00f3n de la ficha de Gustavo Petro a la Contralor\u00eda | P\u00e1gina10<\/title>\n<meta name=\"robots\" content=\"index, follow, max-snippet:-1, max-image-preview:large, max-video-preview:-1\" \/>\n<link rel=\"canonical\" href=\"https:\/\/pagina10.com\/web\/pronunciamiento-de-fallecido-senador-narinense-enredaria-eleccion-de-la-ficha-de-gustavo-petro-a-la-contraloria\/\" \/>\n<meta property=\"og:locale\" content=\"es_ES\" \/>\n<meta property=\"og:type\" content=\"article\" \/>\n<meta property=\"og:title\" content=\"Pronunciamiento de fallecido senador nari\u00f1ense enredar\u00eda elecci\u00f3n de la ficha de Gustavo Petro a la Contralor\u00eda | P\u00e1gina10\" \/>\n<meta property=\"og:description\" content=\"En una de sus intervenciones realizadas en el Congreso, el fallecido senador del partido Conservador, Eduardo Enr\u00edquez Maya, da claridad sobre porqu\u00e9 Julio C\u00e9sar C\u00e1rdenas, ficha del presidente electo Gustavo Petro; no puede ocupar el cargo de contralor general de la Rep\u00fablica. La alocuci\u00f3n se registr\u00f3 en la plenaria del Senado el 7 de junio [&hellip;]\" \/>\n<meta property=\"og:url\" content=\"https:\/\/pagina10.com\/web\/pronunciamiento-de-fallecido-senador-narinense-enredaria-eleccion-de-la-ficha-de-gustavo-petro-a-la-contraloria\/\" \/>\n<meta property=\"og:site_name\" content=\"P\u00e1gina10\" \/>\n<meta property=\"article:publisher\" content=\"https:\/\/www.facebook.com\/pag10com\" \/>\n<meta property=\"article:published_time\" content=\"2022-08-05T01:48:10+00:00\" \/>\n<meta property=\"og:image\" content=\"https:\/\/pagina10.com\/web\/wp-content\/uploads\/2022\/08\/URGS3CPXDBGTDD5F3B6GVFBJHU.jpg\" \/>\n\t<meta property=\"og:image:width\" content=\"1200\" \/>\n\t<meta property=\"og:image:height\" content=\"646\" \/>\n\t<meta property=\"og:image:type\" content=\"image\/jpeg\" \/>\n<meta name=\"author\" content=\"P\u00e1gina 10\" \/>\n<meta name=\"twitter:card\" content=\"summary_large_image\" \/>\n<meta name=\"twitter:creator\" content=\"@Pag10com\" \/>\n<meta name=\"twitter:site\" content=\"@Pag10com\" \/>\n<meta name=\"twitter:label1\" content=\"Escrito por\" \/>\n\t<meta name=\"twitter:data1\" content=\"P\u00e1gina 10\" \/>\n\t<meta name=\"twitter:label2\" content=\"Tiempo de lectura\" \/>\n\t<meta name=\"twitter:data2\" content=\"2 minutos\" \/>\n<script type=\"application\/ld+json\" class=\"yoast-schema-graph\">{\"@context\":\"https:\/\/schema.org\",\"@graph\":[{\"@type\":\"Article\",\"@id\":\"https:\/\/pagina10.com\/web\/pronunciamiento-de-fallecido-senador-narinense-enredaria-eleccion-de-la-ficha-de-gustavo-petro-a-la-contraloria\/#article\",\"isPartOf\":{\"@id\":\"https:\/\/pagina10.com\/web\/pronunciamiento-de-fallecido-senador-narinense-enredaria-eleccion-de-la-ficha-de-gustavo-petro-a-la-contraloria\/\"},\"author\":{\"name\":\"P\u00e1gina 10\",\"@id\":\"https:\/\/pagina10.com\/web\/#\/schema\/person\/2efc4a090d25b667d3bc796798a3a81b\"},\"headline\":\"Pronunciamiento de fallecido senador nari\u00f1ense enredar\u00eda elecci\u00f3n de la ficha de Gustavo Petro a la Contralor\u00eda\",\"datePublished\":\"2022-08-05T01:48:10+00:00\",\"mainEntityOfPage\":{\"@id\":\"https:\/\/pagina10.com\/web\/pronunciamiento-de-fallecido-senador-narinense-enredaria-eleccion-de-la-ficha-de-gustavo-petro-a-la-contraloria\/\"},\"wordCount\":370,\"commentCount\":0,\"publisher\":{\"@id\":\"https:\/\/pagina10.com\/web\/#organization\"},\"image\":{\"@id\":\"https:\/\/pagina10.com\/web\/pronunciamiento-de-fallecido-senador-narinense-enredaria-eleccion-de-la-ficha-de-gustavo-petro-a-la-contraloria\/#primaryimage\"},\"thumbnailUrl\":\"https:\/\/pagina10.com\/web\/wp-content\/uploads\/2022\/08\/URGS3CPXDBGTDD5F3B6GVFBJHU.jpg\",\"articleSection\":[\"Nacional\",\"Titulares\"],\"inLanguage\":\"es\",\"potentialAction\":[{\"@type\":\"CommentAction\",\"name\":\"Comment\",\"target\":[\"https:\/\/pagina10.com\/web\/pronunciamiento-de-fallecido-senador-narinense-enredaria-eleccion-de-la-ficha-de-gustavo-petro-a-la-contraloria\/#respond\"]}]},{\"@type\":\"WebPage\",\"@id\":\"https:\/\/pagina10.com\/web\/pronunciamiento-de-fallecido-senador-narinense-enredaria-eleccion-de-la-ficha-de-gustavo-petro-a-la-contraloria\/\",\"url\":\"https:\/\/pagina10.com\/web\/pronunciamiento-de-fallecido-senador-narinense-enredaria-eleccion-de-la-ficha-de-gustavo-petro-a-la-contraloria\/\",\"name\":\"Pronunciamiento de fallecido senador nari\u00f1ense enredar\u00eda elecci\u00f3n de la ficha de Gustavo Petro a la Contralor\u00eda | P\u00e1gina10\",\"isPartOf\":{\"@id\":\"https:\/\/pagina10.com\/web\/#website\"},\"primaryImageOfPage\":{\"@id\":\"https:\/\/pagina10.com\/web\/pronunciamiento-de-fallecido-senador-narinense-enredaria-eleccion-de-la-ficha-de-gustavo-petro-a-la-contraloria\/#primaryimage\"},\"image\":{\"@id\":\"https:\/\/pagina10.com\/web\/pronunciamiento-de-fallecido-senador-narinense-enredaria-eleccion-de-la-ficha-de-gustavo-petro-a-la-contraloria\/#primaryimage\"},\"thumbnailUrl\":\"https:\/\/pagina10.com\/web\/wp-content\/uploads\/2022\/08\/URGS3CPXDBGTDD5F3B6GVFBJHU.jpg\",\"datePublished\":\"2022-08-05T01:48:10+00:00\",\"breadcrumb\":{\"@id\":\"https:\/\/pagina10.com\/web\/pronunciamiento-de-fallecido-senador-narinense-enredaria-eleccion-de-la-ficha-de-gustavo-petro-a-la-contraloria\/#breadcrumb\"},\"inLanguage\":\"es\",\"potentialAction\":[{\"@type\":\"ReadAction\",\"target\":[\"https:\/\/pagina10.com\/web\/pronunciamiento-de-fallecido-senador-narinense-enredaria-eleccion-de-la-ficha-de-gustavo-petro-a-la-contraloria\/\"]}]},{\"@type\":\"ImageObject\",\"inLanguage\":\"es\",\"@id\":\"https:\/\/pagina10.com\/web\/pronunciamiento-de-fallecido-senador-narinense-enredaria-eleccion-de-la-ficha-de-gustavo-petro-a-la-contraloria\/#primaryimage\",\"url\":\"https:\/\/pagina10.com\/web\/wp-content\/uploads\/2022\/08\/URGS3CPXDBGTDD5F3B6GVFBJHU.jpg\",\"contentUrl\":\"https:\/\/pagina10.com\/web\/wp-content\/uploads\/2022\/08\/URGS3CPXDBGTDD5F3B6GVFBJHU.jpg\",\"width\":1200,\"height\":646},{\"@type\":\"BreadcrumbList\",\"@id\":\"https:\/\/pagina10.com\/web\/pronunciamiento-de-fallecido-senador-narinense-enredaria-eleccion-de-la-ficha-de-gustavo-petro-a-la-contraloria\/#breadcrumb\",\"itemListElement\":[{\"@type\":\"ListItem\",\"position\":1,\"name\":\"Portada\",\"item\":\"https:\/\/pagina10.com\/web\/\"},{\"@type\":\"ListItem\",\"position\":2,\"name\":\"Pronunciamiento de fallecido senador nari\u00f1ense enredar\u00eda elecci\u00f3n de la ficha de Gustavo Petro a la Contralor\u00eda\"}]},{\"@type\":\"WebSite\",\"@id\":\"https:\/\/pagina10.com\/web\/#website\",\"url\":\"https:\/\/pagina10.com\/web\/\",\"name\":\"P\u00e1gina10\",\"description\":\"Peri\u00f3dico Regional\",\"publisher\":{\"@id\":\"https:\/\/pagina10.com\/web\/#organization\"},\"alternateName\":\"P\u00e1gina10 Peri\u00f3dico Regional\",\"potentialAction\":[{\"@type\":\"SearchAction\",\"target\":{\"@type\":\"EntryPoint\",\"urlTemplate\":\"https:\/\/pagina10.com\/web\/?s={search_term_string}\"},\"query-input\":{\"@type\":\"PropertyValueSpecification\",\"valueRequired\":true,\"valueName\":\"search_term_string\"}}],\"inLanguage\":\"es\"},{\"@type\":\"Organization\",\"@id\":\"https:\/\/pagina10.com\/web\/#organization\",\"name\":\"P\u00e1gina10\",\"alternateName\":\"P\u00e1gina10 Peri\u00f3dico Regional\",\"url\":\"https:\/\/pagina10.com\/web\/\",\"logo\":{\"@type\":\"ImageObject\",\"inLanguage\":\"es\",\"@id\":\"https:\/\/pagina10.com\/web\/#\/schema\/logo\/image\/\",\"url\":\"https:\/\/pagina10.com\/web\/wp-content\/uploads\/2024\/01\/40-pagina-10-periodico-regional-pasto.jpg\",\"contentUrl\":\"https:\/\/pagina10.com\/web\/wp-content\/uploads\/2024\/01\/40-pagina-10-periodico-regional-pasto.jpg\",\"width\":1280,\"height\":720,\"caption\":\"P\u00e1gina10\"},\"image\":{\"@id\":\"https:\/\/pagina10.com\/web\/#\/schema\/logo\/image\/\"},\"sameAs\":[\"https:\/\/www.facebook.com\/pag10com\",\"https:\/\/x.com\/Pag10com\",\"https:\/\/www.instagram.com\/pagina10col\/\",\"https:\/\/youtube.com\/channel\/pag10\",\"https:\/\/www.tiktok.com\/@p10col\"]},{\"@type\":\"Person\",\"@id\":\"https:\/\/pagina10.com\/web\/#\/schema\/person\/2efc4a090d25b667d3bc796798a3a81b\",\"name\":\"P\u00e1gina 10\",\"description\":\"P\u00e1gina 10 es un peri\u00f3dico regional que nace en Colombia, en el departamento de Nari\u00f1o, con un enfoque global, fundamentado en cuatro pilares esenciales: la libertad, el pluralismo, la inclusi\u00f3n y la independencia. P\u00e1gina 10 hace referencia a Nari\u00f1o como el d\u00e9cimo departamento creado en Colombia, despu\u00e9s de un proceso pol\u00edtico liderado por actores y actrices regionales con el fin de obtener la independencia y autonom\u00eda de nuestros territorios. Con la creaci\u00f3n de P\u00e1gina 10 se pretende abrir un escenario para el dialogo, la reflexi\u00f3n y el debate que se extienda a otras geograf\u00edas de Am\u00e9rica Latina y del planeta, en una apuesta por transformar colectivamente los desaf\u00edos de un mundo contempor\u00e1neo, m\u00e1s all\u00e1 de las fronteras impuestas.\",\"url\":\"https:\/\/pagina10.com\/web\/author\/pdiezadmin\/\"}]}<\/script>\n<!-- \/ Yoast SEO plugin. -->","yoast_head_json":{"title":"Pronunciamiento de fallecido senador nari\u00f1ense enredar\u00eda elecci\u00f3n de la ficha de Gustavo Petro a la Contralor\u00eda | P\u00e1gina10","robots":{"index":"index","follow":"follow","max-snippet":"max-snippet:-1","max-image-preview":"max-image-preview:large","max-video-preview":"max-video-preview:-1"},"canonical":"https:\/\/pagina10.com\/web\/pronunciamiento-de-fallecido-senador-narinense-enredaria-eleccion-de-la-ficha-de-gustavo-petro-a-la-contraloria\/","og_locale":"es_ES","og_type":"article","og_title":"Pronunciamiento de fallecido senador nari\u00f1ense enredar\u00eda elecci\u00f3n de la ficha de Gustavo Petro a la Contralor\u00eda | P\u00e1gina10","og_description":"En una de sus intervenciones realizadas en el Congreso, el fallecido senador del partido Conservador, Eduardo Enr\u00edquez Maya, da claridad sobre porqu\u00e9 Julio C\u00e9sar C\u00e1rdenas, ficha del presidente electo Gustavo Petro; no puede ocupar el cargo de contralor general de la Rep\u00fablica. La alocuci\u00f3n se registr\u00f3 en la plenaria del Senado el 7 de junio [&hellip;]","og_url":"https:\/\/pagina10.com\/web\/pronunciamiento-de-fallecido-senador-narinense-enredaria-eleccion-de-la-ficha-de-gustavo-petro-a-la-contraloria\/","og_site_name":"P\u00e1gina10","article_publisher":"https:\/\/www.facebook.com\/pag10com","article_published_time":"2022-08-05T01:48:10+00:00","og_image":[{"width":1200,"height":646,"url":"https:\/\/pagina10.com\/web\/wp-content\/uploads\/2022\/08\/URGS3CPXDBGTDD5F3B6GVFBJHU.jpg","type":"image\/jpeg"}],"author":"P\u00e1gina 10","twitter_card":"summary_large_image","twitter_creator":"@Pag10com","twitter_site":"@Pag10com","twitter_misc":{"Escrito por":"P\u00e1gina 10","Tiempo de lectura":"2 minutos"},"schema":{"@context":"https:\/\/schema.org","@graph":[{"@type":"Article","@id":"https:\/\/pagina10.com\/web\/pronunciamiento-de-fallecido-senador-narinense-enredaria-eleccion-de-la-ficha-de-gustavo-petro-a-la-contraloria\/#article","isPartOf":{"@id":"https:\/\/pagina10.com\/web\/pronunciamiento-de-fallecido-senador-narinense-enredaria-eleccion-de-la-ficha-de-gustavo-petro-a-la-contraloria\/"},"author":{"name":"P\u00e1gina 10","@id":"https:\/\/pagina10.com\/web\/#\/schema\/person\/2efc4a090d25b667d3bc796798a3a81b"},"headline":"Pronunciamiento de fallecido senador nari\u00f1ense enredar\u00eda elecci\u00f3n de la ficha de Gustavo Petro a la Contralor\u00eda","datePublished":"2022-08-05T01:48:10+00:00","mainEntityOfPage":{"@id":"https:\/\/pagina10.com\/web\/pronunciamiento-de-fallecido-senador-narinense-enredaria-eleccion-de-la-ficha-de-gustavo-petro-a-la-contraloria\/"},"wordCount":370,"commentCount":0,"publisher":{"@id":"https:\/\/pagina10.com\/web\/#organization"},"image":{"@id":"https:\/\/pagina10.com\/web\/pronunciamiento-de-fallecido-senador-narinense-enredaria-eleccion-de-la-ficha-de-gustavo-petro-a-la-contraloria\/#primaryimage"},"thumbnailUrl":"https:\/\/pagina10.com\/web\/wp-content\/uploads\/2022\/08\/URGS3CPXDBGTDD5F3B6GVFBJHU.jpg","articleSection":["Nacional","Titulares"],"inLanguage":"es","potentialAction":[{"@type":"CommentAction","name":"Comment","target":["https:\/\/pagina10.com\/web\/pronunciamiento-de-fallecido-senador-narinense-enredaria-eleccion-de-la-ficha-de-gustavo-petro-a-la-contraloria\/#respond"]}]},{"@type":"WebPage","@id":"https:\/\/pagina10.com\/web\/pronunciamiento-de-fallecido-senador-narinense-enredaria-eleccion-de-la-ficha-de-gustavo-petro-a-la-contraloria\/","url":"https:\/\/pagina10.com\/web\/pronunciamiento-de-fallecido-senador-narinense-enredaria-eleccion-de-la-ficha-de-gustavo-petro-a-la-contraloria\/","name":"Pronunciamiento de fallecido senador nari\u00f1ense enredar\u00eda elecci\u00f3n de la ficha de Gustavo Petro a la Contralor\u00eda | P\u00e1gina10","isPartOf":{"@id":"https:\/\/pagina10.com\/web\/#website"},"primaryImageOfPage":{"@id":"https:\/\/pagina10.com\/web\/pronunciamiento-de-fallecido-senador-narinense-enredaria-eleccion-de-la-ficha-de-gustavo-petro-a-la-contraloria\/#primaryimage"},"image":{"@id":"https:\/\/pagina10.com\/web\/pronunciamiento-de-fallecido-senador-narinense-enredaria-eleccion-de-la-ficha-de-gustavo-petro-a-la-contraloria\/#primaryimage"},"thumbnailUrl":"https:\/\/pagina10.com\/web\/wp-content\/uploads\/2022\/08\/URGS3CPXDBGTDD5F3B6GVFBJHU.jpg","datePublished":"2022-08-05T01:48:10+00:00","breadcrumb":{"@id":"https:\/\/pagina10.com\/web\/pronunciamiento-de-fallecido-senador-narinense-enredaria-eleccion-de-la-ficha-de-gustavo-petro-a-la-contraloria\/#breadcrumb"},"inLanguage":"es","potentialAction":[{"@type":"ReadAction","target":["https:\/\/pagina10.com\/web\/pronunciamiento-de-fallecido-senador-narinense-enredaria-eleccion-de-la-ficha-de-gustavo-petro-a-la-contraloria\/"]}]},{"@type":"ImageObject","inLanguage":"es","@id":"https:\/\/pagina10.com\/web\/pronunciamiento-de-fallecido-senador-narinense-enredaria-eleccion-de-la-ficha-de-gustavo-petro-a-la-contraloria\/#primaryimage","url":"https:\/\/pagina10.com\/web\/wp-content\/uploads\/2022\/08\/URGS3CPXDBGTDD5F3B6GVFBJHU.jpg","contentUrl":"https:\/\/pagina10.com\/web\/wp-content\/uploads\/2022\/08\/URGS3CPXDBGTDD5F3B6GVFBJHU.jpg","width":1200,"height":646},{"@type":"BreadcrumbList","@id":"https:\/\/pagina10.com\/web\/pronunciamiento-de-fallecido-senador-narinense-enredaria-eleccion-de-la-ficha-de-gustavo-petro-a-la-contraloria\/#breadcrumb","itemListElement":[{"@type":"ListItem","position":1,"name":"Portada","item":"https:\/\/pagina10.com\/web\/"},{"@type":"ListItem","position":2,"name":"Pronunciamiento de fallecido senador nari\u00f1ense enredar\u00eda elecci\u00f3n de la ficha de Gustavo Petro a la Contralor\u00eda"}]},{"@type":"WebSite","@id":"https:\/\/pagina10.com\/web\/#website","url":"https:\/\/pagina10.com\/web\/","name":"P\u00e1gina10","description":"Peri\u00f3dico Regional","publisher":{"@id":"https:\/\/pagina10.com\/web\/#organization"},"alternateName":"P\u00e1gina10 Peri\u00f3dico Regional","potentialAction":[{"@type":"SearchAction","target":{"@type":"EntryPoint","urlTemplate":"https:\/\/pagina10.com\/web\/?s={search_term_string}"},"query-input":{"@type":"PropertyValueSpecification","valueRequired":true,"valueName":"search_term_string"}}],"inLanguage":"es"},{"@type":"Organization","@id":"https:\/\/pagina10.com\/web\/#organization","name":"P\u00e1gina10","alternateName":"P\u00e1gina10 Peri\u00f3dico Regional","url":"https:\/\/pagina10.com\/web\/","logo":{"@type":"ImageObject","inLanguage":"es","@id":"https:\/\/pagina10.com\/web\/#\/schema\/logo\/image\/","url":"https:\/\/pagina10.com\/web\/wp-content\/uploads\/2024\/01\/40-pagina-10-periodico-regional-pasto.jpg","contentUrl":"https:\/\/pagina10.com\/web\/wp-content\/uploads\/2024\/01\/40-pagina-10-periodico-regional-pasto.jpg","width":1280,"height":720,"caption":"P\u00e1gina10"},"image":{"@id":"https:\/\/pagina10.com\/web\/#\/schema\/logo\/image\/"},"sameAs":["https:\/\/www.facebook.com\/pag10com","https:\/\/x.com\/Pag10com","https:\/\/www.instagram.com\/pagina10col\/","https:\/\/youtube.com\/channel\/pag10","https:\/\/www.tiktok.com\/@p10col"]},{"@type":"Person","@id":"https:\/\/pagina10.com\/web\/#\/schema\/person\/2efc4a090d25b667d3bc796798a3a81b","name":"P\u00e1gina 10","description":"P\u00e1gina 10 es un peri\u00f3dico regional que nace en Colombia, en el departamento de Nari\u00f1o, con un enfoque global, fundamentado en cuatro pilares esenciales: la libertad, el pluralismo, la inclusi\u00f3n y la independencia. P\u00e1gina 10 hace referencia a Nari\u00f1o como el d\u00e9cimo departamento creado en Colombia, despu\u00e9s de un proceso pol\u00edtico liderado por actores y actrices regionales con el fin de obtener la independencia y autonom\u00eda de nuestros territorios. Con la creaci\u00f3n de P\u00e1gina 10 se pretende abrir un escenario para el dialogo, la reflexi\u00f3n y el debate que se extienda a otras geograf\u00edas de Am\u00e9rica Latina y del planeta, en una apuesta por transformar colectivamente los desaf\u00edos de un mundo contempor\u00e1neo, m\u00e1s all\u00e1 de las fronteras impuestas.","url":"https:\/\/pagina10.com\/web\/author\/pdiezadmin\/"}]}},"_links":{"self":[{"href":"https:\/\/pagina10.com\/web\/wp-json\/wp\/v2\/posts\/60827","targetHints":{"allow":["GET"]}}],"collection":[{"href":"https:\/\/pagina10.com\/web\/wp-json\/wp\/v2\/posts"}],"about":[{"href":"https:\/\/pagina10.com\/web\/wp-json\/wp\/v2\/types\/post"}],"author":[{"embeddable":true,"href":"https:\/\/pagina10.com\/web\/wp-json\/wp\/v2\/users\/1"}],"replies":[{"embeddable":true,"href":"https:\/\/pagina10.com\/web\/wp-json\/wp\/v2\/comments?post=60827"}],"version-history":[{"count":1,"href":"https:\/\/pagina10.com\/web\/wp-json\/wp\/v2\/posts\/60827\/revisions"}],"predecessor-version":[{"id":60829,"href":"https:\/\/pagina10.com\/web\/wp-json\/wp\/v2\/posts\/60827\/revisions\/60829"}],"wp:featuredmedia":[{"embeddable":true,"href":"https:\/\/pagina10.com\/web\/wp-json\/wp\/v2\/media\/60828"}],"wp:attachment":[{"href":"https:\/\/pagina10.com\/web\/wp-json\/wp\/v2\/media?parent=60827"}],"wp:term":[{"taxonomy":"category","embeddable":true,"href":"https:\/\/pagina10.com\/web\/wp-json\/wp\/v2\/categories?post=60827"},{"taxonomy":"post_tag","embeddable":true,"href":"https:\/\/pagina10.com\/web\/wp-json\/wp\/v2\/tags?post=60827"}],"curies":[{"name":"wp","href":"https:\/\/api.w.org\/{rel}","templated":true}]}}