{"id":60830,"date":"2022-08-04T21:28:43","date_gmt":"2022-08-05T02:28:43","guid":{"rendered":"https:\/\/pagina10.com\/web\/?p=60830"},"modified":"2022-08-04T21:28:43","modified_gmt":"2022-08-05T02:28:43","slug":"defensoria-del-pueblo-alerta-por-casos-de-violencia-contra-la-mujer-en-tumaco","status":"publish","type":"post","link":"https:\/\/pagina10.com\/web\/defensoria-del-pueblo-alerta-por-casos-de-violencia-contra-la-mujer-en-tumaco\/","title":{"rendered":"Defensor\u00eda del Pueblo alerta por casos de violencia contra la mujer en Tumaco"},"content":{"rendered":"<p style=\"text-align: justify;\">El Defensor del Pueblo, Carlos Camargo, mostr\u00f3 su preocupaci\u00f3n por el aumento de casos de violencia contra la mujer en Tumaco, donde en los \u00faltimos d\u00edas se han venido presentando una serie de casos de feminicidios en la zona rural de este municipio nari\u00f1ense.<\/p>\n<p style=\"text-align: justify;\">El 19 de julio fue encontrado el cuerpo sin vida de Mar\u00eda Piedad Aguirre, quien pertenec\u00eda a la organizaci\u00f3n Caminos de Mujer. El 31 de julio en horas de la noche fue asesinada Mar\u00eda Ver\u00f3nica Pai, perteneciente al resguardo ind\u00edgena Piguambi Palangala, del pueblo Aw\u00e1, quien ten\u00eda 6 meses de embarazo y era comunera de su resguardo.<\/p>\n<p style=\"text-align: justify;\">El martes 2 de agosto se sum\u00f3 el tr\u00e1gico feminicidio de Yuliana Estacio, de 21 a\u00f1os, quien fue atacada por su pareja sentimental con gasolina y fuego, lo que le ocasion\u00f3 la muerte, en la vereda Pumbi del municipio de Roberto Pay\u00e1n. Con estos tres casos, ya son 30 las muertes violentas de mujeres que, en lo corrido del a\u00f1o, han sido denunciadas en el departamento de Nari\u00f1o.<\/p>\n<p style=\"text-align: justify;\">\u201cEn cada uno de los casos activamos la ruta de atenci\u00f3n para la familia. Desde la Defensor\u00eda del Pueblo seguiremos brindando acompa\u00f1amiento a las familias y a las comunidades de las v\u00edctimas. Como sociedad debemos levantar la voz para rechazar cualquier tipo de violencia contra las mujeres\u201d, puntualiz\u00f3 Camargo.<\/p>\n","protected":false},"excerpt":{"rendered":"<p>El Defensor del Pueblo, Carlos Camargo, mostr\u00f3 su preocupaci\u00f3n por el aumento de casos de violencia contra la mujer en Tumaco, donde en los \u00faltimos d\u00edas se han venido presentando una serie de casos de feminicidios en la zona rural de este municipio nari\u00f1ense. El 19 de julio fue encontrado el cuerpo sin vida de [&hellip;]<\/p>\n","protected":false},"author":1,"featured_media":60831,"comment_status":"open","ping_status":"open","sticky":false,"template":"","format":"standard","meta":{"footnotes":""},"categories":[53],"tags":[],"class_list":["post-60830","post","type-post","status-publish","format-standard","has-post-thumbnail","hentry","category-regiones"],"yoast_head":"<!-- This site is optimized with the Yoast SEO plugin v27.1.1 - https:\/\/yoast.com\/product\/yoast-seo-wordpress\/ -->\n<title>Defensor\u00eda del Pueblo alerta por casos de violencia contra la mujer en Tumaco | P\u00e1gina10<\/title>\n<meta name=\"robots\" content=\"index, follow, max-snippet:-1, max-image-preview:large, max-video-preview:-1\" \/>\n<link rel=\"canonical\" href=\"https:\/\/pagina10.com\/web\/defensoria-del-pueblo-alerta-por-casos-de-violencia-contra-la-mujer-en-tumaco\/\" \/>\n<meta property=\"og:locale\" content=\"es_ES\" \/>\n<meta property=\"og:type\" content=\"article\" \/>\n<meta property=\"og:title\" content=\"Defensor\u00eda del Pueblo alerta por casos de violencia contra la mujer en Tumaco | P\u00e1gina10\" \/>\n<meta property=\"og:description\" content=\"El Defensor del Pueblo, Carlos Camargo, mostr\u00f3 su preocupaci\u00f3n por el aumento de casos de violencia contra la mujer en Tumaco, donde en los \u00faltimos d\u00edas se han venido presentando una serie de casos de feminicidios en la zona rural de este municipio nari\u00f1ense. El 19 de julio fue encontrado el cuerpo sin vida de [&hellip;]\" \/>\n<meta property=\"og:url\" content=\"https:\/\/pagina10.com\/web\/defensoria-del-pueblo-alerta-por-casos-de-violencia-contra-la-mujer-en-tumaco\/\" \/>\n<meta property=\"og:site_name\" content=\"P\u00e1gina10\" \/>\n<meta property=\"article:publisher\" content=\"https:\/\/www.facebook.com\/pag10com\" \/>\n<meta property=\"article:published_time\" content=\"2022-08-05T02:28:43+00:00\" \/>\n<meta property=\"og:image\" content=\"https:\/\/pagina10.com\/web\/wp-content\/uploads\/2022\/08\/Tumaco.jpg\" \/>\n\t<meta property=\"og:image:width\" content=\"734\" \/>\n\t<meta property=\"og:image:height\" content=\"486\" \/>\n\t<meta property=\"og:image:type\" content=\"image\/jpeg\" \/>\n<meta name=\"author\" content=\"P\u00e1gina 10\" \/>\n<meta name=\"twitter:card\" content=\"summary_large_image\" \/>\n<meta name=\"twitter:creator\" content=\"@Pag10com\" \/>\n<meta name=\"twitter:site\" content=\"@Pag10com\" \/>\n<meta name=\"twitter:label1\" content=\"Escrito por\" \/>\n\t<meta name=\"twitter:data1\" content=\"P\u00e1gina 10\" \/>\n\t<meta name=\"twitter:label2\" content=\"Tiempo de lectura\" \/>\n\t<meta name=\"twitter:data2\" content=\"1 minuto\" \/>\n<script type=\"application\/ld+json\" class=\"yoast-schema-graph\">{\"@context\":\"https:\/\/schema.org\",\"@graph\":[{\"@type\":\"Article\",\"@id\":\"https:\/\/pagina10.com\/web\/defensoria-del-pueblo-alerta-por-casos-de-violencia-contra-la-mujer-en-tumaco\/#article\",\"isPartOf\":{\"@id\":\"https:\/\/pagina10.com\/web\/defensoria-del-pueblo-alerta-por-casos-de-violencia-contra-la-mujer-en-tumaco\/\"},\"author\":{\"name\":\"P\u00e1gina 10\",\"@id\":\"https:\/\/pagina10.com\/web\/#\/schema\/person\/2efc4a090d25b667d3bc796798a3a81b\"},\"headline\":\"Defensor\u00eda del Pueblo alerta por casos de violencia contra la mujer en Tumaco\",\"datePublished\":\"2022-08-05T02:28:43+00:00\",\"mainEntityOfPage\":{\"@id\":\"https:\/\/pagina10.com\/web\/defensoria-del-pueblo-alerta-por-casos-de-violencia-contra-la-mujer-en-tumaco\/\"},\"wordCount\":245,\"commentCount\":0,\"publisher\":{\"@id\":\"https:\/\/pagina10.com\/web\/#organization\"},\"image\":{\"@id\":\"https:\/\/pagina10.com\/web\/defensoria-del-pueblo-alerta-por-casos-de-violencia-contra-la-mujer-en-tumaco\/#primaryimage\"},\"thumbnailUrl\":\"https:\/\/pagina10.com\/web\/wp-content\/uploads\/2022\/08\/Tumaco.jpg\",\"articleSection\":[\"Regiones\"],\"inLanguage\":\"es\",\"potentialAction\":[{\"@type\":\"CommentAction\",\"name\":\"Comment\",\"target\":[\"https:\/\/pagina10.com\/web\/defensoria-del-pueblo-alerta-por-casos-de-violencia-contra-la-mujer-en-tumaco\/#respond\"]}]},{\"@type\":\"WebPage\",\"@id\":\"https:\/\/pagina10.com\/web\/defensoria-del-pueblo-alerta-por-casos-de-violencia-contra-la-mujer-en-tumaco\/\",\"url\":\"https:\/\/pagina10.com\/web\/defensoria-del-pueblo-alerta-por-casos-de-violencia-contra-la-mujer-en-tumaco\/\",\"name\":\"Defensor\u00eda del Pueblo alerta por casos de violencia contra la mujer en Tumaco | P\u00e1gina10\",\"isPartOf\":{\"@id\":\"https:\/\/pagina10.com\/web\/#website\"},\"primaryImageOfPage\":{\"@id\":\"https:\/\/pagina10.com\/web\/defensoria-del-pueblo-alerta-por-casos-de-violencia-contra-la-mujer-en-tumaco\/#primaryimage\"},\"image\":{\"@id\":\"https:\/\/pagina10.com\/web\/defensoria-del-pueblo-alerta-por-casos-de-violencia-contra-la-mujer-en-tumaco\/#primaryimage\"},\"thumbnailUrl\":\"https:\/\/pagina10.com\/web\/wp-content\/uploads\/2022\/08\/Tumaco.jpg\",\"datePublished\":\"2022-08-05T02:28:43+00:00\",\"breadcrumb\":{\"@id\":\"https:\/\/pagina10.com\/web\/defensoria-del-pueblo-alerta-por-casos-de-violencia-contra-la-mujer-en-tumaco\/#breadcrumb\"},\"inLanguage\":\"es\",\"potentialAction\":[{\"@type\":\"ReadAction\",\"target\":[\"https:\/\/pagina10.com\/web\/defensoria-del-pueblo-alerta-por-casos-de-violencia-contra-la-mujer-en-tumaco\/\"]}]},{\"@type\":\"ImageObject\",\"inLanguage\":\"es\",\"@id\":\"https:\/\/pagina10.com\/web\/defensoria-del-pueblo-alerta-por-casos-de-violencia-contra-la-mujer-en-tumaco\/#primaryimage\",\"url\":\"https:\/\/pagina10.com\/web\/wp-content\/uploads\/2022\/08\/Tumaco.jpg\",\"contentUrl\":\"https:\/\/pagina10.com\/web\/wp-content\/uploads\/2022\/08\/Tumaco.jpg\",\"width\":734,\"height\":486},{\"@type\":\"BreadcrumbList\",\"@id\":\"https:\/\/pagina10.com\/web\/defensoria-del-pueblo-alerta-por-casos-de-violencia-contra-la-mujer-en-tumaco\/#breadcrumb\",\"itemListElement\":[{\"@type\":\"ListItem\",\"position\":1,\"name\":\"Portada\",\"item\":\"https:\/\/pagina10.com\/web\/\"},{\"@type\":\"ListItem\",\"position\":2,\"name\":\"Defensor\u00eda del Pueblo alerta por casos de violencia contra la mujer en Tumaco\"}]},{\"@type\":\"WebSite\",\"@id\":\"https:\/\/pagina10.com\/web\/#website\",\"url\":\"https:\/\/pagina10.com\/web\/\",\"name\":\"P\u00e1gina10\",\"description\":\"Peri\u00f3dico Regional\",\"publisher\":{\"@id\":\"https:\/\/pagina10.com\/web\/#organization\"},\"alternateName\":\"P\u00e1gina10 Peri\u00f3dico Regional\",\"potentialAction\":[{\"@type\":\"SearchAction\",\"target\":{\"@type\":\"EntryPoint\",\"urlTemplate\":\"https:\/\/pagina10.com\/web\/?s={search_term_string}\"},\"query-input\":{\"@type\":\"PropertyValueSpecification\",\"valueRequired\":true,\"valueName\":\"search_term_string\"}}],\"inLanguage\":\"es\"},{\"@type\":\"Organization\",\"@id\":\"https:\/\/pagina10.com\/web\/#organization\",\"name\":\"P\u00e1gina10\",\"alternateName\":\"P\u00e1gina10 Peri\u00f3dico Regional\",\"url\":\"https:\/\/pagina10.com\/web\/\",\"logo\":{\"@type\":\"ImageObject\",\"inLanguage\":\"es\",\"@id\":\"https:\/\/pagina10.com\/web\/#\/schema\/logo\/image\/\",\"url\":\"https:\/\/pagina10.com\/web\/wp-content\/uploads\/2024\/01\/40-pagina-10-periodico-regional-pasto.jpg\",\"contentUrl\":\"https:\/\/pagina10.com\/web\/wp-content\/uploads\/2024\/01\/40-pagina-10-periodico-regional-pasto.jpg\",\"width\":1280,\"height\":720,\"caption\":\"P\u00e1gina10\"},\"image\":{\"@id\":\"https:\/\/pagina10.com\/web\/#\/schema\/logo\/image\/\"},\"sameAs\":[\"https:\/\/www.facebook.com\/pag10com\",\"https:\/\/x.com\/Pag10com\",\"https:\/\/www.instagram.com\/pagina10col\/\",\"https:\/\/youtube.com\/channel\/pag10\",\"https:\/\/www.tiktok.com\/@p10col\"]},{\"@type\":\"Person\",\"@id\":\"https:\/\/pagina10.com\/web\/#\/schema\/person\/2efc4a090d25b667d3bc796798a3a81b\",\"name\":\"P\u00e1gina 10\",\"description\":\"P\u00e1gina 10 es un peri\u00f3dico regional que nace en Colombia, en el departamento de Nari\u00f1o, con un enfoque global, fundamentado en cuatro pilares esenciales: la libertad, el pluralismo, la inclusi\u00f3n y la independencia. P\u00e1gina 10 hace referencia a Nari\u00f1o como el d\u00e9cimo departamento creado en Colombia, despu\u00e9s de un proceso pol\u00edtico liderado por actores y actrices regionales con el fin de obtener la independencia y autonom\u00eda de nuestros territorios. Con la creaci\u00f3n de P\u00e1gina 10 se pretende abrir un escenario para el dialogo, la reflexi\u00f3n y el debate que se extienda a otras geograf\u00edas de Am\u00e9rica Latina y del planeta, en una apuesta por transformar colectivamente los desaf\u00edos de un mundo contempor\u00e1neo, m\u00e1s all\u00e1 de las fronteras impuestas.\",\"url\":\"https:\/\/pagina10.com\/web\/author\/pdiezadmin\/\"}]}<\/script>\n<!-- \/ Yoast SEO plugin. -->","yoast_head_json":{"title":"Defensor\u00eda del Pueblo alerta por casos de violencia contra la mujer en Tumaco | P\u00e1gina10","robots":{"index":"index","follow":"follow","max-snippet":"max-snippet:-1","max-image-preview":"max-image-preview:large","max-video-preview":"max-video-preview:-1"},"canonical":"https:\/\/pagina10.com\/web\/defensoria-del-pueblo-alerta-por-casos-de-violencia-contra-la-mujer-en-tumaco\/","og_locale":"es_ES","og_type":"article","og_title":"Defensor\u00eda del Pueblo alerta por casos de violencia contra la mujer en Tumaco | P\u00e1gina10","og_description":"El Defensor del Pueblo, Carlos Camargo, mostr\u00f3 su preocupaci\u00f3n por el aumento de casos de violencia contra la mujer en Tumaco, donde en los \u00faltimos d\u00edas se han venido presentando una serie de casos de feminicidios en la zona rural de este municipio nari\u00f1ense. El 19 de julio fue encontrado el cuerpo sin vida de [&hellip;]","og_url":"https:\/\/pagina10.com\/web\/defensoria-del-pueblo-alerta-por-casos-de-violencia-contra-la-mujer-en-tumaco\/","og_site_name":"P\u00e1gina10","article_publisher":"https:\/\/www.facebook.com\/pag10com","article_published_time":"2022-08-05T02:28:43+00:00","og_image":[{"width":734,"height":486,"url":"https:\/\/pagina10.com\/web\/wp-content\/uploads\/2022\/08\/Tumaco.jpg","type":"image\/jpeg"}],"author":"P\u00e1gina 10","twitter_card":"summary_large_image","twitter_creator":"@Pag10com","twitter_site":"@Pag10com","twitter_misc":{"Escrito por":"P\u00e1gina 10","Tiempo de lectura":"1 minuto"},"schema":{"@context":"https:\/\/schema.org","@graph":[{"@type":"Article","@id":"https:\/\/pagina10.com\/web\/defensoria-del-pueblo-alerta-por-casos-de-violencia-contra-la-mujer-en-tumaco\/#article","isPartOf":{"@id":"https:\/\/pagina10.com\/web\/defensoria-del-pueblo-alerta-por-casos-de-violencia-contra-la-mujer-en-tumaco\/"},"author":{"name":"P\u00e1gina 10","@id":"https:\/\/pagina10.com\/web\/#\/schema\/person\/2efc4a090d25b667d3bc796798a3a81b"},"headline":"Defensor\u00eda del Pueblo alerta por casos de violencia contra la mujer en Tumaco","datePublished":"2022-08-05T02:28:43+00:00","mainEntityOfPage":{"@id":"https:\/\/pagina10.com\/web\/defensoria-del-pueblo-alerta-por-casos-de-violencia-contra-la-mujer-en-tumaco\/"},"wordCount":245,"commentCount":0,"publisher":{"@id":"https:\/\/pagina10.com\/web\/#organization"},"image":{"@id":"https:\/\/pagina10.com\/web\/defensoria-del-pueblo-alerta-por-casos-de-violencia-contra-la-mujer-en-tumaco\/#primaryimage"},"thumbnailUrl":"https:\/\/pagina10.com\/web\/wp-content\/uploads\/2022\/08\/Tumaco.jpg","articleSection":["Regiones"],"inLanguage":"es","potentialAction":[{"@type":"CommentAction","name":"Comment","target":["https:\/\/pagina10.com\/web\/defensoria-del-pueblo-alerta-por-casos-de-violencia-contra-la-mujer-en-tumaco\/#respond"]}]},{"@type":"WebPage","@id":"https:\/\/pagina10.com\/web\/defensoria-del-pueblo-alerta-por-casos-de-violencia-contra-la-mujer-en-tumaco\/","url":"https:\/\/pagina10.com\/web\/defensoria-del-pueblo-alerta-por-casos-de-violencia-contra-la-mujer-en-tumaco\/","name":"Defensor\u00eda del Pueblo alerta por casos de violencia contra la mujer en Tumaco | P\u00e1gina10","isPartOf":{"@id":"https:\/\/pagina10.com\/web\/#website"},"primaryImageOfPage":{"@id":"https:\/\/pagina10.com\/web\/defensoria-del-pueblo-alerta-por-casos-de-violencia-contra-la-mujer-en-tumaco\/#primaryimage"},"image":{"@id":"https:\/\/pagina10.com\/web\/defensoria-del-pueblo-alerta-por-casos-de-violencia-contra-la-mujer-en-tumaco\/#primaryimage"},"thumbnailUrl":"https:\/\/pagina10.com\/web\/wp-content\/uploads\/2022\/08\/Tumaco.jpg","datePublished":"2022-08-05T02:28:43+00:00","breadcrumb":{"@id":"https:\/\/pagina10.com\/web\/defensoria-del-pueblo-alerta-por-casos-de-violencia-contra-la-mujer-en-tumaco\/#breadcrumb"},"inLanguage":"es","potentialAction":[{"@type":"ReadAction","target":["https:\/\/pagina10.com\/web\/defensoria-del-pueblo-alerta-por-casos-de-violencia-contra-la-mujer-en-tumaco\/"]}]},{"@type":"ImageObject","inLanguage":"es","@id":"https:\/\/pagina10.com\/web\/defensoria-del-pueblo-alerta-por-casos-de-violencia-contra-la-mujer-en-tumaco\/#primaryimage","url":"https:\/\/pagina10.com\/web\/wp-content\/uploads\/2022\/08\/Tumaco.jpg","contentUrl":"https:\/\/pagina10.com\/web\/wp-content\/uploads\/2022\/08\/Tumaco.jpg","width":734,"height":486},{"@type":"BreadcrumbList","@id":"https:\/\/pagina10.com\/web\/defensoria-del-pueblo-alerta-por-casos-de-violencia-contra-la-mujer-en-tumaco\/#breadcrumb","itemListElement":[{"@type":"ListItem","position":1,"name":"Portada","item":"https:\/\/pagina10.com\/web\/"},{"@type":"ListItem","position":2,"name":"Defensor\u00eda del Pueblo alerta por casos de violencia contra la mujer en Tumaco"}]},{"@type":"WebSite","@id":"https:\/\/pagina10.com\/web\/#website","url":"https:\/\/pagina10.com\/web\/","name":"P\u00e1gina10","description":"Peri\u00f3dico Regional","publisher":{"@id":"https:\/\/pagina10.com\/web\/#organization"},"alternateName":"P\u00e1gina10 Peri\u00f3dico Regional","potentialAction":[{"@type":"SearchAction","target":{"@type":"EntryPoint","urlTemplate":"https:\/\/pagina10.com\/web\/?s={search_term_string}"},"query-input":{"@type":"PropertyValueSpecification","valueRequired":true,"valueName":"search_term_string"}}],"inLanguage":"es"},{"@type":"Organization","@id":"https:\/\/pagina10.com\/web\/#organization","name":"P\u00e1gina10","alternateName":"P\u00e1gina10 Peri\u00f3dico Regional","url":"https:\/\/pagina10.com\/web\/","logo":{"@type":"ImageObject","inLanguage":"es","@id":"https:\/\/pagina10.com\/web\/#\/schema\/logo\/image\/","url":"https:\/\/pagina10.com\/web\/wp-content\/uploads\/2024\/01\/40-pagina-10-periodico-regional-pasto.jpg","contentUrl":"https:\/\/pagina10.com\/web\/wp-content\/uploads\/2024\/01\/40-pagina-10-periodico-regional-pasto.jpg","width":1280,"height":720,"caption":"P\u00e1gina10"},"image":{"@id":"https:\/\/pagina10.com\/web\/#\/schema\/logo\/image\/"},"sameAs":["https:\/\/www.facebook.com\/pag10com","https:\/\/x.com\/Pag10com","https:\/\/www.instagram.com\/pagina10col\/","https:\/\/youtube.com\/channel\/pag10","https:\/\/www.tiktok.com\/@p10col"]},{"@type":"Person","@id":"https:\/\/pagina10.com\/web\/#\/schema\/person\/2efc4a090d25b667d3bc796798a3a81b","name":"P\u00e1gina 10","description":"P\u00e1gina 10 es un peri\u00f3dico regional que nace en Colombia, en el departamento de Nari\u00f1o, con un enfoque global, fundamentado en cuatro pilares esenciales: la libertad, el pluralismo, la inclusi\u00f3n y la independencia. P\u00e1gina 10 hace referencia a Nari\u00f1o como el d\u00e9cimo departamento creado en Colombia, despu\u00e9s de un proceso pol\u00edtico liderado por actores y actrices regionales con el fin de obtener la independencia y autonom\u00eda de nuestros territorios. Con la creaci\u00f3n de P\u00e1gina 10 se pretende abrir un escenario para el dialogo, la reflexi\u00f3n y el debate que se extienda a otras geograf\u00edas de Am\u00e9rica Latina y del planeta, en una apuesta por transformar colectivamente los desaf\u00edos de un mundo contempor\u00e1neo, m\u00e1s all\u00e1 de las fronteras impuestas.","url":"https:\/\/pagina10.com\/web\/author\/pdiezadmin\/"}]}},"_links":{"self":[{"href":"https:\/\/pagina10.com\/web\/wp-json\/wp\/v2\/posts\/60830","targetHints":{"allow":["GET"]}}],"collection":[{"href":"https:\/\/pagina10.com\/web\/wp-json\/wp\/v2\/posts"}],"about":[{"href":"https:\/\/pagina10.com\/web\/wp-json\/wp\/v2\/types\/post"}],"author":[{"embeddable":true,"href":"https:\/\/pagina10.com\/web\/wp-json\/wp\/v2\/users\/1"}],"replies":[{"embeddable":true,"href":"https:\/\/pagina10.com\/web\/wp-json\/wp\/v2\/comments?post=60830"}],"version-history":[{"count":1,"href":"https:\/\/pagina10.com\/web\/wp-json\/wp\/v2\/posts\/60830\/revisions"}],"predecessor-version":[{"id":60832,"href":"https:\/\/pagina10.com\/web\/wp-json\/wp\/v2\/posts\/60830\/revisions\/60832"}],"wp:featuredmedia":[{"embeddable":true,"href":"https:\/\/pagina10.com\/web\/wp-json\/wp\/v2\/media\/60831"}],"wp:attachment":[{"href":"https:\/\/pagina10.com\/web\/wp-json\/wp\/v2\/media?parent=60830"}],"wp:term":[{"taxonomy":"category","embeddable":true,"href":"https:\/\/pagina10.com\/web\/wp-json\/wp\/v2\/categories?post=60830"},{"taxonomy":"post_tag","embeddable":true,"href":"https:\/\/pagina10.com\/web\/wp-json\/wp\/v2\/tags?post=60830"}],"curies":[{"name":"wp","href":"https:\/\/api.w.org\/{rel}","templated":true}]}}