{"id":60842,"date":"2022-08-05T12:26:42","date_gmt":"2022-08-05T17:26:42","guid":{"rendered":"https:\/\/pagina10.com\/web\/?p=60842"},"modified":"2022-08-05T12:26:42","modified_gmt":"2022-08-05T17:26:42","slug":"abren-nuevo-punto-de-atencion-a-victimas-en-el-remolino","status":"publish","type":"post","link":"https:\/\/pagina10.com\/web\/abren-nuevo-punto-de-atencion-a-victimas-en-el-remolino\/","title":{"rendered":"Abren nuevo punto de atenci\u00f3n a v\u00edctimas en El Remolino"},"content":{"rendered":"<p style=\"text-align: justify;\">En articulaci\u00f3n con la Alcald\u00eda municipal de Taminango, la Personer\u00eda y la Mesa de V\u00edctimas, la Unidad para las V\u00edctimas abri\u00f3 un nuevo punto de atenci\u00f3n en el corregimiento de El Remolino con el fin de brindar informaci\u00f3n de manera \u00e1gil y oportuna a las v\u00edctimas residentes en los municipios de la cordillera de Nari\u00f1o.<\/p>\n<p style=\"text-align: justify;\">En este sitio se espera atender un promedio de 50 personas diarias, en tr\u00e1mites como actualizaci\u00f3n de datos, verificaci\u00f3n de atenci\u00f3n humanitaria y solicitud de informaci\u00f3n sobre procesos de indemnizaci\u00f3n, entre otros.<\/p>\n<p style=\"text-align: justify;\">El punto atender\u00e1 a las 11.869 v\u00edctimas de Taminango, m\u00e1s las de los municipios aleda\u00f1os como El Rosario y Leiva, y municipios del sur del Cauca. William Pinz\u00f3n Fern\u00e1ndez, director territorial de la Unidad para las V\u00edctimas, se\u00f1al\u00f3 que el lugar tendr\u00e1 las mejores condiciones para que la poblaci\u00f3n pueda recibir una orientaci\u00f3n \u00e1gil, oportuna y con calidad. \u201cAs\u00ed demostramos nuestro compromiso de avanzar en la asistencia, atenci\u00f3n y reparaci\u00f3n a las v\u00edctimas del conflicto armado\u201d, dijo.<\/p>\n","protected":false},"excerpt":{"rendered":"<p>En articulaci\u00f3n con la Alcald\u00eda municipal de Taminango, la Personer\u00eda y la Mesa de V\u00edctimas, la Unidad para las V\u00edctimas abri\u00f3 un nuevo punto de atenci\u00f3n en el corregimiento de El Remolino con el fin de brindar informaci\u00f3n de manera \u00e1gil y oportuna a las v\u00edctimas residentes en los municipios de la cordillera de Nari\u00f1o. [&hellip;]<\/p>\n","protected":false},"author":1,"featured_media":60843,"comment_status":"open","ping_status":"open","sticky":false,"template":"","format":"standard","meta":{"footnotes":""},"categories":[53],"tags":[],"class_list":["post-60842","post","type-post","status-publish","format-standard","has-post-thumbnail","hentry","category-regiones"],"yoast_head":"<!-- This site is optimized with the Yoast SEO plugin v27.1.1 - https:\/\/yoast.com\/product\/yoast-seo-wordpress\/ -->\n<title>Abren nuevo punto de atenci\u00f3n a v\u00edctimas en El Remolino | P\u00e1gina10<\/title>\n<meta name=\"robots\" content=\"index, follow, max-snippet:-1, max-image-preview:large, max-video-preview:-1\" \/>\n<link rel=\"canonical\" href=\"https:\/\/pagina10.com\/web\/abren-nuevo-punto-de-atencion-a-victimas-en-el-remolino\/\" \/>\n<meta property=\"og:locale\" content=\"es_ES\" \/>\n<meta property=\"og:type\" content=\"article\" \/>\n<meta property=\"og:title\" content=\"Abren nuevo punto de atenci\u00f3n a v\u00edctimas en El Remolino | P\u00e1gina10\" \/>\n<meta property=\"og:description\" content=\"En articulaci\u00f3n con la Alcald\u00eda municipal de Taminango, la Personer\u00eda y la Mesa de V\u00edctimas, la Unidad para las V\u00edctimas abri\u00f3 un nuevo punto de atenci\u00f3n en el corregimiento de El Remolino con el fin de brindar informaci\u00f3n de manera \u00e1gil y oportuna a las v\u00edctimas residentes en los municipios de la cordillera de Nari\u00f1o. [&hellip;]\" \/>\n<meta property=\"og:url\" content=\"https:\/\/pagina10.com\/web\/abren-nuevo-punto-de-atencion-a-victimas-en-el-remolino\/\" \/>\n<meta property=\"og:site_name\" content=\"P\u00e1gina10\" \/>\n<meta property=\"article:publisher\" content=\"https:\/\/www.facebook.com\/pag10com\" \/>\n<meta property=\"article:published_time\" content=\"2022-08-05T17:26:42+00:00\" \/>\n<meta property=\"og:image\" content=\"https:\/\/pagina10.com\/web\/wp-content\/uploads\/2022\/08\/aaaaa4_0.jpg\" \/>\n\t<meta property=\"og:image:width\" content=\"700\" \/>\n\t<meta property=\"og:image:height\" content=\"350\" \/>\n\t<meta property=\"og:image:type\" content=\"image\/jpeg\" \/>\n<meta name=\"author\" content=\"P\u00e1gina 10\" \/>\n<meta name=\"twitter:card\" content=\"summary_large_image\" \/>\n<meta name=\"twitter:creator\" content=\"@Pag10com\" \/>\n<meta name=\"twitter:site\" content=\"@Pag10com\" \/>\n<meta name=\"twitter:label1\" content=\"Escrito por\" \/>\n\t<meta name=\"twitter:data1\" content=\"P\u00e1gina 10\" \/>\n\t<meta name=\"twitter:label2\" content=\"Tiempo de lectura\" \/>\n\t<meta name=\"twitter:data2\" content=\"1 minuto\" \/>\n<script type=\"application\/ld+json\" class=\"yoast-schema-graph\">{\"@context\":\"https:\/\/schema.org\",\"@graph\":[{\"@type\":\"Article\",\"@id\":\"https:\/\/pagina10.com\/web\/abren-nuevo-punto-de-atencion-a-victimas-en-el-remolino\/#article\",\"isPartOf\":{\"@id\":\"https:\/\/pagina10.com\/web\/abren-nuevo-punto-de-atencion-a-victimas-en-el-remolino\/\"},\"author\":{\"name\":\"P\u00e1gina 10\",\"@id\":\"https:\/\/pagina10.com\/web\/#\/schema\/person\/2efc4a090d25b667d3bc796798a3a81b\"},\"headline\":\"Abren nuevo punto de atenci\u00f3n a v\u00edctimas en El Remolino\",\"datePublished\":\"2022-08-05T17:26:42+00:00\",\"mainEntityOfPage\":{\"@id\":\"https:\/\/pagina10.com\/web\/abren-nuevo-punto-de-atencion-a-victimas-en-el-remolino\/\"},\"wordCount\":201,\"commentCount\":0,\"publisher\":{\"@id\":\"https:\/\/pagina10.com\/web\/#organization\"},\"image\":{\"@id\":\"https:\/\/pagina10.com\/web\/abren-nuevo-punto-de-atencion-a-victimas-en-el-remolino\/#primaryimage\"},\"thumbnailUrl\":\"https:\/\/pagina10.com\/web\/wp-content\/uploads\/2022\/08\/aaaaa4_0.jpg\",\"articleSection\":[\"Regiones\"],\"inLanguage\":\"es\",\"potentialAction\":[{\"@type\":\"CommentAction\",\"name\":\"Comment\",\"target\":[\"https:\/\/pagina10.com\/web\/abren-nuevo-punto-de-atencion-a-victimas-en-el-remolino\/#respond\"]}]},{\"@type\":\"WebPage\",\"@id\":\"https:\/\/pagina10.com\/web\/abren-nuevo-punto-de-atencion-a-victimas-en-el-remolino\/\",\"url\":\"https:\/\/pagina10.com\/web\/abren-nuevo-punto-de-atencion-a-victimas-en-el-remolino\/\",\"name\":\"Abren nuevo punto de atenci\u00f3n a v\u00edctimas en El Remolino | P\u00e1gina10\",\"isPartOf\":{\"@id\":\"https:\/\/pagina10.com\/web\/#website\"},\"primaryImageOfPage\":{\"@id\":\"https:\/\/pagina10.com\/web\/abren-nuevo-punto-de-atencion-a-victimas-en-el-remolino\/#primaryimage\"},\"image\":{\"@id\":\"https:\/\/pagina10.com\/web\/abren-nuevo-punto-de-atencion-a-victimas-en-el-remolino\/#primaryimage\"},\"thumbnailUrl\":\"https:\/\/pagina10.com\/web\/wp-content\/uploads\/2022\/08\/aaaaa4_0.jpg\",\"datePublished\":\"2022-08-05T17:26:42+00:00\",\"breadcrumb\":{\"@id\":\"https:\/\/pagina10.com\/web\/abren-nuevo-punto-de-atencion-a-victimas-en-el-remolino\/#breadcrumb\"},\"inLanguage\":\"es\",\"potentialAction\":[{\"@type\":\"ReadAction\",\"target\":[\"https:\/\/pagina10.com\/web\/abren-nuevo-punto-de-atencion-a-victimas-en-el-remolino\/\"]}]},{\"@type\":\"ImageObject\",\"inLanguage\":\"es\",\"@id\":\"https:\/\/pagina10.com\/web\/abren-nuevo-punto-de-atencion-a-victimas-en-el-remolino\/#primaryimage\",\"url\":\"https:\/\/pagina10.com\/web\/wp-content\/uploads\/2022\/08\/aaaaa4_0.jpg\",\"contentUrl\":\"https:\/\/pagina10.com\/web\/wp-content\/uploads\/2022\/08\/aaaaa4_0.jpg\",\"width\":700,\"height\":350},{\"@type\":\"BreadcrumbList\",\"@id\":\"https:\/\/pagina10.com\/web\/abren-nuevo-punto-de-atencion-a-victimas-en-el-remolino\/#breadcrumb\",\"itemListElement\":[{\"@type\":\"ListItem\",\"position\":1,\"name\":\"Portada\",\"item\":\"https:\/\/pagina10.com\/web\/\"},{\"@type\":\"ListItem\",\"position\":2,\"name\":\"Abren nuevo punto de atenci\u00f3n a v\u00edctimas en El Remolino\"}]},{\"@type\":\"WebSite\",\"@id\":\"https:\/\/pagina10.com\/web\/#website\",\"url\":\"https:\/\/pagina10.com\/web\/\",\"name\":\"P\u00e1gina10\",\"description\":\"Peri\u00f3dico Regional\",\"publisher\":{\"@id\":\"https:\/\/pagina10.com\/web\/#organization\"},\"alternateName\":\"P\u00e1gina10 Peri\u00f3dico Regional\",\"potentialAction\":[{\"@type\":\"SearchAction\",\"target\":{\"@type\":\"EntryPoint\",\"urlTemplate\":\"https:\/\/pagina10.com\/web\/?s={search_term_string}\"},\"query-input\":{\"@type\":\"PropertyValueSpecification\",\"valueRequired\":true,\"valueName\":\"search_term_string\"}}],\"inLanguage\":\"es\"},{\"@type\":\"Organization\",\"@id\":\"https:\/\/pagina10.com\/web\/#organization\",\"name\":\"P\u00e1gina10\",\"alternateName\":\"P\u00e1gina10 Peri\u00f3dico Regional\",\"url\":\"https:\/\/pagina10.com\/web\/\",\"logo\":{\"@type\":\"ImageObject\",\"inLanguage\":\"es\",\"@id\":\"https:\/\/pagina10.com\/web\/#\/schema\/logo\/image\/\",\"url\":\"https:\/\/pagina10.com\/web\/wp-content\/uploads\/2024\/01\/40-pagina-10-periodico-regional-pasto.jpg\",\"contentUrl\":\"https:\/\/pagina10.com\/web\/wp-content\/uploads\/2024\/01\/40-pagina-10-periodico-regional-pasto.jpg\",\"width\":1280,\"height\":720,\"caption\":\"P\u00e1gina10\"},\"image\":{\"@id\":\"https:\/\/pagina10.com\/web\/#\/schema\/logo\/image\/\"},\"sameAs\":[\"https:\/\/www.facebook.com\/pag10com\",\"https:\/\/x.com\/Pag10com\",\"https:\/\/www.instagram.com\/pagina10col\/\",\"https:\/\/youtube.com\/channel\/pag10\",\"https:\/\/www.tiktok.com\/@p10col\"]},{\"@type\":\"Person\",\"@id\":\"https:\/\/pagina10.com\/web\/#\/schema\/person\/2efc4a090d25b667d3bc796798a3a81b\",\"name\":\"P\u00e1gina 10\",\"description\":\"P\u00e1gina 10 es un peri\u00f3dico regional que nace en Colombia, en el departamento de Nari\u00f1o, con un enfoque global, fundamentado en cuatro pilares esenciales: la libertad, el pluralismo, la inclusi\u00f3n y la independencia. P\u00e1gina 10 hace referencia a Nari\u00f1o como el d\u00e9cimo departamento creado en Colombia, despu\u00e9s de un proceso pol\u00edtico liderado por actores y actrices regionales con el fin de obtener la independencia y autonom\u00eda de nuestros territorios. Con la creaci\u00f3n de P\u00e1gina 10 se pretende abrir un escenario para el dialogo, la reflexi\u00f3n y el debate que se extienda a otras geograf\u00edas de Am\u00e9rica Latina y del planeta, en una apuesta por transformar colectivamente los desaf\u00edos de un mundo contempor\u00e1neo, m\u00e1s all\u00e1 de las fronteras impuestas.\",\"url\":\"https:\/\/pagina10.com\/web\/author\/pdiezadmin\/\"}]}<\/script>\n<!-- \/ Yoast SEO plugin. -->","yoast_head_json":{"title":"Abren nuevo punto de atenci\u00f3n a v\u00edctimas en El Remolino | P\u00e1gina10","robots":{"index":"index","follow":"follow","max-snippet":"max-snippet:-1","max-image-preview":"max-image-preview:large","max-video-preview":"max-video-preview:-1"},"canonical":"https:\/\/pagina10.com\/web\/abren-nuevo-punto-de-atencion-a-victimas-en-el-remolino\/","og_locale":"es_ES","og_type":"article","og_title":"Abren nuevo punto de atenci\u00f3n a v\u00edctimas en El Remolino | P\u00e1gina10","og_description":"En articulaci\u00f3n con la Alcald\u00eda municipal de Taminango, la Personer\u00eda y la Mesa de V\u00edctimas, la Unidad para las V\u00edctimas abri\u00f3 un nuevo punto de atenci\u00f3n en el corregimiento de El Remolino con el fin de brindar informaci\u00f3n de manera \u00e1gil y oportuna a las v\u00edctimas residentes en los municipios de la cordillera de Nari\u00f1o. [&hellip;]","og_url":"https:\/\/pagina10.com\/web\/abren-nuevo-punto-de-atencion-a-victimas-en-el-remolino\/","og_site_name":"P\u00e1gina10","article_publisher":"https:\/\/www.facebook.com\/pag10com","article_published_time":"2022-08-05T17:26:42+00:00","og_image":[{"width":700,"height":350,"url":"https:\/\/pagina10.com\/web\/wp-content\/uploads\/2022\/08\/aaaaa4_0.jpg","type":"image\/jpeg"}],"author":"P\u00e1gina 10","twitter_card":"summary_large_image","twitter_creator":"@Pag10com","twitter_site":"@Pag10com","twitter_misc":{"Escrito por":"P\u00e1gina 10","Tiempo de lectura":"1 minuto"},"schema":{"@context":"https:\/\/schema.org","@graph":[{"@type":"Article","@id":"https:\/\/pagina10.com\/web\/abren-nuevo-punto-de-atencion-a-victimas-en-el-remolino\/#article","isPartOf":{"@id":"https:\/\/pagina10.com\/web\/abren-nuevo-punto-de-atencion-a-victimas-en-el-remolino\/"},"author":{"name":"P\u00e1gina 10","@id":"https:\/\/pagina10.com\/web\/#\/schema\/person\/2efc4a090d25b667d3bc796798a3a81b"},"headline":"Abren nuevo punto de atenci\u00f3n a v\u00edctimas en El Remolino","datePublished":"2022-08-05T17:26:42+00:00","mainEntityOfPage":{"@id":"https:\/\/pagina10.com\/web\/abren-nuevo-punto-de-atencion-a-victimas-en-el-remolino\/"},"wordCount":201,"commentCount":0,"publisher":{"@id":"https:\/\/pagina10.com\/web\/#organization"},"image":{"@id":"https:\/\/pagina10.com\/web\/abren-nuevo-punto-de-atencion-a-victimas-en-el-remolino\/#primaryimage"},"thumbnailUrl":"https:\/\/pagina10.com\/web\/wp-content\/uploads\/2022\/08\/aaaaa4_0.jpg","articleSection":["Regiones"],"inLanguage":"es","potentialAction":[{"@type":"CommentAction","name":"Comment","target":["https:\/\/pagina10.com\/web\/abren-nuevo-punto-de-atencion-a-victimas-en-el-remolino\/#respond"]}]},{"@type":"WebPage","@id":"https:\/\/pagina10.com\/web\/abren-nuevo-punto-de-atencion-a-victimas-en-el-remolino\/","url":"https:\/\/pagina10.com\/web\/abren-nuevo-punto-de-atencion-a-victimas-en-el-remolino\/","name":"Abren nuevo punto de atenci\u00f3n a v\u00edctimas en El Remolino | P\u00e1gina10","isPartOf":{"@id":"https:\/\/pagina10.com\/web\/#website"},"primaryImageOfPage":{"@id":"https:\/\/pagina10.com\/web\/abren-nuevo-punto-de-atencion-a-victimas-en-el-remolino\/#primaryimage"},"image":{"@id":"https:\/\/pagina10.com\/web\/abren-nuevo-punto-de-atencion-a-victimas-en-el-remolino\/#primaryimage"},"thumbnailUrl":"https:\/\/pagina10.com\/web\/wp-content\/uploads\/2022\/08\/aaaaa4_0.jpg","datePublished":"2022-08-05T17:26:42+00:00","breadcrumb":{"@id":"https:\/\/pagina10.com\/web\/abren-nuevo-punto-de-atencion-a-victimas-en-el-remolino\/#breadcrumb"},"inLanguage":"es","potentialAction":[{"@type":"ReadAction","target":["https:\/\/pagina10.com\/web\/abren-nuevo-punto-de-atencion-a-victimas-en-el-remolino\/"]}]},{"@type":"ImageObject","inLanguage":"es","@id":"https:\/\/pagina10.com\/web\/abren-nuevo-punto-de-atencion-a-victimas-en-el-remolino\/#primaryimage","url":"https:\/\/pagina10.com\/web\/wp-content\/uploads\/2022\/08\/aaaaa4_0.jpg","contentUrl":"https:\/\/pagina10.com\/web\/wp-content\/uploads\/2022\/08\/aaaaa4_0.jpg","width":700,"height":350},{"@type":"BreadcrumbList","@id":"https:\/\/pagina10.com\/web\/abren-nuevo-punto-de-atencion-a-victimas-en-el-remolino\/#breadcrumb","itemListElement":[{"@type":"ListItem","position":1,"name":"Portada","item":"https:\/\/pagina10.com\/web\/"},{"@type":"ListItem","position":2,"name":"Abren nuevo punto de atenci\u00f3n a v\u00edctimas en El Remolino"}]},{"@type":"WebSite","@id":"https:\/\/pagina10.com\/web\/#website","url":"https:\/\/pagina10.com\/web\/","name":"P\u00e1gina10","description":"Peri\u00f3dico Regional","publisher":{"@id":"https:\/\/pagina10.com\/web\/#organization"},"alternateName":"P\u00e1gina10 Peri\u00f3dico Regional","potentialAction":[{"@type":"SearchAction","target":{"@type":"EntryPoint","urlTemplate":"https:\/\/pagina10.com\/web\/?s={search_term_string}"},"query-input":{"@type":"PropertyValueSpecification","valueRequired":true,"valueName":"search_term_string"}}],"inLanguage":"es"},{"@type":"Organization","@id":"https:\/\/pagina10.com\/web\/#organization","name":"P\u00e1gina10","alternateName":"P\u00e1gina10 Peri\u00f3dico Regional","url":"https:\/\/pagina10.com\/web\/","logo":{"@type":"ImageObject","inLanguage":"es","@id":"https:\/\/pagina10.com\/web\/#\/schema\/logo\/image\/","url":"https:\/\/pagina10.com\/web\/wp-content\/uploads\/2024\/01\/40-pagina-10-periodico-regional-pasto.jpg","contentUrl":"https:\/\/pagina10.com\/web\/wp-content\/uploads\/2024\/01\/40-pagina-10-periodico-regional-pasto.jpg","width":1280,"height":720,"caption":"P\u00e1gina10"},"image":{"@id":"https:\/\/pagina10.com\/web\/#\/schema\/logo\/image\/"},"sameAs":["https:\/\/www.facebook.com\/pag10com","https:\/\/x.com\/Pag10com","https:\/\/www.instagram.com\/pagina10col\/","https:\/\/youtube.com\/channel\/pag10","https:\/\/www.tiktok.com\/@p10col"]},{"@type":"Person","@id":"https:\/\/pagina10.com\/web\/#\/schema\/person\/2efc4a090d25b667d3bc796798a3a81b","name":"P\u00e1gina 10","description":"P\u00e1gina 10 es un peri\u00f3dico regional que nace en Colombia, en el departamento de Nari\u00f1o, con un enfoque global, fundamentado en cuatro pilares esenciales: la libertad, el pluralismo, la inclusi\u00f3n y la independencia. P\u00e1gina 10 hace referencia a Nari\u00f1o como el d\u00e9cimo departamento creado en Colombia, despu\u00e9s de un proceso pol\u00edtico liderado por actores y actrices regionales con el fin de obtener la independencia y autonom\u00eda de nuestros territorios. Con la creaci\u00f3n de P\u00e1gina 10 se pretende abrir un escenario para el dialogo, la reflexi\u00f3n y el debate que se extienda a otras geograf\u00edas de Am\u00e9rica Latina y del planeta, en una apuesta por transformar colectivamente los desaf\u00edos de un mundo contempor\u00e1neo, m\u00e1s all\u00e1 de las fronteras impuestas.","url":"https:\/\/pagina10.com\/web\/author\/pdiezadmin\/"}]}},"_links":{"self":[{"href":"https:\/\/pagina10.com\/web\/wp-json\/wp\/v2\/posts\/60842","targetHints":{"allow":["GET"]}}],"collection":[{"href":"https:\/\/pagina10.com\/web\/wp-json\/wp\/v2\/posts"}],"about":[{"href":"https:\/\/pagina10.com\/web\/wp-json\/wp\/v2\/types\/post"}],"author":[{"embeddable":true,"href":"https:\/\/pagina10.com\/web\/wp-json\/wp\/v2\/users\/1"}],"replies":[{"embeddable":true,"href":"https:\/\/pagina10.com\/web\/wp-json\/wp\/v2\/comments?post=60842"}],"version-history":[{"count":1,"href":"https:\/\/pagina10.com\/web\/wp-json\/wp\/v2\/posts\/60842\/revisions"}],"predecessor-version":[{"id":60844,"href":"https:\/\/pagina10.com\/web\/wp-json\/wp\/v2\/posts\/60842\/revisions\/60844"}],"wp:featuredmedia":[{"embeddable":true,"href":"https:\/\/pagina10.com\/web\/wp-json\/wp\/v2\/media\/60843"}],"wp:attachment":[{"href":"https:\/\/pagina10.com\/web\/wp-json\/wp\/v2\/media?parent=60842"}],"wp:term":[{"taxonomy":"category","embeddable":true,"href":"https:\/\/pagina10.com\/web\/wp-json\/wp\/v2\/categories?post=60842"},{"taxonomy":"post_tag","embeddable":true,"href":"https:\/\/pagina10.com\/web\/wp-json\/wp\/v2\/tags?post=60842"}],"curies":[{"name":"wp","href":"https:\/\/api.w.org\/{rel}","templated":true}]}}