{"id":60845,"date":"2022-08-05T12:35:13","date_gmt":"2022-08-05T17:35:13","guid":{"rendered":"https:\/\/pagina10.com\/web\/?p=60845"},"modified":"2022-08-05T12:35:13","modified_gmt":"2022-08-05T17:35:13","slug":"desmantelan-banda-de-apartamenteros-los-del-tour-en-pasto","status":"publish","type":"post","link":"https:\/\/pagina10.com\/web\/desmantelan-banda-de-apartamenteros-los-del-tour-en-pasto\/","title":{"rendered":"Desmantelan banda de apartamenteros \u2018Los del Tour\u2019 en Pasto"},"content":{"rendered":"<p style=\"text-align: justify;\">Tras una acci\u00f3n unificada de la Fiscal\u00eda y el trabajo investigativo desarrollado por unidades de la Seccional de Investigaci\u00f3n Criminal de la Polic\u00eda Metropolitana Pasto fue desarticulada una banda organizada conocidos como Los del Tour.<\/p>\n<p style=\"text-align: justify;\">Seg\u00fan la Polic\u00eda, esta organizaci\u00f3n delincuencial estudiaba a sus potenciales v\u00edctimas para ingresar a sus residencias cuando estas no estuvieran, hurt\u00e1ndoles elementos de valor por cuant\u00edas millonarias.<\/p>\n<p style=\"text-align: justify;\">Un trabajo articulado de personal uniformado en contra de \u2018Los del Tour\u2019 facilit\u00f3 identificar plenamente a cada uno de sus integrantes y solicitar a la Fiscal\u00eda la pr\u00e1ctica de tres allanamientos, encontrando una motocicleta hurtada, un monopat\u00edn el\u00e9ctrico, un televisor, un xbox, dos m\u00e1quinas profesionales para corte de cabello, bolsos para dama, varios documentos de identificaci\u00f3n y tres millones de pesos en efectivo.<\/p>\n<p style=\"text-align: justify;\">En total fueron capturadas seis personas que se encuentran en proceso de judicializaci\u00f3n por los delitos de hurto calificado y agravado, receptaci\u00f3n y concierto para delinquir.<\/p>\n","protected":false},"excerpt":{"rendered":"<p>Tras una acci\u00f3n unificada de la Fiscal\u00eda y el trabajo investigativo desarrollado por unidades de la Seccional de Investigaci\u00f3n Criminal de la Polic\u00eda Metropolitana Pasto fue desarticulada una banda organizada conocidos como Los del Tour. Seg\u00fan la Polic\u00eda, esta organizaci\u00f3n delincuencial estudiaba a sus potenciales v\u00edctimas para ingresar a sus residencias cuando estas no estuvieran, [&hellip;]<\/p>\n","protected":false},"author":1,"featured_media":60846,"comment_status":"open","ping_status":"open","sticky":false,"template":"","format":"standard","meta":{"footnotes":""},"categories":[61],"tags":[],"class_list":["post-60845","post","type-post","status-publish","format-standard","has-post-thumbnail","hentry","category-judicial"],"yoast_head":"<!-- This site is optimized with the Yoast SEO plugin v27.1.1 - https:\/\/yoast.com\/product\/yoast-seo-wordpress\/ -->\n<title>Desmantelan banda de apartamenteros \u2018Los del Tour\u2019 en Pasto | P\u00e1gina10<\/title>\n<meta name=\"robots\" content=\"index, follow, max-snippet:-1, max-image-preview:large, max-video-preview:-1\" \/>\n<link rel=\"canonical\" href=\"https:\/\/pagina10.com\/web\/desmantelan-banda-de-apartamenteros-los-del-tour-en-pasto\/\" \/>\n<meta property=\"og:locale\" content=\"es_ES\" \/>\n<meta property=\"og:type\" content=\"article\" \/>\n<meta property=\"og:title\" content=\"Desmantelan banda de apartamenteros \u2018Los del Tour\u2019 en Pasto | P\u00e1gina10\" \/>\n<meta property=\"og:description\" content=\"Tras una acci\u00f3n unificada de la Fiscal\u00eda y el trabajo investigativo desarrollado por unidades de la Seccional de Investigaci\u00f3n Criminal de la Polic\u00eda Metropolitana Pasto fue desarticulada una banda organizada conocidos como Los del Tour. Seg\u00fan la Polic\u00eda, esta organizaci\u00f3n delincuencial estudiaba a sus potenciales v\u00edctimas para ingresar a sus residencias cuando estas no estuvieran, [&hellip;]\" \/>\n<meta property=\"og:url\" content=\"https:\/\/pagina10.com\/web\/desmantelan-banda-de-apartamenteros-los-del-tour-en-pasto\/\" \/>\n<meta property=\"og:site_name\" content=\"P\u00e1gina10\" \/>\n<meta property=\"article:publisher\" content=\"https:\/\/www.facebook.com\/pag10com\" \/>\n<meta property=\"article:published_time\" content=\"2022-08-05T17:35:13+00:00\" \/>\n<meta property=\"og:image\" content=\"https:\/\/pagina10.com\/web\/wp-content\/uploads\/2022\/08\/WhatsApp-Image-2022-08-03-at-11.54.30-AM.jpeg\" \/>\n\t<meta property=\"og:image:width\" content=\"1280\" \/>\n\t<meta property=\"og:image:height\" content=\"720\" \/>\n\t<meta property=\"og:image:type\" content=\"image\/jpeg\" \/>\n<meta name=\"author\" content=\"P\u00e1gina 10\" \/>\n<meta name=\"twitter:card\" content=\"summary_large_image\" \/>\n<meta name=\"twitter:creator\" content=\"@Pag10com\" \/>\n<meta name=\"twitter:site\" content=\"@Pag10com\" \/>\n<meta name=\"twitter:label1\" content=\"Escrito por\" \/>\n\t<meta name=\"twitter:data1\" content=\"P\u00e1gina 10\" \/>\n\t<meta name=\"twitter:label2\" content=\"Tiempo de lectura\" \/>\n\t<meta name=\"twitter:data2\" content=\"1 minuto\" \/>\n<script type=\"application\/ld+json\" class=\"yoast-schema-graph\">{\"@context\":\"https:\/\/schema.org\",\"@graph\":[{\"@type\":\"Article\",\"@id\":\"https:\/\/pagina10.com\/web\/desmantelan-banda-de-apartamenteros-los-del-tour-en-pasto\/#article\",\"isPartOf\":{\"@id\":\"https:\/\/pagina10.com\/web\/desmantelan-banda-de-apartamenteros-los-del-tour-en-pasto\/\"},\"author\":{\"name\":\"P\u00e1gina 10\",\"@id\":\"https:\/\/pagina10.com\/web\/#\/schema\/person\/2efc4a090d25b667d3bc796798a3a81b\"},\"headline\":\"Desmantelan banda de apartamenteros \u2018Los del Tour\u2019 en Pasto\",\"datePublished\":\"2022-08-05T17:35:13+00:00\",\"mainEntityOfPage\":{\"@id\":\"https:\/\/pagina10.com\/web\/desmantelan-banda-de-apartamenteros-los-del-tour-en-pasto\/\"},\"wordCount\":178,\"commentCount\":0,\"publisher\":{\"@id\":\"https:\/\/pagina10.com\/web\/#organization\"},\"image\":{\"@id\":\"https:\/\/pagina10.com\/web\/desmantelan-banda-de-apartamenteros-los-del-tour-en-pasto\/#primaryimage\"},\"thumbnailUrl\":\"https:\/\/pagina10.com\/web\/wp-content\/uploads\/2022\/08\/WhatsApp-Image-2022-08-03-at-11.54.30-AM.jpeg\",\"articleSection\":[\"Judicial\"],\"inLanguage\":\"es\",\"potentialAction\":[{\"@type\":\"CommentAction\",\"name\":\"Comment\",\"target\":[\"https:\/\/pagina10.com\/web\/desmantelan-banda-de-apartamenteros-los-del-tour-en-pasto\/#respond\"]}]},{\"@type\":\"WebPage\",\"@id\":\"https:\/\/pagina10.com\/web\/desmantelan-banda-de-apartamenteros-los-del-tour-en-pasto\/\",\"url\":\"https:\/\/pagina10.com\/web\/desmantelan-banda-de-apartamenteros-los-del-tour-en-pasto\/\",\"name\":\"Desmantelan banda de apartamenteros \u2018Los del Tour\u2019 en Pasto | P\u00e1gina10\",\"isPartOf\":{\"@id\":\"https:\/\/pagina10.com\/web\/#website\"},\"primaryImageOfPage\":{\"@id\":\"https:\/\/pagina10.com\/web\/desmantelan-banda-de-apartamenteros-los-del-tour-en-pasto\/#primaryimage\"},\"image\":{\"@id\":\"https:\/\/pagina10.com\/web\/desmantelan-banda-de-apartamenteros-los-del-tour-en-pasto\/#primaryimage\"},\"thumbnailUrl\":\"https:\/\/pagina10.com\/web\/wp-content\/uploads\/2022\/08\/WhatsApp-Image-2022-08-03-at-11.54.30-AM.jpeg\",\"datePublished\":\"2022-08-05T17:35:13+00:00\",\"breadcrumb\":{\"@id\":\"https:\/\/pagina10.com\/web\/desmantelan-banda-de-apartamenteros-los-del-tour-en-pasto\/#breadcrumb\"},\"inLanguage\":\"es\",\"potentialAction\":[{\"@type\":\"ReadAction\",\"target\":[\"https:\/\/pagina10.com\/web\/desmantelan-banda-de-apartamenteros-los-del-tour-en-pasto\/\"]}]},{\"@type\":\"ImageObject\",\"inLanguage\":\"es\",\"@id\":\"https:\/\/pagina10.com\/web\/desmantelan-banda-de-apartamenteros-los-del-tour-en-pasto\/#primaryimage\",\"url\":\"https:\/\/pagina10.com\/web\/wp-content\/uploads\/2022\/08\/WhatsApp-Image-2022-08-03-at-11.54.30-AM.jpeg\",\"contentUrl\":\"https:\/\/pagina10.com\/web\/wp-content\/uploads\/2022\/08\/WhatsApp-Image-2022-08-03-at-11.54.30-AM.jpeg\",\"width\":1280,\"height\":720},{\"@type\":\"BreadcrumbList\",\"@id\":\"https:\/\/pagina10.com\/web\/desmantelan-banda-de-apartamenteros-los-del-tour-en-pasto\/#breadcrumb\",\"itemListElement\":[{\"@type\":\"ListItem\",\"position\":1,\"name\":\"Portada\",\"item\":\"https:\/\/pagina10.com\/web\/\"},{\"@type\":\"ListItem\",\"position\":2,\"name\":\"Desmantelan banda de apartamenteros \u2018Los del Tour\u2019 en Pasto\"}]},{\"@type\":\"WebSite\",\"@id\":\"https:\/\/pagina10.com\/web\/#website\",\"url\":\"https:\/\/pagina10.com\/web\/\",\"name\":\"P\u00e1gina10\",\"description\":\"Peri\u00f3dico Regional\",\"publisher\":{\"@id\":\"https:\/\/pagina10.com\/web\/#organization\"},\"alternateName\":\"P\u00e1gina10 Peri\u00f3dico Regional\",\"potentialAction\":[{\"@type\":\"SearchAction\",\"target\":{\"@type\":\"EntryPoint\",\"urlTemplate\":\"https:\/\/pagina10.com\/web\/?s={search_term_string}\"},\"query-input\":{\"@type\":\"PropertyValueSpecification\",\"valueRequired\":true,\"valueName\":\"search_term_string\"}}],\"inLanguage\":\"es\"},{\"@type\":\"Organization\",\"@id\":\"https:\/\/pagina10.com\/web\/#organization\",\"name\":\"P\u00e1gina10\",\"alternateName\":\"P\u00e1gina10 Peri\u00f3dico Regional\",\"url\":\"https:\/\/pagina10.com\/web\/\",\"logo\":{\"@type\":\"ImageObject\",\"inLanguage\":\"es\",\"@id\":\"https:\/\/pagina10.com\/web\/#\/schema\/logo\/image\/\",\"url\":\"https:\/\/pagina10.com\/web\/wp-content\/uploads\/2024\/01\/40-pagina-10-periodico-regional-pasto.jpg\",\"contentUrl\":\"https:\/\/pagina10.com\/web\/wp-content\/uploads\/2024\/01\/40-pagina-10-periodico-regional-pasto.jpg\",\"width\":1280,\"height\":720,\"caption\":\"P\u00e1gina10\"},\"image\":{\"@id\":\"https:\/\/pagina10.com\/web\/#\/schema\/logo\/image\/\"},\"sameAs\":[\"https:\/\/www.facebook.com\/pag10com\",\"https:\/\/x.com\/Pag10com\",\"https:\/\/www.instagram.com\/pagina10col\/\",\"https:\/\/youtube.com\/channel\/pag10\",\"https:\/\/www.tiktok.com\/@p10col\"]},{\"@type\":\"Person\",\"@id\":\"https:\/\/pagina10.com\/web\/#\/schema\/person\/2efc4a090d25b667d3bc796798a3a81b\",\"name\":\"P\u00e1gina 10\",\"description\":\"P\u00e1gina 10 es un peri\u00f3dico regional que nace en Colombia, en el departamento de Nari\u00f1o, con un enfoque global, fundamentado en cuatro pilares esenciales: la libertad, el pluralismo, la inclusi\u00f3n y la independencia. P\u00e1gina 10 hace referencia a Nari\u00f1o como el d\u00e9cimo departamento creado en Colombia, despu\u00e9s de un proceso pol\u00edtico liderado por actores y actrices regionales con el fin de obtener la independencia y autonom\u00eda de nuestros territorios. Con la creaci\u00f3n de P\u00e1gina 10 se pretende abrir un escenario para el dialogo, la reflexi\u00f3n y el debate que se extienda a otras geograf\u00edas de Am\u00e9rica Latina y del planeta, en una apuesta por transformar colectivamente los desaf\u00edos de un mundo contempor\u00e1neo, m\u00e1s all\u00e1 de las fronteras impuestas.\",\"url\":\"https:\/\/pagina10.com\/web\/author\/pdiezadmin\/\"}]}<\/script>\n<!-- \/ Yoast SEO plugin. -->","yoast_head_json":{"title":"Desmantelan banda de apartamenteros \u2018Los del Tour\u2019 en Pasto | P\u00e1gina10","robots":{"index":"index","follow":"follow","max-snippet":"max-snippet:-1","max-image-preview":"max-image-preview:large","max-video-preview":"max-video-preview:-1"},"canonical":"https:\/\/pagina10.com\/web\/desmantelan-banda-de-apartamenteros-los-del-tour-en-pasto\/","og_locale":"es_ES","og_type":"article","og_title":"Desmantelan banda de apartamenteros \u2018Los del Tour\u2019 en Pasto | P\u00e1gina10","og_description":"Tras una acci\u00f3n unificada de la Fiscal\u00eda y el trabajo investigativo desarrollado por unidades de la Seccional de Investigaci\u00f3n Criminal de la Polic\u00eda Metropolitana Pasto fue desarticulada una banda organizada conocidos como Los del Tour. Seg\u00fan la Polic\u00eda, esta organizaci\u00f3n delincuencial estudiaba a sus potenciales v\u00edctimas para ingresar a sus residencias cuando estas no estuvieran, [&hellip;]","og_url":"https:\/\/pagina10.com\/web\/desmantelan-banda-de-apartamenteros-los-del-tour-en-pasto\/","og_site_name":"P\u00e1gina10","article_publisher":"https:\/\/www.facebook.com\/pag10com","article_published_time":"2022-08-05T17:35:13+00:00","og_image":[{"width":1280,"height":720,"url":"https:\/\/pagina10.com\/web\/wp-content\/uploads\/2022\/08\/WhatsApp-Image-2022-08-03-at-11.54.30-AM.jpeg","type":"image\/jpeg"}],"author":"P\u00e1gina 10","twitter_card":"summary_large_image","twitter_creator":"@Pag10com","twitter_site":"@Pag10com","twitter_misc":{"Escrito por":"P\u00e1gina 10","Tiempo de lectura":"1 minuto"},"schema":{"@context":"https:\/\/schema.org","@graph":[{"@type":"Article","@id":"https:\/\/pagina10.com\/web\/desmantelan-banda-de-apartamenteros-los-del-tour-en-pasto\/#article","isPartOf":{"@id":"https:\/\/pagina10.com\/web\/desmantelan-banda-de-apartamenteros-los-del-tour-en-pasto\/"},"author":{"name":"P\u00e1gina 10","@id":"https:\/\/pagina10.com\/web\/#\/schema\/person\/2efc4a090d25b667d3bc796798a3a81b"},"headline":"Desmantelan banda de apartamenteros \u2018Los del Tour\u2019 en Pasto","datePublished":"2022-08-05T17:35:13+00:00","mainEntityOfPage":{"@id":"https:\/\/pagina10.com\/web\/desmantelan-banda-de-apartamenteros-los-del-tour-en-pasto\/"},"wordCount":178,"commentCount":0,"publisher":{"@id":"https:\/\/pagina10.com\/web\/#organization"},"image":{"@id":"https:\/\/pagina10.com\/web\/desmantelan-banda-de-apartamenteros-los-del-tour-en-pasto\/#primaryimage"},"thumbnailUrl":"https:\/\/pagina10.com\/web\/wp-content\/uploads\/2022\/08\/WhatsApp-Image-2022-08-03-at-11.54.30-AM.jpeg","articleSection":["Judicial"],"inLanguage":"es","potentialAction":[{"@type":"CommentAction","name":"Comment","target":["https:\/\/pagina10.com\/web\/desmantelan-banda-de-apartamenteros-los-del-tour-en-pasto\/#respond"]}]},{"@type":"WebPage","@id":"https:\/\/pagina10.com\/web\/desmantelan-banda-de-apartamenteros-los-del-tour-en-pasto\/","url":"https:\/\/pagina10.com\/web\/desmantelan-banda-de-apartamenteros-los-del-tour-en-pasto\/","name":"Desmantelan banda de apartamenteros \u2018Los del Tour\u2019 en Pasto | P\u00e1gina10","isPartOf":{"@id":"https:\/\/pagina10.com\/web\/#website"},"primaryImageOfPage":{"@id":"https:\/\/pagina10.com\/web\/desmantelan-banda-de-apartamenteros-los-del-tour-en-pasto\/#primaryimage"},"image":{"@id":"https:\/\/pagina10.com\/web\/desmantelan-banda-de-apartamenteros-los-del-tour-en-pasto\/#primaryimage"},"thumbnailUrl":"https:\/\/pagina10.com\/web\/wp-content\/uploads\/2022\/08\/WhatsApp-Image-2022-08-03-at-11.54.30-AM.jpeg","datePublished":"2022-08-05T17:35:13+00:00","breadcrumb":{"@id":"https:\/\/pagina10.com\/web\/desmantelan-banda-de-apartamenteros-los-del-tour-en-pasto\/#breadcrumb"},"inLanguage":"es","potentialAction":[{"@type":"ReadAction","target":["https:\/\/pagina10.com\/web\/desmantelan-banda-de-apartamenteros-los-del-tour-en-pasto\/"]}]},{"@type":"ImageObject","inLanguage":"es","@id":"https:\/\/pagina10.com\/web\/desmantelan-banda-de-apartamenteros-los-del-tour-en-pasto\/#primaryimage","url":"https:\/\/pagina10.com\/web\/wp-content\/uploads\/2022\/08\/WhatsApp-Image-2022-08-03-at-11.54.30-AM.jpeg","contentUrl":"https:\/\/pagina10.com\/web\/wp-content\/uploads\/2022\/08\/WhatsApp-Image-2022-08-03-at-11.54.30-AM.jpeg","width":1280,"height":720},{"@type":"BreadcrumbList","@id":"https:\/\/pagina10.com\/web\/desmantelan-banda-de-apartamenteros-los-del-tour-en-pasto\/#breadcrumb","itemListElement":[{"@type":"ListItem","position":1,"name":"Portada","item":"https:\/\/pagina10.com\/web\/"},{"@type":"ListItem","position":2,"name":"Desmantelan banda de apartamenteros \u2018Los del Tour\u2019 en Pasto"}]},{"@type":"WebSite","@id":"https:\/\/pagina10.com\/web\/#website","url":"https:\/\/pagina10.com\/web\/","name":"P\u00e1gina10","description":"Peri\u00f3dico Regional","publisher":{"@id":"https:\/\/pagina10.com\/web\/#organization"},"alternateName":"P\u00e1gina10 Peri\u00f3dico Regional","potentialAction":[{"@type":"SearchAction","target":{"@type":"EntryPoint","urlTemplate":"https:\/\/pagina10.com\/web\/?s={search_term_string}"},"query-input":{"@type":"PropertyValueSpecification","valueRequired":true,"valueName":"search_term_string"}}],"inLanguage":"es"},{"@type":"Organization","@id":"https:\/\/pagina10.com\/web\/#organization","name":"P\u00e1gina10","alternateName":"P\u00e1gina10 Peri\u00f3dico Regional","url":"https:\/\/pagina10.com\/web\/","logo":{"@type":"ImageObject","inLanguage":"es","@id":"https:\/\/pagina10.com\/web\/#\/schema\/logo\/image\/","url":"https:\/\/pagina10.com\/web\/wp-content\/uploads\/2024\/01\/40-pagina-10-periodico-regional-pasto.jpg","contentUrl":"https:\/\/pagina10.com\/web\/wp-content\/uploads\/2024\/01\/40-pagina-10-periodico-regional-pasto.jpg","width":1280,"height":720,"caption":"P\u00e1gina10"},"image":{"@id":"https:\/\/pagina10.com\/web\/#\/schema\/logo\/image\/"},"sameAs":["https:\/\/www.facebook.com\/pag10com","https:\/\/x.com\/Pag10com","https:\/\/www.instagram.com\/pagina10col\/","https:\/\/youtube.com\/channel\/pag10","https:\/\/www.tiktok.com\/@p10col"]},{"@type":"Person","@id":"https:\/\/pagina10.com\/web\/#\/schema\/person\/2efc4a090d25b667d3bc796798a3a81b","name":"P\u00e1gina 10","description":"P\u00e1gina 10 es un peri\u00f3dico regional que nace en Colombia, en el departamento de Nari\u00f1o, con un enfoque global, fundamentado en cuatro pilares esenciales: la libertad, el pluralismo, la inclusi\u00f3n y la independencia. P\u00e1gina 10 hace referencia a Nari\u00f1o como el d\u00e9cimo departamento creado en Colombia, despu\u00e9s de un proceso pol\u00edtico liderado por actores y actrices regionales con el fin de obtener la independencia y autonom\u00eda de nuestros territorios. Con la creaci\u00f3n de P\u00e1gina 10 se pretende abrir un escenario para el dialogo, la reflexi\u00f3n y el debate que se extienda a otras geograf\u00edas de Am\u00e9rica Latina y del planeta, en una apuesta por transformar colectivamente los desaf\u00edos de un mundo contempor\u00e1neo, m\u00e1s all\u00e1 de las fronteras impuestas.","url":"https:\/\/pagina10.com\/web\/author\/pdiezadmin\/"}]}},"_links":{"self":[{"href":"https:\/\/pagina10.com\/web\/wp-json\/wp\/v2\/posts\/60845","targetHints":{"allow":["GET"]}}],"collection":[{"href":"https:\/\/pagina10.com\/web\/wp-json\/wp\/v2\/posts"}],"about":[{"href":"https:\/\/pagina10.com\/web\/wp-json\/wp\/v2\/types\/post"}],"author":[{"embeddable":true,"href":"https:\/\/pagina10.com\/web\/wp-json\/wp\/v2\/users\/1"}],"replies":[{"embeddable":true,"href":"https:\/\/pagina10.com\/web\/wp-json\/wp\/v2\/comments?post=60845"}],"version-history":[{"count":1,"href":"https:\/\/pagina10.com\/web\/wp-json\/wp\/v2\/posts\/60845\/revisions"}],"predecessor-version":[{"id":60847,"href":"https:\/\/pagina10.com\/web\/wp-json\/wp\/v2\/posts\/60845\/revisions\/60847"}],"wp:featuredmedia":[{"embeddable":true,"href":"https:\/\/pagina10.com\/web\/wp-json\/wp\/v2\/media\/60846"}],"wp:attachment":[{"href":"https:\/\/pagina10.com\/web\/wp-json\/wp\/v2\/media?parent=60845"}],"wp:term":[{"taxonomy":"category","embeddable":true,"href":"https:\/\/pagina10.com\/web\/wp-json\/wp\/v2\/categories?post=60845"},{"taxonomy":"post_tag","embeddable":true,"href":"https:\/\/pagina10.com\/web\/wp-json\/wp\/v2\/tags?post=60845"}],"curies":[{"name":"wp","href":"https:\/\/api.w.org\/{rel}","templated":true}]}}