{"id":60856,"date":"2022-08-05T20:40:41","date_gmt":"2022-08-06T01:40:41","guid":{"rendered":"https:\/\/pagina10.com\/web\/?p=60856"},"modified":"2022-08-05T20:40:41","modified_gmt":"2022-08-06T01:40:41","slug":"repudio-a-asesinato-de-lider-indigena-awa","status":"publish","type":"post","link":"https:\/\/pagina10.com\/web\/repudio-a-asesinato-de-lider-indigena-awa\/","title":{"rendered":"Repudio a asesinato de l\u00edder ind\u00edgena Aw\u00e1."},"content":{"rendered":"<div>\n<div dir=\"auto\" style=\"text-align: justify;\">&#8220;Mar\u00eda Ver\u00f3nica Pai Cabeza era parte del resguardo ind\u00edgena Piguambi Palangala de la comunidad Aw\u00e1. Fue asesinada con cinco disparos y su cuerpo fue posteriormente abandonado en la v\u00eda p\u00fablica de la vereda Vaquer\u00edo, corregimiento de Llorente, con lo cual se impidi\u00f3 que la comunidad la auxiliara.<\/div>\n<div dir=\"auto\" style=\"text-align: justify;\">Ten\u00eda seis meses de embarazo cuando la asesinaron y con su muerte quedan hu\u00e9rfanos dos menores de edad&#8221;.<\/div>\n<\/div>\n<div style=\"text-align: justify;\">\n<div dir=\"auto\">Los nari\u00f1enses no terminamos de lamentar el asesinato de un integrante de la polic\u00eda nacional en territorio caucano cuando nuevamente se enluta nuestra regi\u00f3n. En esta ocasi\u00f3n se trata de una l\u00edder social cuyo \u00fanico delito fue pedir a los grupos armados que azotan su localidad un cese a tanta barbarie.<\/div>\n<div dir=\"auto\"><a tabindex=\"0\" role=\"link\" href=\"https:\/\/l.facebook.com\/l.php?u=https%3A%2F%2Fnueva.pagina10.com%2Fun-crimen-atroz%2F%3Ffbclid%3DIwAR3XO0AdDQUej8kEnaoqmmdWcLBFQlRe9-siHTJHhy02aZW-N7CqDxQsGV4&amp;h=AT3G4lERNguAZN91myJRZZenF7W4I3JqdcIXgrX000zjMSlOc19dFWO-GxhDUWmmqVP5OXnPv_JrdaoUrC1wZw1tdrcedpC-mPpn5Yi-lueNqFR5dX3HD_pdwd_TYKKv3LDCQI8&amp;__tn__=-UK-R&amp;c[0]=AT3gXKdT05wT2RVJnSRKvVQmllPgrih-IS5euUMI2Zw-aglWHg-G2zL6i8GupeL53RKgzpD18KlN-gwigHWJP3JV-6vV1XtD5k7xYw5JYx9QcZOxnIkBJPf3JLdsBwUi7rSc-kt3MhybhK2ZZor2bDu-xlJuUg8LgQFtBF5otqQkkppQsdGx5Q\" target=\"_blank\" rel=\"nofollow noopener\">https:\/\/pagina10.com\/web\/un-crimen-atroz\/<\/a><\/div>\n<\/div>\n<div style=\"text-align: justify;\">\n<div dir=\"auto\">No hab\u00eda pasado siquiera un d\u00eda de otra masacre en la misma region: &#8220;Cuatro ind\u00edgenas aw\u00e1 fueron asesinados en una zona rural del departamento de Nari\u00f1o, fronterizo con Ecuador, crimen que sumado a la masacre de otras cinco personas en el Valle del Cauca, deja nueve muertos este domingo en el pa\u00eds.<\/div>\n<div dir=\"auto\">La segunda matanza ocurri\u00f3 en el caser\u00edo de Altaquer, municipio de Barbacoas, en donde cuatro ind\u00edgenas estaban en un billar cuando fueron atacados por hombres armados que llegaron al lugar y dispararon&#8221;.<\/div>\n<\/div>\n<div style=\"text-align: justify;\">\n<div dir=\"auto\">Cr\u00edmenes que se convierten en simples titulares, pero que no mueven los resortes de la agenda del gobierno nacional ni de sus instituciones. Impunidad de Estado que cobra permanentemente v\u00edctimas inocentes.<\/div>\n<\/div>\n<div style=\"text-align: justify;\">\n<div dir=\"auto\">En el caso de Mar\u00eda Ver\u00f3nica Pai Cabeza su vientre tambi\u00e9n se convirti\u00f3 en la tumba de su hijo. Con seis meses de embarazo de una criatura que sin nacer ya recibi\u00f3 el flagelo de unas estructuras criminales para las cuales \u00fanicamente es v\u00e1lido el lucro de sus actividades il\u00edcitas.<\/div>\n<\/div>\n<div style=\"text-align: justify;\">\n<div dir=\"auto\">Pero que tambi\u00e9n implica a un Estado alejado de la realidad de su gente. Que los ha dejado a su suerte neg\u00e1ndoles derechos tan elementales como v\u00edas, acueductos, alcantarillados o educaci\u00f3n. Ciudadanos de tercera que no merecen la conmiseraci\u00f3n del presupuesto nacional.<\/div>\n<\/div>\n<div style=\"text-align: justify;\">\n<div dir=\"auto\">Definitivamente se hace imperativo la implementaci\u00f3n de unos DI\u00c1LOGOS REGIONALES como lo insiste el gobernador de Nari\u00f1o Jhon Rojas Cabrera. No es posible que sigan matando l\u00edderes, ind\u00edgenas y civiles en nuestro departamento y se cercene la posibilidad por parte del Estado colombiano de unos di\u00e1logos que permitan y faciliten una soluci\u00f3n a una problem\u00e1tica que crece con los d\u00edas y enluta a cientos de familias nari\u00f1enses.<\/div>\n<\/div>\n<div style=\"text-align: justify;\">\n<div dir=\"auto\">No podemos, tampoco, los nari\u00f1enses mirar hacia otro lado cuando nuestro suelo se llena de cad\u00e1veres y sangre. Es un problema regional con grandes y profundas incidencias en todos los \u00f3rdenes, desde los m\u00e9dicos y sicol\u00f3gicos hasta de orden p\u00fablico. A todos nos afecta a pesar de pretender ignorar una realidad inocultable y vergonzosa. El s\u00f3lo hecho de ignorar este luctuoso hecho ya es una clara muestra de indolencia espiritual y mental.<\/div>\n<\/div>\n<div style=\"text-align: justify;\">\n<div dir=\"auto\">Le corresponde al gobierno electo iniciar la estructuraci\u00f3n de unos di\u00e1logos regionales que permitan un cese de actos tan censurables y reprochables. Nari\u00f1o sufre una de sus peores pesadillas ante la indiferencia de una sociedad que se niega a aceptar la monstruosidad de esa misma indiferencia.<\/div>\n<\/div>\n<div style=\"text-align: justify;\">\n<div dir=\"auto\">Instamos, una vez m\u00e1s, al Estado colombiano y al gobierno entrante a dar carta blanca a gobernadores y alcaldes para que convoquen a las fuerzas vivas de su regi\u00f3n en el \u00e1nimo de generar pol\u00edticas que permitan un cese de actos de violencia y el inicio de una paz tan necesaria e improrrogable.<\/div>\n<\/div>\n<div style=\"text-align: justify;\">\n<div dir=\"auto\">Sin duda alguna que se deber\u00e1 asumir una realidad que ya es imposible ocultar como la legalizaci\u00f3n de las drogas, la tenencia de la tierra y la consecuente reforma agraria, inversi\u00f3n del Estado colombiano en obras de infraestructura y, sobre todo, participaci\u00f3n pol\u00edtica de la poblaci\u00f3n civil. Acceso a derechos consagrados en la Constituci\u00f3n Pol\u00edtica y su consecuente reconocimiento de un abandono estatal como origen y consecuencia de tantos desmanes y muerte.<\/div>\n<div dir=\"auto\">De otra parte, compartimos la opini\u00f3n de un destacado columnista, de Las2Orillas cuando expresa abiertamente que &#8220;un proceso de acogimiento o sometimiento colectivo se basa, stricto sensu, en el desmantelamiento de la organizaci\u00f3n armada a cambio de alivios judiciales -como penas reducidas y la garant\u00eda de no extradici\u00f3n- o la conservaci\u00f3n de parte de los bienes adquiridos il\u00edcitamente -favorabilidad en extinci\u00f3n de dominio-&#8220;.<\/div>\n<\/div>\n<div style=\"text-align: justify;\">\n<div dir=\"auto\">Por lo pronto deploramos este vil asesinato. Y convocamos a un pronunciamiento serio y contundente de la dirigencia regional. Que este siete de agosto nuestras calles se llenen de mensajes y banderas blancas en apoyo a un gobierno y exigencia de presencia real y efectiva en territorio nari\u00f1ense.<\/div>\n<\/div>\n<div>\n<div dir=\"auto\" style=\"text-align: justify;\">Que cese esta horrible noche, que se respete la vida que es lo \u00fanico que nos queda por defender. Nari\u00f1o una sola bandera en defensa de la dignidad territorial.<\/div>\n<\/div>\n","protected":false},"excerpt":{"rendered":"<p>&#8220;Mar\u00eda Ver\u00f3nica Pai Cabeza era parte del resguardo ind\u00edgena Piguambi Palangala de la comunidad Aw\u00e1. Fue asesinada con cinco disparos y su cuerpo fue posteriormente abandonado en la v\u00eda p\u00fablica de la vereda Vaquer\u00edo, corregimiento de Llorente, con lo cual se impidi\u00f3 que la comunidad la auxiliara. Ten\u00eda seis meses de embarazo cuando la asesinaron [&hellip;]<\/p>\n","protected":false},"author":46,"featured_media":60867,"comment_status":"open","ping_status":"open","sticky":false,"template":"","format":"standard","meta":{"footnotes":""},"categories":[53],"tags":[],"class_list":["post-60856","post","type-post","status-publish","format-standard","has-post-thumbnail","hentry","category-regiones"],"yoast_head":"<!-- This site is optimized with the Yoast SEO plugin v27.1.1 - https:\/\/yoast.com\/product\/yoast-seo-wordpress\/ -->\n<title>Repudio a asesinato de l\u00edder ind\u00edgena Aw\u00e1. | P\u00e1gina10<\/title>\n<meta name=\"robots\" content=\"index, follow, max-snippet:-1, max-image-preview:large, max-video-preview:-1\" \/>\n<link rel=\"canonical\" href=\"https:\/\/pagina10.com\/web\/repudio-a-asesinato-de-lider-indigena-awa\/\" \/>\n<meta property=\"og:locale\" content=\"es_ES\" \/>\n<meta property=\"og:type\" content=\"article\" \/>\n<meta property=\"og:title\" content=\"Repudio a asesinato de l\u00edder ind\u00edgena Aw\u00e1. | P\u00e1gina10\" \/>\n<meta property=\"og:description\" content=\"&#8220;Mar\u00eda Ver\u00f3nica Pai Cabeza era parte del resguardo ind\u00edgena Piguambi Palangala de la comunidad Aw\u00e1. Fue asesinada con cinco disparos y su cuerpo fue posteriormente abandonado en la v\u00eda p\u00fablica de la vereda Vaquer\u00edo, corregimiento de Llorente, con lo cual se impidi\u00f3 que la comunidad la auxiliara. Ten\u00eda seis meses de embarazo cuando la asesinaron [&hellip;]\" \/>\n<meta property=\"og:url\" content=\"https:\/\/pagina10.com\/web\/repudio-a-asesinato-de-lider-indigena-awa\/\" \/>\n<meta property=\"og:site_name\" content=\"P\u00e1gina10\" \/>\n<meta property=\"article:publisher\" content=\"https:\/\/www.facebook.com\/pag10com\" \/>\n<meta property=\"article:published_time\" content=\"2022-08-06T01:40:41+00:00\" \/>\n<meta property=\"og:image\" content=\"https:\/\/pagina10.com\/web\/wp-content\/uploads\/2022\/08\/Captura-de-Pantalla-2022-08-05-a-las-8.37.47-p.-m..png\" \/>\n\t<meta property=\"og:image:width\" content=\"614\" \/>\n\t<meta property=\"og:image:height\" content=\"385\" \/>\n\t<meta property=\"og:image:type\" content=\"image\/png\" \/>\n<meta name=\"author\" content=\"Pablo Emilio Obando Acosta\" \/>\n<meta name=\"twitter:card\" content=\"summary_large_image\" \/>\n<meta name=\"twitter:creator\" content=\"@Pag10com\" \/>\n<meta name=\"twitter:site\" content=\"@Pag10com\" \/>\n<meta name=\"twitter:label1\" content=\"Escrito por\" \/>\n\t<meta name=\"twitter:data1\" content=\"Pablo Emilio Obando Acosta\" \/>\n\t<meta name=\"twitter:label2\" content=\"Tiempo de lectura\" \/>\n\t<meta name=\"twitter:data2\" content=\"4 minutos\" \/>\n<script type=\"application\/ld+json\" class=\"yoast-schema-graph\">{\"@context\":\"https:\/\/schema.org\",\"@graph\":[{\"@type\":\"Article\",\"@id\":\"https:\/\/pagina10.com\/web\/repudio-a-asesinato-de-lider-indigena-awa\/#article\",\"isPartOf\":{\"@id\":\"https:\/\/pagina10.com\/web\/repudio-a-asesinato-de-lider-indigena-awa\/\"},\"author\":{\"name\":\"Pablo Emilio Obando Acosta\",\"@id\":\"https:\/\/pagina10.com\/web\/#\/schema\/person\/3d3687c9f037834284853a963ee45123\"},\"headline\":\"Repudio a asesinato de l\u00edder ind\u00edgena Aw\u00e1.\",\"datePublished\":\"2022-08-06T01:40:41+00:00\",\"mainEntityOfPage\":{\"@id\":\"https:\/\/pagina10.com\/web\/repudio-a-asesinato-de-lider-indigena-awa\/\"},\"wordCount\":858,\"commentCount\":0,\"publisher\":{\"@id\":\"https:\/\/pagina10.com\/web\/#organization\"},\"image\":{\"@id\":\"https:\/\/pagina10.com\/web\/repudio-a-asesinato-de-lider-indigena-awa\/#primaryimage\"},\"thumbnailUrl\":\"https:\/\/pagina10.com\/web\/wp-content\/uploads\/2022\/08\/Captura-de-Pantalla-2022-08-05-a-las-8.37.47-p.-m..png\",\"articleSection\":[\"Regiones\"],\"inLanguage\":\"es\",\"potentialAction\":[{\"@type\":\"CommentAction\",\"name\":\"Comment\",\"target\":[\"https:\/\/pagina10.com\/web\/repudio-a-asesinato-de-lider-indigena-awa\/#respond\"]}]},{\"@type\":\"WebPage\",\"@id\":\"https:\/\/pagina10.com\/web\/repudio-a-asesinato-de-lider-indigena-awa\/\",\"url\":\"https:\/\/pagina10.com\/web\/repudio-a-asesinato-de-lider-indigena-awa\/\",\"name\":\"Repudio a asesinato de l\u00edder ind\u00edgena Aw\u00e1. | P\u00e1gina10\",\"isPartOf\":{\"@id\":\"https:\/\/pagina10.com\/web\/#website\"},\"primaryImageOfPage\":{\"@id\":\"https:\/\/pagina10.com\/web\/repudio-a-asesinato-de-lider-indigena-awa\/#primaryimage\"},\"image\":{\"@id\":\"https:\/\/pagina10.com\/web\/repudio-a-asesinato-de-lider-indigena-awa\/#primaryimage\"},\"thumbnailUrl\":\"https:\/\/pagina10.com\/web\/wp-content\/uploads\/2022\/08\/Captura-de-Pantalla-2022-08-05-a-las-8.37.47-p.-m..png\",\"datePublished\":\"2022-08-06T01:40:41+00:00\",\"breadcrumb\":{\"@id\":\"https:\/\/pagina10.com\/web\/repudio-a-asesinato-de-lider-indigena-awa\/#breadcrumb\"},\"inLanguage\":\"es\",\"potentialAction\":[{\"@type\":\"ReadAction\",\"target\":[\"https:\/\/pagina10.com\/web\/repudio-a-asesinato-de-lider-indigena-awa\/\"]}]},{\"@type\":\"ImageObject\",\"inLanguage\":\"es\",\"@id\":\"https:\/\/pagina10.com\/web\/repudio-a-asesinato-de-lider-indigena-awa\/#primaryimage\",\"url\":\"https:\/\/pagina10.com\/web\/wp-content\/uploads\/2022\/08\/Captura-de-Pantalla-2022-08-05-a-las-8.37.47-p.-m..png\",\"contentUrl\":\"https:\/\/pagina10.com\/web\/wp-content\/uploads\/2022\/08\/Captura-de-Pantalla-2022-08-05-a-las-8.37.47-p.-m..png\",\"width\":614,\"height\":385},{\"@type\":\"BreadcrumbList\",\"@id\":\"https:\/\/pagina10.com\/web\/repudio-a-asesinato-de-lider-indigena-awa\/#breadcrumb\",\"itemListElement\":[{\"@type\":\"ListItem\",\"position\":1,\"name\":\"Portada\",\"item\":\"https:\/\/pagina10.com\/web\/\"},{\"@type\":\"ListItem\",\"position\":2,\"name\":\"Repudio a asesinato de l\u00edder ind\u00edgena Aw\u00e1.\"}]},{\"@type\":\"WebSite\",\"@id\":\"https:\/\/pagina10.com\/web\/#website\",\"url\":\"https:\/\/pagina10.com\/web\/\",\"name\":\"P\u00e1gina10\",\"description\":\"Peri\u00f3dico Regional\",\"publisher\":{\"@id\":\"https:\/\/pagina10.com\/web\/#organization\"},\"alternateName\":\"P\u00e1gina10 Peri\u00f3dico Regional\",\"potentialAction\":[{\"@type\":\"SearchAction\",\"target\":{\"@type\":\"EntryPoint\",\"urlTemplate\":\"https:\/\/pagina10.com\/web\/?s={search_term_string}\"},\"query-input\":{\"@type\":\"PropertyValueSpecification\",\"valueRequired\":true,\"valueName\":\"search_term_string\"}}],\"inLanguage\":\"es\"},{\"@type\":\"Organization\",\"@id\":\"https:\/\/pagina10.com\/web\/#organization\",\"name\":\"P\u00e1gina10\",\"alternateName\":\"P\u00e1gina10 Peri\u00f3dico Regional\",\"url\":\"https:\/\/pagina10.com\/web\/\",\"logo\":{\"@type\":\"ImageObject\",\"inLanguage\":\"es\",\"@id\":\"https:\/\/pagina10.com\/web\/#\/schema\/logo\/image\/\",\"url\":\"https:\/\/pagina10.com\/web\/wp-content\/uploads\/2024\/01\/40-pagina-10-periodico-regional-pasto.jpg\",\"contentUrl\":\"https:\/\/pagina10.com\/web\/wp-content\/uploads\/2024\/01\/40-pagina-10-periodico-regional-pasto.jpg\",\"width\":1280,\"height\":720,\"caption\":\"P\u00e1gina10\"},\"image\":{\"@id\":\"https:\/\/pagina10.com\/web\/#\/schema\/logo\/image\/\"},\"sameAs\":[\"https:\/\/www.facebook.com\/pag10com\",\"https:\/\/x.com\/Pag10com\",\"https:\/\/www.instagram.com\/pagina10col\/\",\"https:\/\/youtube.com\/channel\/pag10\",\"https:\/\/www.tiktok.com\/@p10col\"]},{\"@type\":\"Person\",\"@id\":\"https:\/\/pagina10.com\/web\/#\/schema\/person\/3d3687c9f037834284853a963ee45123\",\"name\":\"Pablo Emilio Obando Acosta\",\"description\":\"PABLO EMILIO OBANDO ACOSTA Nace en el a\u00f1o de 1965. Bachiller acad\u00e9mico Modalidad Humanidades del INEM de Pasto. En 1989 culmina sus estudios universitarios en la Universidad de Nari\u00f1o obteniendo el t\u00edtulo de Licenciado en Ciencias Sociales \u2013 \u00e9nfasis Ciencias de la Educaci\u00f3n \u2013Jornada nocturna-. Especialista en Literatura latinoamericana y colaborador de importantes medios de comunicaci\u00f3n escritos de nuestra regi\u00f3n y del pa\u00eds: El Tiempo.com, Semana.com, Dinero, Diario Del Sur, El Espectador.com, entre otros, Sus escritos se conocen y han obtenido reconocimientos en Chile, Uruguay, Paraguay, Espa\u00f1a y Alemania. En el a\u00f1o 2000 obtiene el reconocimiento CORREO DEL SUR como el personaje c\u00edvico del a\u00f1o por su f\u00e9rrea defensa de la dignidad pastense al protestar con su documento \u201cUn pueblo ante la historia\u201d por el trato despectivo de algunos medios de comunicaci\u00f3n. Las reacciones no se hacen esperar en peri\u00f3dicos de circulaci\u00f3n regional y nacional como El Tiempo, El Espectador y El Pa\u00eds. Ha obtenido m\u00faltiples medallas y condecoraciones por su labor period\u00edstica y cultural: Medalla al merito Guillermo Edmundo Ch\u00e1vez \u2013 mejor escritor del departamento de Nari\u00f1o 2005 \u2013 Fundaci\u00f3n Gabriel Garc\u00eda M\u00e1rquez. Mejor Columnista del departamento de Nari\u00f1o \u2013 a\u00f1os 1991 \u2013 1993 \u2013 1996 \u2013 2001 \u2013 2006 Fundaci\u00f3n Cultural Correo del Sur. Personaje C\u00edvico del Departamento de Nari\u00f1o a\u00f1o 2000. Medalla \u00c1lvaro Javier Jurado Calvache a\u00f1o 2007 \u2013 Centro Educativo PROFESA \u2013 defensor poblaci\u00f3n vulnerable del municipio de Pasto. Mejor cuentista del departamento de Nari\u00f1o \u2013 a\u00f1os 1989 \u2013 2004 \u2013 2005. Cronista m\u00e1s destacado del departamento de Nari\u00f1o \u2013 a\u00f1o 2001. Finalista VI Concurso Internacional de Cuento \u2013 Prensa Nueva \u2013 a\u00f1o 1991. Primer puesto Concurso nacional de cuento \u2013 Contralor\u00eda general de la Rep\u00fablica \u2013 a\u00f1o 1992. Primer Lugar Concurso Municipal de Periodismo \u201cSilvio Le\u00f3n Espa\u00f1a\u201d \u2013 2009. . Reconocimiento Concejo municipal de Pasto, por su labor c\u00edvica y educativa. Sus obras y escritos se conocen en varios pa\u00edses de Latinoam\u00e9rica y de Colombia. Es autor de una docena de textos y m\u00e1s de un millar de columnas de opini\u00f3n que han generado pol\u00e9mica en el contexto nacional y latinoamericano: Testimonio de una insurrecci\u00f3n ciudadana \u2013 2011. El doctor Mierda. Un pueblo ante la historia. La filosof\u00eda de la gallina. Del amor por la Tierra... y otros textos. Diario de un maestro de escuela. Apuntes para una nueva historia Nuevos apuntes \u2013 Tomas Hidalgo Calvache. El problema de los cristianos. La utilidad del poeta. \u00bfTe acuerdas Mariana...? Corona F\u00fanebre \u2013 Tomas Hidalgo Calvache. En formato digital ha editado los siguientes t\u00edtulos: - La nueva filosof\u00eda de la gallina. - Tomas Hidalgo Calvache - Apuntes. - Educar con valor. Figura en varias antolog\u00edas de autores nari\u00f1enses y en una latinoamericana. Sobre \u00e9l han escrito elogiosamente intelectuales de la talla de Otto Morales Ben\u00edtez, Edgar Bastidas Urresty, Juan Augusto Ortiz cabrera, Carlos Santamar\u00eda, Javier Rodrizales, Miguel Garz\u00f3n Arteaga, Fausto Molina, Jorge Arturo Bravo y otros tantos que ser\u00eda dif\u00edcil nombrar en esta peque\u00f1a cr\u00f3nica sobre Pablo Emilio Obando Acosta.\",\"url\":\"https:\/\/pagina10.com\/web\/author\/pobando\/\"}]}<\/script>\n<!-- \/ Yoast SEO plugin. -->","yoast_head_json":{"title":"Repudio a asesinato de l\u00edder ind\u00edgena Aw\u00e1. | P\u00e1gina10","robots":{"index":"index","follow":"follow","max-snippet":"max-snippet:-1","max-image-preview":"max-image-preview:large","max-video-preview":"max-video-preview:-1"},"canonical":"https:\/\/pagina10.com\/web\/repudio-a-asesinato-de-lider-indigena-awa\/","og_locale":"es_ES","og_type":"article","og_title":"Repudio a asesinato de l\u00edder ind\u00edgena Aw\u00e1. | P\u00e1gina10","og_description":"&#8220;Mar\u00eda Ver\u00f3nica Pai Cabeza era parte del resguardo ind\u00edgena Piguambi Palangala de la comunidad Aw\u00e1. Fue asesinada con cinco disparos y su cuerpo fue posteriormente abandonado en la v\u00eda p\u00fablica de la vereda Vaquer\u00edo, corregimiento de Llorente, con lo cual se impidi\u00f3 que la comunidad la auxiliara. Ten\u00eda seis meses de embarazo cuando la asesinaron [&hellip;]","og_url":"https:\/\/pagina10.com\/web\/repudio-a-asesinato-de-lider-indigena-awa\/","og_site_name":"P\u00e1gina10","article_publisher":"https:\/\/www.facebook.com\/pag10com","article_published_time":"2022-08-06T01:40:41+00:00","og_image":[{"width":614,"height":385,"url":"https:\/\/pagina10.com\/web\/wp-content\/uploads\/2022\/08\/Captura-de-Pantalla-2022-08-05-a-las-8.37.47-p.-m..png","type":"image\/png"}],"author":"Pablo Emilio Obando Acosta","twitter_card":"summary_large_image","twitter_creator":"@Pag10com","twitter_site":"@Pag10com","twitter_misc":{"Escrito por":"Pablo Emilio Obando Acosta","Tiempo de lectura":"4 minutos"},"schema":{"@context":"https:\/\/schema.org","@graph":[{"@type":"Article","@id":"https:\/\/pagina10.com\/web\/repudio-a-asesinato-de-lider-indigena-awa\/#article","isPartOf":{"@id":"https:\/\/pagina10.com\/web\/repudio-a-asesinato-de-lider-indigena-awa\/"},"author":{"name":"Pablo Emilio Obando Acosta","@id":"https:\/\/pagina10.com\/web\/#\/schema\/person\/3d3687c9f037834284853a963ee45123"},"headline":"Repudio a asesinato de l\u00edder ind\u00edgena Aw\u00e1.","datePublished":"2022-08-06T01:40:41+00:00","mainEntityOfPage":{"@id":"https:\/\/pagina10.com\/web\/repudio-a-asesinato-de-lider-indigena-awa\/"},"wordCount":858,"commentCount":0,"publisher":{"@id":"https:\/\/pagina10.com\/web\/#organization"},"image":{"@id":"https:\/\/pagina10.com\/web\/repudio-a-asesinato-de-lider-indigena-awa\/#primaryimage"},"thumbnailUrl":"https:\/\/pagina10.com\/web\/wp-content\/uploads\/2022\/08\/Captura-de-Pantalla-2022-08-05-a-las-8.37.47-p.-m..png","articleSection":["Regiones"],"inLanguage":"es","potentialAction":[{"@type":"CommentAction","name":"Comment","target":["https:\/\/pagina10.com\/web\/repudio-a-asesinato-de-lider-indigena-awa\/#respond"]}]},{"@type":"WebPage","@id":"https:\/\/pagina10.com\/web\/repudio-a-asesinato-de-lider-indigena-awa\/","url":"https:\/\/pagina10.com\/web\/repudio-a-asesinato-de-lider-indigena-awa\/","name":"Repudio a asesinato de l\u00edder ind\u00edgena Aw\u00e1. | P\u00e1gina10","isPartOf":{"@id":"https:\/\/pagina10.com\/web\/#website"},"primaryImageOfPage":{"@id":"https:\/\/pagina10.com\/web\/repudio-a-asesinato-de-lider-indigena-awa\/#primaryimage"},"image":{"@id":"https:\/\/pagina10.com\/web\/repudio-a-asesinato-de-lider-indigena-awa\/#primaryimage"},"thumbnailUrl":"https:\/\/pagina10.com\/web\/wp-content\/uploads\/2022\/08\/Captura-de-Pantalla-2022-08-05-a-las-8.37.47-p.-m..png","datePublished":"2022-08-06T01:40:41+00:00","breadcrumb":{"@id":"https:\/\/pagina10.com\/web\/repudio-a-asesinato-de-lider-indigena-awa\/#breadcrumb"},"inLanguage":"es","potentialAction":[{"@type":"ReadAction","target":["https:\/\/pagina10.com\/web\/repudio-a-asesinato-de-lider-indigena-awa\/"]}]},{"@type":"ImageObject","inLanguage":"es","@id":"https:\/\/pagina10.com\/web\/repudio-a-asesinato-de-lider-indigena-awa\/#primaryimage","url":"https:\/\/pagina10.com\/web\/wp-content\/uploads\/2022\/08\/Captura-de-Pantalla-2022-08-05-a-las-8.37.47-p.-m..png","contentUrl":"https:\/\/pagina10.com\/web\/wp-content\/uploads\/2022\/08\/Captura-de-Pantalla-2022-08-05-a-las-8.37.47-p.-m..png","width":614,"height":385},{"@type":"BreadcrumbList","@id":"https:\/\/pagina10.com\/web\/repudio-a-asesinato-de-lider-indigena-awa\/#breadcrumb","itemListElement":[{"@type":"ListItem","position":1,"name":"Portada","item":"https:\/\/pagina10.com\/web\/"},{"@type":"ListItem","position":2,"name":"Repudio a asesinato de l\u00edder ind\u00edgena Aw\u00e1."}]},{"@type":"WebSite","@id":"https:\/\/pagina10.com\/web\/#website","url":"https:\/\/pagina10.com\/web\/","name":"P\u00e1gina10","description":"Peri\u00f3dico Regional","publisher":{"@id":"https:\/\/pagina10.com\/web\/#organization"},"alternateName":"P\u00e1gina10 Peri\u00f3dico Regional","potentialAction":[{"@type":"SearchAction","target":{"@type":"EntryPoint","urlTemplate":"https:\/\/pagina10.com\/web\/?s={search_term_string}"},"query-input":{"@type":"PropertyValueSpecification","valueRequired":true,"valueName":"search_term_string"}}],"inLanguage":"es"},{"@type":"Organization","@id":"https:\/\/pagina10.com\/web\/#organization","name":"P\u00e1gina10","alternateName":"P\u00e1gina10 Peri\u00f3dico Regional","url":"https:\/\/pagina10.com\/web\/","logo":{"@type":"ImageObject","inLanguage":"es","@id":"https:\/\/pagina10.com\/web\/#\/schema\/logo\/image\/","url":"https:\/\/pagina10.com\/web\/wp-content\/uploads\/2024\/01\/40-pagina-10-periodico-regional-pasto.jpg","contentUrl":"https:\/\/pagina10.com\/web\/wp-content\/uploads\/2024\/01\/40-pagina-10-periodico-regional-pasto.jpg","width":1280,"height":720,"caption":"P\u00e1gina10"},"image":{"@id":"https:\/\/pagina10.com\/web\/#\/schema\/logo\/image\/"},"sameAs":["https:\/\/www.facebook.com\/pag10com","https:\/\/x.com\/Pag10com","https:\/\/www.instagram.com\/pagina10col\/","https:\/\/youtube.com\/channel\/pag10","https:\/\/www.tiktok.com\/@p10col"]},{"@type":"Person","@id":"https:\/\/pagina10.com\/web\/#\/schema\/person\/3d3687c9f037834284853a963ee45123","name":"Pablo Emilio Obando Acosta","description":"PABLO EMILIO OBANDO ACOSTA Nace en el a\u00f1o de 1965. Bachiller acad\u00e9mico Modalidad Humanidades del INEM de Pasto. En 1989 culmina sus estudios universitarios en la Universidad de Nari\u00f1o obteniendo el t\u00edtulo de Licenciado en Ciencias Sociales \u2013 \u00e9nfasis Ciencias de la Educaci\u00f3n \u2013Jornada nocturna-. Especialista en Literatura latinoamericana y colaborador de importantes medios de comunicaci\u00f3n escritos de nuestra regi\u00f3n y del pa\u00eds: El Tiempo.com, Semana.com, Dinero, Diario Del Sur, El Espectador.com, entre otros, Sus escritos se conocen y han obtenido reconocimientos en Chile, Uruguay, Paraguay, Espa\u00f1a y Alemania. En el a\u00f1o 2000 obtiene el reconocimiento CORREO DEL SUR como el personaje c\u00edvico del a\u00f1o por su f\u00e9rrea defensa de la dignidad pastense al protestar con su documento \u201cUn pueblo ante la historia\u201d por el trato despectivo de algunos medios de comunicaci\u00f3n. Las reacciones no se hacen esperar en peri\u00f3dicos de circulaci\u00f3n regional y nacional como El Tiempo, El Espectador y El Pa\u00eds. Ha obtenido m\u00faltiples medallas y condecoraciones por su labor period\u00edstica y cultural: Medalla al merito Guillermo Edmundo Ch\u00e1vez \u2013 mejor escritor del departamento de Nari\u00f1o 2005 \u2013 Fundaci\u00f3n Gabriel Garc\u00eda M\u00e1rquez. Mejor Columnista del departamento de Nari\u00f1o \u2013 a\u00f1os 1991 \u2013 1993 \u2013 1996 \u2013 2001 \u2013 2006 Fundaci\u00f3n Cultural Correo del Sur. Personaje C\u00edvico del Departamento de Nari\u00f1o a\u00f1o 2000. Medalla \u00c1lvaro Javier Jurado Calvache a\u00f1o 2007 \u2013 Centro Educativo PROFESA \u2013 defensor poblaci\u00f3n vulnerable del municipio de Pasto. Mejor cuentista del departamento de Nari\u00f1o \u2013 a\u00f1os 1989 \u2013 2004 \u2013 2005. Cronista m\u00e1s destacado del departamento de Nari\u00f1o \u2013 a\u00f1o 2001. Finalista VI Concurso Internacional de Cuento \u2013 Prensa Nueva \u2013 a\u00f1o 1991. Primer puesto Concurso nacional de cuento \u2013 Contralor\u00eda general de la Rep\u00fablica \u2013 a\u00f1o 1992. Primer Lugar Concurso Municipal de Periodismo \u201cSilvio Le\u00f3n Espa\u00f1a\u201d \u2013 2009. . Reconocimiento Concejo municipal de Pasto, por su labor c\u00edvica y educativa. Sus obras y escritos se conocen en varios pa\u00edses de Latinoam\u00e9rica y de Colombia. Es autor de una docena de textos y m\u00e1s de un millar de columnas de opini\u00f3n que han generado pol\u00e9mica en el contexto nacional y latinoamericano: Testimonio de una insurrecci\u00f3n ciudadana \u2013 2011. El doctor Mierda. Un pueblo ante la historia. La filosof\u00eda de la gallina. Del amor por la Tierra... y otros textos. Diario de un maestro de escuela. Apuntes para una nueva historia Nuevos apuntes \u2013 Tomas Hidalgo Calvache. El problema de los cristianos. La utilidad del poeta. \u00bfTe acuerdas Mariana...? Corona F\u00fanebre \u2013 Tomas Hidalgo Calvache. En formato digital ha editado los siguientes t\u00edtulos: - La nueva filosof\u00eda de la gallina. - Tomas Hidalgo Calvache - Apuntes. - Educar con valor. Figura en varias antolog\u00edas de autores nari\u00f1enses y en una latinoamericana. Sobre \u00e9l han escrito elogiosamente intelectuales de la talla de Otto Morales Ben\u00edtez, Edgar Bastidas Urresty, Juan Augusto Ortiz cabrera, Carlos Santamar\u00eda, Javier Rodrizales, Miguel Garz\u00f3n Arteaga, Fausto Molina, Jorge Arturo Bravo y otros tantos que ser\u00eda dif\u00edcil nombrar en esta peque\u00f1a cr\u00f3nica sobre Pablo Emilio Obando Acosta.","url":"https:\/\/pagina10.com\/web\/author\/pobando\/"}]}},"_links":{"self":[{"href":"https:\/\/pagina10.com\/web\/wp-json\/wp\/v2\/posts\/60856","targetHints":{"allow":["GET"]}}],"collection":[{"href":"https:\/\/pagina10.com\/web\/wp-json\/wp\/v2\/posts"}],"about":[{"href":"https:\/\/pagina10.com\/web\/wp-json\/wp\/v2\/types\/post"}],"author":[{"embeddable":true,"href":"https:\/\/pagina10.com\/web\/wp-json\/wp\/v2\/users\/46"}],"replies":[{"embeddable":true,"href":"https:\/\/pagina10.com\/web\/wp-json\/wp\/v2\/comments?post=60856"}],"version-history":[{"count":1,"href":"https:\/\/pagina10.com\/web\/wp-json\/wp\/v2\/posts\/60856\/revisions"}],"predecessor-version":[{"id":60868,"href":"https:\/\/pagina10.com\/web\/wp-json\/wp\/v2\/posts\/60856\/revisions\/60868"}],"wp:featuredmedia":[{"embeddable":true,"href":"https:\/\/pagina10.com\/web\/wp-json\/wp\/v2\/media\/60867"}],"wp:attachment":[{"href":"https:\/\/pagina10.com\/web\/wp-json\/wp\/v2\/media?parent=60856"}],"wp:term":[{"taxonomy":"category","embeddable":true,"href":"https:\/\/pagina10.com\/web\/wp-json\/wp\/v2\/categories?post=60856"},{"taxonomy":"post_tag","embeddable":true,"href":"https:\/\/pagina10.com\/web\/wp-json\/wp\/v2\/tags?post=60856"}],"curies":[{"name":"wp","href":"https:\/\/api.w.org\/{rel}","templated":true}]}}