{"id":60860,"date":"2022-08-05T20:45:06","date_gmt":"2022-08-06T01:45:06","guid":{"rendered":"https:\/\/pagina10.com\/web\/?p=60860"},"modified":"2022-08-05T20:34:56","modified_gmt":"2022-08-06T01:34:56","slug":"comision-accidental-escogio-candidatos-a-contralor-la-ficha-de-petro-quedo-por-fuera","status":"publish","type":"post","link":"https:\/\/pagina10.com\/web\/comision-accidental-escogio-candidatos-a-contralor-la-ficha-de-petro-quedo-por-fuera\/","title":{"rendered":"Comisi\u00f3n accidental escogi\u00f3 candidatos a contralor, la ficha de Petro qued\u00f3 por fuera"},"content":{"rendered":"<p style=\"text-align: justify;\">La Comisi\u00f3n Accidental del Senado y la C\u00e1mara designada para subsanar los vicios jur\u00eddicos advertidos en dos fallos judiciales para seguir con el proceso de elecci\u00f3n del nuevo Contralor General de la Rep\u00fablica, escogi\u00f3 la lista definitiva de elegibles a ocupar el cargo.<\/p>\n<p style=\"text-align: justify;\">Entre los diez candidatos elegibles quedaron Elsa Gonz\u00e1lez (con el mayor puntaje), Mar\u00eda Fernanda Rangel, Diana Torres, M\u00f3nica Certa\u00edn, Carlos Rodr\u00edguez, (con el mayor puntaje), Andr\u00e9s Castro, V\u00edctor Salcedo, Carlos Fernando P\u00e9rez, Luis Fernando Bueno y Luis Carlos Pineda.<\/p>\n<p style=\"text-align: justify;\">La audiencia fue instalada por el presidente del Senado, Roy Barreras (Coalici\u00f3n Pacto Hist\u00f3rico), quien expres\u00f3 a los 35 miembros de la comisi\u00f3n que su participaci\u00f3n se cumple con base en lo que ordena la ley y despej\u00f3 las dudas de posible dolo.<\/p>\n<p style=\"text-align: justify;\">Igualmente, para mayor transparencia en el proceso de la selecci\u00f3n de los diez candidatos finales, se dispuso de una vigilancia especial de parte de la MOE, la Red de Veedur\u00eda Ciudadana y el Centro C\u00e1rter, que a trav\u00e9s de sus delegados manifestaron que todo el proceso se llev\u00f3 de forma correcta.<\/p>\n","protected":false},"excerpt":{"rendered":"<p>La Comisi\u00f3n Accidental del Senado y la C\u00e1mara designada para subsanar los vicios jur\u00eddicos advertidos en dos fallos judiciales para seguir con el proceso de elecci\u00f3n del nuevo Contralor General de la Rep\u00fablica, escogi\u00f3 la lista definitiva de elegibles a ocupar el cargo. Entre los diez candidatos elegibles quedaron Elsa Gonz\u00e1lez (con el mayor puntaje), [&hellip;]<\/p>\n","protected":false},"author":1,"featured_media":60861,"comment_status":"open","ping_status":"open","sticky":false,"template":"","format":"standard","meta":{"footnotes":""},"categories":[94],"tags":[],"class_list":["post-60860","post","type-post","status-publish","format-standard","has-post-thumbnail","hentry","category-nacional-global-2"],"yoast_head":"<!-- This site is optimized with the Yoast SEO plugin v27.1.1 - https:\/\/yoast.com\/product\/yoast-seo-wordpress\/ -->\n<title>Comisi\u00f3n accidental escogi\u00f3 candidatos a contralor, la ficha de Petro qued\u00f3 por fuera | P\u00e1gina10<\/title>\n<meta name=\"robots\" content=\"index, follow, max-snippet:-1, max-image-preview:large, max-video-preview:-1\" \/>\n<link rel=\"canonical\" href=\"https:\/\/pagina10.com\/web\/comision-accidental-escogio-candidatos-a-contralor-la-ficha-de-petro-quedo-por-fuera\/\" \/>\n<meta property=\"og:locale\" content=\"es_ES\" \/>\n<meta property=\"og:type\" content=\"article\" \/>\n<meta property=\"og:title\" content=\"Comisi\u00f3n accidental escogi\u00f3 candidatos a contralor, la ficha de Petro qued\u00f3 por fuera | P\u00e1gina10\" \/>\n<meta property=\"og:description\" content=\"La Comisi\u00f3n Accidental del Senado y la C\u00e1mara designada para subsanar los vicios jur\u00eddicos advertidos en dos fallos judiciales para seguir con el proceso de elecci\u00f3n del nuevo Contralor General de la Rep\u00fablica, escogi\u00f3 la lista definitiva de elegibles a ocupar el cargo. Entre los diez candidatos elegibles quedaron Elsa Gonz\u00e1lez (con el mayor puntaje), [&hellip;]\" \/>\n<meta property=\"og:url\" content=\"https:\/\/pagina10.com\/web\/comision-accidental-escogio-candidatos-a-contralor-la-ficha-de-petro-quedo-por-fuera\/\" \/>\n<meta property=\"og:site_name\" content=\"P\u00e1gina10\" \/>\n<meta property=\"article:publisher\" content=\"https:\/\/www.facebook.com\/pag10com\" \/>\n<meta property=\"article:published_time\" content=\"2022-08-06T01:45:06+00:00\" \/>\n<meta property=\"og:image\" content=\"https:\/\/pagina10.com\/web\/wp-content\/uploads\/2022\/08\/5d337e9e39603.jpeg\" \/>\n\t<meta property=\"og:image:width\" content=\"950\" \/>\n\t<meta property=\"og:image:height\" content=\"534\" \/>\n\t<meta property=\"og:image:type\" content=\"image\/jpeg\" \/>\n<meta name=\"author\" content=\"P\u00e1gina 10\" \/>\n<meta name=\"twitter:card\" content=\"summary_large_image\" \/>\n<meta name=\"twitter:creator\" content=\"@Pag10com\" \/>\n<meta name=\"twitter:site\" content=\"@Pag10com\" \/>\n<meta name=\"twitter:label1\" content=\"Escrito por\" \/>\n\t<meta name=\"twitter:data1\" content=\"P\u00e1gina 10\" \/>\n\t<meta name=\"twitter:label2\" content=\"Tiempo de lectura\" \/>\n\t<meta name=\"twitter:data2\" content=\"1 minuto\" \/>\n<script type=\"application\/ld+json\" class=\"yoast-schema-graph\">{\"@context\":\"https:\/\/schema.org\",\"@graph\":[{\"@type\":\"Article\",\"@id\":\"https:\/\/pagina10.com\/web\/comision-accidental-escogio-candidatos-a-contralor-la-ficha-de-petro-quedo-por-fuera\/#article\",\"isPartOf\":{\"@id\":\"https:\/\/pagina10.com\/web\/comision-accidental-escogio-candidatos-a-contralor-la-ficha-de-petro-quedo-por-fuera\/\"},\"author\":{\"name\":\"P\u00e1gina 10\",\"@id\":\"https:\/\/pagina10.com\/web\/#\/schema\/person\/2efc4a090d25b667d3bc796798a3a81b\"},\"headline\":\"Comisi\u00f3n accidental escogi\u00f3 candidatos a contralor, la ficha de Petro qued\u00f3 por fuera\",\"datePublished\":\"2022-08-06T01:45:06+00:00\",\"mainEntityOfPage\":{\"@id\":\"https:\/\/pagina10.com\/web\/comision-accidental-escogio-candidatos-a-contralor-la-ficha-de-petro-quedo-por-fuera\/\"},\"wordCount\":210,\"commentCount\":0,\"publisher\":{\"@id\":\"https:\/\/pagina10.com\/web\/#organization\"},\"image\":{\"@id\":\"https:\/\/pagina10.com\/web\/comision-accidental-escogio-candidatos-a-contralor-la-ficha-de-petro-quedo-por-fuera\/#primaryimage\"},\"thumbnailUrl\":\"https:\/\/pagina10.com\/web\/wp-content\/uploads\/2022\/08\/5d337e9e39603.jpeg\",\"articleSection\":[\"Nacional\"],\"inLanguage\":\"es\",\"potentialAction\":[{\"@type\":\"CommentAction\",\"name\":\"Comment\",\"target\":[\"https:\/\/pagina10.com\/web\/comision-accidental-escogio-candidatos-a-contralor-la-ficha-de-petro-quedo-por-fuera\/#respond\"]}]},{\"@type\":\"WebPage\",\"@id\":\"https:\/\/pagina10.com\/web\/comision-accidental-escogio-candidatos-a-contralor-la-ficha-de-petro-quedo-por-fuera\/\",\"url\":\"https:\/\/pagina10.com\/web\/comision-accidental-escogio-candidatos-a-contralor-la-ficha-de-petro-quedo-por-fuera\/\",\"name\":\"Comisi\u00f3n accidental escogi\u00f3 candidatos a contralor, la ficha de Petro qued\u00f3 por fuera | P\u00e1gina10\",\"isPartOf\":{\"@id\":\"https:\/\/pagina10.com\/web\/#website\"},\"primaryImageOfPage\":{\"@id\":\"https:\/\/pagina10.com\/web\/comision-accidental-escogio-candidatos-a-contralor-la-ficha-de-petro-quedo-por-fuera\/#primaryimage\"},\"image\":{\"@id\":\"https:\/\/pagina10.com\/web\/comision-accidental-escogio-candidatos-a-contralor-la-ficha-de-petro-quedo-por-fuera\/#primaryimage\"},\"thumbnailUrl\":\"https:\/\/pagina10.com\/web\/wp-content\/uploads\/2022\/08\/5d337e9e39603.jpeg\",\"datePublished\":\"2022-08-06T01:45:06+00:00\",\"breadcrumb\":{\"@id\":\"https:\/\/pagina10.com\/web\/comision-accidental-escogio-candidatos-a-contralor-la-ficha-de-petro-quedo-por-fuera\/#breadcrumb\"},\"inLanguage\":\"es\",\"potentialAction\":[{\"@type\":\"ReadAction\",\"target\":[\"https:\/\/pagina10.com\/web\/comision-accidental-escogio-candidatos-a-contralor-la-ficha-de-petro-quedo-por-fuera\/\"]}]},{\"@type\":\"ImageObject\",\"inLanguage\":\"es\",\"@id\":\"https:\/\/pagina10.com\/web\/comision-accidental-escogio-candidatos-a-contralor-la-ficha-de-petro-quedo-por-fuera\/#primaryimage\",\"url\":\"https:\/\/pagina10.com\/web\/wp-content\/uploads\/2022\/08\/5d337e9e39603.jpeg\",\"contentUrl\":\"https:\/\/pagina10.com\/web\/wp-content\/uploads\/2022\/08\/5d337e9e39603.jpeg\",\"width\":950,\"height\":534},{\"@type\":\"BreadcrumbList\",\"@id\":\"https:\/\/pagina10.com\/web\/comision-accidental-escogio-candidatos-a-contralor-la-ficha-de-petro-quedo-por-fuera\/#breadcrumb\",\"itemListElement\":[{\"@type\":\"ListItem\",\"position\":1,\"name\":\"Portada\",\"item\":\"https:\/\/pagina10.com\/web\/\"},{\"@type\":\"ListItem\",\"position\":2,\"name\":\"Comisi\u00f3n accidental escogi\u00f3 candidatos a contralor, la ficha de Petro qued\u00f3 por fuera\"}]},{\"@type\":\"WebSite\",\"@id\":\"https:\/\/pagina10.com\/web\/#website\",\"url\":\"https:\/\/pagina10.com\/web\/\",\"name\":\"P\u00e1gina10\",\"description\":\"Peri\u00f3dico Regional\",\"publisher\":{\"@id\":\"https:\/\/pagina10.com\/web\/#organization\"},\"alternateName\":\"P\u00e1gina10 Peri\u00f3dico Regional\",\"potentialAction\":[{\"@type\":\"SearchAction\",\"target\":{\"@type\":\"EntryPoint\",\"urlTemplate\":\"https:\/\/pagina10.com\/web\/?s={search_term_string}\"},\"query-input\":{\"@type\":\"PropertyValueSpecification\",\"valueRequired\":true,\"valueName\":\"search_term_string\"}}],\"inLanguage\":\"es\"},{\"@type\":\"Organization\",\"@id\":\"https:\/\/pagina10.com\/web\/#organization\",\"name\":\"P\u00e1gina10\",\"alternateName\":\"P\u00e1gina10 Peri\u00f3dico Regional\",\"url\":\"https:\/\/pagina10.com\/web\/\",\"logo\":{\"@type\":\"ImageObject\",\"inLanguage\":\"es\",\"@id\":\"https:\/\/pagina10.com\/web\/#\/schema\/logo\/image\/\",\"url\":\"https:\/\/pagina10.com\/web\/wp-content\/uploads\/2024\/01\/40-pagina-10-periodico-regional-pasto.jpg\",\"contentUrl\":\"https:\/\/pagina10.com\/web\/wp-content\/uploads\/2024\/01\/40-pagina-10-periodico-regional-pasto.jpg\",\"width\":1280,\"height\":720,\"caption\":\"P\u00e1gina10\"},\"image\":{\"@id\":\"https:\/\/pagina10.com\/web\/#\/schema\/logo\/image\/\"},\"sameAs\":[\"https:\/\/www.facebook.com\/pag10com\",\"https:\/\/x.com\/Pag10com\",\"https:\/\/www.instagram.com\/pagina10col\/\",\"https:\/\/youtube.com\/channel\/pag10\",\"https:\/\/www.tiktok.com\/@p10col\"]},{\"@type\":\"Person\",\"@id\":\"https:\/\/pagina10.com\/web\/#\/schema\/person\/2efc4a090d25b667d3bc796798a3a81b\",\"name\":\"P\u00e1gina 10\",\"description\":\"P\u00e1gina 10 es un peri\u00f3dico regional que nace en Colombia, en el departamento de Nari\u00f1o, con un enfoque global, fundamentado en cuatro pilares esenciales: la libertad, el pluralismo, la inclusi\u00f3n y la independencia. P\u00e1gina 10 hace referencia a Nari\u00f1o como el d\u00e9cimo departamento creado en Colombia, despu\u00e9s de un proceso pol\u00edtico liderado por actores y actrices regionales con el fin de obtener la independencia y autonom\u00eda de nuestros territorios. Con la creaci\u00f3n de P\u00e1gina 10 se pretende abrir un escenario para el dialogo, la reflexi\u00f3n y el debate que se extienda a otras geograf\u00edas de Am\u00e9rica Latina y del planeta, en una apuesta por transformar colectivamente los desaf\u00edos de un mundo contempor\u00e1neo, m\u00e1s all\u00e1 de las fronteras impuestas.\",\"url\":\"https:\/\/pagina10.com\/web\/author\/pdiezadmin\/\"}]}<\/script>\n<!-- \/ Yoast SEO plugin. -->","yoast_head_json":{"title":"Comisi\u00f3n accidental escogi\u00f3 candidatos a contralor, la ficha de Petro qued\u00f3 por fuera | P\u00e1gina10","robots":{"index":"index","follow":"follow","max-snippet":"max-snippet:-1","max-image-preview":"max-image-preview:large","max-video-preview":"max-video-preview:-1"},"canonical":"https:\/\/pagina10.com\/web\/comision-accidental-escogio-candidatos-a-contralor-la-ficha-de-petro-quedo-por-fuera\/","og_locale":"es_ES","og_type":"article","og_title":"Comisi\u00f3n accidental escogi\u00f3 candidatos a contralor, la ficha de Petro qued\u00f3 por fuera | P\u00e1gina10","og_description":"La Comisi\u00f3n Accidental del Senado y la C\u00e1mara designada para subsanar los vicios jur\u00eddicos advertidos en dos fallos judiciales para seguir con el proceso de elecci\u00f3n del nuevo Contralor General de la Rep\u00fablica, escogi\u00f3 la lista definitiva de elegibles a ocupar el cargo. Entre los diez candidatos elegibles quedaron Elsa Gonz\u00e1lez (con el mayor puntaje), [&hellip;]","og_url":"https:\/\/pagina10.com\/web\/comision-accidental-escogio-candidatos-a-contralor-la-ficha-de-petro-quedo-por-fuera\/","og_site_name":"P\u00e1gina10","article_publisher":"https:\/\/www.facebook.com\/pag10com","article_published_time":"2022-08-06T01:45:06+00:00","og_image":[{"width":950,"height":534,"url":"https:\/\/pagina10.com\/web\/wp-content\/uploads\/2022\/08\/5d337e9e39603.jpeg","type":"image\/jpeg"}],"author":"P\u00e1gina 10","twitter_card":"summary_large_image","twitter_creator":"@Pag10com","twitter_site":"@Pag10com","twitter_misc":{"Escrito por":"P\u00e1gina 10","Tiempo de lectura":"1 minuto"},"schema":{"@context":"https:\/\/schema.org","@graph":[{"@type":"Article","@id":"https:\/\/pagina10.com\/web\/comision-accidental-escogio-candidatos-a-contralor-la-ficha-de-petro-quedo-por-fuera\/#article","isPartOf":{"@id":"https:\/\/pagina10.com\/web\/comision-accidental-escogio-candidatos-a-contralor-la-ficha-de-petro-quedo-por-fuera\/"},"author":{"name":"P\u00e1gina 10","@id":"https:\/\/pagina10.com\/web\/#\/schema\/person\/2efc4a090d25b667d3bc796798a3a81b"},"headline":"Comisi\u00f3n accidental escogi\u00f3 candidatos a contralor, la ficha de Petro qued\u00f3 por fuera","datePublished":"2022-08-06T01:45:06+00:00","mainEntityOfPage":{"@id":"https:\/\/pagina10.com\/web\/comision-accidental-escogio-candidatos-a-contralor-la-ficha-de-petro-quedo-por-fuera\/"},"wordCount":210,"commentCount":0,"publisher":{"@id":"https:\/\/pagina10.com\/web\/#organization"},"image":{"@id":"https:\/\/pagina10.com\/web\/comision-accidental-escogio-candidatos-a-contralor-la-ficha-de-petro-quedo-por-fuera\/#primaryimage"},"thumbnailUrl":"https:\/\/pagina10.com\/web\/wp-content\/uploads\/2022\/08\/5d337e9e39603.jpeg","articleSection":["Nacional"],"inLanguage":"es","potentialAction":[{"@type":"CommentAction","name":"Comment","target":["https:\/\/pagina10.com\/web\/comision-accidental-escogio-candidatos-a-contralor-la-ficha-de-petro-quedo-por-fuera\/#respond"]}]},{"@type":"WebPage","@id":"https:\/\/pagina10.com\/web\/comision-accidental-escogio-candidatos-a-contralor-la-ficha-de-petro-quedo-por-fuera\/","url":"https:\/\/pagina10.com\/web\/comision-accidental-escogio-candidatos-a-contralor-la-ficha-de-petro-quedo-por-fuera\/","name":"Comisi\u00f3n accidental escogi\u00f3 candidatos a contralor, la ficha de Petro qued\u00f3 por fuera | P\u00e1gina10","isPartOf":{"@id":"https:\/\/pagina10.com\/web\/#website"},"primaryImageOfPage":{"@id":"https:\/\/pagina10.com\/web\/comision-accidental-escogio-candidatos-a-contralor-la-ficha-de-petro-quedo-por-fuera\/#primaryimage"},"image":{"@id":"https:\/\/pagina10.com\/web\/comision-accidental-escogio-candidatos-a-contralor-la-ficha-de-petro-quedo-por-fuera\/#primaryimage"},"thumbnailUrl":"https:\/\/pagina10.com\/web\/wp-content\/uploads\/2022\/08\/5d337e9e39603.jpeg","datePublished":"2022-08-06T01:45:06+00:00","breadcrumb":{"@id":"https:\/\/pagina10.com\/web\/comision-accidental-escogio-candidatos-a-contralor-la-ficha-de-petro-quedo-por-fuera\/#breadcrumb"},"inLanguage":"es","potentialAction":[{"@type":"ReadAction","target":["https:\/\/pagina10.com\/web\/comision-accidental-escogio-candidatos-a-contralor-la-ficha-de-petro-quedo-por-fuera\/"]}]},{"@type":"ImageObject","inLanguage":"es","@id":"https:\/\/pagina10.com\/web\/comision-accidental-escogio-candidatos-a-contralor-la-ficha-de-petro-quedo-por-fuera\/#primaryimage","url":"https:\/\/pagina10.com\/web\/wp-content\/uploads\/2022\/08\/5d337e9e39603.jpeg","contentUrl":"https:\/\/pagina10.com\/web\/wp-content\/uploads\/2022\/08\/5d337e9e39603.jpeg","width":950,"height":534},{"@type":"BreadcrumbList","@id":"https:\/\/pagina10.com\/web\/comision-accidental-escogio-candidatos-a-contralor-la-ficha-de-petro-quedo-por-fuera\/#breadcrumb","itemListElement":[{"@type":"ListItem","position":1,"name":"Portada","item":"https:\/\/pagina10.com\/web\/"},{"@type":"ListItem","position":2,"name":"Comisi\u00f3n accidental escogi\u00f3 candidatos a contralor, la ficha de Petro qued\u00f3 por fuera"}]},{"@type":"WebSite","@id":"https:\/\/pagina10.com\/web\/#website","url":"https:\/\/pagina10.com\/web\/","name":"P\u00e1gina10","description":"Peri\u00f3dico Regional","publisher":{"@id":"https:\/\/pagina10.com\/web\/#organization"},"alternateName":"P\u00e1gina10 Peri\u00f3dico Regional","potentialAction":[{"@type":"SearchAction","target":{"@type":"EntryPoint","urlTemplate":"https:\/\/pagina10.com\/web\/?s={search_term_string}"},"query-input":{"@type":"PropertyValueSpecification","valueRequired":true,"valueName":"search_term_string"}}],"inLanguage":"es"},{"@type":"Organization","@id":"https:\/\/pagina10.com\/web\/#organization","name":"P\u00e1gina10","alternateName":"P\u00e1gina10 Peri\u00f3dico Regional","url":"https:\/\/pagina10.com\/web\/","logo":{"@type":"ImageObject","inLanguage":"es","@id":"https:\/\/pagina10.com\/web\/#\/schema\/logo\/image\/","url":"https:\/\/pagina10.com\/web\/wp-content\/uploads\/2024\/01\/40-pagina-10-periodico-regional-pasto.jpg","contentUrl":"https:\/\/pagina10.com\/web\/wp-content\/uploads\/2024\/01\/40-pagina-10-periodico-regional-pasto.jpg","width":1280,"height":720,"caption":"P\u00e1gina10"},"image":{"@id":"https:\/\/pagina10.com\/web\/#\/schema\/logo\/image\/"},"sameAs":["https:\/\/www.facebook.com\/pag10com","https:\/\/x.com\/Pag10com","https:\/\/www.instagram.com\/pagina10col\/","https:\/\/youtube.com\/channel\/pag10","https:\/\/www.tiktok.com\/@p10col"]},{"@type":"Person","@id":"https:\/\/pagina10.com\/web\/#\/schema\/person\/2efc4a090d25b667d3bc796798a3a81b","name":"P\u00e1gina 10","description":"P\u00e1gina 10 es un peri\u00f3dico regional que nace en Colombia, en el departamento de Nari\u00f1o, con un enfoque global, fundamentado en cuatro pilares esenciales: la libertad, el pluralismo, la inclusi\u00f3n y la independencia. P\u00e1gina 10 hace referencia a Nari\u00f1o como el d\u00e9cimo departamento creado en Colombia, despu\u00e9s de un proceso pol\u00edtico liderado por actores y actrices regionales con el fin de obtener la independencia y autonom\u00eda de nuestros territorios. Con la creaci\u00f3n de P\u00e1gina 10 se pretende abrir un escenario para el dialogo, la reflexi\u00f3n y el debate que se extienda a otras geograf\u00edas de Am\u00e9rica Latina y del planeta, en una apuesta por transformar colectivamente los desaf\u00edos de un mundo contempor\u00e1neo, m\u00e1s all\u00e1 de las fronteras impuestas.","url":"https:\/\/pagina10.com\/web\/author\/pdiezadmin\/"}]}},"_links":{"self":[{"href":"https:\/\/pagina10.com\/web\/wp-json\/wp\/v2\/posts\/60860","targetHints":{"allow":["GET"]}}],"collection":[{"href":"https:\/\/pagina10.com\/web\/wp-json\/wp\/v2\/posts"}],"about":[{"href":"https:\/\/pagina10.com\/web\/wp-json\/wp\/v2\/types\/post"}],"author":[{"embeddable":true,"href":"https:\/\/pagina10.com\/web\/wp-json\/wp\/v2\/users\/1"}],"replies":[{"embeddable":true,"href":"https:\/\/pagina10.com\/web\/wp-json\/wp\/v2\/comments?post=60860"}],"version-history":[{"count":1,"href":"https:\/\/pagina10.com\/web\/wp-json\/wp\/v2\/posts\/60860\/revisions"}],"predecessor-version":[{"id":60862,"href":"https:\/\/pagina10.com\/web\/wp-json\/wp\/v2\/posts\/60860\/revisions\/60862"}],"wp:featuredmedia":[{"embeddable":true,"href":"https:\/\/pagina10.com\/web\/wp-json\/wp\/v2\/media\/60861"}],"wp:attachment":[{"href":"https:\/\/pagina10.com\/web\/wp-json\/wp\/v2\/media?parent=60860"}],"wp:term":[{"taxonomy":"category","embeddable":true,"href":"https:\/\/pagina10.com\/web\/wp-json\/wp\/v2\/categories?post=60860"},{"taxonomy":"post_tag","embeddable":true,"href":"https:\/\/pagina10.com\/web\/wp-json\/wp\/v2\/tags?post=60860"}],"curies":[{"name":"wp","href":"https:\/\/api.w.org\/{rel}","templated":true}]}}