{"id":60863,"date":"2022-08-05T21:00:05","date_gmt":"2022-08-06T02:00:05","guid":{"rendered":"https:\/\/pagina10.com\/web\/?p=60863"},"modified":"2022-08-05T20:38:20","modified_gmt":"2022-08-06T01:38:20","slug":"profieren-cargos-contra-dos-agentes-del-esmad-por-muerte-de-joven-ocurrida-en-paro-nacional","status":"publish","type":"post","link":"https:\/\/pagina10.com\/web\/profieren-cargos-contra-dos-agentes-del-esmad-por-muerte-de-joven-ocurrida-en-paro-nacional\/","title":{"rendered":"Profieren cargos contra dos agentes del Esmad por muerte de joven ocurrida en paro nacional"},"content":{"rendered":"<p style=\"text-align: justify;\">La Procuradur\u00eda General de la Naci\u00f3n profiri\u00f3 pliego de cargos contra dos integrantes de la Polic\u00eda Nacional, por un posible uso excesivo de la fuerza contra una joven de 17 a\u00f1os, durante la jornada de Paro Nacional en Popay\u00e1n, Cauca, el 12 de mayo de 2021.<\/p>\n<p style=\"text-align: justify;\">Los cargos cobijan a los patrulleros Brayan Estiben Zambrano Zambrano y Carlos Andr\u00e9s Quintero Bonilla, integrantes del Escuadr\u00f3n M\u00f3vil Antidisturbios No. 9, para la \u00e9poca de los hechos, quienes estaban pendientes por individualizar e identificar dentro del proceso disciplinario que se sigue por estos hechos.<\/p>\n<p style=\"text-align: justify;\">Las pruebas se\u00f1alan que al parecer la adolescente se encontraba tendida en el antejard\u00edn de una residencia del barrio Versalles Pajonal grabando con su tel\u00e9fono celular el procedimiento que realizaba la polic\u00eda, cuando fue requerida por uniformados del Grupo de Operaciones Especiales, GOES, quienes la sujetaron por sus brazos y en ese momento aparentemente el uniformado Zambrano Zambrano le habr\u00eda propinado un golpe sin raz\u00f3n alguna.<\/p>\n<p style=\"text-align: justify;\">De otra parte, se cuestiona al patrullero Carlos Quintero Bonilla quien presuntamente caus\u00f3 de manera intencional da\u00f1o a la menor de edad por el exceso de uso de la fuerza al momento de su traslado a las instalaciones de la URI de Popay\u00e1n, \u201cposiblemente encuellando, asfixiando o haciendo fuerza sobre el cuello de la joven, cuando era trasladada por otros policiales\u201d.<\/p>\n<p style=\"text-align: justify;\">La conducta de los integrantes de la fuerza p\u00fablica fue calificada provisionalmente como falta grav\u00edsima cometida a t\u00edtulo de dolo.<\/p>\n","protected":false},"excerpt":{"rendered":"<p>La Procuradur\u00eda General de la Naci\u00f3n profiri\u00f3 pliego de cargos contra dos integrantes de la Polic\u00eda Nacional, por un posible uso excesivo de la fuerza contra una joven de 17 a\u00f1os, durante la jornada de Paro Nacional en Popay\u00e1n, Cauca, el 12 de mayo de 2021. Los cargos cobijan a los patrulleros Brayan Estiben Zambrano [&hellip;]<\/p>\n","protected":false},"author":1,"featured_media":60864,"comment_status":"open","ping_status":"open","sticky":false,"template":"","format":"standard","meta":{"footnotes":""},"categories":[61],"tags":[],"class_list":["post-60863","post","type-post","status-publish","format-standard","has-post-thumbnail","hentry","category-judicial"],"yoast_head":"<!-- This site is optimized with the Yoast SEO plugin v27.1.1 - https:\/\/yoast.com\/product\/yoast-seo-wordpress\/ -->\n<title>Profieren cargos contra dos agentes del Esmad por muerte de joven ocurrida en paro nacional | P\u00e1gina10<\/title>\n<meta name=\"robots\" content=\"index, follow, max-snippet:-1, max-image-preview:large, max-video-preview:-1\" \/>\n<link rel=\"canonical\" href=\"https:\/\/pagina10.com\/web\/profieren-cargos-contra-dos-agentes-del-esmad-por-muerte-de-joven-ocurrida-en-paro-nacional\/\" \/>\n<meta property=\"og:locale\" content=\"es_ES\" \/>\n<meta property=\"og:type\" content=\"article\" \/>\n<meta property=\"og:title\" content=\"Profieren cargos contra dos agentes del Esmad por muerte de joven ocurrida en paro nacional | P\u00e1gina10\" \/>\n<meta property=\"og:description\" content=\"La Procuradur\u00eda General de la Naci\u00f3n profiri\u00f3 pliego de cargos contra dos integrantes de la Polic\u00eda Nacional, por un posible uso excesivo de la fuerza contra una joven de 17 a\u00f1os, durante la jornada de Paro Nacional en Popay\u00e1n, Cauca, el 12 de mayo de 2021. Los cargos cobijan a los patrulleros Brayan Estiben Zambrano [&hellip;]\" \/>\n<meta property=\"og:url\" content=\"https:\/\/pagina10.com\/web\/profieren-cargos-contra-dos-agentes-del-esmad-por-muerte-de-joven-ocurrida-en-paro-nacional\/\" \/>\n<meta property=\"og:site_name\" content=\"P\u00e1gina10\" \/>\n<meta property=\"article:publisher\" content=\"https:\/\/www.facebook.com\/pag10com\" \/>\n<meta property=\"article:published_time\" content=\"2022-08-06T02:00:05+00:00\" \/>\n<meta property=\"og:image\" content=\"https:\/\/pagina10.com\/web\/wp-content\/uploads\/2022\/08\/118370029_gettyimages-140415371.jpg\" \/>\n\t<meta property=\"og:image:width\" content=\"640\" \/>\n\t<meta property=\"og:image:height\" content=\"360\" \/>\n\t<meta property=\"og:image:type\" content=\"image\/jpeg\" \/>\n<meta name=\"author\" content=\"P\u00e1gina 10\" \/>\n<meta name=\"twitter:card\" content=\"summary_large_image\" \/>\n<meta name=\"twitter:creator\" content=\"@Pag10com\" \/>\n<meta name=\"twitter:site\" content=\"@Pag10com\" \/>\n<meta name=\"twitter:label1\" content=\"Escrito por\" \/>\n\t<meta name=\"twitter:data1\" content=\"P\u00e1gina 10\" \/>\n\t<meta name=\"twitter:label2\" content=\"Tiempo de lectura\" \/>\n\t<meta name=\"twitter:data2\" content=\"1 minuto\" \/>\n<script type=\"application\/ld+json\" class=\"yoast-schema-graph\">{\"@context\":\"https:\/\/schema.org\",\"@graph\":[{\"@type\":\"Article\",\"@id\":\"https:\/\/pagina10.com\/web\/profieren-cargos-contra-dos-agentes-del-esmad-por-muerte-de-joven-ocurrida-en-paro-nacional\/#article\",\"isPartOf\":{\"@id\":\"https:\/\/pagina10.com\/web\/profieren-cargos-contra-dos-agentes-del-esmad-por-muerte-de-joven-ocurrida-en-paro-nacional\/\"},\"author\":{\"name\":\"P\u00e1gina 10\",\"@id\":\"https:\/\/pagina10.com\/web\/#\/schema\/person\/2efc4a090d25b667d3bc796798a3a81b\"},\"headline\":\"Profieren cargos contra dos agentes del Esmad por muerte de joven ocurrida en paro nacional\",\"datePublished\":\"2022-08-06T02:00:05+00:00\",\"mainEntityOfPage\":{\"@id\":\"https:\/\/pagina10.com\/web\/profieren-cargos-contra-dos-agentes-del-esmad-por-muerte-de-joven-ocurrida-en-paro-nacional\/\"},\"wordCount\":268,\"commentCount\":0,\"publisher\":{\"@id\":\"https:\/\/pagina10.com\/web\/#organization\"},\"image\":{\"@id\":\"https:\/\/pagina10.com\/web\/profieren-cargos-contra-dos-agentes-del-esmad-por-muerte-de-joven-ocurrida-en-paro-nacional\/#primaryimage\"},\"thumbnailUrl\":\"https:\/\/pagina10.com\/web\/wp-content\/uploads\/2022\/08\/118370029_gettyimages-140415371.jpg\",\"articleSection\":[\"Judicial\"],\"inLanguage\":\"es\",\"potentialAction\":[{\"@type\":\"CommentAction\",\"name\":\"Comment\",\"target\":[\"https:\/\/pagina10.com\/web\/profieren-cargos-contra-dos-agentes-del-esmad-por-muerte-de-joven-ocurrida-en-paro-nacional\/#respond\"]}]},{\"@type\":\"WebPage\",\"@id\":\"https:\/\/pagina10.com\/web\/profieren-cargos-contra-dos-agentes-del-esmad-por-muerte-de-joven-ocurrida-en-paro-nacional\/\",\"url\":\"https:\/\/pagina10.com\/web\/profieren-cargos-contra-dos-agentes-del-esmad-por-muerte-de-joven-ocurrida-en-paro-nacional\/\",\"name\":\"Profieren cargos contra dos agentes del Esmad por muerte de joven ocurrida en paro nacional | P\u00e1gina10\",\"isPartOf\":{\"@id\":\"https:\/\/pagina10.com\/web\/#website\"},\"primaryImageOfPage\":{\"@id\":\"https:\/\/pagina10.com\/web\/profieren-cargos-contra-dos-agentes-del-esmad-por-muerte-de-joven-ocurrida-en-paro-nacional\/#primaryimage\"},\"image\":{\"@id\":\"https:\/\/pagina10.com\/web\/profieren-cargos-contra-dos-agentes-del-esmad-por-muerte-de-joven-ocurrida-en-paro-nacional\/#primaryimage\"},\"thumbnailUrl\":\"https:\/\/pagina10.com\/web\/wp-content\/uploads\/2022\/08\/118370029_gettyimages-140415371.jpg\",\"datePublished\":\"2022-08-06T02:00:05+00:00\",\"breadcrumb\":{\"@id\":\"https:\/\/pagina10.com\/web\/profieren-cargos-contra-dos-agentes-del-esmad-por-muerte-de-joven-ocurrida-en-paro-nacional\/#breadcrumb\"},\"inLanguage\":\"es\",\"potentialAction\":[{\"@type\":\"ReadAction\",\"target\":[\"https:\/\/pagina10.com\/web\/profieren-cargos-contra-dos-agentes-del-esmad-por-muerte-de-joven-ocurrida-en-paro-nacional\/\"]}]},{\"@type\":\"ImageObject\",\"inLanguage\":\"es\",\"@id\":\"https:\/\/pagina10.com\/web\/profieren-cargos-contra-dos-agentes-del-esmad-por-muerte-de-joven-ocurrida-en-paro-nacional\/#primaryimage\",\"url\":\"https:\/\/pagina10.com\/web\/wp-content\/uploads\/2022\/08\/118370029_gettyimages-140415371.jpg\",\"contentUrl\":\"https:\/\/pagina10.com\/web\/wp-content\/uploads\/2022\/08\/118370029_gettyimages-140415371.jpg\",\"width\":640,\"height\":360},{\"@type\":\"BreadcrumbList\",\"@id\":\"https:\/\/pagina10.com\/web\/profieren-cargos-contra-dos-agentes-del-esmad-por-muerte-de-joven-ocurrida-en-paro-nacional\/#breadcrumb\",\"itemListElement\":[{\"@type\":\"ListItem\",\"position\":1,\"name\":\"Portada\",\"item\":\"https:\/\/pagina10.com\/web\/\"},{\"@type\":\"ListItem\",\"position\":2,\"name\":\"Profieren cargos contra dos agentes del Esmad por muerte de joven ocurrida en paro nacional\"}]},{\"@type\":\"WebSite\",\"@id\":\"https:\/\/pagina10.com\/web\/#website\",\"url\":\"https:\/\/pagina10.com\/web\/\",\"name\":\"P\u00e1gina10\",\"description\":\"Peri\u00f3dico Regional\",\"publisher\":{\"@id\":\"https:\/\/pagina10.com\/web\/#organization\"},\"alternateName\":\"P\u00e1gina10 Peri\u00f3dico Regional\",\"potentialAction\":[{\"@type\":\"SearchAction\",\"target\":{\"@type\":\"EntryPoint\",\"urlTemplate\":\"https:\/\/pagina10.com\/web\/?s={search_term_string}\"},\"query-input\":{\"@type\":\"PropertyValueSpecification\",\"valueRequired\":true,\"valueName\":\"search_term_string\"}}],\"inLanguage\":\"es\"},{\"@type\":\"Organization\",\"@id\":\"https:\/\/pagina10.com\/web\/#organization\",\"name\":\"P\u00e1gina10\",\"alternateName\":\"P\u00e1gina10 Peri\u00f3dico Regional\",\"url\":\"https:\/\/pagina10.com\/web\/\",\"logo\":{\"@type\":\"ImageObject\",\"inLanguage\":\"es\",\"@id\":\"https:\/\/pagina10.com\/web\/#\/schema\/logo\/image\/\",\"url\":\"https:\/\/pagina10.com\/web\/wp-content\/uploads\/2024\/01\/40-pagina-10-periodico-regional-pasto.jpg\",\"contentUrl\":\"https:\/\/pagina10.com\/web\/wp-content\/uploads\/2024\/01\/40-pagina-10-periodico-regional-pasto.jpg\",\"width\":1280,\"height\":720,\"caption\":\"P\u00e1gina10\"},\"image\":{\"@id\":\"https:\/\/pagina10.com\/web\/#\/schema\/logo\/image\/\"},\"sameAs\":[\"https:\/\/www.facebook.com\/pag10com\",\"https:\/\/x.com\/Pag10com\",\"https:\/\/www.instagram.com\/pagina10col\/\",\"https:\/\/youtube.com\/channel\/pag10\",\"https:\/\/www.tiktok.com\/@p10col\"]},{\"@type\":\"Person\",\"@id\":\"https:\/\/pagina10.com\/web\/#\/schema\/person\/2efc4a090d25b667d3bc796798a3a81b\",\"name\":\"P\u00e1gina 10\",\"description\":\"P\u00e1gina 10 es un peri\u00f3dico regional que nace en Colombia, en el departamento de Nari\u00f1o, con un enfoque global, fundamentado en cuatro pilares esenciales: la libertad, el pluralismo, la inclusi\u00f3n y la independencia. P\u00e1gina 10 hace referencia a Nari\u00f1o como el d\u00e9cimo departamento creado en Colombia, despu\u00e9s de un proceso pol\u00edtico liderado por actores y actrices regionales con el fin de obtener la independencia y autonom\u00eda de nuestros territorios. Con la creaci\u00f3n de P\u00e1gina 10 se pretende abrir un escenario para el dialogo, la reflexi\u00f3n y el debate que se extienda a otras geograf\u00edas de Am\u00e9rica Latina y del planeta, en una apuesta por transformar colectivamente los desaf\u00edos de un mundo contempor\u00e1neo, m\u00e1s all\u00e1 de las fronteras impuestas.\",\"url\":\"https:\/\/pagina10.com\/web\/author\/pdiezadmin\/\"}]}<\/script>\n<!-- \/ Yoast SEO plugin. -->","yoast_head_json":{"title":"Profieren cargos contra dos agentes del Esmad por muerte de joven ocurrida en paro nacional | P\u00e1gina10","robots":{"index":"index","follow":"follow","max-snippet":"max-snippet:-1","max-image-preview":"max-image-preview:large","max-video-preview":"max-video-preview:-1"},"canonical":"https:\/\/pagina10.com\/web\/profieren-cargos-contra-dos-agentes-del-esmad-por-muerte-de-joven-ocurrida-en-paro-nacional\/","og_locale":"es_ES","og_type":"article","og_title":"Profieren cargos contra dos agentes del Esmad por muerte de joven ocurrida en paro nacional | P\u00e1gina10","og_description":"La Procuradur\u00eda General de la Naci\u00f3n profiri\u00f3 pliego de cargos contra dos integrantes de la Polic\u00eda Nacional, por un posible uso excesivo de la fuerza contra una joven de 17 a\u00f1os, durante la jornada de Paro Nacional en Popay\u00e1n, Cauca, el 12 de mayo de 2021. Los cargos cobijan a los patrulleros Brayan Estiben Zambrano [&hellip;]","og_url":"https:\/\/pagina10.com\/web\/profieren-cargos-contra-dos-agentes-del-esmad-por-muerte-de-joven-ocurrida-en-paro-nacional\/","og_site_name":"P\u00e1gina10","article_publisher":"https:\/\/www.facebook.com\/pag10com","article_published_time":"2022-08-06T02:00:05+00:00","og_image":[{"width":640,"height":360,"url":"https:\/\/pagina10.com\/web\/wp-content\/uploads\/2022\/08\/118370029_gettyimages-140415371.jpg","type":"image\/jpeg"}],"author":"P\u00e1gina 10","twitter_card":"summary_large_image","twitter_creator":"@Pag10com","twitter_site":"@Pag10com","twitter_misc":{"Escrito por":"P\u00e1gina 10","Tiempo de lectura":"1 minuto"},"schema":{"@context":"https:\/\/schema.org","@graph":[{"@type":"Article","@id":"https:\/\/pagina10.com\/web\/profieren-cargos-contra-dos-agentes-del-esmad-por-muerte-de-joven-ocurrida-en-paro-nacional\/#article","isPartOf":{"@id":"https:\/\/pagina10.com\/web\/profieren-cargos-contra-dos-agentes-del-esmad-por-muerte-de-joven-ocurrida-en-paro-nacional\/"},"author":{"name":"P\u00e1gina 10","@id":"https:\/\/pagina10.com\/web\/#\/schema\/person\/2efc4a090d25b667d3bc796798a3a81b"},"headline":"Profieren cargos contra dos agentes del Esmad por muerte de joven ocurrida en paro nacional","datePublished":"2022-08-06T02:00:05+00:00","mainEntityOfPage":{"@id":"https:\/\/pagina10.com\/web\/profieren-cargos-contra-dos-agentes-del-esmad-por-muerte-de-joven-ocurrida-en-paro-nacional\/"},"wordCount":268,"commentCount":0,"publisher":{"@id":"https:\/\/pagina10.com\/web\/#organization"},"image":{"@id":"https:\/\/pagina10.com\/web\/profieren-cargos-contra-dos-agentes-del-esmad-por-muerte-de-joven-ocurrida-en-paro-nacional\/#primaryimage"},"thumbnailUrl":"https:\/\/pagina10.com\/web\/wp-content\/uploads\/2022\/08\/118370029_gettyimages-140415371.jpg","articleSection":["Judicial"],"inLanguage":"es","potentialAction":[{"@type":"CommentAction","name":"Comment","target":["https:\/\/pagina10.com\/web\/profieren-cargos-contra-dos-agentes-del-esmad-por-muerte-de-joven-ocurrida-en-paro-nacional\/#respond"]}]},{"@type":"WebPage","@id":"https:\/\/pagina10.com\/web\/profieren-cargos-contra-dos-agentes-del-esmad-por-muerte-de-joven-ocurrida-en-paro-nacional\/","url":"https:\/\/pagina10.com\/web\/profieren-cargos-contra-dos-agentes-del-esmad-por-muerte-de-joven-ocurrida-en-paro-nacional\/","name":"Profieren cargos contra dos agentes del Esmad por muerte de joven ocurrida en paro nacional | P\u00e1gina10","isPartOf":{"@id":"https:\/\/pagina10.com\/web\/#website"},"primaryImageOfPage":{"@id":"https:\/\/pagina10.com\/web\/profieren-cargos-contra-dos-agentes-del-esmad-por-muerte-de-joven-ocurrida-en-paro-nacional\/#primaryimage"},"image":{"@id":"https:\/\/pagina10.com\/web\/profieren-cargos-contra-dos-agentes-del-esmad-por-muerte-de-joven-ocurrida-en-paro-nacional\/#primaryimage"},"thumbnailUrl":"https:\/\/pagina10.com\/web\/wp-content\/uploads\/2022\/08\/118370029_gettyimages-140415371.jpg","datePublished":"2022-08-06T02:00:05+00:00","breadcrumb":{"@id":"https:\/\/pagina10.com\/web\/profieren-cargos-contra-dos-agentes-del-esmad-por-muerte-de-joven-ocurrida-en-paro-nacional\/#breadcrumb"},"inLanguage":"es","potentialAction":[{"@type":"ReadAction","target":["https:\/\/pagina10.com\/web\/profieren-cargos-contra-dos-agentes-del-esmad-por-muerte-de-joven-ocurrida-en-paro-nacional\/"]}]},{"@type":"ImageObject","inLanguage":"es","@id":"https:\/\/pagina10.com\/web\/profieren-cargos-contra-dos-agentes-del-esmad-por-muerte-de-joven-ocurrida-en-paro-nacional\/#primaryimage","url":"https:\/\/pagina10.com\/web\/wp-content\/uploads\/2022\/08\/118370029_gettyimages-140415371.jpg","contentUrl":"https:\/\/pagina10.com\/web\/wp-content\/uploads\/2022\/08\/118370029_gettyimages-140415371.jpg","width":640,"height":360},{"@type":"BreadcrumbList","@id":"https:\/\/pagina10.com\/web\/profieren-cargos-contra-dos-agentes-del-esmad-por-muerte-de-joven-ocurrida-en-paro-nacional\/#breadcrumb","itemListElement":[{"@type":"ListItem","position":1,"name":"Portada","item":"https:\/\/pagina10.com\/web\/"},{"@type":"ListItem","position":2,"name":"Profieren cargos contra dos agentes del Esmad por muerte de joven ocurrida en paro nacional"}]},{"@type":"WebSite","@id":"https:\/\/pagina10.com\/web\/#website","url":"https:\/\/pagina10.com\/web\/","name":"P\u00e1gina10","description":"Peri\u00f3dico Regional","publisher":{"@id":"https:\/\/pagina10.com\/web\/#organization"},"alternateName":"P\u00e1gina10 Peri\u00f3dico Regional","potentialAction":[{"@type":"SearchAction","target":{"@type":"EntryPoint","urlTemplate":"https:\/\/pagina10.com\/web\/?s={search_term_string}"},"query-input":{"@type":"PropertyValueSpecification","valueRequired":true,"valueName":"search_term_string"}}],"inLanguage":"es"},{"@type":"Organization","@id":"https:\/\/pagina10.com\/web\/#organization","name":"P\u00e1gina10","alternateName":"P\u00e1gina10 Peri\u00f3dico Regional","url":"https:\/\/pagina10.com\/web\/","logo":{"@type":"ImageObject","inLanguage":"es","@id":"https:\/\/pagina10.com\/web\/#\/schema\/logo\/image\/","url":"https:\/\/pagina10.com\/web\/wp-content\/uploads\/2024\/01\/40-pagina-10-periodico-regional-pasto.jpg","contentUrl":"https:\/\/pagina10.com\/web\/wp-content\/uploads\/2024\/01\/40-pagina-10-periodico-regional-pasto.jpg","width":1280,"height":720,"caption":"P\u00e1gina10"},"image":{"@id":"https:\/\/pagina10.com\/web\/#\/schema\/logo\/image\/"},"sameAs":["https:\/\/www.facebook.com\/pag10com","https:\/\/x.com\/Pag10com","https:\/\/www.instagram.com\/pagina10col\/","https:\/\/youtube.com\/channel\/pag10","https:\/\/www.tiktok.com\/@p10col"]},{"@type":"Person","@id":"https:\/\/pagina10.com\/web\/#\/schema\/person\/2efc4a090d25b667d3bc796798a3a81b","name":"P\u00e1gina 10","description":"P\u00e1gina 10 es un peri\u00f3dico regional que nace en Colombia, en el departamento de Nari\u00f1o, con un enfoque global, fundamentado en cuatro pilares esenciales: la libertad, el pluralismo, la inclusi\u00f3n y la independencia. P\u00e1gina 10 hace referencia a Nari\u00f1o como el d\u00e9cimo departamento creado en Colombia, despu\u00e9s de un proceso pol\u00edtico liderado por actores y actrices regionales con el fin de obtener la independencia y autonom\u00eda de nuestros territorios. Con la creaci\u00f3n de P\u00e1gina 10 se pretende abrir un escenario para el dialogo, la reflexi\u00f3n y el debate que se extienda a otras geograf\u00edas de Am\u00e9rica Latina y del planeta, en una apuesta por transformar colectivamente los desaf\u00edos de un mundo contempor\u00e1neo, m\u00e1s all\u00e1 de las fronteras impuestas.","url":"https:\/\/pagina10.com\/web\/author\/pdiezadmin\/"}]}},"_links":{"self":[{"href":"https:\/\/pagina10.com\/web\/wp-json\/wp\/v2\/posts\/60863","targetHints":{"allow":["GET"]}}],"collection":[{"href":"https:\/\/pagina10.com\/web\/wp-json\/wp\/v2\/posts"}],"about":[{"href":"https:\/\/pagina10.com\/web\/wp-json\/wp\/v2\/types\/post"}],"author":[{"embeddable":true,"href":"https:\/\/pagina10.com\/web\/wp-json\/wp\/v2\/users\/1"}],"replies":[{"embeddable":true,"href":"https:\/\/pagina10.com\/web\/wp-json\/wp\/v2\/comments?post=60863"}],"version-history":[{"count":2,"href":"https:\/\/pagina10.com\/web\/wp-json\/wp\/v2\/posts\/60863\/revisions"}],"predecessor-version":[{"id":60866,"href":"https:\/\/pagina10.com\/web\/wp-json\/wp\/v2\/posts\/60863\/revisions\/60866"}],"wp:featuredmedia":[{"embeddable":true,"href":"https:\/\/pagina10.com\/web\/wp-json\/wp\/v2\/media\/60864"}],"wp:attachment":[{"href":"https:\/\/pagina10.com\/web\/wp-json\/wp\/v2\/media?parent=60863"}],"wp:term":[{"taxonomy":"category","embeddable":true,"href":"https:\/\/pagina10.com\/web\/wp-json\/wp\/v2\/categories?post=60863"},{"taxonomy":"post_tag","embeddable":true,"href":"https:\/\/pagina10.com\/web\/wp-json\/wp\/v2\/tags?post=60863"}],"curies":[{"name":"wp","href":"https:\/\/api.w.org\/{rel}","templated":true}]}}