{"id":60908,"date":"2022-08-08T19:11:55","date_gmt":"2022-08-09T00:11:55","guid":{"rendered":"https:\/\/pagina10.com\/web\/?p=60908"},"modified":"2022-08-08T20:39:12","modified_gmt":"2022-08-09T01:39:12","slug":"en-narino-hay-preocupacion-frente-a-posible-eliminacion-de-subsidio-a-los-combustibles","status":"publish","type":"post","link":"https:\/\/pagina10.com\/web\/en-narino-hay-preocupacion-frente-a-posible-eliminacion-de-subsidio-a-los-combustibles\/","title":{"rendered":"En Nari\u00f1o hay preocupaci\u00f3n frente a posible eliminaci\u00f3n de subsidio a los combustibles"},"content":{"rendered":"<p style=\"text-align: justify;\">La reforma tributaria presentada por el gobierno del presidente Gustavo Petro contempla el reajuste del precio de los combustibles a una tarifa nacional, lo que significar\u00eda eliminar los subsidios que actualmente se otorgan a las regiones ubicadas en zona de frontera, incluyendo al departamento de Nari\u00f1o.<\/p>\n<p style=\"text-align: justify;\">El proyecto presentado hoy al Congreso, indica que partiendo del contexto general de la pol\u00edtica de estabilizaci\u00f3n de precios de combustibles que ha tomado el pa\u00eds con motivo de la pandemia, se desvirt\u00faa el tratamiento especial a las Zonas de Frontera al menos desde el gasto tributario, dados los bajos precios a los que se tranzan los combustibles en el pa\u00eds.<\/p>\n<p style=\"text-align: justify;\">En este sentido, el Ministerio de Hacienda indic\u00f3 que es pertinente revaluar algunos de los tratamientos preferenciales incorporados en el r\u00e9gimen econ\u00f3mico con el que cuentan las Zonas de Frontera.<\/p>\n<p style=\"text-align: justify;\">As\u00ed mismo, la cartera indica que a pesar de que los alivios tributarios tranzados para los combustibles en estas zonas buscaban desestimular el contrabando de combustibles y la formaci\u00f3n de precios competitivos, esto nunca ocurri\u00f3 y su efecto fue el contrario.<\/p>\n<p style=\"text-align: justify;\">Adem\u00e1s, se\u00f1ala que los precios internacionales a comparaci\u00f3n con los nacionales, se diferencian ostensiblemente y por tanto, el otorgar subsidios a las zonas de frontera significa un gasto fiscal que actualmente no puede ser sostenido por el gobierno.<\/p>\n<p style=\"text-align: justify;\">Y especifica que \u201cposiblemente, en caso de considerarse necesario, ser\u00e1 conveniente contemplar subsidios al transporte en las Zonas de Frontera, financiados a trav\u00e9s del Presupuesto General de la Naci\u00f3n\u201d. Con ello, el ministerio busca cerrar la brecha existente entre los precios de los combustibles a nivel internacional y nacional, y los precios de las zonas de frontera.<\/p>\n<p>Aqu\u00ed un aparte de lo que contiene la propuesta:<\/p>\n<p>&nbsp;<\/p>\n<p><img fetchpriority=\"high\" decoding=\"async\" class=\"size-medium wp-image-60919 aligncenter\" src=\"https:\/\/pagina10.com\/web\/wp-content\/uploads\/2022\/08\/WhatsApp-Image-2022-08-08-at-8.11.39-PM-267x300.jpeg\" alt=\"\" width=\"267\" height=\"300\" srcset=\"https:\/\/pagina10.com\/web\/wp-content\/uploads\/2022\/08\/WhatsApp-Image-2022-08-08-at-8.11.39-PM-267x300.jpeg 267w, https:\/\/pagina10.com\/web\/wp-content\/uploads\/2022\/08\/WhatsApp-Image-2022-08-08-at-8.11.39-PM-768x861.jpeg 768w, https:\/\/pagina10.com\/web\/wp-content\/uploads\/2022\/08\/WhatsApp-Image-2022-08-08-at-8.11.39-PM.jpeg 913w\" sizes=\"(max-width: 267px) 100vw, 267px\" \/><\/p>\n","protected":false},"excerpt":{"rendered":"<p>La reforma tributaria presentada por el gobierno del presidente Gustavo Petro contempla el reajuste del precio de los combustibles a una tarifa nacional, lo que significar\u00eda eliminar los subsidios que actualmente se otorgan a las regiones ubicadas en zona de frontera, incluyendo al departamento de Nari\u00f1o. El proyecto presentado hoy al Congreso, indica que partiendo [&hellip;]<\/p>\n","protected":false},"author":1,"featured_media":60909,"comment_status":"open","ping_status":"open","sticky":false,"template":"","format":"standard","meta":{"footnotes":""},"categories":[53,1528],"tags":[],"class_list":["post-60908","post","type-post","status-publish","format-standard","has-post-thumbnail","hentry","category-regiones","category-titulares"],"yoast_head":"<!-- This site is optimized with the Yoast SEO plugin v27.1.1 - https:\/\/yoast.com\/product\/yoast-seo-wordpress\/ -->\n<title>En Nari\u00f1o hay preocupaci\u00f3n frente a posible eliminaci\u00f3n de subsidio a los combustibles | P\u00e1gina10<\/title>\n<meta name=\"robots\" content=\"index, follow, max-snippet:-1, max-image-preview:large, max-video-preview:-1\" \/>\n<link rel=\"canonical\" href=\"https:\/\/pagina10.com\/web\/en-narino-hay-preocupacion-frente-a-posible-eliminacion-de-subsidio-a-los-combustibles\/\" \/>\n<meta property=\"og:locale\" content=\"es_ES\" \/>\n<meta property=\"og:type\" content=\"article\" \/>\n<meta property=\"og:title\" content=\"En Nari\u00f1o hay preocupaci\u00f3n frente a posible eliminaci\u00f3n de subsidio a los combustibles | P\u00e1gina10\" \/>\n<meta property=\"og:description\" content=\"La reforma tributaria presentada por el gobierno del presidente Gustavo Petro contempla el reajuste del precio de los combustibles a una tarifa nacional, lo que significar\u00eda eliminar los subsidios que actualmente se otorgan a las regiones ubicadas en zona de frontera, incluyendo al departamento de Nari\u00f1o. El proyecto presentado hoy al Congreso, indica que partiendo [&hellip;]\" \/>\n<meta property=\"og:url\" content=\"https:\/\/pagina10.com\/web\/en-narino-hay-preocupacion-frente-a-posible-eliminacion-de-subsidio-a-los-combustibles\/\" \/>\n<meta property=\"og:site_name\" content=\"P\u00e1gina10\" \/>\n<meta property=\"article:publisher\" content=\"https:\/\/www.facebook.com\/pag10com\" \/>\n<meta property=\"article:published_time\" content=\"2022-08-09T00:11:55+00:00\" \/>\n<meta property=\"article:modified_time\" content=\"2022-08-09T01:39:12+00:00\" \/>\n<meta property=\"og:image\" content=\"https:\/\/pagina10.com\/web\/wp-content\/uploads\/2022\/08\/Sin-titulo-1-1055x675-1.jpg\" \/>\n\t<meta property=\"og:image:width\" content=\"1055\" \/>\n\t<meta property=\"og:image:height\" content=\"675\" \/>\n\t<meta property=\"og:image:type\" content=\"image\/jpeg\" \/>\n<meta name=\"author\" content=\"P\u00e1gina 10\" \/>\n<meta name=\"twitter:card\" content=\"summary_large_image\" \/>\n<meta name=\"twitter:creator\" content=\"@Pag10com\" \/>\n<meta name=\"twitter:site\" content=\"@Pag10com\" \/>\n<meta name=\"twitter:label1\" content=\"Escrito por\" \/>\n\t<meta name=\"twitter:data1\" content=\"P\u00e1gina 10\" \/>\n\t<meta name=\"twitter:label2\" content=\"Tiempo de lectura\" \/>\n\t<meta name=\"twitter:data2\" content=\"1 minuto\" \/>\n<script type=\"application\/ld+json\" class=\"yoast-schema-graph\">{\"@context\":\"https:\/\/schema.org\",\"@graph\":[{\"@type\":\"Article\",\"@id\":\"https:\/\/pagina10.com\/web\/en-narino-hay-preocupacion-frente-a-posible-eliminacion-de-subsidio-a-los-combustibles\/#article\",\"isPartOf\":{\"@id\":\"https:\/\/pagina10.com\/web\/en-narino-hay-preocupacion-frente-a-posible-eliminacion-de-subsidio-a-los-combustibles\/\"},\"author\":{\"name\":\"P\u00e1gina 10\",\"@id\":\"https:\/\/pagina10.com\/web\/#\/schema\/person\/2efc4a090d25b667d3bc796798a3a81b\"},\"headline\":\"En Nari\u00f1o hay preocupaci\u00f3n frente a posible eliminaci\u00f3n de subsidio a los combustibles\",\"datePublished\":\"2022-08-09T00:11:55+00:00\",\"dateModified\":\"2022-08-09T01:39:12+00:00\",\"mainEntityOfPage\":{\"@id\":\"https:\/\/pagina10.com\/web\/en-narino-hay-preocupacion-frente-a-posible-eliminacion-de-subsidio-a-los-combustibles\/\"},\"wordCount\":314,\"commentCount\":0,\"publisher\":{\"@id\":\"https:\/\/pagina10.com\/web\/#organization\"},\"image\":{\"@id\":\"https:\/\/pagina10.com\/web\/en-narino-hay-preocupacion-frente-a-posible-eliminacion-de-subsidio-a-los-combustibles\/#primaryimage\"},\"thumbnailUrl\":\"https:\/\/pagina10.com\/web\/wp-content\/uploads\/2022\/08\/Sin-titulo-1-1055x675-1.jpg\",\"articleSection\":[\"Regiones\",\"Titulares\"],\"inLanguage\":\"es\",\"potentialAction\":[{\"@type\":\"CommentAction\",\"name\":\"Comment\",\"target\":[\"https:\/\/pagina10.com\/web\/en-narino-hay-preocupacion-frente-a-posible-eliminacion-de-subsidio-a-los-combustibles\/#respond\"]}]},{\"@type\":\"WebPage\",\"@id\":\"https:\/\/pagina10.com\/web\/en-narino-hay-preocupacion-frente-a-posible-eliminacion-de-subsidio-a-los-combustibles\/\",\"url\":\"https:\/\/pagina10.com\/web\/en-narino-hay-preocupacion-frente-a-posible-eliminacion-de-subsidio-a-los-combustibles\/\",\"name\":\"En Nari\u00f1o hay preocupaci\u00f3n frente a posible eliminaci\u00f3n de subsidio a los combustibles | P\u00e1gina10\",\"isPartOf\":{\"@id\":\"https:\/\/pagina10.com\/web\/#website\"},\"primaryImageOfPage\":{\"@id\":\"https:\/\/pagina10.com\/web\/en-narino-hay-preocupacion-frente-a-posible-eliminacion-de-subsidio-a-los-combustibles\/#primaryimage\"},\"image\":{\"@id\":\"https:\/\/pagina10.com\/web\/en-narino-hay-preocupacion-frente-a-posible-eliminacion-de-subsidio-a-los-combustibles\/#primaryimage\"},\"thumbnailUrl\":\"https:\/\/pagina10.com\/web\/wp-content\/uploads\/2022\/08\/Sin-titulo-1-1055x675-1.jpg\",\"datePublished\":\"2022-08-09T00:11:55+00:00\",\"dateModified\":\"2022-08-09T01:39:12+00:00\",\"breadcrumb\":{\"@id\":\"https:\/\/pagina10.com\/web\/en-narino-hay-preocupacion-frente-a-posible-eliminacion-de-subsidio-a-los-combustibles\/#breadcrumb\"},\"inLanguage\":\"es\",\"potentialAction\":[{\"@type\":\"ReadAction\",\"target\":[\"https:\/\/pagina10.com\/web\/en-narino-hay-preocupacion-frente-a-posible-eliminacion-de-subsidio-a-los-combustibles\/\"]}]},{\"@type\":\"ImageObject\",\"inLanguage\":\"es\",\"@id\":\"https:\/\/pagina10.com\/web\/en-narino-hay-preocupacion-frente-a-posible-eliminacion-de-subsidio-a-los-combustibles\/#primaryimage\",\"url\":\"https:\/\/pagina10.com\/web\/wp-content\/uploads\/2022\/08\/Sin-titulo-1-1055x675-1.jpg\",\"contentUrl\":\"https:\/\/pagina10.com\/web\/wp-content\/uploads\/2022\/08\/Sin-titulo-1-1055x675-1.jpg\",\"width\":1055,\"height\":675},{\"@type\":\"BreadcrumbList\",\"@id\":\"https:\/\/pagina10.com\/web\/en-narino-hay-preocupacion-frente-a-posible-eliminacion-de-subsidio-a-los-combustibles\/#breadcrumb\",\"itemListElement\":[{\"@type\":\"ListItem\",\"position\":1,\"name\":\"Portada\",\"item\":\"https:\/\/pagina10.com\/web\/\"},{\"@type\":\"ListItem\",\"position\":2,\"name\":\"En Nari\u00f1o hay preocupaci\u00f3n frente a posible eliminaci\u00f3n de subsidio a los combustibles\"}]},{\"@type\":\"WebSite\",\"@id\":\"https:\/\/pagina10.com\/web\/#website\",\"url\":\"https:\/\/pagina10.com\/web\/\",\"name\":\"P\u00e1gina10\",\"description\":\"Peri\u00f3dico Regional\",\"publisher\":{\"@id\":\"https:\/\/pagina10.com\/web\/#organization\"},\"alternateName\":\"P\u00e1gina10 Peri\u00f3dico Regional\",\"potentialAction\":[{\"@type\":\"SearchAction\",\"target\":{\"@type\":\"EntryPoint\",\"urlTemplate\":\"https:\/\/pagina10.com\/web\/?s={search_term_string}\"},\"query-input\":{\"@type\":\"PropertyValueSpecification\",\"valueRequired\":true,\"valueName\":\"search_term_string\"}}],\"inLanguage\":\"es\"},{\"@type\":\"Organization\",\"@id\":\"https:\/\/pagina10.com\/web\/#organization\",\"name\":\"P\u00e1gina10\",\"alternateName\":\"P\u00e1gina10 Peri\u00f3dico Regional\",\"url\":\"https:\/\/pagina10.com\/web\/\",\"logo\":{\"@type\":\"ImageObject\",\"inLanguage\":\"es\",\"@id\":\"https:\/\/pagina10.com\/web\/#\/schema\/logo\/image\/\",\"url\":\"https:\/\/pagina10.com\/web\/wp-content\/uploads\/2024\/01\/40-pagina-10-periodico-regional-pasto.jpg\",\"contentUrl\":\"https:\/\/pagina10.com\/web\/wp-content\/uploads\/2024\/01\/40-pagina-10-periodico-regional-pasto.jpg\",\"width\":1280,\"height\":720,\"caption\":\"P\u00e1gina10\"},\"image\":{\"@id\":\"https:\/\/pagina10.com\/web\/#\/schema\/logo\/image\/\"},\"sameAs\":[\"https:\/\/www.facebook.com\/pag10com\",\"https:\/\/x.com\/Pag10com\",\"https:\/\/www.instagram.com\/pagina10col\/\",\"https:\/\/youtube.com\/channel\/pag10\",\"https:\/\/www.tiktok.com\/@p10col\"]},{\"@type\":\"Person\",\"@id\":\"https:\/\/pagina10.com\/web\/#\/schema\/person\/2efc4a090d25b667d3bc796798a3a81b\",\"name\":\"P\u00e1gina 10\",\"description\":\"P\u00e1gina 10 es un peri\u00f3dico regional que nace en Colombia, en el departamento de Nari\u00f1o, con un enfoque global, fundamentado en cuatro pilares esenciales: la libertad, el pluralismo, la inclusi\u00f3n y la independencia. P\u00e1gina 10 hace referencia a Nari\u00f1o como el d\u00e9cimo departamento creado en Colombia, despu\u00e9s de un proceso pol\u00edtico liderado por actores y actrices regionales con el fin de obtener la independencia y autonom\u00eda de nuestros territorios. Con la creaci\u00f3n de P\u00e1gina 10 se pretende abrir un escenario para el dialogo, la reflexi\u00f3n y el debate que se extienda a otras geograf\u00edas de Am\u00e9rica Latina y del planeta, en una apuesta por transformar colectivamente los desaf\u00edos de un mundo contempor\u00e1neo, m\u00e1s all\u00e1 de las fronteras impuestas.\",\"url\":\"https:\/\/pagina10.com\/web\/author\/pdiezadmin\/\"}]}<\/script>\n<!-- \/ Yoast SEO plugin. -->","yoast_head_json":{"title":"En Nari\u00f1o hay preocupaci\u00f3n frente a posible eliminaci\u00f3n de subsidio a los combustibles | P\u00e1gina10","robots":{"index":"index","follow":"follow","max-snippet":"max-snippet:-1","max-image-preview":"max-image-preview:large","max-video-preview":"max-video-preview:-1"},"canonical":"https:\/\/pagina10.com\/web\/en-narino-hay-preocupacion-frente-a-posible-eliminacion-de-subsidio-a-los-combustibles\/","og_locale":"es_ES","og_type":"article","og_title":"En Nari\u00f1o hay preocupaci\u00f3n frente a posible eliminaci\u00f3n de subsidio a los combustibles | P\u00e1gina10","og_description":"La reforma tributaria presentada por el gobierno del presidente Gustavo Petro contempla el reajuste del precio de los combustibles a una tarifa nacional, lo que significar\u00eda eliminar los subsidios que actualmente se otorgan a las regiones ubicadas en zona de frontera, incluyendo al departamento de Nari\u00f1o. El proyecto presentado hoy al Congreso, indica que partiendo [&hellip;]","og_url":"https:\/\/pagina10.com\/web\/en-narino-hay-preocupacion-frente-a-posible-eliminacion-de-subsidio-a-los-combustibles\/","og_site_name":"P\u00e1gina10","article_publisher":"https:\/\/www.facebook.com\/pag10com","article_published_time":"2022-08-09T00:11:55+00:00","article_modified_time":"2022-08-09T01:39:12+00:00","og_image":[{"width":1055,"height":675,"url":"https:\/\/pagina10.com\/web\/wp-content\/uploads\/2022\/08\/Sin-titulo-1-1055x675-1.jpg","type":"image\/jpeg"}],"author":"P\u00e1gina 10","twitter_card":"summary_large_image","twitter_creator":"@Pag10com","twitter_site":"@Pag10com","twitter_misc":{"Escrito por":"P\u00e1gina 10","Tiempo de lectura":"1 minuto"},"schema":{"@context":"https:\/\/schema.org","@graph":[{"@type":"Article","@id":"https:\/\/pagina10.com\/web\/en-narino-hay-preocupacion-frente-a-posible-eliminacion-de-subsidio-a-los-combustibles\/#article","isPartOf":{"@id":"https:\/\/pagina10.com\/web\/en-narino-hay-preocupacion-frente-a-posible-eliminacion-de-subsidio-a-los-combustibles\/"},"author":{"name":"P\u00e1gina 10","@id":"https:\/\/pagina10.com\/web\/#\/schema\/person\/2efc4a090d25b667d3bc796798a3a81b"},"headline":"En Nari\u00f1o hay preocupaci\u00f3n frente a posible eliminaci\u00f3n de subsidio a los combustibles","datePublished":"2022-08-09T00:11:55+00:00","dateModified":"2022-08-09T01:39:12+00:00","mainEntityOfPage":{"@id":"https:\/\/pagina10.com\/web\/en-narino-hay-preocupacion-frente-a-posible-eliminacion-de-subsidio-a-los-combustibles\/"},"wordCount":314,"commentCount":0,"publisher":{"@id":"https:\/\/pagina10.com\/web\/#organization"},"image":{"@id":"https:\/\/pagina10.com\/web\/en-narino-hay-preocupacion-frente-a-posible-eliminacion-de-subsidio-a-los-combustibles\/#primaryimage"},"thumbnailUrl":"https:\/\/pagina10.com\/web\/wp-content\/uploads\/2022\/08\/Sin-titulo-1-1055x675-1.jpg","articleSection":["Regiones","Titulares"],"inLanguage":"es","potentialAction":[{"@type":"CommentAction","name":"Comment","target":["https:\/\/pagina10.com\/web\/en-narino-hay-preocupacion-frente-a-posible-eliminacion-de-subsidio-a-los-combustibles\/#respond"]}]},{"@type":"WebPage","@id":"https:\/\/pagina10.com\/web\/en-narino-hay-preocupacion-frente-a-posible-eliminacion-de-subsidio-a-los-combustibles\/","url":"https:\/\/pagina10.com\/web\/en-narino-hay-preocupacion-frente-a-posible-eliminacion-de-subsidio-a-los-combustibles\/","name":"En Nari\u00f1o hay preocupaci\u00f3n frente a posible eliminaci\u00f3n de subsidio a los combustibles | P\u00e1gina10","isPartOf":{"@id":"https:\/\/pagina10.com\/web\/#website"},"primaryImageOfPage":{"@id":"https:\/\/pagina10.com\/web\/en-narino-hay-preocupacion-frente-a-posible-eliminacion-de-subsidio-a-los-combustibles\/#primaryimage"},"image":{"@id":"https:\/\/pagina10.com\/web\/en-narino-hay-preocupacion-frente-a-posible-eliminacion-de-subsidio-a-los-combustibles\/#primaryimage"},"thumbnailUrl":"https:\/\/pagina10.com\/web\/wp-content\/uploads\/2022\/08\/Sin-titulo-1-1055x675-1.jpg","datePublished":"2022-08-09T00:11:55+00:00","dateModified":"2022-08-09T01:39:12+00:00","breadcrumb":{"@id":"https:\/\/pagina10.com\/web\/en-narino-hay-preocupacion-frente-a-posible-eliminacion-de-subsidio-a-los-combustibles\/#breadcrumb"},"inLanguage":"es","potentialAction":[{"@type":"ReadAction","target":["https:\/\/pagina10.com\/web\/en-narino-hay-preocupacion-frente-a-posible-eliminacion-de-subsidio-a-los-combustibles\/"]}]},{"@type":"ImageObject","inLanguage":"es","@id":"https:\/\/pagina10.com\/web\/en-narino-hay-preocupacion-frente-a-posible-eliminacion-de-subsidio-a-los-combustibles\/#primaryimage","url":"https:\/\/pagina10.com\/web\/wp-content\/uploads\/2022\/08\/Sin-titulo-1-1055x675-1.jpg","contentUrl":"https:\/\/pagina10.com\/web\/wp-content\/uploads\/2022\/08\/Sin-titulo-1-1055x675-1.jpg","width":1055,"height":675},{"@type":"BreadcrumbList","@id":"https:\/\/pagina10.com\/web\/en-narino-hay-preocupacion-frente-a-posible-eliminacion-de-subsidio-a-los-combustibles\/#breadcrumb","itemListElement":[{"@type":"ListItem","position":1,"name":"Portada","item":"https:\/\/pagina10.com\/web\/"},{"@type":"ListItem","position":2,"name":"En Nari\u00f1o hay preocupaci\u00f3n frente a posible eliminaci\u00f3n de subsidio a los combustibles"}]},{"@type":"WebSite","@id":"https:\/\/pagina10.com\/web\/#website","url":"https:\/\/pagina10.com\/web\/","name":"P\u00e1gina10","description":"Peri\u00f3dico Regional","publisher":{"@id":"https:\/\/pagina10.com\/web\/#organization"},"alternateName":"P\u00e1gina10 Peri\u00f3dico Regional","potentialAction":[{"@type":"SearchAction","target":{"@type":"EntryPoint","urlTemplate":"https:\/\/pagina10.com\/web\/?s={search_term_string}"},"query-input":{"@type":"PropertyValueSpecification","valueRequired":true,"valueName":"search_term_string"}}],"inLanguage":"es"},{"@type":"Organization","@id":"https:\/\/pagina10.com\/web\/#organization","name":"P\u00e1gina10","alternateName":"P\u00e1gina10 Peri\u00f3dico Regional","url":"https:\/\/pagina10.com\/web\/","logo":{"@type":"ImageObject","inLanguage":"es","@id":"https:\/\/pagina10.com\/web\/#\/schema\/logo\/image\/","url":"https:\/\/pagina10.com\/web\/wp-content\/uploads\/2024\/01\/40-pagina-10-periodico-regional-pasto.jpg","contentUrl":"https:\/\/pagina10.com\/web\/wp-content\/uploads\/2024\/01\/40-pagina-10-periodico-regional-pasto.jpg","width":1280,"height":720,"caption":"P\u00e1gina10"},"image":{"@id":"https:\/\/pagina10.com\/web\/#\/schema\/logo\/image\/"},"sameAs":["https:\/\/www.facebook.com\/pag10com","https:\/\/x.com\/Pag10com","https:\/\/www.instagram.com\/pagina10col\/","https:\/\/youtube.com\/channel\/pag10","https:\/\/www.tiktok.com\/@p10col"]},{"@type":"Person","@id":"https:\/\/pagina10.com\/web\/#\/schema\/person\/2efc4a090d25b667d3bc796798a3a81b","name":"P\u00e1gina 10","description":"P\u00e1gina 10 es un peri\u00f3dico regional que nace en Colombia, en el departamento de Nari\u00f1o, con un enfoque global, fundamentado en cuatro pilares esenciales: la libertad, el pluralismo, la inclusi\u00f3n y la independencia. P\u00e1gina 10 hace referencia a Nari\u00f1o como el d\u00e9cimo departamento creado en Colombia, despu\u00e9s de un proceso pol\u00edtico liderado por actores y actrices regionales con el fin de obtener la independencia y autonom\u00eda de nuestros territorios. Con la creaci\u00f3n de P\u00e1gina 10 se pretende abrir un escenario para el dialogo, la reflexi\u00f3n y el debate que se extienda a otras geograf\u00edas de Am\u00e9rica Latina y del planeta, en una apuesta por transformar colectivamente los desaf\u00edos de un mundo contempor\u00e1neo, m\u00e1s all\u00e1 de las fronteras impuestas.","url":"https:\/\/pagina10.com\/web\/author\/pdiezadmin\/"}]}},"_links":{"self":[{"href":"https:\/\/pagina10.com\/web\/wp-json\/wp\/v2\/posts\/60908","targetHints":{"allow":["GET"]}}],"collection":[{"href":"https:\/\/pagina10.com\/web\/wp-json\/wp\/v2\/posts"}],"about":[{"href":"https:\/\/pagina10.com\/web\/wp-json\/wp\/v2\/types\/post"}],"author":[{"embeddable":true,"href":"https:\/\/pagina10.com\/web\/wp-json\/wp\/v2\/users\/1"}],"replies":[{"embeddable":true,"href":"https:\/\/pagina10.com\/web\/wp-json\/wp\/v2\/comments?post=60908"}],"version-history":[{"count":3,"href":"https:\/\/pagina10.com\/web\/wp-json\/wp\/v2\/posts\/60908\/revisions"}],"predecessor-version":[{"id":60920,"href":"https:\/\/pagina10.com\/web\/wp-json\/wp\/v2\/posts\/60908\/revisions\/60920"}],"wp:featuredmedia":[{"embeddable":true,"href":"https:\/\/pagina10.com\/web\/wp-json\/wp\/v2\/media\/60909"}],"wp:attachment":[{"href":"https:\/\/pagina10.com\/web\/wp-json\/wp\/v2\/media?parent=60908"}],"wp:term":[{"taxonomy":"category","embeddable":true,"href":"https:\/\/pagina10.com\/web\/wp-json\/wp\/v2\/categories?post=60908"},{"taxonomy":"post_tag","embeddable":true,"href":"https:\/\/pagina10.com\/web\/wp-json\/wp\/v2\/tags?post=60908"}],"curies":[{"name":"wp","href":"https:\/\/api.w.org\/{rel}","templated":true}]}}