{"id":60926,"date":"2022-08-09T12:43:51","date_gmt":"2022-08-09T17:43:51","guid":{"rendered":"https:\/\/pagina10.com\/web\/?p=60926"},"modified":"2022-08-09T12:43:51","modified_gmt":"2022-08-09T17:43:51","slug":"congresistas-narinenses-del-pacto-historico-se-pronuncian-frente-a-posible-eliminacion-del-subsidio-a-los-combustibles","status":"publish","type":"post","link":"https:\/\/pagina10.com\/web\/congresistas-narinenses-del-pacto-historico-se-pronuncian-frente-a-posible-eliminacion-del-subsidio-a-los-combustibles\/","title":{"rendered":"Congresistas nari\u00f1enses del Pacto Hist\u00f3rico se pronuncian frente a posible eliminaci\u00f3n del subsidio a los combustibles"},"content":{"rendered":"<p style=\"text-align: justify;\">Ante la posible eliminaci\u00f3n del subsidio a los combustibles en zona de frontera, los congresistas nari\u00f1enses del Pacto Hist\u00f3rico, Robert Daza y Polivio Rosales, se pronunciaron al respecto manifestando su desacuerdo con la propuesta presentada dentro de la nueva reforma tributaria.<\/p>\n<p style=\"text-align: justify;\">Daza a trav\u00e9s de su cuenta de twitter escribi\u00f3: \u201cComo Senador de la frontera en representaci\u00f3n de las regiones que han sido marginadas de la inversi\u00f3n del Estado, rechazo la medida de la reforma tributaria que elimina el subsidio de la gasolina en la zona de la frontera ya que profundizar\u00e1 la crisis del hambre\u201d.<\/p>\n<p style=\"text-align: justify;\">A\u00f1adi\u00f3: \u201charemos una revisi\u00f3n a fondo del texto de la reforma tributaria y citaremos un encuentro extraordinario con la bancada parlamentaria de los departamentos de frontera para analizar el posible desmonte de subsidios a los combustibles. Solicitaremos se retire el art\u00edculo\u201d.<\/p>\n<p style=\"text-align: justify;\">Por su parte, el senador ind\u00edgena Polivio Rosales expres\u00f3: \u201cHoy fue radicada la reforma tributaria y hay preocupaci\u00f3n en algunos sectores. Pedimos al ministro de Hacienda Jos\u00e9 Ocampo nos d\u00e9 claridad sobre la propuesta denominada Eliminaci\u00f3n de la exclusi\u00f3n de IVA y la exenci\u00f3n de aranceles e impuestos a la gasolina y ACPM en las fronteras\u201d.<\/p>\n<p style=\"text-align: justify;\">As\u00ed mismo, el congresista indic\u00f3 que en las movilizaciones del a\u00f1o 2021, \u201cel pueblo nari\u00f1ense solicit\u00f3 al gobierno central mayor cupo de subsidio de combustibles l\u00edquidos, as\u00ed como cobertura y ampliaci\u00f3n del subsidio del GLP para estratos 1,2 y 3, y pueblos ind\u00edgenas\u201d.<\/p>\n<p style=\"text-align: justify;\">Bajo ese contexto sostuvo que la nueva reforma tributaria debe ayudar a que las regiones sean m\u00e1s competitivas y no conllevarlas al aislamiento econ\u00f3mico. \u201cEsperamos que el d\u00eda mi\u00e9rcoles en la reuni\u00f3n sobre la reforma tributaria, se aclare esta situaci\u00f3n\u201d, concluy\u00f3.<\/p>\n<p style=\"text-align: justify;\">Por su parte, el representante a la C\u00e1mara Erick Velazco no se ha referido sobre el tema y hasta el momento ha guardado silencio pese al pronunciamiento de sus compa\u00f1eros de bancada.<\/p>\n","protected":false},"excerpt":{"rendered":"<p>Ante la posible eliminaci\u00f3n del subsidio a los combustibles en zona de frontera, los congresistas nari\u00f1enses del Pacto Hist\u00f3rico, Robert Daza y Polivio Rosales, se pronunciaron al respecto manifestando su desacuerdo con la propuesta presentada dentro de la nueva reforma tributaria. Daza a trav\u00e9s de su cuenta de twitter escribi\u00f3: \u201cComo Senador de la frontera [&hellip;]<\/p>\n","protected":false},"author":1,"featured_media":60927,"comment_status":"open","ping_status":"open","sticky":false,"template":"","format":"standard","meta":{"footnotes":""},"categories":[53,1528],"tags":[],"class_list":["post-60926","post","type-post","status-publish","format-standard","has-post-thumbnail","hentry","category-regiones","category-titulares"],"yoast_head":"<!-- This site is optimized with the Yoast SEO plugin v27.1.1 - https:\/\/yoast.com\/product\/yoast-seo-wordpress\/ -->\n<title>Congresistas nari\u00f1enses del Pacto Hist\u00f3rico se pronuncian frente a posible eliminaci\u00f3n del subsidio a los combustibles | P\u00e1gina10<\/title>\n<meta name=\"robots\" content=\"index, follow, max-snippet:-1, max-image-preview:large, max-video-preview:-1\" \/>\n<link rel=\"canonical\" href=\"https:\/\/pagina10.com\/web\/congresistas-narinenses-del-pacto-historico-se-pronuncian-frente-a-posible-eliminacion-del-subsidio-a-los-combustibles\/\" \/>\n<meta property=\"og:locale\" content=\"es_ES\" \/>\n<meta property=\"og:type\" content=\"article\" \/>\n<meta property=\"og:title\" content=\"Congresistas nari\u00f1enses del Pacto Hist\u00f3rico se pronuncian frente a posible eliminaci\u00f3n del subsidio a los combustibles | P\u00e1gina10\" \/>\n<meta property=\"og:description\" content=\"Ante la posible eliminaci\u00f3n del subsidio a los combustibles en zona de frontera, los congresistas nari\u00f1enses del Pacto Hist\u00f3rico, Robert Daza y Polivio Rosales, se pronunciaron al respecto manifestando su desacuerdo con la propuesta presentada dentro de la nueva reforma tributaria. Daza a trav\u00e9s de su cuenta de twitter escribi\u00f3: \u201cComo Senador de la frontera [&hellip;]\" \/>\n<meta property=\"og:url\" content=\"https:\/\/pagina10.com\/web\/congresistas-narinenses-del-pacto-historico-se-pronuncian-frente-a-posible-eliminacion-del-subsidio-a-los-combustibles\/\" \/>\n<meta property=\"og:site_name\" content=\"P\u00e1gina10\" \/>\n<meta property=\"article:publisher\" content=\"https:\/\/www.facebook.com\/pag10com\" \/>\n<meta property=\"article:published_time\" content=\"2022-08-09T17:43:51+00:00\" \/>\n<meta property=\"og:image\" content=\"https:\/\/pagina10.com\/web\/wp-content\/uploads\/2022\/08\/EpWrhpdW4AEtIhG.jpg\" \/>\n\t<meta property=\"og:image:width\" content=\"748\" \/>\n\t<meta property=\"og:image:height\" content=\"528\" \/>\n\t<meta property=\"og:image:type\" content=\"image\/jpeg\" \/>\n<meta name=\"author\" content=\"P\u00e1gina 10\" \/>\n<meta name=\"twitter:card\" content=\"summary_large_image\" \/>\n<meta name=\"twitter:creator\" content=\"@Pag10com\" \/>\n<meta name=\"twitter:site\" content=\"@Pag10com\" \/>\n<meta name=\"twitter:label1\" content=\"Escrito por\" \/>\n\t<meta name=\"twitter:data1\" content=\"P\u00e1gina 10\" \/>\n\t<meta name=\"twitter:label2\" content=\"Tiempo de lectura\" \/>\n\t<meta name=\"twitter:data2\" content=\"2 minutos\" \/>\n<script type=\"application\/ld+json\" class=\"yoast-schema-graph\">{\"@context\":\"https:\/\/schema.org\",\"@graph\":[{\"@type\":\"Article\",\"@id\":\"https:\/\/pagina10.com\/web\/congresistas-narinenses-del-pacto-historico-se-pronuncian-frente-a-posible-eliminacion-del-subsidio-a-los-combustibles\/#article\",\"isPartOf\":{\"@id\":\"https:\/\/pagina10.com\/web\/congresistas-narinenses-del-pacto-historico-se-pronuncian-frente-a-posible-eliminacion-del-subsidio-a-los-combustibles\/\"},\"author\":{\"name\":\"P\u00e1gina 10\",\"@id\":\"https:\/\/pagina10.com\/web\/#\/schema\/person\/2efc4a090d25b667d3bc796798a3a81b\"},\"headline\":\"Congresistas nari\u00f1enses del Pacto Hist\u00f3rico se pronuncian frente a posible eliminaci\u00f3n del subsidio a los combustibles\",\"datePublished\":\"2022-08-09T17:43:51+00:00\",\"mainEntityOfPage\":{\"@id\":\"https:\/\/pagina10.com\/web\/congresistas-narinenses-del-pacto-historico-se-pronuncian-frente-a-posible-eliminacion-del-subsidio-a-los-combustibles\/\"},\"wordCount\":352,\"commentCount\":0,\"publisher\":{\"@id\":\"https:\/\/pagina10.com\/web\/#organization\"},\"image\":{\"@id\":\"https:\/\/pagina10.com\/web\/congresistas-narinenses-del-pacto-historico-se-pronuncian-frente-a-posible-eliminacion-del-subsidio-a-los-combustibles\/#primaryimage\"},\"thumbnailUrl\":\"https:\/\/pagina10.com\/web\/wp-content\/uploads\/2022\/08\/EpWrhpdW4AEtIhG.jpg\",\"articleSection\":[\"Regiones\",\"Titulares\"],\"inLanguage\":\"es\",\"potentialAction\":[{\"@type\":\"CommentAction\",\"name\":\"Comment\",\"target\":[\"https:\/\/pagina10.com\/web\/congresistas-narinenses-del-pacto-historico-se-pronuncian-frente-a-posible-eliminacion-del-subsidio-a-los-combustibles\/#respond\"]}]},{\"@type\":\"WebPage\",\"@id\":\"https:\/\/pagina10.com\/web\/congresistas-narinenses-del-pacto-historico-se-pronuncian-frente-a-posible-eliminacion-del-subsidio-a-los-combustibles\/\",\"url\":\"https:\/\/pagina10.com\/web\/congresistas-narinenses-del-pacto-historico-se-pronuncian-frente-a-posible-eliminacion-del-subsidio-a-los-combustibles\/\",\"name\":\"Congresistas nari\u00f1enses del Pacto Hist\u00f3rico se pronuncian frente a posible eliminaci\u00f3n del subsidio a los combustibles | P\u00e1gina10\",\"isPartOf\":{\"@id\":\"https:\/\/pagina10.com\/web\/#website\"},\"primaryImageOfPage\":{\"@id\":\"https:\/\/pagina10.com\/web\/congresistas-narinenses-del-pacto-historico-se-pronuncian-frente-a-posible-eliminacion-del-subsidio-a-los-combustibles\/#primaryimage\"},\"image\":{\"@id\":\"https:\/\/pagina10.com\/web\/congresistas-narinenses-del-pacto-historico-se-pronuncian-frente-a-posible-eliminacion-del-subsidio-a-los-combustibles\/#primaryimage\"},\"thumbnailUrl\":\"https:\/\/pagina10.com\/web\/wp-content\/uploads\/2022\/08\/EpWrhpdW4AEtIhG.jpg\",\"datePublished\":\"2022-08-09T17:43:51+00:00\",\"breadcrumb\":{\"@id\":\"https:\/\/pagina10.com\/web\/congresistas-narinenses-del-pacto-historico-se-pronuncian-frente-a-posible-eliminacion-del-subsidio-a-los-combustibles\/#breadcrumb\"},\"inLanguage\":\"es\",\"potentialAction\":[{\"@type\":\"ReadAction\",\"target\":[\"https:\/\/pagina10.com\/web\/congresistas-narinenses-del-pacto-historico-se-pronuncian-frente-a-posible-eliminacion-del-subsidio-a-los-combustibles\/\"]}]},{\"@type\":\"ImageObject\",\"inLanguage\":\"es\",\"@id\":\"https:\/\/pagina10.com\/web\/congresistas-narinenses-del-pacto-historico-se-pronuncian-frente-a-posible-eliminacion-del-subsidio-a-los-combustibles\/#primaryimage\",\"url\":\"https:\/\/pagina10.com\/web\/wp-content\/uploads\/2022\/08\/EpWrhpdW4AEtIhG.jpg\",\"contentUrl\":\"https:\/\/pagina10.com\/web\/wp-content\/uploads\/2022\/08\/EpWrhpdW4AEtIhG.jpg\",\"width\":748,\"height\":528},{\"@type\":\"BreadcrumbList\",\"@id\":\"https:\/\/pagina10.com\/web\/congresistas-narinenses-del-pacto-historico-se-pronuncian-frente-a-posible-eliminacion-del-subsidio-a-los-combustibles\/#breadcrumb\",\"itemListElement\":[{\"@type\":\"ListItem\",\"position\":1,\"name\":\"Portada\",\"item\":\"https:\/\/pagina10.com\/web\/\"},{\"@type\":\"ListItem\",\"position\":2,\"name\":\"Congresistas nari\u00f1enses del Pacto Hist\u00f3rico se pronuncian frente a posible eliminaci\u00f3n del subsidio a los combustibles\"}]},{\"@type\":\"WebSite\",\"@id\":\"https:\/\/pagina10.com\/web\/#website\",\"url\":\"https:\/\/pagina10.com\/web\/\",\"name\":\"P\u00e1gina10\",\"description\":\"Peri\u00f3dico Regional\",\"publisher\":{\"@id\":\"https:\/\/pagina10.com\/web\/#organization\"},\"alternateName\":\"P\u00e1gina10 Peri\u00f3dico Regional\",\"potentialAction\":[{\"@type\":\"SearchAction\",\"target\":{\"@type\":\"EntryPoint\",\"urlTemplate\":\"https:\/\/pagina10.com\/web\/?s={search_term_string}\"},\"query-input\":{\"@type\":\"PropertyValueSpecification\",\"valueRequired\":true,\"valueName\":\"search_term_string\"}}],\"inLanguage\":\"es\"},{\"@type\":\"Organization\",\"@id\":\"https:\/\/pagina10.com\/web\/#organization\",\"name\":\"P\u00e1gina10\",\"alternateName\":\"P\u00e1gina10 Peri\u00f3dico Regional\",\"url\":\"https:\/\/pagina10.com\/web\/\",\"logo\":{\"@type\":\"ImageObject\",\"inLanguage\":\"es\",\"@id\":\"https:\/\/pagina10.com\/web\/#\/schema\/logo\/image\/\",\"url\":\"https:\/\/pagina10.com\/web\/wp-content\/uploads\/2024\/01\/40-pagina-10-periodico-regional-pasto.jpg\",\"contentUrl\":\"https:\/\/pagina10.com\/web\/wp-content\/uploads\/2024\/01\/40-pagina-10-periodico-regional-pasto.jpg\",\"width\":1280,\"height\":720,\"caption\":\"P\u00e1gina10\"},\"image\":{\"@id\":\"https:\/\/pagina10.com\/web\/#\/schema\/logo\/image\/\"},\"sameAs\":[\"https:\/\/www.facebook.com\/pag10com\",\"https:\/\/x.com\/Pag10com\",\"https:\/\/www.instagram.com\/pagina10col\/\",\"https:\/\/youtube.com\/channel\/pag10\",\"https:\/\/www.tiktok.com\/@p10col\"]},{\"@type\":\"Person\",\"@id\":\"https:\/\/pagina10.com\/web\/#\/schema\/person\/2efc4a090d25b667d3bc796798a3a81b\",\"name\":\"P\u00e1gina 10\",\"description\":\"P\u00e1gina 10 es un peri\u00f3dico regional que nace en Colombia, en el departamento de Nari\u00f1o, con un enfoque global, fundamentado en cuatro pilares esenciales: la libertad, el pluralismo, la inclusi\u00f3n y la independencia. P\u00e1gina 10 hace referencia a Nari\u00f1o como el d\u00e9cimo departamento creado en Colombia, despu\u00e9s de un proceso pol\u00edtico liderado por actores y actrices regionales con el fin de obtener la independencia y autonom\u00eda de nuestros territorios. Con la creaci\u00f3n de P\u00e1gina 10 se pretende abrir un escenario para el dialogo, la reflexi\u00f3n y el debate que se extienda a otras geograf\u00edas de Am\u00e9rica Latina y del planeta, en una apuesta por transformar colectivamente los desaf\u00edos de un mundo contempor\u00e1neo, m\u00e1s all\u00e1 de las fronteras impuestas.\",\"url\":\"https:\/\/pagina10.com\/web\/author\/pdiezadmin\/\"}]}<\/script>\n<!-- \/ Yoast SEO plugin. -->","yoast_head_json":{"title":"Congresistas nari\u00f1enses del Pacto Hist\u00f3rico se pronuncian frente a posible eliminaci\u00f3n del subsidio a los combustibles | P\u00e1gina10","robots":{"index":"index","follow":"follow","max-snippet":"max-snippet:-1","max-image-preview":"max-image-preview:large","max-video-preview":"max-video-preview:-1"},"canonical":"https:\/\/pagina10.com\/web\/congresistas-narinenses-del-pacto-historico-se-pronuncian-frente-a-posible-eliminacion-del-subsidio-a-los-combustibles\/","og_locale":"es_ES","og_type":"article","og_title":"Congresistas nari\u00f1enses del Pacto Hist\u00f3rico se pronuncian frente a posible eliminaci\u00f3n del subsidio a los combustibles | P\u00e1gina10","og_description":"Ante la posible eliminaci\u00f3n del subsidio a los combustibles en zona de frontera, los congresistas nari\u00f1enses del Pacto Hist\u00f3rico, Robert Daza y Polivio Rosales, se pronunciaron al respecto manifestando su desacuerdo con la propuesta presentada dentro de la nueva reforma tributaria. Daza a trav\u00e9s de su cuenta de twitter escribi\u00f3: \u201cComo Senador de la frontera [&hellip;]","og_url":"https:\/\/pagina10.com\/web\/congresistas-narinenses-del-pacto-historico-se-pronuncian-frente-a-posible-eliminacion-del-subsidio-a-los-combustibles\/","og_site_name":"P\u00e1gina10","article_publisher":"https:\/\/www.facebook.com\/pag10com","article_published_time":"2022-08-09T17:43:51+00:00","og_image":[{"width":748,"height":528,"url":"https:\/\/pagina10.com\/web\/wp-content\/uploads\/2022\/08\/EpWrhpdW4AEtIhG.jpg","type":"image\/jpeg"}],"author":"P\u00e1gina 10","twitter_card":"summary_large_image","twitter_creator":"@Pag10com","twitter_site":"@Pag10com","twitter_misc":{"Escrito por":"P\u00e1gina 10","Tiempo de lectura":"2 minutos"},"schema":{"@context":"https:\/\/schema.org","@graph":[{"@type":"Article","@id":"https:\/\/pagina10.com\/web\/congresistas-narinenses-del-pacto-historico-se-pronuncian-frente-a-posible-eliminacion-del-subsidio-a-los-combustibles\/#article","isPartOf":{"@id":"https:\/\/pagina10.com\/web\/congresistas-narinenses-del-pacto-historico-se-pronuncian-frente-a-posible-eliminacion-del-subsidio-a-los-combustibles\/"},"author":{"name":"P\u00e1gina 10","@id":"https:\/\/pagina10.com\/web\/#\/schema\/person\/2efc4a090d25b667d3bc796798a3a81b"},"headline":"Congresistas nari\u00f1enses del Pacto Hist\u00f3rico se pronuncian frente a posible eliminaci\u00f3n del subsidio a los combustibles","datePublished":"2022-08-09T17:43:51+00:00","mainEntityOfPage":{"@id":"https:\/\/pagina10.com\/web\/congresistas-narinenses-del-pacto-historico-se-pronuncian-frente-a-posible-eliminacion-del-subsidio-a-los-combustibles\/"},"wordCount":352,"commentCount":0,"publisher":{"@id":"https:\/\/pagina10.com\/web\/#organization"},"image":{"@id":"https:\/\/pagina10.com\/web\/congresistas-narinenses-del-pacto-historico-se-pronuncian-frente-a-posible-eliminacion-del-subsidio-a-los-combustibles\/#primaryimage"},"thumbnailUrl":"https:\/\/pagina10.com\/web\/wp-content\/uploads\/2022\/08\/EpWrhpdW4AEtIhG.jpg","articleSection":["Regiones","Titulares"],"inLanguage":"es","potentialAction":[{"@type":"CommentAction","name":"Comment","target":["https:\/\/pagina10.com\/web\/congresistas-narinenses-del-pacto-historico-se-pronuncian-frente-a-posible-eliminacion-del-subsidio-a-los-combustibles\/#respond"]}]},{"@type":"WebPage","@id":"https:\/\/pagina10.com\/web\/congresistas-narinenses-del-pacto-historico-se-pronuncian-frente-a-posible-eliminacion-del-subsidio-a-los-combustibles\/","url":"https:\/\/pagina10.com\/web\/congresistas-narinenses-del-pacto-historico-se-pronuncian-frente-a-posible-eliminacion-del-subsidio-a-los-combustibles\/","name":"Congresistas nari\u00f1enses del Pacto Hist\u00f3rico se pronuncian frente a posible eliminaci\u00f3n del subsidio a los combustibles | P\u00e1gina10","isPartOf":{"@id":"https:\/\/pagina10.com\/web\/#website"},"primaryImageOfPage":{"@id":"https:\/\/pagina10.com\/web\/congresistas-narinenses-del-pacto-historico-se-pronuncian-frente-a-posible-eliminacion-del-subsidio-a-los-combustibles\/#primaryimage"},"image":{"@id":"https:\/\/pagina10.com\/web\/congresistas-narinenses-del-pacto-historico-se-pronuncian-frente-a-posible-eliminacion-del-subsidio-a-los-combustibles\/#primaryimage"},"thumbnailUrl":"https:\/\/pagina10.com\/web\/wp-content\/uploads\/2022\/08\/EpWrhpdW4AEtIhG.jpg","datePublished":"2022-08-09T17:43:51+00:00","breadcrumb":{"@id":"https:\/\/pagina10.com\/web\/congresistas-narinenses-del-pacto-historico-se-pronuncian-frente-a-posible-eliminacion-del-subsidio-a-los-combustibles\/#breadcrumb"},"inLanguage":"es","potentialAction":[{"@type":"ReadAction","target":["https:\/\/pagina10.com\/web\/congresistas-narinenses-del-pacto-historico-se-pronuncian-frente-a-posible-eliminacion-del-subsidio-a-los-combustibles\/"]}]},{"@type":"ImageObject","inLanguage":"es","@id":"https:\/\/pagina10.com\/web\/congresistas-narinenses-del-pacto-historico-se-pronuncian-frente-a-posible-eliminacion-del-subsidio-a-los-combustibles\/#primaryimage","url":"https:\/\/pagina10.com\/web\/wp-content\/uploads\/2022\/08\/EpWrhpdW4AEtIhG.jpg","contentUrl":"https:\/\/pagina10.com\/web\/wp-content\/uploads\/2022\/08\/EpWrhpdW4AEtIhG.jpg","width":748,"height":528},{"@type":"BreadcrumbList","@id":"https:\/\/pagina10.com\/web\/congresistas-narinenses-del-pacto-historico-se-pronuncian-frente-a-posible-eliminacion-del-subsidio-a-los-combustibles\/#breadcrumb","itemListElement":[{"@type":"ListItem","position":1,"name":"Portada","item":"https:\/\/pagina10.com\/web\/"},{"@type":"ListItem","position":2,"name":"Congresistas nari\u00f1enses del Pacto Hist\u00f3rico se pronuncian frente a posible eliminaci\u00f3n del subsidio a los combustibles"}]},{"@type":"WebSite","@id":"https:\/\/pagina10.com\/web\/#website","url":"https:\/\/pagina10.com\/web\/","name":"P\u00e1gina10","description":"Peri\u00f3dico Regional","publisher":{"@id":"https:\/\/pagina10.com\/web\/#organization"},"alternateName":"P\u00e1gina10 Peri\u00f3dico Regional","potentialAction":[{"@type":"SearchAction","target":{"@type":"EntryPoint","urlTemplate":"https:\/\/pagina10.com\/web\/?s={search_term_string}"},"query-input":{"@type":"PropertyValueSpecification","valueRequired":true,"valueName":"search_term_string"}}],"inLanguage":"es"},{"@type":"Organization","@id":"https:\/\/pagina10.com\/web\/#organization","name":"P\u00e1gina10","alternateName":"P\u00e1gina10 Peri\u00f3dico Regional","url":"https:\/\/pagina10.com\/web\/","logo":{"@type":"ImageObject","inLanguage":"es","@id":"https:\/\/pagina10.com\/web\/#\/schema\/logo\/image\/","url":"https:\/\/pagina10.com\/web\/wp-content\/uploads\/2024\/01\/40-pagina-10-periodico-regional-pasto.jpg","contentUrl":"https:\/\/pagina10.com\/web\/wp-content\/uploads\/2024\/01\/40-pagina-10-periodico-regional-pasto.jpg","width":1280,"height":720,"caption":"P\u00e1gina10"},"image":{"@id":"https:\/\/pagina10.com\/web\/#\/schema\/logo\/image\/"},"sameAs":["https:\/\/www.facebook.com\/pag10com","https:\/\/x.com\/Pag10com","https:\/\/www.instagram.com\/pagina10col\/","https:\/\/youtube.com\/channel\/pag10","https:\/\/www.tiktok.com\/@p10col"]},{"@type":"Person","@id":"https:\/\/pagina10.com\/web\/#\/schema\/person\/2efc4a090d25b667d3bc796798a3a81b","name":"P\u00e1gina 10","description":"P\u00e1gina 10 es un peri\u00f3dico regional que nace en Colombia, en el departamento de Nari\u00f1o, con un enfoque global, fundamentado en cuatro pilares esenciales: la libertad, el pluralismo, la inclusi\u00f3n y la independencia. P\u00e1gina 10 hace referencia a Nari\u00f1o como el d\u00e9cimo departamento creado en Colombia, despu\u00e9s de un proceso pol\u00edtico liderado por actores y actrices regionales con el fin de obtener la independencia y autonom\u00eda de nuestros territorios. Con la creaci\u00f3n de P\u00e1gina 10 se pretende abrir un escenario para el dialogo, la reflexi\u00f3n y el debate que se extienda a otras geograf\u00edas de Am\u00e9rica Latina y del planeta, en una apuesta por transformar colectivamente los desaf\u00edos de un mundo contempor\u00e1neo, m\u00e1s all\u00e1 de las fronteras impuestas.","url":"https:\/\/pagina10.com\/web\/author\/pdiezadmin\/"}]}},"_links":{"self":[{"href":"https:\/\/pagina10.com\/web\/wp-json\/wp\/v2\/posts\/60926","targetHints":{"allow":["GET"]}}],"collection":[{"href":"https:\/\/pagina10.com\/web\/wp-json\/wp\/v2\/posts"}],"about":[{"href":"https:\/\/pagina10.com\/web\/wp-json\/wp\/v2\/types\/post"}],"author":[{"embeddable":true,"href":"https:\/\/pagina10.com\/web\/wp-json\/wp\/v2\/users\/1"}],"replies":[{"embeddable":true,"href":"https:\/\/pagina10.com\/web\/wp-json\/wp\/v2\/comments?post=60926"}],"version-history":[{"count":1,"href":"https:\/\/pagina10.com\/web\/wp-json\/wp\/v2\/posts\/60926\/revisions"}],"predecessor-version":[{"id":60928,"href":"https:\/\/pagina10.com\/web\/wp-json\/wp\/v2\/posts\/60926\/revisions\/60928"}],"wp:featuredmedia":[{"embeddable":true,"href":"https:\/\/pagina10.com\/web\/wp-json\/wp\/v2\/media\/60927"}],"wp:attachment":[{"href":"https:\/\/pagina10.com\/web\/wp-json\/wp\/v2\/media?parent=60926"}],"wp:term":[{"taxonomy":"category","embeddable":true,"href":"https:\/\/pagina10.com\/web\/wp-json\/wp\/v2\/categories?post=60926"},{"taxonomy":"post_tag","embeddable":true,"href":"https:\/\/pagina10.com\/web\/wp-json\/wp\/v2\/tags?post=60926"}],"curies":[{"name":"wp","href":"https:\/\/api.w.org\/{rel}","templated":true}]}}