{"id":60932,"date":"2022-08-09T14:26:43","date_gmt":"2022-08-09T19:26:43","guid":{"rendered":"https:\/\/pagina10.com\/web\/?p=60932"},"modified":"2022-08-09T14:26:43","modified_gmt":"2022-08-09T19:26:43","slug":"en-ipiales-autoridades-siguen-tras-la-pista-de-asesino-de-vigilante","status":"publish","type":"post","link":"https:\/\/pagina10.com\/web\/en-ipiales-autoridades-siguen-tras-la-pista-de-asesino-de-vigilante\/","title":{"rendered":"En Ipiales autoridades siguen tras la pista de asesino de vigilante"},"content":{"rendered":"<p style=\"text-align: justify;\">El crimen del vigilante Juan Carlos Chaves, quien laboraba en el Hospital Civil de Ipiales, ocurri\u00f3 en la noche del lunes 8 de agosto minutos despu\u00e9s de haber terminado su turno. El homicida lo acribill\u00f3 a la altura del Club Panamericano cuando se desplazaba en su bicicleta rumbo a su casa.<\/p>\n<p style=\"text-align: justify;\">En acto seguido el responsable del asesinato se dio a la fuga, mientras algunos habitantes del sector trataron de prestarle ayuda al guarda de seguridad. Sin embargo, nada pudieron hacer ya que los impactos de bala le cegaron la vida de forma inmediata. Las autoridades competentes adelantaron la inspecci\u00f3n t\u00e9cnica del cad\u00e1ver.<\/p>\n<p style=\"text-align: justify;\">As\u00ed mismo, iniciaron la correspondiente investigaci\u00f3n para determinar la identidad de los autores del crimen. Para ello, recoge testimonios y verifican alg\u00fan registro captado en c\u00e1maras de seguridad.<\/p>\n<p style=\"text-align: justify;\">Las directivas del hospital emitieron un comunicado lamentando lo ocurrido. \u201cCon gran tristeza compartimos un mensaje de condolencias por el lamentable fallecimiento de nuestro compa\u00f1ero y amigo Juan Carlos Ch\u00e1vez R\u00faales, quien se desempe\u00f1aba como Guarda de Seguridad en nuestra instituci\u00f3n.<\/p>\n<p style=\"text-align: justify;\">Rodeamos en un abrazo solidario a su esposa Yudy Alexandra Casanova y sus hijos Carlos Eduardo y Juan Daniel\u00a0 Ch\u00e1vez Casanova. Elevamos nuestras oraciones para que sus seres queridos encuentren alivio y consuelo para sobrellevar tan dif\u00edcil p\u00e9rdida.<\/p>\n<p style=\"text-align: justify;\">Rechazamos con contundencia todo acto de violencia que atente contra la vida y la integridad de la comunidad y hacemos un llamado a respetar el nombre y el recuerdo de Juan Carlos\u00a0 as\u00ed como el duelo de su familia\u201d.<\/p>\n","protected":false},"excerpt":{"rendered":"<p>El crimen del vigilante Juan Carlos Chaves, quien laboraba en el Hospital Civil de Ipiales, ocurri\u00f3 en la noche del lunes 8 de agosto minutos despu\u00e9s de haber terminado su turno. El homicida lo acribill\u00f3 a la altura del Club Panamericano cuando se desplazaba en su bicicleta rumbo a su casa. En acto seguido el [&hellip;]<\/p>\n","protected":false},"author":1,"featured_media":60933,"comment_status":"open","ping_status":"open","sticky":false,"template":"","format":"standard","meta":{"footnotes":""},"categories":[61],"tags":[],"class_list":["post-60932","post","type-post","status-publish","format-standard","has-post-thumbnail","hentry","category-judicial"],"yoast_head":"<!-- This site is optimized with the Yoast SEO plugin v27.1.1 - https:\/\/yoast.com\/product\/yoast-seo-wordpress\/ -->\n<title>En Ipiales autoridades siguen tras la pista de asesino de vigilante | P\u00e1gina10<\/title>\n<meta name=\"robots\" content=\"index, follow, max-snippet:-1, max-image-preview:large, max-video-preview:-1\" \/>\n<link rel=\"canonical\" href=\"https:\/\/pagina10.com\/web\/en-ipiales-autoridades-siguen-tras-la-pista-de-asesino-de-vigilante\/\" \/>\n<meta property=\"og:locale\" content=\"es_ES\" \/>\n<meta property=\"og:type\" content=\"article\" \/>\n<meta property=\"og:title\" content=\"En Ipiales autoridades siguen tras la pista de asesino de vigilante | P\u00e1gina10\" \/>\n<meta property=\"og:description\" content=\"El crimen del vigilante Juan Carlos Chaves, quien laboraba en el Hospital Civil de Ipiales, ocurri\u00f3 en la noche del lunes 8 de agosto minutos despu\u00e9s de haber terminado su turno. El homicida lo acribill\u00f3 a la altura del Club Panamericano cuando se desplazaba en su bicicleta rumbo a su casa. En acto seguido el [&hellip;]\" \/>\n<meta property=\"og:url\" content=\"https:\/\/pagina10.com\/web\/en-ipiales-autoridades-siguen-tras-la-pista-de-asesino-de-vigilante\/\" \/>\n<meta property=\"og:site_name\" content=\"P\u00e1gina10\" \/>\n<meta property=\"article:publisher\" content=\"https:\/\/www.facebook.com\/pag10com\" \/>\n<meta property=\"article:published_time\" content=\"2022-08-09T19:26:43+00:00\" \/>\n<meta property=\"og:image\" content=\"https:\/\/pagina10.com\/web\/wp-content\/uploads\/2022\/08\/298089652_126136133477032_40786591483571361_n.jpg\" \/>\n\t<meta property=\"og:image:width\" content=\"960\" \/>\n\t<meta property=\"og:image:height\" content=\"548\" \/>\n\t<meta property=\"og:image:type\" content=\"image\/jpeg\" \/>\n<meta name=\"author\" content=\"P\u00e1gina 10\" \/>\n<meta name=\"twitter:card\" content=\"summary_large_image\" \/>\n<meta name=\"twitter:creator\" content=\"@Pag10com\" \/>\n<meta name=\"twitter:site\" content=\"@Pag10com\" \/>\n<meta name=\"twitter:label1\" content=\"Escrito por\" \/>\n\t<meta name=\"twitter:data1\" content=\"P\u00e1gina 10\" \/>\n\t<meta name=\"twitter:label2\" content=\"Tiempo de lectura\" \/>\n\t<meta name=\"twitter:data2\" content=\"1 minuto\" \/>\n<script type=\"application\/ld+json\" class=\"yoast-schema-graph\">{\"@context\":\"https:\/\/schema.org\",\"@graph\":[{\"@type\":\"Article\",\"@id\":\"https:\/\/pagina10.com\/web\/en-ipiales-autoridades-siguen-tras-la-pista-de-asesino-de-vigilante\/#article\",\"isPartOf\":{\"@id\":\"https:\/\/pagina10.com\/web\/en-ipiales-autoridades-siguen-tras-la-pista-de-asesino-de-vigilante\/\"},\"author\":{\"name\":\"P\u00e1gina 10\",\"@id\":\"https:\/\/pagina10.com\/web\/#\/schema\/person\/2efc4a090d25b667d3bc796798a3a81b\"},\"headline\":\"En Ipiales autoridades siguen tras la pista de asesino de vigilante\",\"datePublished\":\"2022-08-09T19:26:43+00:00\",\"mainEntityOfPage\":{\"@id\":\"https:\/\/pagina10.com\/web\/en-ipiales-autoridades-siguen-tras-la-pista-de-asesino-de-vigilante\/\"},\"wordCount\":274,\"commentCount\":0,\"publisher\":{\"@id\":\"https:\/\/pagina10.com\/web\/#organization\"},\"image\":{\"@id\":\"https:\/\/pagina10.com\/web\/en-ipiales-autoridades-siguen-tras-la-pista-de-asesino-de-vigilante\/#primaryimage\"},\"thumbnailUrl\":\"https:\/\/pagina10.com\/web\/wp-content\/uploads\/2022\/08\/298089652_126136133477032_40786591483571361_n.jpg\",\"articleSection\":[\"Judicial\"],\"inLanguage\":\"es\",\"potentialAction\":[{\"@type\":\"CommentAction\",\"name\":\"Comment\",\"target\":[\"https:\/\/pagina10.com\/web\/en-ipiales-autoridades-siguen-tras-la-pista-de-asesino-de-vigilante\/#respond\"]}]},{\"@type\":\"WebPage\",\"@id\":\"https:\/\/pagina10.com\/web\/en-ipiales-autoridades-siguen-tras-la-pista-de-asesino-de-vigilante\/\",\"url\":\"https:\/\/pagina10.com\/web\/en-ipiales-autoridades-siguen-tras-la-pista-de-asesino-de-vigilante\/\",\"name\":\"En Ipiales autoridades siguen tras la pista de asesino de vigilante | P\u00e1gina10\",\"isPartOf\":{\"@id\":\"https:\/\/pagina10.com\/web\/#website\"},\"primaryImageOfPage\":{\"@id\":\"https:\/\/pagina10.com\/web\/en-ipiales-autoridades-siguen-tras-la-pista-de-asesino-de-vigilante\/#primaryimage\"},\"image\":{\"@id\":\"https:\/\/pagina10.com\/web\/en-ipiales-autoridades-siguen-tras-la-pista-de-asesino-de-vigilante\/#primaryimage\"},\"thumbnailUrl\":\"https:\/\/pagina10.com\/web\/wp-content\/uploads\/2022\/08\/298089652_126136133477032_40786591483571361_n.jpg\",\"datePublished\":\"2022-08-09T19:26:43+00:00\",\"breadcrumb\":{\"@id\":\"https:\/\/pagina10.com\/web\/en-ipiales-autoridades-siguen-tras-la-pista-de-asesino-de-vigilante\/#breadcrumb\"},\"inLanguage\":\"es\",\"potentialAction\":[{\"@type\":\"ReadAction\",\"target\":[\"https:\/\/pagina10.com\/web\/en-ipiales-autoridades-siguen-tras-la-pista-de-asesino-de-vigilante\/\"]}]},{\"@type\":\"ImageObject\",\"inLanguage\":\"es\",\"@id\":\"https:\/\/pagina10.com\/web\/en-ipiales-autoridades-siguen-tras-la-pista-de-asesino-de-vigilante\/#primaryimage\",\"url\":\"https:\/\/pagina10.com\/web\/wp-content\/uploads\/2022\/08\/298089652_126136133477032_40786591483571361_n.jpg\",\"contentUrl\":\"https:\/\/pagina10.com\/web\/wp-content\/uploads\/2022\/08\/298089652_126136133477032_40786591483571361_n.jpg\",\"width\":960,\"height\":548},{\"@type\":\"BreadcrumbList\",\"@id\":\"https:\/\/pagina10.com\/web\/en-ipiales-autoridades-siguen-tras-la-pista-de-asesino-de-vigilante\/#breadcrumb\",\"itemListElement\":[{\"@type\":\"ListItem\",\"position\":1,\"name\":\"Portada\",\"item\":\"https:\/\/pagina10.com\/web\/\"},{\"@type\":\"ListItem\",\"position\":2,\"name\":\"En Ipiales autoridades siguen tras la pista de asesino de vigilante\"}]},{\"@type\":\"WebSite\",\"@id\":\"https:\/\/pagina10.com\/web\/#website\",\"url\":\"https:\/\/pagina10.com\/web\/\",\"name\":\"P\u00e1gina10\",\"description\":\"Peri\u00f3dico Regional\",\"publisher\":{\"@id\":\"https:\/\/pagina10.com\/web\/#organization\"},\"alternateName\":\"P\u00e1gina10 Peri\u00f3dico Regional\",\"potentialAction\":[{\"@type\":\"SearchAction\",\"target\":{\"@type\":\"EntryPoint\",\"urlTemplate\":\"https:\/\/pagina10.com\/web\/?s={search_term_string}\"},\"query-input\":{\"@type\":\"PropertyValueSpecification\",\"valueRequired\":true,\"valueName\":\"search_term_string\"}}],\"inLanguage\":\"es\"},{\"@type\":\"Organization\",\"@id\":\"https:\/\/pagina10.com\/web\/#organization\",\"name\":\"P\u00e1gina10\",\"alternateName\":\"P\u00e1gina10 Peri\u00f3dico Regional\",\"url\":\"https:\/\/pagina10.com\/web\/\",\"logo\":{\"@type\":\"ImageObject\",\"inLanguage\":\"es\",\"@id\":\"https:\/\/pagina10.com\/web\/#\/schema\/logo\/image\/\",\"url\":\"https:\/\/pagina10.com\/web\/wp-content\/uploads\/2024\/01\/40-pagina-10-periodico-regional-pasto.jpg\",\"contentUrl\":\"https:\/\/pagina10.com\/web\/wp-content\/uploads\/2024\/01\/40-pagina-10-periodico-regional-pasto.jpg\",\"width\":1280,\"height\":720,\"caption\":\"P\u00e1gina10\"},\"image\":{\"@id\":\"https:\/\/pagina10.com\/web\/#\/schema\/logo\/image\/\"},\"sameAs\":[\"https:\/\/www.facebook.com\/pag10com\",\"https:\/\/x.com\/Pag10com\",\"https:\/\/www.instagram.com\/pagina10col\/\",\"https:\/\/youtube.com\/channel\/pag10\",\"https:\/\/www.tiktok.com\/@p10col\"]},{\"@type\":\"Person\",\"@id\":\"https:\/\/pagina10.com\/web\/#\/schema\/person\/2efc4a090d25b667d3bc796798a3a81b\",\"name\":\"P\u00e1gina 10\",\"description\":\"P\u00e1gina 10 es un peri\u00f3dico regional que nace en Colombia, en el departamento de Nari\u00f1o, con un enfoque global, fundamentado en cuatro pilares esenciales: la libertad, el pluralismo, la inclusi\u00f3n y la independencia. P\u00e1gina 10 hace referencia a Nari\u00f1o como el d\u00e9cimo departamento creado en Colombia, despu\u00e9s de un proceso pol\u00edtico liderado por actores y actrices regionales con el fin de obtener la independencia y autonom\u00eda de nuestros territorios. Con la creaci\u00f3n de P\u00e1gina 10 se pretende abrir un escenario para el dialogo, la reflexi\u00f3n y el debate que se extienda a otras geograf\u00edas de Am\u00e9rica Latina y del planeta, en una apuesta por transformar colectivamente los desaf\u00edos de un mundo contempor\u00e1neo, m\u00e1s all\u00e1 de las fronteras impuestas.\",\"url\":\"https:\/\/pagina10.com\/web\/author\/pdiezadmin\/\"}]}<\/script>\n<!-- \/ Yoast SEO plugin. -->","yoast_head_json":{"title":"En Ipiales autoridades siguen tras la pista de asesino de vigilante | P\u00e1gina10","robots":{"index":"index","follow":"follow","max-snippet":"max-snippet:-1","max-image-preview":"max-image-preview:large","max-video-preview":"max-video-preview:-1"},"canonical":"https:\/\/pagina10.com\/web\/en-ipiales-autoridades-siguen-tras-la-pista-de-asesino-de-vigilante\/","og_locale":"es_ES","og_type":"article","og_title":"En Ipiales autoridades siguen tras la pista de asesino de vigilante | P\u00e1gina10","og_description":"El crimen del vigilante Juan Carlos Chaves, quien laboraba en el Hospital Civil de Ipiales, ocurri\u00f3 en la noche del lunes 8 de agosto minutos despu\u00e9s de haber terminado su turno. El homicida lo acribill\u00f3 a la altura del Club Panamericano cuando se desplazaba en su bicicleta rumbo a su casa. En acto seguido el [&hellip;]","og_url":"https:\/\/pagina10.com\/web\/en-ipiales-autoridades-siguen-tras-la-pista-de-asesino-de-vigilante\/","og_site_name":"P\u00e1gina10","article_publisher":"https:\/\/www.facebook.com\/pag10com","article_published_time":"2022-08-09T19:26:43+00:00","og_image":[{"width":960,"height":548,"url":"https:\/\/pagina10.com\/web\/wp-content\/uploads\/2022\/08\/298089652_126136133477032_40786591483571361_n.jpg","type":"image\/jpeg"}],"author":"P\u00e1gina 10","twitter_card":"summary_large_image","twitter_creator":"@Pag10com","twitter_site":"@Pag10com","twitter_misc":{"Escrito por":"P\u00e1gina 10","Tiempo de lectura":"1 minuto"},"schema":{"@context":"https:\/\/schema.org","@graph":[{"@type":"Article","@id":"https:\/\/pagina10.com\/web\/en-ipiales-autoridades-siguen-tras-la-pista-de-asesino-de-vigilante\/#article","isPartOf":{"@id":"https:\/\/pagina10.com\/web\/en-ipiales-autoridades-siguen-tras-la-pista-de-asesino-de-vigilante\/"},"author":{"name":"P\u00e1gina 10","@id":"https:\/\/pagina10.com\/web\/#\/schema\/person\/2efc4a090d25b667d3bc796798a3a81b"},"headline":"En Ipiales autoridades siguen tras la pista de asesino de vigilante","datePublished":"2022-08-09T19:26:43+00:00","mainEntityOfPage":{"@id":"https:\/\/pagina10.com\/web\/en-ipiales-autoridades-siguen-tras-la-pista-de-asesino-de-vigilante\/"},"wordCount":274,"commentCount":0,"publisher":{"@id":"https:\/\/pagina10.com\/web\/#organization"},"image":{"@id":"https:\/\/pagina10.com\/web\/en-ipiales-autoridades-siguen-tras-la-pista-de-asesino-de-vigilante\/#primaryimage"},"thumbnailUrl":"https:\/\/pagina10.com\/web\/wp-content\/uploads\/2022\/08\/298089652_126136133477032_40786591483571361_n.jpg","articleSection":["Judicial"],"inLanguage":"es","potentialAction":[{"@type":"CommentAction","name":"Comment","target":["https:\/\/pagina10.com\/web\/en-ipiales-autoridades-siguen-tras-la-pista-de-asesino-de-vigilante\/#respond"]}]},{"@type":"WebPage","@id":"https:\/\/pagina10.com\/web\/en-ipiales-autoridades-siguen-tras-la-pista-de-asesino-de-vigilante\/","url":"https:\/\/pagina10.com\/web\/en-ipiales-autoridades-siguen-tras-la-pista-de-asesino-de-vigilante\/","name":"En Ipiales autoridades siguen tras la pista de asesino de vigilante | P\u00e1gina10","isPartOf":{"@id":"https:\/\/pagina10.com\/web\/#website"},"primaryImageOfPage":{"@id":"https:\/\/pagina10.com\/web\/en-ipiales-autoridades-siguen-tras-la-pista-de-asesino-de-vigilante\/#primaryimage"},"image":{"@id":"https:\/\/pagina10.com\/web\/en-ipiales-autoridades-siguen-tras-la-pista-de-asesino-de-vigilante\/#primaryimage"},"thumbnailUrl":"https:\/\/pagina10.com\/web\/wp-content\/uploads\/2022\/08\/298089652_126136133477032_40786591483571361_n.jpg","datePublished":"2022-08-09T19:26:43+00:00","breadcrumb":{"@id":"https:\/\/pagina10.com\/web\/en-ipiales-autoridades-siguen-tras-la-pista-de-asesino-de-vigilante\/#breadcrumb"},"inLanguage":"es","potentialAction":[{"@type":"ReadAction","target":["https:\/\/pagina10.com\/web\/en-ipiales-autoridades-siguen-tras-la-pista-de-asesino-de-vigilante\/"]}]},{"@type":"ImageObject","inLanguage":"es","@id":"https:\/\/pagina10.com\/web\/en-ipiales-autoridades-siguen-tras-la-pista-de-asesino-de-vigilante\/#primaryimage","url":"https:\/\/pagina10.com\/web\/wp-content\/uploads\/2022\/08\/298089652_126136133477032_40786591483571361_n.jpg","contentUrl":"https:\/\/pagina10.com\/web\/wp-content\/uploads\/2022\/08\/298089652_126136133477032_40786591483571361_n.jpg","width":960,"height":548},{"@type":"BreadcrumbList","@id":"https:\/\/pagina10.com\/web\/en-ipiales-autoridades-siguen-tras-la-pista-de-asesino-de-vigilante\/#breadcrumb","itemListElement":[{"@type":"ListItem","position":1,"name":"Portada","item":"https:\/\/pagina10.com\/web\/"},{"@type":"ListItem","position":2,"name":"En Ipiales autoridades siguen tras la pista de asesino de vigilante"}]},{"@type":"WebSite","@id":"https:\/\/pagina10.com\/web\/#website","url":"https:\/\/pagina10.com\/web\/","name":"P\u00e1gina10","description":"Peri\u00f3dico Regional","publisher":{"@id":"https:\/\/pagina10.com\/web\/#organization"},"alternateName":"P\u00e1gina10 Peri\u00f3dico Regional","potentialAction":[{"@type":"SearchAction","target":{"@type":"EntryPoint","urlTemplate":"https:\/\/pagina10.com\/web\/?s={search_term_string}"},"query-input":{"@type":"PropertyValueSpecification","valueRequired":true,"valueName":"search_term_string"}}],"inLanguage":"es"},{"@type":"Organization","@id":"https:\/\/pagina10.com\/web\/#organization","name":"P\u00e1gina10","alternateName":"P\u00e1gina10 Peri\u00f3dico Regional","url":"https:\/\/pagina10.com\/web\/","logo":{"@type":"ImageObject","inLanguage":"es","@id":"https:\/\/pagina10.com\/web\/#\/schema\/logo\/image\/","url":"https:\/\/pagina10.com\/web\/wp-content\/uploads\/2024\/01\/40-pagina-10-periodico-regional-pasto.jpg","contentUrl":"https:\/\/pagina10.com\/web\/wp-content\/uploads\/2024\/01\/40-pagina-10-periodico-regional-pasto.jpg","width":1280,"height":720,"caption":"P\u00e1gina10"},"image":{"@id":"https:\/\/pagina10.com\/web\/#\/schema\/logo\/image\/"},"sameAs":["https:\/\/www.facebook.com\/pag10com","https:\/\/x.com\/Pag10com","https:\/\/www.instagram.com\/pagina10col\/","https:\/\/youtube.com\/channel\/pag10","https:\/\/www.tiktok.com\/@p10col"]},{"@type":"Person","@id":"https:\/\/pagina10.com\/web\/#\/schema\/person\/2efc4a090d25b667d3bc796798a3a81b","name":"P\u00e1gina 10","description":"P\u00e1gina 10 es un peri\u00f3dico regional que nace en Colombia, en el departamento de Nari\u00f1o, con un enfoque global, fundamentado en cuatro pilares esenciales: la libertad, el pluralismo, la inclusi\u00f3n y la independencia. P\u00e1gina 10 hace referencia a Nari\u00f1o como el d\u00e9cimo departamento creado en Colombia, despu\u00e9s de un proceso pol\u00edtico liderado por actores y actrices regionales con el fin de obtener la independencia y autonom\u00eda de nuestros territorios. Con la creaci\u00f3n de P\u00e1gina 10 se pretende abrir un escenario para el dialogo, la reflexi\u00f3n y el debate que se extienda a otras geograf\u00edas de Am\u00e9rica Latina y del planeta, en una apuesta por transformar colectivamente los desaf\u00edos de un mundo contempor\u00e1neo, m\u00e1s all\u00e1 de las fronteras impuestas.","url":"https:\/\/pagina10.com\/web\/author\/pdiezadmin\/"}]}},"_links":{"self":[{"href":"https:\/\/pagina10.com\/web\/wp-json\/wp\/v2\/posts\/60932","targetHints":{"allow":["GET"]}}],"collection":[{"href":"https:\/\/pagina10.com\/web\/wp-json\/wp\/v2\/posts"}],"about":[{"href":"https:\/\/pagina10.com\/web\/wp-json\/wp\/v2\/types\/post"}],"author":[{"embeddable":true,"href":"https:\/\/pagina10.com\/web\/wp-json\/wp\/v2\/users\/1"}],"replies":[{"embeddable":true,"href":"https:\/\/pagina10.com\/web\/wp-json\/wp\/v2\/comments?post=60932"}],"version-history":[{"count":1,"href":"https:\/\/pagina10.com\/web\/wp-json\/wp\/v2\/posts\/60932\/revisions"}],"predecessor-version":[{"id":60934,"href":"https:\/\/pagina10.com\/web\/wp-json\/wp\/v2\/posts\/60932\/revisions\/60934"}],"wp:featuredmedia":[{"embeddable":true,"href":"https:\/\/pagina10.com\/web\/wp-json\/wp\/v2\/media\/60933"}],"wp:attachment":[{"href":"https:\/\/pagina10.com\/web\/wp-json\/wp\/v2\/media?parent=60932"}],"wp:term":[{"taxonomy":"category","embeddable":true,"href":"https:\/\/pagina10.com\/web\/wp-json\/wp\/v2\/categories?post=60932"},{"taxonomy":"post_tag","embeddable":true,"href":"https:\/\/pagina10.com\/web\/wp-json\/wp\/v2\/tags?post=60932"}],"curies":[{"name":"wp","href":"https:\/\/api.w.org\/{rel}","templated":true}]}}