{"id":60960,"date":"2022-08-10T22:53:28","date_gmt":"2022-08-11T03:53:28","guid":{"rendered":"https:\/\/pagina10.com\/web\/?p=60960"},"modified":"2022-08-11T13:10:44","modified_gmt":"2022-08-11T18:10:44","slug":"en-tumaco-mueren-dos-menores-de-edad-tras-incendio","status":"publish","type":"post","link":"https:\/\/pagina10.com\/web\/en-tumaco-mueren-dos-menores-de-edad-tras-incendio\/","title":{"rendered":"En Tumaco mueren dos menores de edad tras incendio"},"content":{"rendered":"<p style=\"text-align: justify;\">Como Dana Ramos y Mar\u00eda Ramos de 11 y 4 a\u00f1os fueron identificadas las dos menores de edad fallecidas en la vereda Nueva Vista, zona rural de Tumaco, al parecer por un incendio causado por fallas en la infraestructura el\u00e9ctrica.<\/p>\n<p style=\"text-align: justify;\">El hecho ocurri\u00f3 en la noche del martes mientras las dos ni\u00f1as dorm\u00edan. Seg\u00fan moradores del sector, la conflagraci\u00f3n se habr\u00eda generado tras la explosi\u00f3n de un transformador ubicado cerca de la vivienda que en ese momento se encontraba ocupada por la familia de las menores.<\/p>\n<p style=\"text-align: justify;\">Pese a que los dem\u00e1s integrantes lograron salir de la casa, Dana y Mar\u00eda no corrieron la misma suerte y perecieron calcinadas sin que nadie las pudiera ayudar. Las llamas tambi\u00e9n provocaron lesiones de consideraci\u00f3n a sus padres y un hermano, quienes reciben asistencia m\u00e9dica.<\/p>\n<p style=\"text-align: justify;\">Ante lo ocurrido, el gobernador de Nari\u00f1o Jhon Rojas, se solidariz\u00f3 con las v\u00edctimas y solicit\u00f3 a las autoridades \u201cse investigue rigurosamente este hecho\u201d.<\/p>\n","protected":false},"excerpt":{"rendered":"<p>Como Dana Ramos y Mar\u00eda Ramos de 11 y 4 a\u00f1os fueron identificadas las dos menores de edad fallecidas en la vereda Nueva Vista, zona rural de Tumaco, al parecer por un incendio causado por fallas en la infraestructura el\u00e9ctrica. El hecho ocurri\u00f3 en la noche del martes mientras las dos ni\u00f1as dorm\u00edan. Seg\u00fan moradores [&hellip;]<\/p>\n","protected":false},"author":1,"featured_media":60961,"comment_status":"open","ping_status":"open","sticky":false,"template":"","format":"standard","meta":{"footnotes":""},"categories":[61],"tags":[],"class_list":["post-60960","post","type-post","status-publish","format-standard","has-post-thumbnail","hentry","category-judicial"],"yoast_head":"<!-- This site is optimized with the Yoast SEO plugin v27.1.1 - https:\/\/yoast.com\/product\/yoast-seo-wordpress\/ -->\n<title>En Tumaco mueren dos menores de edad tras incendio | P\u00e1gina10<\/title>\n<meta name=\"robots\" content=\"index, follow, max-snippet:-1, max-image-preview:large, max-video-preview:-1\" \/>\n<link rel=\"canonical\" href=\"https:\/\/pagina10.com\/web\/en-tumaco-mueren-dos-menores-de-edad-tras-incendio\/\" \/>\n<meta property=\"og:locale\" content=\"es_ES\" \/>\n<meta property=\"og:type\" content=\"article\" \/>\n<meta property=\"og:title\" content=\"En Tumaco mueren dos menores de edad tras incendio | P\u00e1gina10\" \/>\n<meta property=\"og:description\" content=\"Como Dana Ramos y Mar\u00eda Ramos de 11 y 4 a\u00f1os fueron identificadas las dos menores de edad fallecidas en la vereda Nueva Vista, zona rural de Tumaco, al parecer por un incendio causado por fallas en la infraestructura el\u00e9ctrica. El hecho ocurri\u00f3 en la noche del martes mientras las dos ni\u00f1as dorm\u00edan. Seg\u00fan moradores [&hellip;]\" \/>\n<meta property=\"og:url\" content=\"https:\/\/pagina10.com\/web\/en-tumaco-mueren-dos-menores-de-edad-tras-incendio\/\" \/>\n<meta property=\"og:site_name\" content=\"P\u00e1gina10\" \/>\n<meta property=\"article:publisher\" content=\"https:\/\/www.facebook.com\/pag10com\" \/>\n<meta property=\"article:published_time\" content=\"2022-08-11T03:53:28+00:00\" \/>\n<meta property=\"article:modified_time\" content=\"2022-08-11T18:10:44+00:00\" \/>\n<meta property=\"og:image\" content=\"https:\/\/pagina10.com\/web\/wp-content\/uploads\/2022\/08\/Tumaco-1.jpg\" \/>\n\t<meta property=\"og:image:width\" content=\"734\" \/>\n\t<meta property=\"og:image:height\" content=\"486\" \/>\n\t<meta property=\"og:image:type\" content=\"image\/jpeg\" \/>\n<meta name=\"author\" content=\"P\u00e1gina 10\" \/>\n<meta name=\"twitter:card\" content=\"summary_large_image\" \/>\n<meta name=\"twitter:creator\" content=\"@Pag10com\" \/>\n<meta name=\"twitter:site\" content=\"@Pag10com\" \/>\n<meta name=\"twitter:label1\" content=\"Escrito por\" \/>\n\t<meta name=\"twitter:data1\" content=\"P\u00e1gina 10\" \/>\n\t<meta name=\"twitter:label2\" content=\"Tiempo de lectura\" \/>\n\t<meta name=\"twitter:data2\" content=\"1 minuto\" \/>\n<script type=\"application\/ld+json\" class=\"yoast-schema-graph\">{\"@context\":\"https:\/\/schema.org\",\"@graph\":[{\"@type\":\"Article\",\"@id\":\"https:\/\/pagina10.com\/web\/en-tumaco-mueren-dos-menores-de-edad-tras-incendio\/#article\",\"isPartOf\":{\"@id\":\"https:\/\/pagina10.com\/web\/en-tumaco-mueren-dos-menores-de-edad-tras-incendio\/\"},\"author\":{\"name\":\"P\u00e1gina 10\",\"@id\":\"https:\/\/pagina10.com\/web\/#\/schema\/person\/2efc4a090d25b667d3bc796798a3a81b\"},\"headline\":\"En Tumaco mueren dos menores de edad tras incendio\",\"datePublished\":\"2022-08-11T03:53:28+00:00\",\"dateModified\":\"2022-08-11T18:10:44+00:00\",\"mainEntityOfPage\":{\"@id\":\"https:\/\/pagina10.com\/web\/en-tumaco-mueren-dos-menores-de-edad-tras-incendio\/\"},\"wordCount\":178,\"commentCount\":0,\"publisher\":{\"@id\":\"https:\/\/pagina10.com\/web\/#organization\"},\"image\":{\"@id\":\"https:\/\/pagina10.com\/web\/en-tumaco-mueren-dos-menores-de-edad-tras-incendio\/#primaryimage\"},\"thumbnailUrl\":\"https:\/\/pagina10.com\/web\/wp-content\/uploads\/2022\/08\/Tumaco-1.jpg\",\"articleSection\":[\"Judicial\"],\"inLanguage\":\"es\",\"potentialAction\":[{\"@type\":\"CommentAction\",\"name\":\"Comment\",\"target\":[\"https:\/\/pagina10.com\/web\/en-tumaco-mueren-dos-menores-de-edad-tras-incendio\/#respond\"]}]},{\"@type\":\"WebPage\",\"@id\":\"https:\/\/pagina10.com\/web\/en-tumaco-mueren-dos-menores-de-edad-tras-incendio\/\",\"url\":\"https:\/\/pagina10.com\/web\/en-tumaco-mueren-dos-menores-de-edad-tras-incendio\/\",\"name\":\"En Tumaco mueren dos menores de edad tras incendio | P\u00e1gina10\",\"isPartOf\":{\"@id\":\"https:\/\/pagina10.com\/web\/#website\"},\"primaryImageOfPage\":{\"@id\":\"https:\/\/pagina10.com\/web\/en-tumaco-mueren-dos-menores-de-edad-tras-incendio\/#primaryimage\"},\"image\":{\"@id\":\"https:\/\/pagina10.com\/web\/en-tumaco-mueren-dos-menores-de-edad-tras-incendio\/#primaryimage\"},\"thumbnailUrl\":\"https:\/\/pagina10.com\/web\/wp-content\/uploads\/2022\/08\/Tumaco-1.jpg\",\"datePublished\":\"2022-08-11T03:53:28+00:00\",\"dateModified\":\"2022-08-11T18:10:44+00:00\",\"breadcrumb\":{\"@id\":\"https:\/\/pagina10.com\/web\/en-tumaco-mueren-dos-menores-de-edad-tras-incendio\/#breadcrumb\"},\"inLanguage\":\"es\",\"potentialAction\":[{\"@type\":\"ReadAction\",\"target\":[\"https:\/\/pagina10.com\/web\/en-tumaco-mueren-dos-menores-de-edad-tras-incendio\/\"]}]},{\"@type\":\"ImageObject\",\"inLanguage\":\"es\",\"@id\":\"https:\/\/pagina10.com\/web\/en-tumaco-mueren-dos-menores-de-edad-tras-incendio\/#primaryimage\",\"url\":\"https:\/\/pagina10.com\/web\/wp-content\/uploads\/2022\/08\/Tumaco-1.jpg\",\"contentUrl\":\"https:\/\/pagina10.com\/web\/wp-content\/uploads\/2022\/08\/Tumaco-1.jpg\",\"width\":734,\"height\":486},{\"@type\":\"BreadcrumbList\",\"@id\":\"https:\/\/pagina10.com\/web\/en-tumaco-mueren-dos-menores-de-edad-tras-incendio\/#breadcrumb\",\"itemListElement\":[{\"@type\":\"ListItem\",\"position\":1,\"name\":\"Portada\",\"item\":\"https:\/\/pagina10.com\/web\/\"},{\"@type\":\"ListItem\",\"position\":2,\"name\":\"En Tumaco mueren dos menores de edad tras incendio\"}]},{\"@type\":\"WebSite\",\"@id\":\"https:\/\/pagina10.com\/web\/#website\",\"url\":\"https:\/\/pagina10.com\/web\/\",\"name\":\"P\u00e1gina10\",\"description\":\"Peri\u00f3dico Regional\",\"publisher\":{\"@id\":\"https:\/\/pagina10.com\/web\/#organization\"},\"alternateName\":\"P\u00e1gina10 Peri\u00f3dico Regional\",\"potentialAction\":[{\"@type\":\"SearchAction\",\"target\":{\"@type\":\"EntryPoint\",\"urlTemplate\":\"https:\/\/pagina10.com\/web\/?s={search_term_string}\"},\"query-input\":{\"@type\":\"PropertyValueSpecification\",\"valueRequired\":true,\"valueName\":\"search_term_string\"}}],\"inLanguage\":\"es\"},{\"@type\":\"Organization\",\"@id\":\"https:\/\/pagina10.com\/web\/#organization\",\"name\":\"P\u00e1gina10\",\"alternateName\":\"P\u00e1gina10 Peri\u00f3dico Regional\",\"url\":\"https:\/\/pagina10.com\/web\/\",\"logo\":{\"@type\":\"ImageObject\",\"inLanguage\":\"es\",\"@id\":\"https:\/\/pagina10.com\/web\/#\/schema\/logo\/image\/\",\"url\":\"https:\/\/pagina10.com\/web\/wp-content\/uploads\/2024\/01\/40-pagina-10-periodico-regional-pasto.jpg\",\"contentUrl\":\"https:\/\/pagina10.com\/web\/wp-content\/uploads\/2024\/01\/40-pagina-10-periodico-regional-pasto.jpg\",\"width\":1280,\"height\":720,\"caption\":\"P\u00e1gina10\"},\"image\":{\"@id\":\"https:\/\/pagina10.com\/web\/#\/schema\/logo\/image\/\"},\"sameAs\":[\"https:\/\/www.facebook.com\/pag10com\",\"https:\/\/x.com\/Pag10com\",\"https:\/\/www.instagram.com\/pagina10col\/\",\"https:\/\/youtube.com\/channel\/pag10\",\"https:\/\/www.tiktok.com\/@p10col\"]},{\"@type\":\"Person\",\"@id\":\"https:\/\/pagina10.com\/web\/#\/schema\/person\/2efc4a090d25b667d3bc796798a3a81b\",\"name\":\"P\u00e1gina 10\",\"description\":\"P\u00e1gina 10 es un peri\u00f3dico regional que nace en Colombia, en el departamento de Nari\u00f1o, con un enfoque global, fundamentado en cuatro pilares esenciales: la libertad, el pluralismo, la inclusi\u00f3n y la independencia. P\u00e1gina 10 hace referencia a Nari\u00f1o como el d\u00e9cimo departamento creado en Colombia, despu\u00e9s de un proceso pol\u00edtico liderado por actores y actrices regionales con el fin de obtener la independencia y autonom\u00eda de nuestros territorios. Con la creaci\u00f3n de P\u00e1gina 10 se pretende abrir un escenario para el dialogo, la reflexi\u00f3n y el debate que se extienda a otras geograf\u00edas de Am\u00e9rica Latina y del planeta, en una apuesta por transformar colectivamente los desaf\u00edos de un mundo contempor\u00e1neo, m\u00e1s all\u00e1 de las fronteras impuestas.\",\"url\":\"https:\/\/pagina10.com\/web\/author\/pdiezadmin\/\"}]}<\/script>\n<!-- \/ Yoast SEO plugin. -->","yoast_head_json":{"title":"En Tumaco mueren dos menores de edad tras incendio | P\u00e1gina10","robots":{"index":"index","follow":"follow","max-snippet":"max-snippet:-1","max-image-preview":"max-image-preview:large","max-video-preview":"max-video-preview:-1"},"canonical":"https:\/\/pagina10.com\/web\/en-tumaco-mueren-dos-menores-de-edad-tras-incendio\/","og_locale":"es_ES","og_type":"article","og_title":"En Tumaco mueren dos menores de edad tras incendio | P\u00e1gina10","og_description":"Como Dana Ramos y Mar\u00eda Ramos de 11 y 4 a\u00f1os fueron identificadas las dos menores de edad fallecidas en la vereda Nueva Vista, zona rural de Tumaco, al parecer por un incendio causado por fallas en la infraestructura el\u00e9ctrica. El hecho ocurri\u00f3 en la noche del martes mientras las dos ni\u00f1as dorm\u00edan. Seg\u00fan moradores [&hellip;]","og_url":"https:\/\/pagina10.com\/web\/en-tumaco-mueren-dos-menores-de-edad-tras-incendio\/","og_site_name":"P\u00e1gina10","article_publisher":"https:\/\/www.facebook.com\/pag10com","article_published_time":"2022-08-11T03:53:28+00:00","article_modified_time":"2022-08-11T18:10:44+00:00","og_image":[{"width":734,"height":486,"url":"https:\/\/pagina10.com\/web\/wp-content\/uploads\/2022\/08\/Tumaco-1.jpg","type":"image\/jpeg"}],"author":"P\u00e1gina 10","twitter_card":"summary_large_image","twitter_creator":"@Pag10com","twitter_site":"@Pag10com","twitter_misc":{"Escrito por":"P\u00e1gina 10","Tiempo de lectura":"1 minuto"},"schema":{"@context":"https:\/\/schema.org","@graph":[{"@type":"Article","@id":"https:\/\/pagina10.com\/web\/en-tumaco-mueren-dos-menores-de-edad-tras-incendio\/#article","isPartOf":{"@id":"https:\/\/pagina10.com\/web\/en-tumaco-mueren-dos-menores-de-edad-tras-incendio\/"},"author":{"name":"P\u00e1gina 10","@id":"https:\/\/pagina10.com\/web\/#\/schema\/person\/2efc4a090d25b667d3bc796798a3a81b"},"headline":"En Tumaco mueren dos menores de edad tras incendio","datePublished":"2022-08-11T03:53:28+00:00","dateModified":"2022-08-11T18:10:44+00:00","mainEntityOfPage":{"@id":"https:\/\/pagina10.com\/web\/en-tumaco-mueren-dos-menores-de-edad-tras-incendio\/"},"wordCount":178,"commentCount":0,"publisher":{"@id":"https:\/\/pagina10.com\/web\/#organization"},"image":{"@id":"https:\/\/pagina10.com\/web\/en-tumaco-mueren-dos-menores-de-edad-tras-incendio\/#primaryimage"},"thumbnailUrl":"https:\/\/pagina10.com\/web\/wp-content\/uploads\/2022\/08\/Tumaco-1.jpg","articleSection":["Judicial"],"inLanguage":"es","potentialAction":[{"@type":"CommentAction","name":"Comment","target":["https:\/\/pagina10.com\/web\/en-tumaco-mueren-dos-menores-de-edad-tras-incendio\/#respond"]}]},{"@type":"WebPage","@id":"https:\/\/pagina10.com\/web\/en-tumaco-mueren-dos-menores-de-edad-tras-incendio\/","url":"https:\/\/pagina10.com\/web\/en-tumaco-mueren-dos-menores-de-edad-tras-incendio\/","name":"En Tumaco mueren dos menores de edad tras incendio | P\u00e1gina10","isPartOf":{"@id":"https:\/\/pagina10.com\/web\/#website"},"primaryImageOfPage":{"@id":"https:\/\/pagina10.com\/web\/en-tumaco-mueren-dos-menores-de-edad-tras-incendio\/#primaryimage"},"image":{"@id":"https:\/\/pagina10.com\/web\/en-tumaco-mueren-dos-menores-de-edad-tras-incendio\/#primaryimage"},"thumbnailUrl":"https:\/\/pagina10.com\/web\/wp-content\/uploads\/2022\/08\/Tumaco-1.jpg","datePublished":"2022-08-11T03:53:28+00:00","dateModified":"2022-08-11T18:10:44+00:00","breadcrumb":{"@id":"https:\/\/pagina10.com\/web\/en-tumaco-mueren-dos-menores-de-edad-tras-incendio\/#breadcrumb"},"inLanguage":"es","potentialAction":[{"@type":"ReadAction","target":["https:\/\/pagina10.com\/web\/en-tumaco-mueren-dos-menores-de-edad-tras-incendio\/"]}]},{"@type":"ImageObject","inLanguage":"es","@id":"https:\/\/pagina10.com\/web\/en-tumaco-mueren-dos-menores-de-edad-tras-incendio\/#primaryimage","url":"https:\/\/pagina10.com\/web\/wp-content\/uploads\/2022\/08\/Tumaco-1.jpg","contentUrl":"https:\/\/pagina10.com\/web\/wp-content\/uploads\/2022\/08\/Tumaco-1.jpg","width":734,"height":486},{"@type":"BreadcrumbList","@id":"https:\/\/pagina10.com\/web\/en-tumaco-mueren-dos-menores-de-edad-tras-incendio\/#breadcrumb","itemListElement":[{"@type":"ListItem","position":1,"name":"Portada","item":"https:\/\/pagina10.com\/web\/"},{"@type":"ListItem","position":2,"name":"En Tumaco mueren dos menores de edad tras incendio"}]},{"@type":"WebSite","@id":"https:\/\/pagina10.com\/web\/#website","url":"https:\/\/pagina10.com\/web\/","name":"P\u00e1gina10","description":"Peri\u00f3dico Regional","publisher":{"@id":"https:\/\/pagina10.com\/web\/#organization"},"alternateName":"P\u00e1gina10 Peri\u00f3dico Regional","potentialAction":[{"@type":"SearchAction","target":{"@type":"EntryPoint","urlTemplate":"https:\/\/pagina10.com\/web\/?s={search_term_string}"},"query-input":{"@type":"PropertyValueSpecification","valueRequired":true,"valueName":"search_term_string"}}],"inLanguage":"es"},{"@type":"Organization","@id":"https:\/\/pagina10.com\/web\/#organization","name":"P\u00e1gina10","alternateName":"P\u00e1gina10 Peri\u00f3dico Regional","url":"https:\/\/pagina10.com\/web\/","logo":{"@type":"ImageObject","inLanguage":"es","@id":"https:\/\/pagina10.com\/web\/#\/schema\/logo\/image\/","url":"https:\/\/pagina10.com\/web\/wp-content\/uploads\/2024\/01\/40-pagina-10-periodico-regional-pasto.jpg","contentUrl":"https:\/\/pagina10.com\/web\/wp-content\/uploads\/2024\/01\/40-pagina-10-periodico-regional-pasto.jpg","width":1280,"height":720,"caption":"P\u00e1gina10"},"image":{"@id":"https:\/\/pagina10.com\/web\/#\/schema\/logo\/image\/"},"sameAs":["https:\/\/www.facebook.com\/pag10com","https:\/\/x.com\/Pag10com","https:\/\/www.instagram.com\/pagina10col\/","https:\/\/youtube.com\/channel\/pag10","https:\/\/www.tiktok.com\/@p10col"]},{"@type":"Person","@id":"https:\/\/pagina10.com\/web\/#\/schema\/person\/2efc4a090d25b667d3bc796798a3a81b","name":"P\u00e1gina 10","description":"P\u00e1gina 10 es un peri\u00f3dico regional que nace en Colombia, en el departamento de Nari\u00f1o, con un enfoque global, fundamentado en cuatro pilares esenciales: la libertad, el pluralismo, la inclusi\u00f3n y la independencia. P\u00e1gina 10 hace referencia a Nari\u00f1o como el d\u00e9cimo departamento creado en Colombia, despu\u00e9s de un proceso pol\u00edtico liderado por actores y actrices regionales con el fin de obtener la independencia y autonom\u00eda de nuestros territorios. Con la creaci\u00f3n de P\u00e1gina 10 se pretende abrir un escenario para el dialogo, la reflexi\u00f3n y el debate que se extienda a otras geograf\u00edas de Am\u00e9rica Latina y del planeta, en una apuesta por transformar colectivamente los desaf\u00edos de un mundo contempor\u00e1neo, m\u00e1s all\u00e1 de las fronteras impuestas.","url":"https:\/\/pagina10.com\/web\/author\/pdiezadmin\/"}]}},"_links":{"self":[{"href":"https:\/\/pagina10.com\/web\/wp-json\/wp\/v2\/posts\/60960","targetHints":{"allow":["GET"]}}],"collection":[{"href":"https:\/\/pagina10.com\/web\/wp-json\/wp\/v2\/posts"}],"about":[{"href":"https:\/\/pagina10.com\/web\/wp-json\/wp\/v2\/types\/post"}],"author":[{"embeddable":true,"href":"https:\/\/pagina10.com\/web\/wp-json\/wp\/v2\/users\/1"}],"replies":[{"embeddable":true,"href":"https:\/\/pagina10.com\/web\/wp-json\/wp\/v2\/comments?post=60960"}],"version-history":[{"count":2,"href":"https:\/\/pagina10.com\/web\/wp-json\/wp\/v2\/posts\/60960\/revisions"}],"predecessor-version":[{"id":60978,"href":"https:\/\/pagina10.com\/web\/wp-json\/wp\/v2\/posts\/60960\/revisions\/60978"}],"wp:featuredmedia":[{"embeddable":true,"href":"https:\/\/pagina10.com\/web\/wp-json\/wp\/v2\/media\/60961"}],"wp:attachment":[{"href":"https:\/\/pagina10.com\/web\/wp-json\/wp\/v2\/media?parent=60960"}],"wp:term":[{"taxonomy":"category","embeddable":true,"href":"https:\/\/pagina10.com\/web\/wp-json\/wp\/v2\/categories?post=60960"},{"taxonomy":"post_tag","embeddable":true,"href":"https:\/\/pagina10.com\/web\/wp-json\/wp\/v2\/tags?post=60960"}],"curies":[{"name":"wp","href":"https:\/\/api.w.org\/{rel}","templated":true}]}}