{"id":60979,"date":"2022-08-11T23:11:27","date_gmt":"2022-08-12T04:11:27","guid":{"rendered":"https:\/\/pagina10.com\/web\/?p=60979"},"modified":"2022-08-11T23:11:27","modified_gmt":"2022-08-12T04:11:27","slug":"en-linares-buscan-a-hombre-que-cayo-al-rio-guaitara","status":"publish","type":"post","link":"https:\/\/pagina10.com\/web\/en-linares-buscan-a-hombre-que-cayo-al-rio-guaitara\/","title":{"rendered":"En Linares buscan a hombre que cay\u00f3 al r\u00edo Gu\u00e1itara"},"content":{"rendered":"<p style=\"text-align: justify;\">Hacia las 5:30 de la tarde del mi\u00e9rcoles 10 de agosto, Eduardo Humberto Imbacu\u00e1n de 34 a\u00f1os, se dispon\u00eda a regresar a su hogar ubicado en el casco urbano del municipio de Linares, luego de terminar su jornada laboral en una finca de El Tambo, nororiente de Nari\u00f1o.<\/p>\n<p style=\"text-align: justify;\">Sin embargo no logr\u00f3 llegar a su destino ya que la tarabita en la que se movilizaba sufri\u00f3 una falla provocando su ca\u00edda al r\u00edo Gu\u00e1itara- El accidente ocurri\u00f3 en la vereda que lleva el mismo nombre del afluente y desde ese instante hasta el cierre de esta nota, no se conoc\u00eda informaci\u00f3n sobre su paradero.<\/p>\n<p style=\"text-align: justify;\">Unidades del Cuerpo de Bomberos Voluntarios y de la Defensa Civil del mencionado municipio, iniciaron desde este jueves en la ma\u00f1ana las labores de b\u00fasqueda aunque sin ning\u00fan resultado. Sus familiares habilitaron el celular 3146646876 para recibir noticias sobre Imbacu\u00e1n y as\u00ed mismo, dispusieron de una recompensa para quien les suministre informaci\u00f3n.<\/p>\n","protected":false},"excerpt":{"rendered":"<p>Hacia las 5:30 de la tarde del mi\u00e9rcoles 10 de agosto, Eduardo Humberto Imbacu\u00e1n de 34 a\u00f1os, se dispon\u00eda a regresar a su hogar ubicado en el casco urbano del municipio de Linares, luego de terminar su jornada laboral en una finca de El Tambo, nororiente de Nari\u00f1o. Sin embargo no logr\u00f3 llegar a su [&hellip;]<\/p>\n","protected":false},"author":1,"featured_media":60980,"comment_status":"open","ping_status":"open","sticky":false,"template":"","format":"standard","meta":{"footnotes":""},"categories":[61],"tags":[],"class_list":["post-60979","post","type-post","status-publish","format-standard","has-post-thumbnail","hentry","category-judicial"],"yoast_head":"<!-- This site is optimized with the Yoast SEO plugin v27.1.1 - https:\/\/yoast.com\/product\/yoast-seo-wordpress\/ -->\n<title>En Linares buscan a hombre que cay\u00f3 al r\u00edo Gu\u00e1itara | P\u00e1gina10<\/title>\n<meta name=\"robots\" content=\"index, follow, max-snippet:-1, max-image-preview:large, max-video-preview:-1\" \/>\n<link rel=\"canonical\" href=\"https:\/\/pagina10.com\/web\/en-linares-buscan-a-hombre-que-cayo-al-rio-guaitara\/\" \/>\n<meta property=\"og:locale\" content=\"es_ES\" \/>\n<meta property=\"og:type\" content=\"article\" \/>\n<meta property=\"og:title\" content=\"En Linares buscan a hombre que cay\u00f3 al r\u00edo Gu\u00e1itara | P\u00e1gina10\" \/>\n<meta property=\"og:description\" content=\"Hacia las 5:30 de la tarde del mi\u00e9rcoles 10 de agosto, Eduardo Humberto Imbacu\u00e1n de 34 a\u00f1os, se dispon\u00eda a regresar a su hogar ubicado en el casco urbano del municipio de Linares, luego de terminar su jornada laboral en una finca de El Tambo, nororiente de Nari\u00f1o. Sin embargo no logr\u00f3 llegar a su [&hellip;]\" \/>\n<meta property=\"og:url\" content=\"https:\/\/pagina10.com\/web\/en-linares-buscan-a-hombre-que-cayo-al-rio-guaitara\/\" \/>\n<meta property=\"og:site_name\" content=\"P\u00e1gina10\" \/>\n<meta property=\"article:publisher\" content=\"https:\/\/www.facebook.com\/pag10com\" \/>\n<meta property=\"article:published_time\" content=\"2022-08-12T04:11:27+00:00\" \/>\n<meta property=\"og:image\" content=\"https:\/\/pagina10.com\/web\/wp-content\/uploads\/2022\/08\/Eduardo-Imbacuan-668x334-1.jpg\" \/>\n\t<meta property=\"og:image:width\" content=\"668\" \/>\n\t<meta property=\"og:image:height\" content=\"334\" \/>\n\t<meta property=\"og:image:type\" content=\"image\/jpeg\" \/>\n<meta name=\"author\" content=\"P\u00e1gina 10\" \/>\n<meta name=\"twitter:card\" content=\"summary_large_image\" \/>\n<meta name=\"twitter:creator\" content=\"@Pag10com\" \/>\n<meta name=\"twitter:site\" content=\"@Pag10com\" \/>\n<meta name=\"twitter:label1\" content=\"Escrito por\" \/>\n\t<meta name=\"twitter:data1\" content=\"P\u00e1gina 10\" \/>\n\t<meta name=\"twitter:label2\" content=\"Tiempo de lectura\" \/>\n\t<meta name=\"twitter:data2\" content=\"1 minuto\" \/>\n<script type=\"application\/ld+json\" class=\"yoast-schema-graph\">{\"@context\":\"https:\/\/schema.org\",\"@graph\":[{\"@type\":\"Article\",\"@id\":\"https:\/\/pagina10.com\/web\/en-linares-buscan-a-hombre-que-cayo-al-rio-guaitara\/#article\",\"isPartOf\":{\"@id\":\"https:\/\/pagina10.com\/web\/en-linares-buscan-a-hombre-que-cayo-al-rio-guaitara\/\"},\"author\":{\"name\":\"P\u00e1gina 10\",\"@id\":\"https:\/\/pagina10.com\/web\/#\/schema\/person\/2efc4a090d25b667d3bc796798a3a81b\"},\"headline\":\"En Linares buscan a hombre que cay\u00f3 al r\u00edo Gu\u00e1itara\",\"datePublished\":\"2022-08-12T04:11:27+00:00\",\"mainEntityOfPage\":{\"@id\":\"https:\/\/pagina10.com\/web\/en-linares-buscan-a-hombre-que-cayo-al-rio-guaitara\/\"},\"wordCount\":179,\"commentCount\":0,\"publisher\":{\"@id\":\"https:\/\/pagina10.com\/web\/#organization\"},\"image\":{\"@id\":\"https:\/\/pagina10.com\/web\/en-linares-buscan-a-hombre-que-cayo-al-rio-guaitara\/#primaryimage\"},\"thumbnailUrl\":\"https:\/\/pagina10.com\/web\/wp-content\/uploads\/2022\/08\/Eduardo-Imbacuan-668x334-1.jpg\",\"articleSection\":[\"Judicial\"],\"inLanguage\":\"es\",\"potentialAction\":[{\"@type\":\"CommentAction\",\"name\":\"Comment\",\"target\":[\"https:\/\/pagina10.com\/web\/en-linares-buscan-a-hombre-que-cayo-al-rio-guaitara\/#respond\"]}]},{\"@type\":\"WebPage\",\"@id\":\"https:\/\/pagina10.com\/web\/en-linares-buscan-a-hombre-que-cayo-al-rio-guaitara\/\",\"url\":\"https:\/\/pagina10.com\/web\/en-linares-buscan-a-hombre-que-cayo-al-rio-guaitara\/\",\"name\":\"En Linares buscan a hombre que cay\u00f3 al r\u00edo Gu\u00e1itara | P\u00e1gina10\",\"isPartOf\":{\"@id\":\"https:\/\/pagina10.com\/web\/#website\"},\"primaryImageOfPage\":{\"@id\":\"https:\/\/pagina10.com\/web\/en-linares-buscan-a-hombre-que-cayo-al-rio-guaitara\/#primaryimage\"},\"image\":{\"@id\":\"https:\/\/pagina10.com\/web\/en-linares-buscan-a-hombre-que-cayo-al-rio-guaitara\/#primaryimage\"},\"thumbnailUrl\":\"https:\/\/pagina10.com\/web\/wp-content\/uploads\/2022\/08\/Eduardo-Imbacuan-668x334-1.jpg\",\"datePublished\":\"2022-08-12T04:11:27+00:00\",\"breadcrumb\":{\"@id\":\"https:\/\/pagina10.com\/web\/en-linares-buscan-a-hombre-que-cayo-al-rio-guaitara\/#breadcrumb\"},\"inLanguage\":\"es\",\"potentialAction\":[{\"@type\":\"ReadAction\",\"target\":[\"https:\/\/pagina10.com\/web\/en-linares-buscan-a-hombre-que-cayo-al-rio-guaitara\/\"]}]},{\"@type\":\"ImageObject\",\"inLanguage\":\"es\",\"@id\":\"https:\/\/pagina10.com\/web\/en-linares-buscan-a-hombre-que-cayo-al-rio-guaitara\/#primaryimage\",\"url\":\"https:\/\/pagina10.com\/web\/wp-content\/uploads\/2022\/08\/Eduardo-Imbacuan-668x334-1.jpg\",\"contentUrl\":\"https:\/\/pagina10.com\/web\/wp-content\/uploads\/2022\/08\/Eduardo-Imbacuan-668x334-1.jpg\",\"width\":668,\"height\":334},{\"@type\":\"BreadcrumbList\",\"@id\":\"https:\/\/pagina10.com\/web\/en-linares-buscan-a-hombre-que-cayo-al-rio-guaitara\/#breadcrumb\",\"itemListElement\":[{\"@type\":\"ListItem\",\"position\":1,\"name\":\"Portada\",\"item\":\"https:\/\/pagina10.com\/web\/\"},{\"@type\":\"ListItem\",\"position\":2,\"name\":\"En Linares buscan a hombre que cay\u00f3 al r\u00edo Gu\u00e1itara\"}]},{\"@type\":\"WebSite\",\"@id\":\"https:\/\/pagina10.com\/web\/#website\",\"url\":\"https:\/\/pagina10.com\/web\/\",\"name\":\"P\u00e1gina10\",\"description\":\"Peri\u00f3dico Regional\",\"publisher\":{\"@id\":\"https:\/\/pagina10.com\/web\/#organization\"},\"alternateName\":\"P\u00e1gina10 Peri\u00f3dico Regional\",\"potentialAction\":[{\"@type\":\"SearchAction\",\"target\":{\"@type\":\"EntryPoint\",\"urlTemplate\":\"https:\/\/pagina10.com\/web\/?s={search_term_string}\"},\"query-input\":{\"@type\":\"PropertyValueSpecification\",\"valueRequired\":true,\"valueName\":\"search_term_string\"}}],\"inLanguage\":\"es\"},{\"@type\":\"Organization\",\"@id\":\"https:\/\/pagina10.com\/web\/#organization\",\"name\":\"P\u00e1gina10\",\"alternateName\":\"P\u00e1gina10 Peri\u00f3dico Regional\",\"url\":\"https:\/\/pagina10.com\/web\/\",\"logo\":{\"@type\":\"ImageObject\",\"inLanguage\":\"es\",\"@id\":\"https:\/\/pagina10.com\/web\/#\/schema\/logo\/image\/\",\"url\":\"https:\/\/pagina10.com\/web\/wp-content\/uploads\/2024\/01\/40-pagina-10-periodico-regional-pasto.jpg\",\"contentUrl\":\"https:\/\/pagina10.com\/web\/wp-content\/uploads\/2024\/01\/40-pagina-10-periodico-regional-pasto.jpg\",\"width\":1280,\"height\":720,\"caption\":\"P\u00e1gina10\"},\"image\":{\"@id\":\"https:\/\/pagina10.com\/web\/#\/schema\/logo\/image\/\"},\"sameAs\":[\"https:\/\/www.facebook.com\/pag10com\",\"https:\/\/x.com\/Pag10com\",\"https:\/\/www.instagram.com\/pagina10col\/\",\"https:\/\/youtube.com\/channel\/pag10\",\"https:\/\/www.tiktok.com\/@p10col\"]},{\"@type\":\"Person\",\"@id\":\"https:\/\/pagina10.com\/web\/#\/schema\/person\/2efc4a090d25b667d3bc796798a3a81b\",\"name\":\"P\u00e1gina 10\",\"description\":\"P\u00e1gina 10 es un peri\u00f3dico regional que nace en Colombia, en el departamento de Nari\u00f1o, con un enfoque global, fundamentado en cuatro pilares esenciales: la libertad, el pluralismo, la inclusi\u00f3n y la independencia. P\u00e1gina 10 hace referencia a Nari\u00f1o como el d\u00e9cimo departamento creado en Colombia, despu\u00e9s de un proceso pol\u00edtico liderado por actores y actrices regionales con el fin de obtener la independencia y autonom\u00eda de nuestros territorios. Con la creaci\u00f3n de P\u00e1gina 10 se pretende abrir un escenario para el dialogo, la reflexi\u00f3n y el debate que se extienda a otras geograf\u00edas de Am\u00e9rica Latina y del planeta, en una apuesta por transformar colectivamente los desaf\u00edos de un mundo contempor\u00e1neo, m\u00e1s all\u00e1 de las fronteras impuestas.\",\"url\":\"https:\/\/pagina10.com\/web\/author\/pdiezadmin\/\"}]}<\/script>\n<!-- \/ Yoast SEO plugin. -->","yoast_head_json":{"title":"En Linares buscan a hombre que cay\u00f3 al r\u00edo Gu\u00e1itara | P\u00e1gina10","robots":{"index":"index","follow":"follow","max-snippet":"max-snippet:-1","max-image-preview":"max-image-preview:large","max-video-preview":"max-video-preview:-1"},"canonical":"https:\/\/pagina10.com\/web\/en-linares-buscan-a-hombre-que-cayo-al-rio-guaitara\/","og_locale":"es_ES","og_type":"article","og_title":"En Linares buscan a hombre que cay\u00f3 al r\u00edo Gu\u00e1itara | P\u00e1gina10","og_description":"Hacia las 5:30 de la tarde del mi\u00e9rcoles 10 de agosto, Eduardo Humberto Imbacu\u00e1n de 34 a\u00f1os, se dispon\u00eda a regresar a su hogar ubicado en el casco urbano del municipio de Linares, luego de terminar su jornada laboral en una finca de El Tambo, nororiente de Nari\u00f1o. Sin embargo no logr\u00f3 llegar a su [&hellip;]","og_url":"https:\/\/pagina10.com\/web\/en-linares-buscan-a-hombre-que-cayo-al-rio-guaitara\/","og_site_name":"P\u00e1gina10","article_publisher":"https:\/\/www.facebook.com\/pag10com","article_published_time":"2022-08-12T04:11:27+00:00","og_image":[{"width":668,"height":334,"url":"https:\/\/pagina10.com\/web\/wp-content\/uploads\/2022\/08\/Eduardo-Imbacuan-668x334-1.jpg","type":"image\/jpeg"}],"author":"P\u00e1gina 10","twitter_card":"summary_large_image","twitter_creator":"@Pag10com","twitter_site":"@Pag10com","twitter_misc":{"Escrito por":"P\u00e1gina 10","Tiempo de lectura":"1 minuto"},"schema":{"@context":"https:\/\/schema.org","@graph":[{"@type":"Article","@id":"https:\/\/pagina10.com\/web\/en-linares-buscan-a-hombre-que-cayo-al-rio-guaitara\/#article","isPartOf":{"@id":"https:\/\/pagina10.com\/web\/en-linares-buscan-a-hombre-que-cayo-al-rio-guaitara\/"},"author":{"name":"P\u00e1gina 10","@id":"https:\/\/pagina10.com\/web\/#\/schema\/person\/2efc4a090d25b667d3bc796798a3a81b"},"headline":"En Linares buscan a hombre que cay\u00f3 al r\u00edo Gu\u00e1itara","datePublished":"2022-08-12T04:11:27+00:00","mainEntityOfPage":{"@id":"https:\/\/pagina10.com\/web\/en-linares-buscan-a-hombre-que-cayo-al-rio-guaitara\/"},"wordCount":179,"commentCount":0,"publisher":{"@id":"https:\/\/pagina10.com\/web\/#organization"},"image":{"@id":"https:\/\/pagina10.com\/web\/en-linares-buscan-a-hombre-que-cayo-al-rio-guaitara\/#primaryimage"},"thumbnailUrl":"https:\/\/pagina10.com\/web\/wp-content\/uploads\/2022\/08\/Eduardo-Imbacuan-668x334-1.jpg","articleSection":["Judicial"],"inLanguage":"es","potentialAction":[{"@type":"CommentAction","name":"Comment","target":["https:\/\/pagina10.com\/web\/en-linares-buscan-a-hombre-que-cayo-al-rio-guaitara\/#respond"]}]},{"@type":"WebPage","@id":"https:\/\/pagina10.com\/web\/en-linares-buscan-a-hombre-que-cayo-al-rio-guaitara\/","url":"https:\/\/pagina10.com\/web\/en-linares-buscan-a-hombre-que-cayo-al-rio-guaitara\/","name":"En Linares buscan a hombre que cay\u00f3 al r\u00edo Gu\u00e1itara | P\u00e1gina10","isPartOf":{"@id":"https:\/\/pagina10.com\/web\/#website"},"primaryImageOfPage":{"@id":"https:\/\/pagina10.com\/web\/en-linares-buscan-a-hombre-que-cayo-al-rio-guaitara\/#primaryimage"},"image":{"@id":"https:\/\/pagina10.com\/web\/en-linares-buscan-a-hombre-que-cayo-al-rio-guaitara\/#primaryimage"},"thumbnailUrl":"https:\/\/pagina10.com\/web\/wp-content\/uploads\/2022\/08\/Eduardo-Imbacuan-668x334-1.jpg","datePublished":"2022-08-12T04:11:27+00:00","breadcrumb":{"@id":"https:\/\/pagina10.com\/web\/en-linares-buscan-a-hombre-que-cayo-al-rio-guaitara\/#breadcrumb"},"inLanguage":"es","potentialAction":[{"@type":"ReadAction","target":["https:\/\/pagina10.com\/web\/en-linares-buscan-a-hombre-que-cayo-al-rio-guaitara\/"]}]},{"@type":"ImageObject","inLanguage":"es","@id":"https:\/\/pagina10.com\/web\/en-linares-buscan-a-hombre-que-cayo-al-rio-guaitara\/#primaryimage","url":"https:\/\/pagina10.com\/web\/wp-content\/uploads\/2022\/08\/Eduardo-Imbacuan-668x334-1.jpg","contentUrl":"https:\/\/pagina10.com\/web\/wp-content\/uploads\/2022\/08\/Eduardo-Imbacuan-668x334-1.jpg","width":668,"height":334},{"@type":"BreadcrumbList","@id":"https:\/\/pagina10.com\/web\/en-linares-buscan-a-hombre-que-cayo-al-rio-guaitara\/#breadcrumb","itemListElement":[{"@type":"ListItem","position":1,"name":"Portada","item":"https:\/\/pagina10.com\/web\/"},{"@type":"ListItem","position":2,"name":"En Linares buscan a hombre que cay\u00f3 al r\u00edo Gu\u00e1itara"}]},{"@type":"WebSite","@id":"https:\/\/pagina10.com\/web\/#website","url":"https:\/\/pagina10.com\/web\/","name":"P\u00e1gina10","description":"Peri\u00f3dico Regional","publisher":{"@id":"https:\/\/pagina10.com\/web\/#organization"},"alternateName":"P\u00e1gina10 Peri\u00f3dico Regional","potentialAction":[{"@type":"SearchAction","target":{"@type":"EntryPoint","urlTemplate":"https:\/\/pagina10.com\/web\/?s={search_term_string}"},"query-input":{"@type":"PropertyValueSpecification","valueRequired":true,"valueName":"search_term_string"}}],"inLanguage":"es"},{"@type":"Organization","@id":"https:\/\/pagina10.com\/web\/#organization","name":"P\u00e1gina10","alternateName":"P\u00e1gina10 Peri\u00f3dico Regional","url":"https:\/\/pagina10.com\/web\/","logo":{"@type":"ImageObject","inLanguage":"es","@id":"https:\/\/pagina10.com\/web\/#\/schema\/logo\/image\/","url":"https:\/\/pagina10.com\/web\/wp-content\/uploads\/2024\/01\/40-pagina-10-periodico-regional-pasto.jpg","contentUrl":"https:\/\/pagina10.com\/web\/wp-content\/uploads\/2024\/01\/40-pagina-10-periodico-regional-pasto.jpg","width":1280,"height":720,"caption":"P\u00e1gina10"},"image":{"@id":"https:\/\/pagina10.com\/web\/#\/schema\/logo\/image\/"},"sameAs":["https:\/\/www.facebook.com\/pag10com","https:\/\/x.com\/Pag10com","https:\/\/www.instagram.com\/pagina10col\/","https:\/\/youtube.com\/channel\/pag10","https:\/\/www.tiktok.com\/@p10col"]},{"@type":"Person","@id":"https:\/\/pagina10.com\/web\/#\/schema\/person\/2efc4a090d25b667d3bc796798a3a81b","name":"P\u00e1gina 10","description":"P\u00e1gina 10 es un peri\u00f3dico regional que nace en Colombia, en el departamento de Nari\u00f1o, con un enfoque global, fundamentado en cuatro pilares esenciales: la libertad, el pluralismo, la inclusi\u00f3n y la independencia. P\u00e1gina 10 hace referencia a Nari\u00f1o como el d\u00e9cimo departamento creado en Colombia, despu\u00e9s de un proceso pol\u00edtico liderado por actores y actrices regionales con el fin de obtener la independencia y autonom\u00eda de nuestros territorios. Con la creaci\u00f3n de P\u00e1gina 10 se pretende abrir un escenario para el dialogo, la reflexi\u00f3n y el debate que se extienda a otras geograf\u00edas de Am\u00e9rica Latina y del planeta, en una apuesta por transformar colectivamente los desaf\u00edos de un mundo contempor\u00e1neo, m\u00e1s all\u00e1 de las fronteras impuestas.","url":"https:\/\/pagina10.com\/web\/author\/pdiezadmin\/"}]}},"_links":{"self":[{"href":"https:\/\/pagina10.com\/web\/wp-json\/wp\/v2\/posts\/60979","targetHints":{"allow":["GET"]}}],"collection":[{"href":"https:\/\/pagina10.com\/web\/wp-json\/wp\/v2\/posts"}],"about":[{"href":"https:\/\/pagina10.com\/web\/wp-json\/wp\/v2\/types\/post"}],"author":[{"embeddable":true,"href":"https:\/\/pagina10.com\/web\/wp-json\/wp\/v2\/users\/1"}],"replies":[{"embeddable":true,"href":"https:\/\/pagina10.com\/web\/wp-json\/wp\/v2\/comments?post=60979"}],"version-history":[{"count":1,"href":"https:\/\/pagina10.com\/web\/wp-json\/wp\/v2\/posts\/60979\/revisions"}],"predecessor-version":[{"id":60981,"href":"https:\/\/pagina10.com\/web\/wp-json\/wp\/v2\/posts\/60979\/revisions\/60981"}],"wp:featuredmedia":[{"embeddable":true,"href":"https:\/\/pagina10.com\/web\/wp-json\/wp\/v2\/media\/60980"}],"wp:attachment":[{"href":"https:\/\/pagina10.com\/web\/wp-json\/wp\/v2\/media?parent=60979"}],"wp:term":[{"taxonomy":"category","embeddable":true,"href":"https:\/\/pagina10.com\/web\/wp-json\/wp\/v2\/categories?post=60979"},{"taxonomy":"post_tag","embeddable":true,"href":"https:\/\/pagina10.com\/web\/wp-json\/wp\/v2\/tags?post=60979"}],"curies":[{"name":"wp","href":"https:\/\/api.w.org\/{rel}","templated":true}]}}