{"id":60982,"date":"2022-08-11T23:16:56","date_gmt":"2022-08-12T04:16:56","guid":{"rendered":"https:\/\/pagina10.com\/web\/?p=60982"},"modified":"2022-08-11T23:16:56","modified_gmt":"2022-08-12T04:16:56","slug":"colectivos-y-movimientos-sociales-piden-a-petro-evitar-el-clientelismo-en-entidades-regionales","status":"publish","type":"post","link":"https:\/\/pagina10.com\/web\/colectivos-y-movimientos-sociales-piden-a-petro-evitar-el-clientelismo-en-entidades-regionales\/","title":{"rendered":"Colectivos y movimientos sociales piden a Petro evitar el clientelismo en entidades regionales"},"content":{"rendered":"<p style=\"text-align: justify;\">Con una carta firmada por m\u00e1s de 160 organizaciones sociales, lideresas y l\u00edderes sociales y pol\u00edticos, comit\u00e9s municipales y congresistas nari\u00f1enses del Pacto hist\u00f3rico, se hizo un llamado al gobierno del presidente Gustavo Petro para acabar con lo que consideran clientelismo de las entidades de la gesti\u00f3n p\u00fablica del orden nacional con funciones en lo regional y local.<\/p>\n<p style=\"text-align: justify;\">\u201cCreemos que es el momento de que el departamento de Nari\u00f1o salga del atraso al que ha sido sometido por los sectores y partidos pol\u00edticos tradicionales alternados en la direcci\u00f3n del Estado, por eso resulta imperioso evitar que las hegemon\u00edas de la vieja pol\u00edtica sigan apropi\u00e1ndose como feudos clientelares de las entidades regionales\u201d, se\u00f1ala la misiva.<\/p>\n<p style=\"text-align: justify;\">As\u00ed mismo, los firmantes reiteran su rechazo ante la pretensi\u00f3n de que cualquier sector pol\u00edtico tradicional o alternativo \u201ccontin\u00fae con esas pr\u00e1cticas de clientelismo pol\u00edtico al interior de las instituciones p\u00fablicas, utiliz\u00e1ndolas para intercambiar de manera extraoficial favores o concesi\u00f3n de prestaciones a cambio de apoyos electoreros\u201d.<\/p>\n<p style=\"text-align: justify;\">Finalmente, se\u00f1alan \u201cestaremos atentos para que las entidades p\u00fablicas de cualquier orden funcionen adecuadamente, con la transparencia, eficiencia, eficacia en el marco de postulados constitucionales, que usted ha planteado rescatar de la Constituci\u00f3n del 91\u201d.<\/p>\n","protected":false},"excerpt":{"rendered":"<p>Con una carta firmada por m\u00e1s de 160 organizaciones sociales, lideresas y l\u00edderes sociales y pol\u00edticos, comit\u00e9s municipales y congresistas nari\u00f1enses del Pacto hist\u00f3rico, se hizo un llamado al gobierno del presidente Gustavo Petro para acabar con lo que consideran clientelismo de las entidades de la gesti\u00f3n p\u00fablica del orden nacional con funciones en lo [&hellip;]<\/p>\n","protected":false},"author":1,"featured_media":60983,"comment_status":"open","ping_status":"open","sticky":false,"template":"","format":"standard","meta":{"footnotes":""},"categories":[53],"tags":[],"class_list":["post-60982","post","type-post","status-publish","format-standard","has-post-thumbnail","hentry","category-regiones"],"yoast_head":"<!-- This site is optimized with the Yoast SEO plugin v27.1.1 - https:\/\/yoast.com\/product\/yoast-seo-wordpress\/ -->\n<title>Colectivos y movimientos sociales piden a Petro evitar el clientelismo en entidades regionales | P\u00e1gina10<\/title>\n<meta name=\"robots\" content=\"index, follow, max-snippet:-1, max-image-preview:large, max-video-preview:-1\" \/>\n<link rel=\"canonical\" href=\"https:\/\/pagina10.com\/web\/colectivos-y-movimientos-sociales-piden-a-petro-evitar-el-clientelismo-en-entidades-regionales\/\" \/>\n<meta property=\"og:locale\" content=\"es_ES\" \/>\n<meta property=\"og:type\" content=\"article\" \/>\n<meta property=\"og:title\" content=\"Colectivos y movimientos sociales piden a Petro evitar el clientelismo en entidades regionales | P\u00e1gina10\" \/>\n<meta property=\"og:description\" content=\"Con una carta firmada por m\u00e1s de 160 organizaciones sociales, lideresas y l\u00edderes sociales y pol\u00edticos, comit\u00e9s municipales y congresistas nari\u00f1enses del Pacto hist\u00f3rico, se hizo un llamado al gobierno del presidente Gustavo Petro para acabar con lo que consideran clientelismo de las entidades de la gesti\u00f3n p\u00fablica del orden nacional con funciones en lo [&hellip;]\" \/>\n<meta property=\"og:url\" content=\"https:\/\/pagina10.com\/web\/colectivos-y-movimientos-sociales-piden-a-petro-evitar-el-clientelismo-en-entidades-regionales\/\" \/>\n<meta property=\"og:site_name\" content=\"P\u00e1gina10\" \/>\n<meta property=\"article:publisher\" content=\"https:\/\/www.facebook.com\/pag10com\" \/>\n<meta property=\"article:published_time\" content=\"2022-08-12T04:16:56+00:00\" \/>\n<meta property=\"og:image\" content=\"https:\/\/pagina10.com\/web\/wp-content\/uploads\/2022\/08\/DV8xPOpXkAAyVzg.jpg\" \/>\n\t<meta property=\"og:image:width\" content=\"1200\" \/>\n\t<meta property=\"og:image:height\" content=\"584\" \/>\n\t<meta property=\"og:image:type\" content=\"image\/jpeg\" \/>\n<meta name=\"author\" content=\"P\u00e1gina 10\" \/>\n<meta name=\"twitter:card\" content=\"summary_large_image\" \/>\n<meta name=\"twitter:creator\" content=\"@Pag10com\" \/>\n<meta name=\"twitter:site\" content=\"@Pag10com\" \/>\n<meta name=\"twitter:label1\" content=\"Escrito por\" \/>\n\t<meta name=\"twitter:data1\" content=\"P\u00e1gina 10\" \/>\n\t<meta name=\"twitter:label2\" content=\"Tiempo de lectura\" \/>\n\t<meta name=\"twitter:data2\" content=\"1 minuto\" \/>\n<script type=\"application\/ld+json\" class=\"yoast-schema-graph\">{\"@context\":\"https:\/\/schema.org\",\"@graph\":[{\"@type\":\"Article\",\"@id\":\"https:\/\/pagina10.com\/web\/colectivos-y-movimientos-sociales-piden-a-petro-evitar-el-clientelismo-en-entidades-regionales\/#article\",\"isPartOf\":{\"@id\":\"https:\/\/pagina10.com\/web\/colectivos-y-movimientos-sociales-piden-a-petro-evitar-el-clientelismo-en-entidades-regionales\/\"},\"author\":{\"name\":\"P\u00e1gina 10\",\"@id\":\"https:\/\/pagina10.com\/web\/#\/schema\/person\/2efc4a090d25b667d3bc796798a3a81b\"},\"headline\":\"Colectivos y movimientos sociales piden a Petro evitar el clientelismo en entidades regionales\",\"datePublished\":\"2022-08-12T04:16:56+00:00\",\"mainEntityOfPage\":{\"@id\":\"https:\/\/pagina10.com\/web\/colectivos-y-movimientos-sociales-piden-a-petro-evitar-el-clientelismo-en-entidades-regionales\/\"},\"wordCount\":233,\"commentCount\":0,\"publisher\":{\"@id\":\"https:\/\/pagina10.com\/web\/#organization\"},\"image\":{\"@id\":\"https:\/\/pagina10.com\/web\/colectivos-y-movimientos-sociales-piden-a-petro-evitar-el-clientelismo-en-entidades-regionales\/#primaryimage\"},\"thumbnailUrl\":\"https:\/\/pagina10.com\/web\/wp-content\/uploads\/2022\/08\/DV8xPOpXkAAyVzg.jpg\",\"articleSection\":[\"Regiones\"],\"inLanguage\":\"es\",\"potentialAction\":[{\"@type\":\"CommentAction\",\"name\":\"Comment\",\"target\":[\"https:\/\/pagina10.com\/web\/colectivos-y-movimientos-sociales-piden-a-petro-evitar-el-clientelismo-en-entidades-regionales\/#respond\"]}]},{\"@type\":\"WebPage\",\"@id\":\"https:\/\/pagina10.com\/web\/colectivos-y-movimientos-sociales-piden-a-petro-evitar-el-clientelismo-en-entidades-regionales\/\",\"url\":\"https:\/\/pagina10.com\/web\/colectivos-y-movimientos-sociales-piden-a-petro-evitar-el-clientelismo-en-entidades-regionales\/\",\"name\":\"Colectivos y movimientos sociales piden a Petro evitar el clientelismo en entidades regionales | P\u00e1gina10\",\"isPartOf\":{\"@id\":\"https:\/\/pagina10.com\/web\/#website\"},\"primaryImageOfPage\":{\"@id\":\"https:\/\/pagina10.com\/web\/colectivos-y-movimientos-sociales-piden-a-petro-evitar-el-clientelismo-en-entidades-regionales\/#primaryimage\"},\"image\":{\"@id\":\"https:\/\/pagina10.com\/web\/colectivos-y-movimientos-sociales-piden-a-petro-evitar-el-clientelismo-en-entidades-regionales\/#primaryimage\"},\"thumbnailUrl\":\"https:\/\/pagina10.com\/web\/wp-content\/uploads\/2022\/08\/DV8xPOpXkAAyVzg.jpg\",\"datePublished\":\"2022-08-12T04:16:56+00:00\",\"breadcrumb\":{\"@id\":\"https:\/\/pagina10.com\/web\/colectivos-y-movimientos-sociales-piden-a-petro-evitar-el-clientelismo-en-entidades-regionales\/#breadcrumb\"},\"inLanguage\":\"es\",\"potentialAction\":[{\"@type\":\"ReadAction\",\"target\":[\"https:\/\/pagina10.com\/web\/colectivos-y-movimientos-sociales-piden-a-petro-evitar-el-clientelismo-en-entidades-regionales\/\"]}]},{\"@type\":\"ImageObject\",\"inLanguage\":\"es\",\"@id\":\"https:\/\/pagina10.com\/web\/colectivos-y-movimientos-sociales-piden-a-petro-evitar-el-clientelismo-en-entidades-regionales\/#primaryimage\",\"url\":\"https:\/\/pagina10.com\/web\/wp-content\/uploads\/2022\/08\/DV8xPOpXkAAyVzg.jpg\",\"contentUrl\":\"https:\/\/pagina10.com\/web\/wp-content\/uploads\/2022\/08\/DV8xPOpXkAAyVzg.jpg\",\"width\":1200,\"height\":584},{\"@type\":\"BreadcrumbList\",\"@id\":\"https:\/\/pagina10.com\/web\/colectivos-y-movimientos-sociales-piden-a-petro-evitar-el-clientelismo-en-entidades-regionales\/#breadcrumb\",\"itemListElement\":[{\"@type\":\"ListItem\",\"position\":1,\"name\":\"Portada\",\"item\":\"https:\/\/pagina10.com\/web\/\"},{\"@type\":\"ListItem\",\"position\":2,\"name\":\"Colectivos y movimientos sociales piden a Petro evitar el clientelismo en entidades regionales\"}]},{\"@type\":\"WebSite\",\"@id\":\"https:\/\/pagina10.com\/web\/#website\",\"url\":\"https:\/\/pagina10.com\/web\/\",\"name\":\"P\u00e1gina10\",\"description\":\"Peri\u00f3dico Regional\",\"publisher\":{\"@id\":\"https:\/\/pagina10.com\/web\/#organization\"},\"alternateName\":\"P\u00e1gina10 Peri\u00f3dico Regional\",\"potentialAction\":[{\"@type\":\"SearchAction\",\"target\":{\"@type\":\"EntryPoint\",\"urlTemplate\":\"https:\/\/pagina10.com\/web\/?s={search_term_string}\"},\"query-input\":{\"@type\":\"PropertyValueSpecification\",\"valueRequired\":true,\"valueName\":\"search_term_string\"}}],\"inLanguage\":\"es\"},{\"@type\":\"Organization\",\"@id\":\"https:\/\/pagina10.com\/web\/#organization\",\"name\":\"P\u00e1gina10\",\"alternateName\":\"P\u00e1gina10 Peri\u00f3dico Regional\",\"url\":\"https:\/\/pagina10.com\/web\/\",\"logo\":{\"@type\":\"ImageObject\",\"inLanguage\":\"es\",\"@id\":\"https:\/\/pagina10.com\/web\/#\/schema\/logo\/image\/\",\"url\":\"https:\/\/pagina10.com\/web\/wp-content\/uploads\/2024\/01\/40-pagina-10-periodico-regional-pasto.jpg\",\"contentUrl\":\"https:\/\/pagina10.com\/web\/wp-content\/uploads\/2024\/01\/40-pagina-10-periodico-regional-pasto.jpg\",\"width\":1280,\"height\":720,\"caption\":\"P\u00e1gina10\"},\"image\":{\"@id\":\"https:\/\/pagina10.com\/web\/#\/schema\/logo\/image\/\"},\"sameAs\":[\"https:\/\/www.facebook.com\/pag10com\",\"https:\/\/x.com\/Pag10com\",\"https:\/\/www.instagram.com\/pagina10col\/\",\"https:\/\/youtube.com\/channel\/pag10\",\"https:\/\/www.tiktok.com\/@p10col\"]},{\"@type\":\"Person\",\"@id\":\"https:\/\/pagina10.com\/web\/#\/schema\/person\/2efc4a090d25b667d3bc796798a3a81b\",\"name\":\"P\u00e1gina 10\",\"description\":\"P\u00e1gina 10 es un peri\u00f3dico regional que nace en Colombia, en el departamento de Nari\u00f1o, con un enfoque global, fundamentado en cuatro pilares esenciales: la libertad, el pluralismo, la inclusi\u00f3n y la independencia. P\u00e1gina 10 hace referencia a Nari\u00f1o como el d\u00e9cimo departamento creado en Colombia, despu\u00e9s de un proceso pol\u00edtico liderado por actores y actrices regionales con el fin de obtener la independencia y autonom\u00eda de nuestros territorios. Con la creaci\u00f3n de P\u00e1gina 10 se pretende abrir un escenario para el dialogo, la reflexi\u00f3n y el debate que se extienda a otras geograf\u00edas de Am\u00e9rica Latina y del planeta, en una apuesta por transformar colectivamente los desaf\u00edos de un mundo contempor\u00e1neo, m\u00e1s all\u00e1 de las fronteras impuestas.\",\"url\":\"https:\/\/pagina10.com\/web\/author\/pdiezadmin\/\"}]}<\/script>\n<!-- \/ Yoast SEO plugin. -->","yoast_head_json":{"title":"Colectivos y movimientos sociales piden a Petro evitar el clientelismo en entidades regionales | P\u00e1gina10","robots":{"index":"index","follow":"follow","max-snippet":"max-snippet:-1","max-image-preview":"max-image-preview:large","max-video-preview":"max-video-preview:-1"},"canonical":"https:\/\/pagina10.com\/web\/colectivos-y-movimientos-sociales-piden-a-petro-evitar-el-clientelismo-en-entidades-regionales\/","og_locale":"es_ES","og_type":"article","og_title":"Colectivos y movimientos sociales piden a Petro evitar el clientelismo en entidades regionales | P\u00e1gina10","og_description":"Con una carta firmada por m\u00e1s de 160 organizaciones sociales, lideresas y l\u00edderes sociales y pol\u00edticos, comit\u00e9s municipales y congresistas nari\u00f1enses del Pacto hist\u00f3rico, se hizo un llamado al gobierno del presidente Gustavo Petro para acabar con lo que consideran clientelismo de las entidades de la gesti\u00f3n p\u00fablica del orden nacional con funciones en lo [&hellip;]","og_url":"https:\/\/pagina10.com\/web\/colectivos-y-movimientos-sociales-piden-a-petro-evitar-el-clientelismo-en-entidades-regionales\/","og_site_name":"P\u00e1gina10","article_publisher":"https:\/\/www.facebook.com\/pag10com","article_published_time":"2022-08-12T04:16:56+00:00","og_image":[{"width":1200,"height":584,"url":"https:\/\/pagina10.com\/web\/wp-content\/uploads\/2022\/08\/DV8xPOpXkAAyVzg.jpg","type":"image\/jpeg"}],"author":"P\u00e1gina 10","twitter_card":"summary_large_image","twitter_creator":"@Pag10com","twitter_site":"@Pag10com","twitter_misc":{"Escrito por":"P\u00e1gina 10","Tiempo de lectura":"1 minuto"},"schema":{"@context":"https:\/\/schema.org","@graph":[{"@type":"Article","@id":"https:\/\/pagina10.com\/web\/colectivos-y-movimientos-sociales-piden-a-petro-evitar-el-clientelismo-en-entidades-regionales\/#article","isPartOf":{"@id":"https:\/\/pagina10.com\/web\/colectivos-y-movimientos-sociales-piden-a-petro-evitar-el-clientelismo-en-entidades-regionales\/"},"author":{"name":"P\u00e1gina 10","@id":"https:\/\/pagina10.com\/web\/#\/schema\/person\/2efc4a090d25b667d3bc796798a3a81b"},"headline":"Colectivos y movimientos sociales piden a Petro evitar el clientelismo en entidades regionales","datePublished":"2022-08-12T04:16:56+00:00","mainEntityOfPage":{"@id":"https:\/\/pagina10.com\/web\/colectivos-y-movimientos-sociales-piden-a-petro-evitar-el-clientelismo-en-entidades-regionales\/"},"wordCount":233,"commentCount":0,"publisher":{"@id":"https:\/\/pagina10.com\/web\/#organization"},"image":{"@id":"https:\/\/pagina10.com\/web\/colectivos-y-movimientos-sociales-piden-a-petro-evitar-el-clientelismo-en-entidades-regionales\/#primaryimage"},"thumbnailUrl":"https:\/\/pagina10.com\/web\/wp-content\/uploads\/2022\/08\/DV8xPOpXkAAyVzg.jpg","articleSection":["Regiones"],"inLanguage":"es","potentialAction":[{"@type":"CommentAction","name":"Comment","target":["https:\/\/pagina10.com\/web\/colectivos-y-movimientos-sociales-piden-a-petro-evitar-el-clientelismo-en-entidades-regionales\/#respond"]}]},{"@type":"WebPage","@id":"https:\/\/pagina10.com\/web\/colectivos-y-movimientos-sociales-piden-a-petro-evitar-el-clientelismo-en-entidades-regionales\/","url":"https:\/\/pagina10.com\/web\/colectivos-y-movimientos-sociales-piden-a-petro-evitar-el-clientelismo-en-entidades-regionales\/","name":"Colectivos y movimientos sociales piden a Petro evitar el clientelismo en entidades regionales | P\u00e1gina10","isPartOf":{"@id":"https:\/\/pagina10.com\/web\/#website"},"primaryImageOfPage":{"@id":"https:\/\/pagina10.com\/web\/colectivos-y-movimientos-sociales-piden-a-petro-evitar-el-clientelismo-en-entidades-regionales\/#primaryimage"},"image":{"@id":"https:\/\/pagina10.com\/web\/colectivos-y-movimientos-sociales-piden-a-petro-evitar-el-clientelismo-en-entidades-regionales\/#primaryimage"},"thumbnailUrl":"https:\/\/pagina10.com\/web\/wp-content\/uploads\/2022\/08\/DV8xPOpXkAAyVzg.jpg","datePublished":"2022-08-12T04:16:56+00:00","breadcrumb":{"@id":"https:\/\/pagina10.com\/web\/colectivos-y-movimientos-sociales-piden-a-petro-evitar-el-clientelismo-en-entidades-regionales\/#breadcrumb"},"inLanguage":"es","potentialAction":[{"@type":"ReadAction","target":["https:\/\/pagina10.com\/web\/colectivos-y-movimientos-sociales-piden-a-petro-evitar-el-clientelismo-en-entidades-regionales\/"]}]},{"@type":"ImageObject","inLanguage":"es","@id":"https:\/\/pagina10.com\/web\/colectivos-y-movimientos-sociales-piden-a-petro-evitar-el-clientelismo-en-entidades-regionales\/#primaryimage","url":"https:\/\/pagina10.com\/web\/wp-content\/uploads\/2022\/08\/DV8xPOpXkAAyVzg.jpg","contentUrl":"https:\/\/pagina10.com\/web\/wp-content\/uploads\/2022\/08\/DV8xPOpXkAAyVzg.jpg","width":1200,"height":584},{"@type":"BreadcrumbList","@id":"https:\/\/pagina10.com\/web\/colectivos-y-movimientos-sociales-piden-a-petro-evitar-el-clientelismo-en-entidades-regionales\/#breadcrumb","itemListElement":[{"@type":"ListItem","position":1,"name":"Portada","item":"https:\/\/pagina10.com\/web\/"},{"@type":"ListItem","position":2,"name":"Colectivos y movimientos sociales piden a Petro evitar el clientelismo en entidades regionales"}]},{"@type":"WebSite","@id":"https:\/\/pagina10.com\/web\/#website","url":"https:\/\/pagina10.com\/web\/","name":"P\u00e1gina10","description":"Peri\u00f3dico Regional","publisher":{"@id":"https:\/\/pagina10.com\/web\/#organization"},"alternateName":"P\u00e1gina10 Peri\u00f3dico Regional","potentialAction":[{"@type":"SearchAction","target":{"@type":"EntryPoint","urlTemplate":"https:\/\/pagina10.com\/web\/?s={search_term_string}"},"query-input":{"@type":"PropertyValueSpecification","valueRequired":true,"valueName":"search_term_string"}}],"inLanguage":"es"},{"@type":"Organization","@id":"https:\/\/pagina10.com\/web\/#organization","name":"P\u00e1gina10","alternateName":"P\u00e1gina10 Peri\u00f3dico Regional","url":"https:\/\/pagina10.com\/web\/","logo":{"@type":"ImageObject","inLanguage":"es","@id":"https:\/\/pagina10.com\/web\/#\/schema\/logo\/image\/","url":"https:\/\/pagina10.com\/web\/wp-content\/uploads\/2024\/01\/40-pagina-10-periodico-regional-pasto.jpg","contentUrl":"https:\/\/pagina10.com\/web\/wp-content\/uploads\/2024\/01\/40-pagina-10-periodico-regional-pasto.jpg","width":1280,"height":720,"caption":"P\u00e1gina10"},"image":{"@id":"https:\/\/pagina10.com\/web\/#\/schema\/logo\/image\/"},"sameAs":["https:\/\/www.facebook.com\/pag10com","https:\/\/x.com\/Pag10com","https:\/\/www.instagram.com\/pagina10col\/","https:\/\/youtube.com\/channel\/pag10","https:\/\/www.tiktok.com\/@p10col"]},{"@type":"Person","@id":"https:\/\/pagina10.com\/web\/#\/schema\/person\/2efc4a090d25b667d3bc796798a3a81b","name":"P\u00e1gina 10","description":"P\u00e1gina 10 es un peri\u00f3dico regional que nace en Colombia, en el departamento de Nari\u00f1o, con un enfoque global, fundamentado en cuatro pilares esenciales: la libertad, el pluralismo, la inclusi\u00f3n y la independencia. P\u00e1gina 10 hace referencia a Nari\u00f1o como el d\u00e9cimo departamento creado en Colombia, despu\u00e9s de un proceso pol\u00edtico liderado por actores y actrices regionales con el fin de obtener la independencia y autonom\u00eda de nuestros territorios. Con la creaci\u00f3n de P\u00e1gina 10 se pretende abrir un escenario para el dialogo, la reflexi\u00f3n y el debate que se extienda a otras geograf\u00edas de Am\u00e9rica Latina y del planeta, en una apuesta por transformar colectivamente los desaf\u00edos de un mundo contempor\u00e1neo, m\u00e1s all\u00e1 de las fronteras impuestas.","url":"https:\/\/pagina10.com\/web\/author\/pdiezadmin\/"}]}},"_links":{"self":[{"href":"https:\/\/pagina10.com\/web\/wp-json\/wp\/v2\/posts\/60982","targetHints":{"allow":["GET"]}}],"collection":[{"href":"https:\/\/pagina10.com\/web\/wp-json\/wp\/v2\/posts"}],"about":[{"href":"https:\/\/pagina10.com\/web\/wp-json\/wp\/v2\/types\/post"}],"author":[{"embeddable":true,"href":"https:\/\/pagina10.com\/web\/wp-json\/wp\/v2\/users\/1"}],"replies":[{"embeddable":true,"href":"https:\/\/pagina10.com\/web\/wp-json\/wp\/v2\/comments?post=60982"}],"version-history":[{"count":1,"href":"https:\/\/pagina10.com\/web\/wp-json\/wp\/v2\/posts\/60982\/revisions"}],"predecessor-version":[{"id":60984,"href":"https:\/\/pagina10.com\/web\/wp-json\/wp\/v2\/posts\/60982\/revisions\/60984"}],"wp:featuredmedia":[{"embeddable":true,"href":"https:\/\/pagina10.com\/web\/wp-json\/wp\/v2\/media\/60983"}],"wp:attachment":[{"href":"https:\/\/pagina10.com\/web\/wp-json\/wp\/v2\/media?parent=60982"}],"wp:term":[{"taxonomy":"category","embeddable":true,"href":"https:\/\/pagina10.com\/web\/wp-json\/wp\/v2\/categories?post=60982"},{"taxonomy":"post_tag","embeddable":true,"href":"https:\/\/pagina10.com\/web\/wp-json\/wp\/v2\/tags?post=60982"}],"curies":[{"name":"wp","href":"https:\/\/api.w.org\/{rel}","templated":true}]}}