{"id":60991,"date":"2022-08-12T07:00:05","date_gmt":"2022-08-12T12:00:05","guid":{"rendered":"https:\/\/pagina10.com\/web\/?p=60991"},"modified":"2022-08-11T23:42:17","modified_gmt":"2022-08-12T04:42:17","slug":"pese-a-disminucion-de-sismicidad-nivel-de-alerta-del-complejo-volcanico-chiles-cerro-negro-sigue-en-amarillo","status":"publish","type":"post","link":"https:\/\/pagina10.com\/web\/pese-a-disminucion-de-sismicidad-nivel-de-alerta-del-complejo-volcanico-chiles-cerro-negro-sigue-en-amarillo\/","title":{"rendered":"Pese a disminuci\u00f3n de sismicidad, nivel de alerta del complejo volc\u00e1nico Chiles-Cerro Negro sigue en amarillo"},"content":{"rendered":"<p style=\"text-align: justify;\">Seg\u00fan el reporte entregado por el Servicio Geol\u00f3gico Colombiano se presenta un descenso, tanto en ocurrencia como en energ\u00eda s\u00edsmica liberada, sin embargo con base en el comportamiento actual y lo hist\u00f3ricamente registrado en esta regi\u00f3n, \u201cno se descarta la posibilidad de ocurrencia de m\u00e1s sismos con niveles energ\u00e9ticos altos, que puedan ser sentidos por los habitantes de la zona de influencia volc\u00e1nica\u201d.<\/p>\n<p style=\"text-align: justify;\">Igualmente, en el informe se especific\u00f3 que en la semana comprendida entre el 2 y el 8 de agosto ocurrieron un total de 8605 sismos, de los cuales 8344 estuvieron asociados con fracturamiento de roca, en su mayor\u00eda localizados hacia el sector sur de la zona de influencia del volc\u00e1n Chiles.<\/p>\n<p style=\"text-align: justify;\">De estos se destacan dos eventos registrados los d\u00edas 4 y 6 de agosto a las 3:30 p.m. y 12:34 a.m. con magnitud de 3.1 y 3.4 respectivamente, que fueron reportados como sentidos. En este sentido, el Servicio Geol\u00f3gico Colombiano y el Instituto Geof\u00edsico de la Escuela Polit\u00e9cnica Nacional del Ecuador, continuar\u00e1n atentos a la evoluci\u00f3n del fen\u00f3meno volc\u00e1nico e informar\u00e1n oportunamente sobre los cambios que puedan presentarse.<\/p>\n","protected":false},"excerpt":{"rendered":"<p>Seg\u00fan el reporte entregado por el Servicio Geol\u00f3gico Colombiano se presenta un descenso, tanto en ocurrencia como en energ\u00eda s\u00edsmica liberada, sin embargo con base en el comportamiento actual y lo hist\u00f3ricamente registrado en esta regi\u00f3n, \u201cno se descarta la posibilidad de ocurrencia de m\u00e1s sismos con niveles energ\u00e9ticos altos, que puedan ser sentidos por [&hellip;]<\/p>\n","protected":false},"author":1,"featured_media":60992,"comment_status":"open","ping_status":"open","sticky":false,"template":"","format":"standard","meta":{"footnotes":""},"categories":[53],"tags":[],"class_list":["post-60991","post","type-post","status-publish","format-standard","has-post-thumbnail","hentry","category-regiones"],"yoast_head":"<!-- This site is optimized with the Yoast SEO plugin v27.1.1 - https:\/\/yoast.com\/product\/yoast-seo-wordpress\/ -->\n<title>Pese a disminuci\u00f3n de sismicidad, nivel de alerta del complejo volc\u00e1nico Chiles-Cerro Negro sigue en amarillo | P\u00e1gina10<\/title>\n<meta name=\"robots\" content=\"index, follow, max-snippet:-1, max-image-preview:large, max-video-preview:-1\" \/>\n<link rel=\"canonical\" href=\"https:\/\/pagina10.com\/web\/pese-a-disminucion-de-sismicidad-nivel-de-alerta-del-complejo-volcanico-chiles-cerro-negro-sigue-en-amarillo\/\" \/>\n<meta property=\"og:locale\" content=\"es_ES\" \/>\n<meta property=\"og:type\" content=\"article\" \/>\n<meta property=\"og:title\" content=\"Pese a disminuci\u00f3n de sismicidad, nivel de alerta del complejo volc\u00e1nico Chiles-Cerro Negro sigue en amarillo | P\u00e1gina10\" \/>\n<meta property=\"og:description\" content=\"Seg\u00fan el reporte entregado por el Servicio Geol\u00f3gico Colombiano se presenta un descenso, tanto en ocurrencia como en energ\u00eda s\u00edsmica liberada, sin embargo con base en el comportamiento actual y lo hist\u00f3ricamente registrado en esta regi\u00f3n, \u201cno se descarta la posibilidad de ocurrencia de m\u00e1s sismos con niveles energ\u00e9ticos altos, que puedan ser sentidos por [&hellip;]\" \/>\n<meta property=\"og:url\" content=\"https:\/\/pagina10.com\/web\/pese-a-disminucion-de-sismicidad-nivel-de-alerta-del-complejo-volcanico-chiles-cerro-negro-sigue-en-amarillo\/\" \/>\n<meta property=\"og:site_name\" content=\"P\u00e1gina10\" \/>\n<meta property=\"article:publisher\" content=\"https:\/\/www.facebook.com\/pag10com\" \/>\n<meta property=\"article:published_time\" content=\"2022-08-12T12:00:05+00:00\" \/>\n<meta property=\"og:image\" content=\"https:\/\/pagina10.com\/web\/wp-content\/uploads\/2022\/08\/volcan-chiles.jpg\" \/>\n\t<meta property=\"og:image:width\" content=\"1024\" \/>\n\t<meta property=\"og:image:height\" content=\"682\" \/>\n\t<meta property=\"og:image:type\" content=\"image\/jpeg\" \/>\n<meta name=\"author\" content=\"P\u00e1gina 10\" \/>\n<meta name=\"twitter:card\" content=\"summary_large_image\" \/>\n<meta name=\"twitter:creator\" content=\"@Pag10com\" \/>\n<meta name=\"twitter:site\" content=\"@Pag10com\" \/>\n<meta name=\"twitter:label1\" content=\"Escrito por\" \/>\n\t<meta name=\"twitter:data1\" content=\"P\u00e1gina 10\" \/>\n\t<meta name=\"twitter:label2\" content=\"Tiempo de lectura\" \/>\n\t<meta name=\"twitter:data2\" content=\"1 minuto\" \/>\n<script type=\"application\/ld+json\" class=\"yoast-schema-graph\">{\"@context\":\"https:\/\/schema.org\",\"@graph\":[{\"@type\":\"Article\",\"@id\":\"https:\/\/pagina10.com\/web\/pese-a-disminucion-de-sismicidad-nivel-de-alerta-del-complejo-volcanico-chiles-cerro-negro-sigue-en-amarillo\/#article\",\"isPartOf\":{\"@id\":\"https:\/\/pagina10.com\/web\/pese-a-disminucion-de-sismicidad-nivel-de-alerta-del-complejo-volcanico-chiles-cerro-negro-sigue-en-amarillo\/\"},\"author\":{\"name\":\"P\u00e1gina 10\",\"@id\":\"https:\/\/pagina10.com\/web\/#\/schema\/person\/2efc4a090d25b667d3bc796798a3a81b\"},\"headline\":\"Pese a disminuci\u00f3n de sismicidad, nivel de alerta del complejo volc\u00e1nico Chiles-Cerro Negro sigue en amarillo\",\"datePublished\":\"2022-08-12T12:00:05+00:00\",\"mainEntityOfPage\":{\"@id\":\"https:\/\/pagina10.com\/web\/pese-a-disminucion-de-sismicidad-nivel-de-alerta-del-complejo-volcanico-chiles-cerro-negro-sigue-en-amarillo\/\"},\"wordCount\":212,\"commentCount\":0,\"publisher\":{\"@id\":\"https:\/\/pagina10.com\/web\/#organization\"},\"image\":{\"@id\":\"https:\/\/pagina10.com\/web\/pese-a-disminucion-de-sismicidad-nivel-de-alerta-del-complejo-volcanico-chiles-cerro-negro-sigue-en-amarillo\/#primaryimage\"},\"thumbnailUrl\":\"https:\/\/pagina10.com\/web\/wp-content\/uploads\/2022\/08\/volcan-chiles.jpg\",\"articleSection\":[\"Regiones\"],\"inLanguage\":\"es\",\"potentialAction\":[{\"@type\":\"CommentAction\",\"name\":\"Comment\",\"target\":[\"https:\/\/pagina10.com\/web\/pese-a-disminucion-de-sismicidad-nivel-de-alerta-del-complejo-volcanico-chiles-cerro-negro-sigue-en-amarillo\/#respond\"]}]},{\"@type\":\"WebPage\",\"@id\":\"https:\/\/pagina10.com\/web\/pese-a-disminucion-de-sismicidad-nivel-de-alerta-del-complejo-volcanico-chiles-cerro-negro-sigue-en-amarillo\/\",\"url\":\"https:\/\/pagina10.com\/web\/pese-a-disminucion-de-sismicidad-nivel-de-alerta-del-complejo-volcanico-chiles-cerro-negro-sigue-en-amarillo\/\",\"name\":\"Pese a disminuci\u00f3n de sismicidad, nivel de alerta del complejo volc\u00e1nico Chiles-Cerro Negro sigue en amarillo | P\u00e1gina10\",\"isPartOf\":{\"@id\":\"https:\/\/pagina10.com\/web\/#website\"},\"primaryImageOfPage\":{\"@id\":\"https:\/\/pagina10.com\/web\/pese-a-disminucion-de-sismicidad-nivel-de-alerta-del-complejo-volcanico-chiles-cerro-negro-sigue-en-amarillo\/#primaryimage\"},\"image\":{\"@id\":\"https:\/\/pagina10.com\/web\/pese-a-disminucion-de-sismicidad-nivel-de-alerta-del-complejo-volcanico-chiles-cerro-negro-sigue-en-amarillo\/#primaryimage\"},\"thumbnailUrl\":\"https:\/\/pagina10.com\/web\/wp-content\/uploads\/2022\/08\/volcan-chiles.jpg\",\"datePublished\":\"2022-08-12T12:00:05+00:00\",\"breadcrumb\":{\"@id\":\"https:\/\/pagina10.com\/web\/pese-a-disminucion-de-sismicidad-nivel-de-alerta-del-complejo-volcanico-chiles-cerro-negro-sigue-en-amarillo\/#breadcrumb\"},\"inLanguage\":\"es\",\"potentialAction\":[{\"@type\":\"ReadAction\",\"target\":[\"https:\/\/pagina10.com\/web\/pese-a-disminucion-de-sismicidad-nivel-de-alerta-del-complejo-volcanico-chiles-cerro-negro-sigue-en-amarillo\/\"]}]},{\"@type\":\"ImageObject\",\"inLanguage\":\"es\",\"@id\":\"https:\/\/pagina10.com\/web\/pese-a-disminucion-de-sismicidad-nivel-de-alerta-del-complejo-volcanico-chiles-cerro-negro-sigue-en-amarillo\/#primaryimage\",\"url\":\"https:\/\/pagina10.com\/web\/wp-content\/uploads\/2022\/08\/volcan-chiles.jpg\",\"contentUrl\":\"https:\/\/pagina10.com\/web\/wp-content\/uploads\/2022\/08\/volcan-chiles.jpg\",\"width\":1024,\"height\":682},{\"@type\":\"BreadcrumbList\",\"@id\":\"https:\/\/pagina10.com\/web\/pese-a-disminucion-de-sismicidad-nivel-de-alerta-del-complejo-volcanico-chiles-cerro-negro-sigue-en-amarillo\/#breadcrumb\",\"itemListElement\":[{\"@type\":\"ListItem\",\"position\":1,\"name\":\"Portada\",\"item\":\"https:\/\/pagina10.com\/web\/\"},{\"@type\":\"ListItem\",\"position\":2,\"name\":\"Pese a disminuci\u00f3n de sismicidad, nivel de alerta del complejo volc\u00e1nico Chiles-Cerro Negro sigue en amarillo\"}]},{\"@type\":\"WebSite\",\"@id\":\"https:\/\/pagina10.com\/web\/#website\",\"url\":\"https:\/\/pagina10.com\/web\/\",\"name\":\"P\u00e1gina10\",\"description\":\"Peri\u00f3dico Regional\",\"publisher\":{\"@id\":\"https:\/\/pagina10.com\/web\/#organization\"},\"alternateName\":\"P\u00e1gina10 Peri\u00f3dico Regional\",\"potentialAction\":[{\"@type\":\"SearchAction\",\"target\":{\"@type\":\"EntryPoint\",\"urlTemplate\":\"https:\/\/pagina10.com\/web\/?s={search_term_string}\"},\"query-input\":{\"@type\":\"PropertyValueSpecification\",\"valueRequired\":true,\"valueName\":\"search_term_string\"}}],\"inLanguage\":\"es\"},{\"@type\":\"Organization\",\"@id\":\"https:\/\/pagina10.com\/web\/#organization\",\"name\":\"P\u00e1gina10\",\"alternateName\":\"P\u00e1gina10 Peri\u00f3dico Regional\",\"url\":\"https:\/\/pagina10.com\/web\/\",\"logo\":{\"@type\":\"ImageObject\",\"inLanguage\":\"es\",\"@id\":\"https:\/\/pagina10.com\/web\/#\/schema\/logo\/image\/\",\"url\":\"https:\/\/pagina10.com\/web\/wp-content\/uploads\/2024\/01\/40-pagina-10-periodico-regional-pasto.jpg\",\"contentUrl\":\"https:\/\/pagina10.com\/web\/wp-content\/uploads\/2024\/01\/40-pagina-10-periodico-regional-pasto.jpg\",\"width\":1280,\"height\":720,\"caption\":\"P\u00e1gina10\"},\"image\":{\"@id\":\"https:\/\/pagina10.com\/web\/#\/schema\/logo\/image\/\"},\"sameAs\":[\"https:\/\/www.facebook.com\/pag10com\",\"https:\/\/x.com\/Pag10com\",\"https:\/\/www.instagram.com\/pagina10col\/\",\"https:\/\/youtube.com\/channel\/pag10\",\"https:\/\/www.tiktok.com\/@p10col\"]},{\"@type\":\"Person\",\"@id\":\"https:\/\/pagina10.com\/web\/#\/schema\/person\/2efc4a090d25b667d3bc796798a3a81b\",\"name\":\"P\u00e1gina 10\",\"description\":\"P\u00e1gina 10 es un peri\u00f3dico regional que nace en Colombia, en el departamento de Nari\u00f1o, con un enfoque global, fundamentado en cuatro pilares esenciales: la libertad, el pluralismo, la inclusi\u00f3n y la independencia. P\u00e1gina 10 hace referencia a Nari\u00f1o como el d\u00e9cimo departamento creado en Colombia, despu\u00e9s de un proceso pol\u00edtico liderado por actores y actrices regionales con el fin de obtener la independencia y autonom\u00eda de nuestros territorios. Con la creaci\u00f3n de P\u00e1gina 10 se pretende abrir un escenario para el dialogo, la reflexi\u00f3n y el debate que se extienda a otras geograf\u00edas de Am\u00e9rica Latina y del planeta, en una apuesta por transformar colectivamente los desaf\u00edos de un mundo contempor\u00e1neo, m\u00e1s all\u00e1 de las fronteras impuestas.\",\"url\":\"https:\/\/pagina10.com\/web\/author\/pdiezadmin\/\"}]}<\/script>\n<!-- \/ Yoast SEO plugin. -->","yoast_head_json":{"title":"Pese a disminuci\u00f3n de sismicidad, nivel de alerta del complejo volc\u00e1nico Chiles-Cerro Negro sigue en amarillo | P\u00e1gina10","robots":{"index":"index","follow":"follow","max-snippet":"max-snippet:-1","max-image-preview":"max-image-preview:large","max-video-preview":"max-video-preview:-1"},"canonical":"https:\/\/pagina10.com\/web\/pese-a-disminucion-de-sismicidad-nivel-de-alerta-del-complejo-volcanico-chiles-cerro-negro-sigue-en-amarillo\/","og_locale":"es_ES","og_type":"article","og_title":"Pese a disminuci\u00f3n de sismicidad, nivel de alerta del complejo volc\u00e1nico Chiles-Cerro Negro sigue en amarillo | P\u00e1gina10","og_description":"Seg\u00fan el reporte entregado por el Servicio Geol\u00f3gico Colombiano se presenta un descenso, tanto en ocurrencia como en energ\u00eda s\u00edsmica liberada, sin embargo con base en el comportamiento actual y lo hist\u00f3ricamente registrado en esta regi\u00f3n, \u201cno se descarta la posibilidad de ocurrencia de m\u00e1s sismos con niveles energ\u00e9ticos altos, que puedan ser sentidos por [&hellip;]","og_url":"https:\/\/pagina10.com\/web\/pese-a-disminucion-de-sismicidad-nivel-de-alerta-del-complejo-volcanico-chiles-cerro-negro-sigue-en-amarillo\/","og_site_name":"P\u00e1gina10","article_publisher":"https:\/\/www.facebook.com\/pag10com","article_published_time":"2022-08-12T12:00:05+00:00","og_image":[{"width":1024,"height":682,"url":"https:\/\/pagina10.com\/web\/wp-content\/uploads\/2022\/08\/volcan-chiles.jpg","type":"image\/jpeg"}],"author":"P\u00e1gina 10","twitter_card":"summary_large_image","twitter_creator":"@Pag10com","twitter_site":"@Pag10com","twitter_misc":{"Escrito por":"P\u00e1gina 10","Tiempo de lectura":"1 minuto"},"schema":{"@context":"https:\/\/schema.org","@graph":[{"@type":"Article","@id":"https:\/\/pagina10.com\/web\/pese-a-disminucion-de-sismicidad-nivel-de-alerta-del-complejo-volcanico-chiles-cerro-negro-sigue-en-amarillo\/#article","isPartOf":{"@id":"https:\/\/pagina10.com\/web\/pese-a-disminucion-de-sismicidad-nivel-de-alerta-del-complejo-volcanico-chiles-cerro-negro-sigue-en-amarillo\/"},"author":{"name":"P\u00e1gina 10","@id":"https:\/\/pagina10.com\/web\/#\/schema\/person\/2efc4a090d25b667d3bc796798a3a81b"},"headline":"Pese a disminuci\u00f3n de sismicidad, nivel de alerta del complejo volc\u00e1nico Chiles-Cerro Negro sigue en amarillo","datePublished":"2022-08-12T12:00:05+00:00","mainEntityOfPage":{"@id":"https:\/\/pagina10.com\/web\/pese-a-disminucion-de-sismicidad-nivel-de-alerta-del-complejo-volcanico-chiles-cerro-negro-sigue-en-amarillo\/"},"wordCount":212,"commentCount":0,"publisher":{"@id":"https:\/\/pagina10.com\/web\/#organization"},"image":{"@id":"https:\/\/pagina10.com\/web\/pese-a-disminucion-de-sismicidad-nivel-de-alerta-del-complejo-volcanico-chiles-cerro-negro-sigue-en-amarillo\/#primaryimage"},"thumbnailUrl":"https:\/\/pagina10.com\/web\/wp-content\/uploads\/2022\/08\/volcan-chiles.jpg","articleSection":["Regiones"],"inLanguage":"es","potentialAction":[{"@type":"CommentAction","name":"Comment","target":["https:\/\/pagina10.com\/web\/pese-a-disminucion-de-sismicidad-nivel-de-alerta-del-complejo-volcanico-chiles-cerro-negro-sigue-en-amarillo\/#respond"]}]},{"@type":"WebPage","@id":"https:\/\/pagina10.com\/web\/pese-a-disminucion-de-sismicidad-nivel-de-alerta-del-complejo-volcanico-chiles-cerro-negro-sigue-en-amarillo\/","url":"https:\/\/pagina10.com\/web\/pese-a-disminucion-de-sismicidad-nivel-de-alerta-del-complejo-volcanico-chiles-cerro-negro-sigue-en-amarillo\/","name":"Pese a disminuci\u00f3n de sismicidad, nivel de alerta del complejo volc\u00e1nico Chiles-Cerro Negro sigue en amarillo | P\u00e1gina10","isPartOf":{"@id":"https:\/\/pagina10.com\/web\/#website"},"primaryImageOfPage":{"@id":"https:\/\/pagina10.com\/web\/pese-a-disminucion-de-sismicidad-nivel-de-alerta-del-complejo-volcanico-chiles-cerro-negro-sigue-en-amarillo\/#primaryimage"},"image":{"@id":"https:\/\/pagina10.com\/web\/pese-a-disminucion-de-sismicidad-nivel-de-alerta-del-complejo-volcanico-chiles-cerro-negro-sigue-en-amarillo\/#primaryimage"},"thumbnailUrl":"https:\/\/pagina10.com\/web\/wp-content\/uploads\/2022\/08\/volcan-chiles.jpg","datePublished":"2022-08-12T12:00:05+00:00","breadcrumb":{"@id":"https:\/\/pagina10.com\/web\/pese-a-disminucion-de-sismicidad-nivel-de-alerta-del-complejo-volcanico-chiles-cerro-negro-sigue-en-amarillo\/#breadcrumb"},"inLanguage":"es","potentialAction":[{"@type":"ReadAction","target":["https:\/\/pagina10.com\/web\/pese-a-disminucion-de-sismicidad-nivel-de-alerta-del-complejo-volcanico-chiles-cerro-negro-sigue-en-amarillo\/"]}]},{"@type":"ImageObject","inLanguage":"es","@id":"https:\/\/pagina10.com\/web\/pese-a-disminucion-de-sismicidad-nivel-de-alerta-del-complejo-volcanico-chiles-cerro-negro-sigue-en-amarillo\/#primaryimage","url":"https:\/\/pagina10.com\/web\/wp-content\/uploads\/2022\/08\/volcan-chiles.jpg","contentUrl":"https:\/\/pagina10.com\/web\/wp-content\/uploads\/2022\/08\/volcan-chiles.jpg","width":1024,"height":682},{"@type":"BreadcrumbList","@id":"https:\/\/pagina10.com\/web\/pese-a-disminucion-de-sismicidad-nivel-de-alerta-del-complejo-volcanico-chiles-cerro-negro-sigue-en-amarillo\/#breadcrumb","itemListElement":[{"@type":"ListItem","position":1,"name":"Portada","item":"https:\/\/pagina10.com\/web\/"},{"@type":"ListItem","position":2,"name":"Pese a disminuci\u00f3n de sismicidad, nivel de alerta del complejo volc\u00e1nico Chiles-Cerro Negro sigue en amarillo"}]},{"@type":"WebSite","@id":"https:\/\/pagina10.com\/web\/#website","url":"https:\/\/pagina10.com\/web\/","name":"P\u00e1gina10","description":"Peri\u00f3dico Regional","publisher":{"@id":"https:\/\/pagina10.com\/web\/#organization"},"alternateName":"P\u00e1gina10 Peri\u00f3dico Regional","potentialAction":[{"@type":"SearchAction","target":{"@type":"EntryPoint","urlTemplate":"https:\/\/pagina10.com\/web\/?s={search_term_string}"},"query-input":{"@type":"PropertyValueSpecification","valueRequired":true,"valueName":"search_term_string"}}],"inLanguage":"es"},{"@type":"Organization","@id":"https:\/\/pagina10.com\/web\/#organization","name":"P\u00e1gina10","alternateName":"P\u00e1gina10 Peri\u00f3dico Regional","url":"https:\/\/pagina10.com\/web\/","logo":{"@type":"ImageObject","inLanguage":"es","@id":"https:\/\/pagina10.com\/web\/#\/schema\/logo\/image\/","url":"https:\/\/pagina10.com\/web\/wp-content\/uploads\/2024\/01\/40-pagina-10-periodico-regional-pasto.jpg","contentUrl":"https:\/\/pagina10.com\/web\/wp-content\/uploads\/2024\/01\/40-pagina-10-periodico-regional-pasto.jpg","width":1280,"height":720,"caption":"P\u00e1gina10"},"image":{"@id":"https:\/\/pagina10.com\/web\/#\/schema\/logo\/image\/"},"sameAs":["https:\/\/www.facebook.com\/pag10com","https:\/\/x.com\/Pag10com","https:\/\/www.instagram.com\/pagina10col\/","https:\/\/youtube.com\/channel\/pag10","https:\/\/www.tiktok.com\/@p10col"]},{"@type":"Person","@id":"https:\/\/pagina10.com\/web\/#\/schema\/person\/2efc4a090d25b667d3bc796798a3a81b","name":"P\u00e1gina 10","description":"P\u00e1gina 10 es un peri\u00f3dico regional que nace en Colombia, en el departamento de Nari\u00f1o, con un enfoque global, fundamentado en cuatro pilares esenciales: la libertad, el pluralismo, la inclusi\u00f3n y la independencia. P\u00e1gina 10 hace referencia a Nari\u00f1o como el d\u00e9cimo departamento creado en Colombia, despu\u00e9s de un proceso pol\u00edtico liderado por actores y actrices regionales con el fin de obtener la independencia y autonom\u00eda de nuestros territorios. Con la creaci\u00f3n de P\u00e1gina 10 se pretende abrir un escenario para el dialogo, la reflexi\u00f3n y el debate que se extienda a otras geograf\u00edas de Am\u00e9rica Latina y del planeta, en una apuesta por transformar colectivamente los desaf\u00edos de un mundo contempor\u00e1neo, m\u00e1s all\u00e1 de las fronteras impuestas.","url":"https:\/\/pagina10.com\/web\/author\/pdiezadmin\/"}]}},"_links":{"self":[{"href":"https:\/\/pagina10.com\/web\/wp-json\/wp\/v2\/posts\/60991","targetHints":{"allow":["GET"]}}],"collection":[{"href":"https:\/\/pagina10.com\/web\/wp-json\/wp\/v2\/posts"}],"about":[{"href":"https:\/\/pagina10.com\/web\/wp-json\/wp\/v2\/types\/post"}],"author":[{"embeddable":true,"href":"https:\/\/pagina10.com\/web\/wp-json\/wp\/v2\/users\/1"}],"replies":[{"embeddable":true,"href":"https:\/\/pagina10.com\/web\/wp-json\/wp\/v2\/comments?post=60991"}],"version-history":[{"count":1,"href":"https:\/\/pagina10.com\/web\/wp-json\/wp\/v2\/posts\/60991\/revisions"}],"predecessor-version":[{"id":60993,"href":"https:\/\/pagina10.com\/web\/wp-json\/wp\/v2\/posts\/60991\/revisions\/60993"}],"wp:featuredmedia":[{"embeddable":true,"href":"https:\/\/pagina10.com\/web\/wp-json\/wp\/v2\/media\/60992"}],"wp:attachment":[{"href":"https:\/\/pagina10.com\/web\/wp-json\/wp\/v2\/media?parent=60991"}],"wp:term":[{"taxonomy":"category","embeddable":true,"href":"https:\/\/pagina10.com\/web\/wp-json\/wp\/v2\/categories?post=60991"},{"taxonomy":"post_tag","embeddable":true,"href":"https:\/\/pagina10.com\/web\/wp-json\/wp\/v2\/tags?post=60991"}],"curies":[{"name":"wp","href":"https:\/\/api.w.org\/{rel}","templated":true}]}}