{"id":61057,"date":"2022-08-15T21:45:17","date_gmt":"2022-08-16T02:45:17","guid":{"rendered":"https:\/\/pagina10.com\/web\/?p=61057"},"modified":"2022-08-15T21:45:17","modified_gmt":"2022-08-16T02:45:17","slug":"el-componente-operacional-es-el-reto-a-priorizar-para-poner-en-marcha-el-setp-en-2023","status":"publish","type":"post","link":"https:\/\/pagina10.com\/web\/el-componente-operacional-es-el-reto-a-priorizar-para-poner-en-marcha-el-setp-en-2023\/","title":{"rendered":"El componente operacional, es el reto a priorizar para poner en marcha el SETP en 2023"},"content":{"rendered":"<p style=\"text-align: justify;\">Una comisi\u00f3n del Ministerio de Transporte verific\u00f3 y resalt\u00f3 los avances que presenta la implementaci\u00f3n del Sistema Estrat\u00e9gico de Transporte P\u00fablico de Pasto en el componente operacional, en los proyectos correspondientes a: Sistema de Control y Gesti\u00f3n de Flota, Sistema de Recaudo Centralizado, como tambi\u00e9n a la implementaci\u00f3n de la fase piloto de buses el\u00e9ctricos, \u00e9stos fueron analizados desde sus diferentes estructuras tales como financiero, jur\u00eddico y t\u00e9cnico respectivamente.<\/p>\n<p style=\"text-align: justify;\">La ingeniera Deyanira D\u00edaz G\u00f3mez; l\u00edder del proyecto asignada para la ciudad de Pasto de la Unidad de Movilidad Urbana del Ministerio de Transporte resalt\u00f3 los avances en el componente operacional, ubicando a Pasto en la ciudad intermedia con mayores resultados; \u201cesperamos que sea la primera ciudad en realizar su implementaci\u00f3n y ser ejemplo para las dem\u00e1s ciudades con una poblaci\u00f3n similar a la de Pasto\u201d<\/p>\n<p style=\"text-align: justify;\">Por su parte, Rodrigo Yepes Sevilla, Gerente de Avante, destac\u00f3 el trabajo que viene realizando el equipo de Avante con el apoyo del Ministerio de Transporte, \u201cpondremos en marcha las recomendaciones realizadas por la Unidad de Movilidad Urbana del Ministerio, para lograr nuestro objetivo de tener en funcionamiento el nuevo modelo de transporte para nuestra ciudad en el primer semestre del 2023, beneficiando con un servicio m\u00e1s eficiente a los usuarios de la Gran Capital\u201d.<\/p>\n<p style=\"text-align: justify;\">Para este mes de agosto, la Alcald\u00eda de Pasto y Avante SETP, tienen previsto la adjudicaci\u00f3n del contrato de paraderos cubiertos, en donde se instalar\u00e1n m\u00e1s de 130 en distintas zonas de la ciudad, que brindar\u00e1n mayor comodidad a los usuarios y organizaci\u00f3n para el uso del transporte p\u00fablico. As\u00ed mismo para el mes de septiembre se publicar\u00e1n los pliegos definitivos de la licitaci\u00f3n p\u00fablica del Sistema de Recaudo Centralizado. \u00c9ste sistema centraliza, controla y permite adecuar la integridad de los ingresos y accesos realizados por los usuarios al sistema de transporte, logrando as\u00ed: Control del dinero y su consignaci\u00f3n en caja \u00fanica con administrador financiero.<\/p>\n","protected":false},"excerpt":{"rendered":"<p>Una comisi\u00f3n del Ministerio de Transporte verific\u00f3 y resalt\u00f3 los avances que presenta la implementaci\u00f3n del Sistema Estrat\u00e9gico de Transporte P\u00fablico de Pasto en el componente operacional, en los proyectos correspondientes a: Sistema de Control y Gesti\u00f3n de Flota, Sistema de Recaudo Centralizado, como tambi\u00e9n a la implementaci\u00f3n de la fase piloto de buses el\u00e9ctricos, [&hellip;]<\/p>\n","protected":false},"author":1,"featured_media":61058,"comment_status":"open","ping_status":"open","sticky":false,"template":"","format":"standard","meta":{"footnotes":""},"categories":[82],"tags":[],"class_list":["post-61057","post","type-post","status-publish","format-standard","has-post-thumbnail","hentry","category-ciudad-2"],"yoast_head":"<!-- This site is optimized with the Yoast SEO plugin v27.1.1 - https:\/\/yoast.com\/product\/yoast-seo-wordpress\/ -->\n<title>El componente operacional, es el reto a priorizar para poner en marcha el SETP en 2023 | P\u00e1gina10<\/title>\n<meta name=\"robots\" content=\"index, follow, max-snippet:-1, max-image-preview:large, max-video-preview:-1\" \/>\n<link rel=\"canonical\" href=\"https:\/\/pagina10.com\/web\/el-componente-operacional-es-el-reto-a-priorizar-para-poner-en-marcha-el-setp-en-2023\/\" \/>\n<meta property=\"og:locale\" content=\"es_ES\" \/>\n<meta property=\"og:type\" content=\"article\" \/>\n<meta property=\"og:title\" content=\"El componente operacional, es el reto a priorizar para poner en marcha el SETP en 2023 | P\u00e1gina10\" \/>\n<meta property=\"og:description\" content=\"Una comisi\u00f3n del Ministerio de Transporte verific\u00f3 y resalt\u00f3 los avances que presenta la implementaci\u00f3n del Sistema Estrat\u00e9gico de Transporte P\u00fablico de Pasto en el componente operacional, en los proyectos correspondientes a: Sistema de Control y Gesti\u00f3n de Flota, Sistema de Recaudo Centralizado, como tambi\u00e9n a la implementaci\u00f3n de la fase piloto de buses el\u00e9ctricos, [&hellip;]\" \/>\n<meta property=\"og:url\" content=\"https:\/\/pagina10.com\/web\/el-componente-operacional-es-el-reto-a-priorizar-para-poner-en-marcha-el-setp-en-2023\/\" \/>\n<meta property=\"og:site_name\" content=\"P\u00e1gina10\" \/>\n<meta property=\"article:publisher\" content=\"https:\/\/www.facebook.com\/pag10com\" \/>\n<meta property=\"article:published_time\" content=\"2022-08-16T02:45:17+00:00\" \/>\n<meta property=\"og:image\" content=\"https:\/\/pagina10.com\/web\/wp-content\/uploads\/2022\/08\/WhatsApp-Image-2022-08-15-at-6.20.14-PM.jpeg\" \/>\n\t<meta property=\"og:image:width\" content=\"1280\" \/>\n\t<meta property=\"og:image:height\" content=\"917\" \/>\n\t<meta property=\"og:image:type\" content=\"image\/jpeg\" \/>\n<meta name=\"author\" content=\"P\u00e1gina 10\" \/>\n<meta name=\"twitter:card\" content=\"summary_large_image\" \/>\n<meta name=\"twitter:creator\" content=\"@Pag10com\" \/>\n<meta name=\"twitter:site\" content=\"@Pag10com\" \/>\n<meta name=\"twitter:label1\" content=\"Escrito por\" \/>\n\t<meta name=\"twitter:data1\" content=\"P\u00e1gina 10\" \/>\n\t<meta name=\"twitter:label2\" content=\"Tiempo de lectura\" \/>\n\t<meta name=\"twitter:data2\" content=\"2 minutos\" \/>\n<script type=\"application\/ld+json\" class=\"yoast-schema-graph\">{\"@context\":\"https:\/\/schema.org\",\"@graph\":[{\"@type\":\"Article\",\"@id\":\"https:\/\/pagina10.com\/web\/el-componente-operacional-es-el-reto-a-priorizar-para-poner-en-marcha-el-setp-en-2023\/#article\",\"isPartOf\":{\"@id\":\"https:\/\/pagina10.com\/web\/el-componente-operacional-es-el-reto-a-priorizar-para-poner-en-marcha-el-setp-en-2023\/\"},\"author\":{\"name\":\"P\u00e1gina 10\",\"@id\":\"https:\/\/pagina10.com\/web\/#\/schema\/person\/2efc4a090d25b667d3bc796798a3a81b\"},\"headline\":\"El componente operacional, es el reto a priorizar para poner en marcha el SETP en 2023\",\"datePublished\":\"2022-08-16T02:45:17+00:00\",\"mainEntityOfPage\":{\"@id\":\"https:\/\/pagina10.com\/web\/el-componente-operacional-es-el-reto-a-priorizar-para-poner-en-marcha-el-setp-en-2023\/\"},\"wordCount\":357,\"commentCount\":0,\"publisher\":{\"@id\":\"https:\/\/pagina10.com\/web\/#organization\"},\"image\":{\"@id\":\"https:\/\/pagina10.com\/web\/el-componente-operacional-es-el-reto-a-priorizar-para-poner-en-marcha-el-setp-en-2023\/#primaryimage\"},\"thumbnailUrl\":\"https:\/\/pagina10.com\/web\/wp-content\/uploads\/2022\/08\/WhatsApp-Image-2022-08-15-at-6.20.14-PM.jpeg\",\"articleSection\":[\"Ciudad\"],\"inLanguage\":\"es\",\"potentialAction\":[{\"@type\":\"CommentAction\",\"name\":\"Comment\",\"target\":[\"https:\/\/pagina10.com\/web\/el-componente-operacional-es-el-reto-a-priorizar-para-poner-en-marcha-el-setp-en-2023\/#respond\"]}]},{\"@type\":\"WebPage\",\"@id\":\"https:\/\/pagina10.com\/web\/el-componente-operacional-es-el-reto-a-priorizar-para-poner-en-marcha-el-setp-en-2023\/\",\"url\":\"https:\/\/pagina10.com\/web\/el-componente-operacional-es-el-reto-a-priorizar-para-poner-en-marcha-el-setp-en-2023\/\",\"name\":\"El componente operacional, es el reto a priorizar para poner en marcha el SETP en 2023 | P\u00e1gina10\",\"isPartOf\":{\"@id\":\"https:\/\/pagina10.com\/web\/#website\"},\"primaryImageOfPage\":{\"@id\":\"https:\/\/pagina10.com\/web\/el-componente-operacional-es-el-reto-a-priorizar-para-poner-en-marcha-el-setp-en-2023\/#primaryimage\"},\"image\":{\"@id\":\"https:\/\/pagina10.com\/web\/el-componente-operacional-es-el-reto-a-priorizar-para-poner-en-marcha-el-setp-en-2023\/#primaryimage\"},\"thumbnailUrl\":\"https:\/\/pagina10.com\/web\/wp-content\/uploads\/2022\/08\/WhatsApp-Image-2022-08-15-at-6.20.14-PM.jpeg\",\"datePublished\":\"2022-08-16T02:45:17+00:00\",\"breadcrumb\":{\"@id\":\"https:\/\/pagina10.com\/web\/el-componente-operacional-es-el-reto-a-priorizar-para-poner-en-marcha-el-setp-en-2023\/#breadcrumb\"},\"inLanguage\":\"es\",\"potentialAction\":[{\"@type\":\"ReadAction\",\"target\":[\"https:\/\/pagina10.com\/web\/el-componente-operacional-es-el-reto-a-priorizar-para-poner-en-marcha-el-setp-en-2023\/\"]}]},{\"@type\":\"ImageObject\",\"inLanguage\":\"es\",\"@id\":\"https:\/\/pagina10.com\/web\/el-componente-operacional-es-el-reto-a-priorizar-para-poner-en-marcha-el-setp-en-2023\/#primaryimage\",\"url\":\"https:\/\/pagina10.com\/web\/wp-content\/uploads\/2022\/08\/WhatsApp-Image-2022-08-15-at-6.20.14-PM.jpeg\",\"contentUrl\":\"https:\/\/pagina10.com\/web\/wp-content\/uploads\/2022\/08\/WhatsApp-Image-2022-08-15-at-6.20.14-PM.jpeg\",\"width\":1280,\"height\":917},{\"@type\":\"BreadcrumbList\",\"@id\":\"https:\/\/pagina10.com\/web\/el-componente-operacional-es-el-reto-a-priorizar-para-poner-en-marcha-el-setp-en-2023\/#breadcrumb\",\"itemListElement\":[{\"@type\":\"ListItem\",\"position\":1,\"name\":\"Portada\",\"item\":\"https:\/\/pagina10.com\/web\/\"},{\"@type\":\"ListItem\",\"position\":2,\"name\":\"El componente operacional, es el reto a priorizar para poner en marcha el SETP en 2023\"}]},{\"@type\":\"WebSite\",\"@id\":\"https:\/\/pagina10.com\/web\/#website\",\"url\":\"https:\/\/pagina10.com\/web\/\",\"name\":\"P\u00e1gina10\",\"description\":\"Peri\u00f3dico Regional\",\"publisher\":{\"@id\":\"https:\/\/pagina10.com\/web\/#organization\"},\"alternateName\":\"P\u00e1gina10 Peri\u00f3dico Regional\",\"potentialAction\":[{\"@type\":\"SearchAction\",\"target\":{\"@type\":\"EntryPoint\",\"urlTemplate\":\"https:\/\/pagina10.com\/web\/?s={search_term_string}\"},\"query-input\":{\"@type\":\"PropertyValueSpecification\",\"valueRequired\":true,\"valueName\":\"search_term_string\"}}],\"inLanguage\":\"es\"},{\"@type\":\"Organization\",\"@id\":\"https:\/\/pagina10.com\/web\/#organization\",\"name\":\"P\u00e1gina10\",\"alternateName\":\"P\u00e1gina10 Peri\u00f3dico Regional\",\"url\":\"https:\/\/pagina10.com\/web\/\",\"logo\":{\"@type\":\"ImageObject\",\"inLanguage\":\"es\",\"@id\":\"https:\/\/pagina10.com\/web\/#\/schema\/logo\/image\/\",\"url\":\"https:\/\/pagina10.com\/web\/wp-content\/uploads\/2024\/01\/40-pagina-10-periodico-regional-pasto.jpg\",\"contentUrl\":\"https:\/\/pagina10.com\/web\/wp-content\/uploads\/2024\/01\/40-pagina-10-periodico-regional-pasto.jpg\",\"width\":1280,\"height\":720,\"caption\":\"P\u00e1gina10\"},\"image\":{\"@id\":\"https:\/\/pagina10.com\/web\/#\/schema\/logo\/image\/\"},\"sameAs\":[\"https:\/\/www.facebook.com\/pag10com\",\"https:\/\/x.com\/Pag10com\",\"https:\/\/www.instagram.com\/pagina10col\/\",\"https:\/\/youtube.com\/channel\/pag10\",\"https:\/\/www.tiktok.com\/@p10col\"]},{\"@type\":\"Person\",\"@id\":\"https:\/\/pagina10.com\/web\/#\/schema\/person\/2efc4a090d25b667d3bc796798a3a81b\",\"name\":\"P\u00e1gina 10\",\"description\":\"P\u00e1gina 10 es un peri\u00f3dico regional que nace en Colombia, en el departamento de Nari\u00f1o, con un enfoque global, fundamentado en cuatro pilares esenciales: la libertad, el pluralismo, la inclusi\u00f3n y la independencia. P\u00e1gina 10 hace referencia a Nari\u00f1o como el d\u00e9cimo departamento creado en Colombia, despu\u00e9s de un proceso pol\u00edtico liderado por actores y actrices regionales con el fin de obtener la independencia y autonom\u00eda de nuestros territorios. Con la creaci\u00f3n de P\u00e1gina 10 se pretende abrir un escenario para el dialogo, la reflexi\u00f3n y el debate que se extienda a otras geograf\u00edas de Am\u00e9rica Latina y del planeta, en una apuesta por transformar colectivamente los desaf\u00edos de un mundo contempor\u00e1neo, m\u00e1s all\u00e1 de las fronteras impuestas.\",\"url\":\"https:\/\/pagina10.com\/web\/author\/pdiezadmin\/\"}]}<\/script>\n<!-- \/ Yoast SEO plugin. -->","yoast_head_json":{"title":"El componente operacional, es el reto a priorizar para poner en marcha el SETP en 2023 | P\u00e1gina10","robots":{"index":"index","follow":"follow","max-snippet":"max-snippet:-1","max-image-preview":"max-image-preview:large","max-video-preview":"max-video-preview:-1"},"canonical":"https:\/\/pagina10.com\/web\/el-componente-operacional-es-el-reto-a-priorizar-para-poner-en-marcha-el-setp-en-2023\/","og_locale":"es_ES","og_type":"article","og_title":"El componente operacional, es el reto a priorizar para poner en marcha el SETP en 2023 | P\u00e1gina10","og_description":"Una comisi\u00f3n del Ministerio de Transporte verific\u00f3 y resalt\u00f3 los avances que presenta la implementaci\u00f3n del Sistema Estrat\u00e9gico de Transporte P\u00fablico de Pasto en el componente operacional, en los proyectos correspondientes a: Sistema de Control y Gesti\u00f3n de Flota, Sistema de Recaudo Centralizado, como tambi\u00e9n a la implementaci\u00f3n de la fase piloto de buses el\u00e9ctricos, [&hellip;]","og_url":"https:\/\/pagina10.com\/web\/el-componente-operacional-es-el-reto-a-priorizar-para-poner-en-marcha-el-setp-en-2023\/","og_site_name":"P\u00e1gina10","article_publisher":"https:\/\/www.facebook.com\/pag10com","article_published_time":"2022-08-16T02:45:17+00:00","og_image":[{"width":1280,"height":917,"url":"https:\/\/pagina10.com\/web\/wp-content\/uploads\/2022\/08\/WhatsApp-Image-2022-08-15-at-6.20.14-PM.jpeg","type":"image\/jpeg"}],"author":"P\u00e1gina 10","twitter_card":"summary_large_image","twitter_creator":"@Pag10com","twitter_site":"@Pag10com","twitter_misc":{"Escrito por":"P\u00e1gina 10","Tiempo de lectura":"2 minutos"},"schema":{"@context":"https:\/\/schema.org","@graph":[{"@type":"Article","@id":"https:\/\/pagina10.com\/web\/el-componente-operacional-es-el-reto-a-priorizar-para-poner-en-marcha-el-setp-en-2023\/#article","isPartOf":{"@id":"https:\/\/pagina10.com\/web\/el-componente-operacional-es-el-reto-a-priorizar-para-poner-en-marcha-el-setp-en-2023\/"},"author":{"name":"P\u00e1gina 10","@id":"https:\/\/pagina10.com\/web\/#\/schema\/person\/2efc4a090d25b667d3bc796798a3a81b"},"headline":"El componente operacional, es el reto a priorizar para poner en marcha el SETP en 2023","datePublished":"2022-08-16T02:45:17+00:00","mainEntityOfPage":{"@id":"https:\/\/pagina10.com\/web\/el-componente-operacional-es-el-reto-a-priorizar-para-poner-en-marcha-el-setp-en-2023\/"},"wordCount":357,"commentCount":0,"publisher":{"@id":"https:\/\/pagina10.com\/web\/#organization"},"image":{"@id":"https:\/\/pagina10.com\/web\/el-componente-operacional-es-el-reto-a-priorizar-para-poner-en-marcha-el-setp-en-2023\/#primaryimage"},"thumbnailUrl":"https:\/\/pagina10.com\/web\/wp-content\/uploads\/2022\/08\/WhatsApp-Image-2022-08-15-at-6.20.14-PM.jpeg","articleSection":["Ciudad"],"inLanguage":"es","potentialAction":[{"@type":"CommentAction","name":"Comment","target":["https:\/\/pagina10.com\/web\/el-componente-operacional-es-el-reto-a-priorizar-para-poner-en-marcha-el-setp-en-2023\/#respond"]}]},{"@type":"WebPage","@id":"https:\/\/pagina10.com\/web\/el-componente-operacional-es-el-reto-a-priorizar-para-poner-en-marcha-el-setp-en-2023\/","url":"https:\/\/pagina10.com\/web\/el-componente-operacional-es-el-reto-a-priorizar-para-poner-en-marcha-el-setp-en-2023\/","name":"El componente operacional, es el reto a priorizar para poner en marcha el SETP en 2023 | P\u00e1gina10","isPartOf":{"@id":"https:\/\/pagina10.com\/web\/#website"},"primaryImageOfPage":{"@id":"https:\/\/pagina10.com\/web\/el-componente-operacional-es-el-reto-a-priorizar-para-poner-en-marcha-el-setp-en-2023\/#primaryimage"},"image":{"@id":"https:\/\/pagina10.com\/web\/el-componente-operacional-es-el-reto-a-priorizar-para-poner-en-marcha-el-setp-en-2023\/#primaryimage"},"thumbnailUrl":"https:\/\/pagina10.com\/web\/wp-content\/uploads\/2022\/08\/WhatsApp-Image-2022-08-15-at-6.20.14-PM.jpeg","datePublished":"2022-08-16T02:45:17+00:00","breadcrumb":{"@id":"https:\/\/pagina10.com\/web\/el-componente-operacional-es-el-reto-a-priorizar-para-poner-en-marcha-el-setp-en-2023\/#breadcrumb"},"inLanguage":"es","potentialAction":[{"@type":"ReadAction","target":["https:\/\/pagina10.com\/web\/el-componente-operacional-es-el-reto-a-priorizar-para-poner-en-marcha-el-setp-en-2023\/"]}]},{"@type":"ImageObject","inLanguage":"es","@id":"https:\/\/pagina10.com\/web\/el-componente-operacional-es-el-reto-a-priorizar-para-poner-en-marcha-el-setp-en-2023\/#primaryimage","url":"https:\/\/pagina10.com\/web\/wp-content\/uploads\/2022\/08\/WhatsApp-Image-2022-08-15-at-6.20.14-PM.jpeg","contentUrl":"https:\/\/pagina10.com\/web\/wp-content\/uploads\/2022\/08\/WhatsApp-Image-2022-08-15-at-6.20.14-PM.jpeg","width":1280,"height":917},{"@type":"BreadcrumbList","@id":"https:\/\/pagina10.com\/web\/el-componente-operacional-es-el-reto-a-priorizar-para-poner-en-marcha-el-setp-en-2023\/#breadcrumb","itemListElement":[{"@type":"ListItem","position":1,"name":"Portada","item":"https:\/\/pagina10.com\/web\/"},{"@type":"ListItem","position":2,"name":"El componente operacional, es el reto a priorizar para poner en marcha el SETP en 2023"}]},{"@type":"WebSite","@id":"https:\/\/pagina10.com\/web\/#website","url":"https:\/\/pagina10.com\/web\/","name":"P\u00e1gina10","description":"Peri\u00f3dico Regional","publisher":{"@id":"https:\/\/pagina10.com\/web\/#organization"},"alternateName":"P\u00e1gina10 Peri\u00f3dico Regional","potentialAction":[{"@type":"SearchAction","target":{"@type":"EntryPoint","urlTemplate":"https:\/\/pagina10.com\/web\/?s={search_term_string}"},"query-input":{"@type":"PropertyValueSpecification","valueRequired":true,"valueName":"search_term_string"}}],"inLanguage":"es"},{"@type":"Organization","@id":"https:\/\/pagina10.com\/web\/#organization","name":"P\u00e1gina10","alternateName":"P\u00e1gina10 Peri\u00f3dico Regional","url":"https:\/\/pagina10.com\/web\/","logo":{"@type":"ImageObject","inLanguage":"es","@id":"https:\/\/pagina10.com\/web\/#\/schema\/logo\/image\/","url":"https:\/\/pagina10.com\/web\/wp-content\/uploads\/2024\/01\/40-pagina-10-periodico-regional-pasto.jpg","contentUrl":"https:\/\/pagina10.com\/web\/wp-content\/uploads\/2024\/01\/40-pagina-10-periodico-regional-pasto.jpg","width":1280,"height":720,"caption":"P\u00e1gina10"},"image":{"@id":"https:\/\/pagina10.com\/web\/#\/schema\/logo\/image\/"},"sameAs":["https:\/\/www.facebook.com\/pag10com","https:\/\/x.com\/Pag10com","https:\/\/www.instagram.com\/pagina10col\/","https:\/\/youtube.com\/channel\/pag10","https:\/\/www.tiktok.com\/@p10col"]},{"@type":"Person","@id":"https:\/\/pagina10.com\/web\/#\/schema\/person\/2efc4a090d25b667d3bc796798a3a81b","name":"P\u00e1gina 10","description":"P\u00e1gina 10 es un peri\u00f3dico regional que nace en Colombia, en el departamento de Nari\u00f1o, con un enfoque global, fundamentado en cuatro pilares esenciales: la libertad, el pluralismo, la inclusi\u00f3n y la independencia. P\u00e1gina 10 hace referencia a Nari\u00f1o como el d\u00e9cimo departamento creado en Colombia, despu\u00e9s de un proceso pol\u00edtico liderado por actores y actrices regionales con el fin de obtener la independencia y autonom\u00eda de nuestros territorios. Con la creaci\u00f3n de P\u00e1gina 10 se pretende abrir un escenario para el dialogo, la reflexi\u00f3n y el debate que se extienda a otras geograf\u00edas de Am\u00e9rica Latina y del planeta, en una apuesta por transformar colectivamente los desaf\u00edos de un mundo contempor\u00e1neo, m\u00e1s all\u00e1 de las fronteras impuestas.","url":"https:\/\/pagina10.com\/web\/author\/pdiezadmin\/"}]}},"_links":{"self":[{"href":"https:\/\/pagina10.com\/web\/wp-json\/wp\/v2\/posts\/61057","targetHints":{"allow":["GET"]}}],"collection":[{"href":"https:\/\/pagina10.com\/web\/wp-json\/wp\/v2\/posts"}],"about":[{"href":"https:\/\/pagina10.com\/web\/wp-json\/wp\/v2\/types\/post"}],"author":[{"embeddable":true,"href":"https:\/\/pagina10.com\/web\/wp-json\/wp\/v2\/users\/1"}],"replies":[{"embeddable":true,"href":"https:\/\/pagina10.com\/web\/wp-json\/wp\/v2\/comments?post=61057"}],"version-history":[{"count":1,"href":"https:\/\/pagina10.com\/web\/wp-json\/wp\/v2\/posts\/61057\/revisions"}],"predecessor-version":[{"id":61059,"href":"https:\/\/pagina10.com\/web\/wp-json\/wp\/v2\/posts\/61057\/revisions\/61059"}],"wp:featuredmedia":[{"embeddable":true,"href":"https:\/\/pagina10.com\/web\/wp-json\/wp\/v2\/media\/61058"}],"wp:attachment":[{"href":"https:\/\/pagina10.com\/web\/wp-json\/wp\/v2\/media?parent=61057"}],"wp:term":[{"taxonomy":"category","embeddable":true,"href":"https:\/\/pagina10.com\/web\/wp-json\/wp\/v2\/categories?post=61057"},{"taxonomy":"post_tag","embeddable":true,"href":"https:\/\/pagina10.com\/web\/wp-json\/wp\/v2\/tags?post=61057"}],"curies":[{"name":"wp","href":"https:\/\/api.w.org\/{rel}","templated":true}]}}