{"id":61075,"date":"2022-08-16T23:06:24","date_gmt":"2022-08-17T04:06:24","guid":{"rendered":"https:\/\/pagina10.com\/web\/?p=61075"},"modified":"2022-08-16T23:06:24","modified_gmt":"2022-08-17T04:06:24","slug":"convocaron-consejo-de-seguridad-para-buscar-a-joven-desaparecido-en-ricaurte","status":"publish","type":"post","link":"https:\/\/pagina10.com\/web\/convocaron-consejo-de-seguridad-para-buscar-a-joven-desaparecido-en-ricaurte\/","title":{"rendered":"Convocaron consejo de seguridad para buscar a joven desaparecido en Ricaurte"},"content":{"rendered":"<p style=\"text-align: justify;\">La Gobernaci\u00f3n de Nari\u00f1o convoc\u00f3 un consejo de seguridad extraordinario desarrollado en el municipio de Ricaurte, con el fin de esclarecer las circunstancias en las que desapareci\u00f3 Santiago Vallejos desde el pasado 7 de agosto.<\/p>\n<p style=\"text-align: justify;\">Familiares del joven de 19 a\u00f1os oriundo del municipio de Providencia, se trasladaron hasta el territorio Camawari para buscar respuestas sobre su paradero. Hasta el momento versiones preliminares indican que Vallejos desapareci\u00f3 cuando viajaba a Ricaurte. En el trayecto habr\u00eda sido detenido por unidades del Ej\u00e9rcito que adelantaban un puesto de control.<\/p>\n<p style=\"text-align: justify;\">Al respecto, el secretario de Gobierno de Nari\u00f1o Am\u00edlcar Pantoja manifest\u00f3 que solicitaron a la Fiscal\u00eda, Ej\u00e9rcito y Polic\u00eda, realizar todas las actividades investigativas que permitan esclarecer lo que sucedi\u00f3 con el joven. As\u00ed mismo, indic\u00f3 que la comunidad ind\u00edgena colabora con la b\u00fasqueda adelantada por las autoridades y los familiares del desaparecido.<\/p>\n<p style=\"text-align: justify;\">As\u00ed mismo, determin\u00f3 un relevo del personal de la Polic\u00eda en la zona adem\u00e1s se mantendr\u00e1 la presencia de tropas militares y organismos de socorro acompa\u00f1ar\u00e1n las labores de b\u00fasqueda, toma de declaraciones, testimonios y dem\u00e1s, para esclarecer el hecho.<\/p>\n","protected":false},"excerpt":{"rendered":"<p>La Gobernaci\u00f3n de Nari\u00f1o convoc\u00f3 un consejo de seguridad extraordinario desarrollado en el municipio de Ricaurte, con el fin de esclarecer las circunstancias en las que desapareci\u00f3 Santiago Vallejos desde el pasado 7 de agosto. Familiares del joven de 19 a\u00f1os oriundo del municipio de Providencia, se trasladaron hasta el territorio Camawari para buscar respuestas [&hellip;]<\/p>\n","protected":false},"author":1,"featured_media":61076,"comment_status":"open","ping_status":"open","sticky":false,"template":"","format":"standard","meta":{"footnotes":""},"categories":[61],"tags":[],"class_list":["post-61075","post","type-post","status-publish","format-standard","has-post-thumbnail","hentry","category-judicial"],"yoast_head":"<!-- This site is optimized with the Yoast SEO plugin v27.1.1 - https:\/\/yoast.com\/product\/yoast-seo-wordpress\/ -->\n<title>Convocaron consejo de seguridad para buscar a joven desaparecido en Ricaurte | P\u00e1gina10<\/title>\n<meta name=\"robots\" content=\"index, follow, max-snippet:-1, max-image-preview:large, max-video-preview:-1\" \/>\n<link rel=\"canonical\" href=\"https:\/\/pagina10.com\/web\/convocaron-consejo-de-seguridad-para-buscar-a-joven-desaparecido-en-ricaurte\/\" \/>\n<meta property=\"og:locale\" content=\"es_ES\" \/>\n<meta property=\"og:type\" content=\"article\" \/>\n<meta property=\"og:title\" content=\"Convocaron consejo de seguridad para buscar a joven desaparecido en Ricaurte | P\u00e1gina10\" \/>\n<meta property=\"og:description\" content=\"La Gobernaci\u00f3n de Nari\u00f1o convoc\u00f3 un consejo de seguridad extraordinario desarrollado en el municipio de Ricaurte, con el fin de esclarecer las circunstancias en las que desapareci\u00f3 Santiago Vallejos desde el pasado 7 de agosto. Familiares del joven de 19 a\u00f1os oriundo del municipio de Providencia, se trasladaron hasta el territorio Camawari para buscar respuestas [&hellip;]\" \/>\n<meta property=\"og:url\" content=\"https:\/\/pagina10.com\/web\/convocaron-consejo-de-seguridad-para-buscar-a-joven-desaparecido-en-ricaurte\/\" \/>\n<meta property=\"og:site_name\" content=\"P\u00e1gina10\" \/>\n<meta property=\"article:publisher\" content=\"https:\/\/www.facebook.com\/pag10com\" \/>\n<meta property=\"article:published_time\" content=\"2022-08-17T04:06:24+00:00\" \/>\n<meta property=\"og:image\" content=\"https:\/\/pagina10.com\/web\/wp-content\/uploads\/2022\/08\/255856213_1017366915710833_7208405458214315078_n-e1660709178197.jpg\" \/>\n\t<meta property=\"og:image:width\" content=\"960\" \/>\n\t<meta property=\"og:image:height\" content=\"576\" \/>\n\t<meta property=\"og:image:type\" content=\"image\/jpeg\" \/>\n<meta name=\"author\" content=\"P\u00e1gina 10\" \/>\n<meta name=\"twitter:card\" content=\"summary_large_image\" \/>\n<meta name=\"twitter:creator\" content=\"@Pag10com\" \/>\n<meta name=\"twitter:site\" content=\"@Pag10com\" \/>\n<meta name=\"twitter:label1\" content=\"Escrito por\" \/>\n\t<meta name=\"twitter:data1\" content=\"P\u00e1gina 10\" \/>\n\t<meta name=\"twitter:label2\" content=\"Tiempo de lectura\" \/>\n\t<meta name=\"twitter:data2\" content=\"1 minuto\" \/>\n<script type=\"application\/ld+json\" class=\"yoast-schema-graph\">{\"@context\":\"https:\/\/schema.org\",\"@graph\":[{\"@type\":\"Article\",\"@id\":\"https:\/\/pagina10.com\/web\/convocaron-consejo-de-seguridad-para-buscar-a-joven-desaparecido-en-ricaurte\/#article\",\"isPartOf\":{\"@id\":\"https:\/\/pagina10.com\/web\/convocaron-consejo-de-seguridad-para-buscar-a-joven-desaparecido-en-ricaurte\/\"},\"author\":{\"name\":\"P\u00e1gina 10\",\"@id\":\"https:\/\/pagina10.com\/web\/#\/schema\/person\/2efc4a090d25b667d3bc796798a3a81b\"},\"headline\":\"Convocaron consejo de seguridad para buscar a joven desaparecido en Ricaurte\",\"datePublished\":\"2022-08-17T04:06:24+00:00\",\"mainEntityOfPage\":{\"@id\":\"https:\/\/pagina10.com\/web\/convocaron-consejo-de-seguridad-para-buscar-a-joven-desaparecido-en-ricaurte\/\"},\"wordCount\":207,\"commentCount\":0,\"publisher\":{\"@id\":\"https:\/\/pagina10.com\/web\/#organization\"},\"image\":{\"@id\":\"https:\/\/pagina10.com\/web\/convocaron-consejo-de-seguridad-para-buscar-a-joven-desaparecido-en-ricaurte\/#primaryimage\"},\"thumbnailUrl\":\"https:\/\/pagina10.com\/web\/wp-content\/uploads\/2022\/08\/255856213_1017366915710833_7208405458214315078_n-e1660709178197.jpg\",\"articleSection\":[\"Judicial\"],\"inLanguage\":\"es\",\"potentialAction\":[{\"@type\":\"CommentAction\",\"name\":\"Comment\",\"target\":[\"https:\/\/pagina10.com\/web\/convocaron-consejo-de-seguridad-para-buscar-a-joven-desaparecido-en-ricaurte\/#respond\"]}]},{\"@type\":\"WebPage\",\"@id\":\"https:\/\/pagina10.com\/web\/convocaron-consejo-de-seguridad-para-buscar-a-joven-desaparecido-en-ricaurte\/\",\"url\":\"https:\/\/pagina10.com\/web\/convocaron-consejo-de-seguridad-para-buscar-a-joven-desaparecido-en-ricaurte\/\",\"name\":\"Convocaron consejo de seguridad para buscar a joven desaparecido en Ricaurte | P\u00e1gina10\",\"isPartOf\":{\"@id\":\"https:\/\/pagina10.com\/web\/#website\"},\"primaryImageOfPage\":{\"@id\":\"https:\/\/pagina10.com\/web\/convocaron-consejo-de-seguridad-para-buscar-a-joven-desaparecido-en-ricaurte\/#primaryimage\"},\"image\":{\"@id\":\"https:\/\/pagina10.com\/web\/convocaron-consejo-de-seguridad-para-buscar-a-joven-desaparecido-en-ricaurte\/#primaryimage\"},\"thumbnailUrl\":\"https:\/\/pagina10.com\/web\/wp-content\/uploads\/2022\/08\/255856213_1017366915710833_7208405458214315078_n-e1660709178197.jpg\",\"datePublished\":\"2022-08-17T04:06:24+00:00\",\"breadcrumb\":{\"@id\":\"https:\/\/pagina10.com\/web\/convocaron-consejo-de-seguridad-para-buscar-a-joven-desaparecido-en-ricaurte\/#breadcrumb\"},\"inLanguage\":\"es\",\"potentialAction\":[{\"@type\":\"ReadAction\",\"target\":[\"https:\/\/pagina10.com\/web\/convocaron-consejo-de-seguridad-para-buscar-a-joven-desaparecido-en-ricaurte\/\"]}]},{\"@type\":\"ImageObject\",\"inLanguage\":\"es\",\"@id\":\"https:\/\/pagina10.com\/web\/convocaron-consejo-de-seguridad-para-buscar-a-joven-desaparecido-en-ricaurte\/#primaryimage\",\"url\":\"https:\/\/pagina10.com\/web\/wp-content\/uploads\/2022\/08\/255856213_1017366915710833_7208405458214315078_n-e1660709178197.jpg\",\"contentUrl\":\"https:\/\/pagina10.com\/web\/wp-content\/uploads\/2022\/08\/255856213_1017366915710833_7208405458214315078_n-e1660709178197.jpg\",\"width\":960,\"height\":576},{\"@type\":\"BreadcrumbList\",\"@id\":\"https:\/\/pagina10.com\/web\/convocaron-consejo-de-seguridad-para-buscar-a-joven-desaparecido-en-ricaurte\/#breadcrumb\",\"itemListElement\":[{\"@type\":\"ListItem\",\"position\":1,\"name\":\"Portada\",\"item\":\"https:\/\/pagina10.com\/web\/\"},{\"@type\":\"ListItem\",\"position\":2,\"name\":\"Convocaron consejo de seguridad para buscar a joven desaparecido en Ricaurte\"}]},{\"@type\":\"WebSite\",\"@id\":\"https:\/\/pagina10.com\/web\/#website\",\"url\":\"https:\/\/pagina10.com\/web\/\",\"name\":\"P\u00e1gina10\",\"description\":\"Peri\u00f3dico Regional\",\"publisher\":{\"@id\":\"https:\/\/pagina10.com\/web\/#organization\"},\"alternateName\":\"P\u00e1gina10 Peri\u00f3dico Regional\",\"potentialAction\":[{\"@type\":\"SearchAction\",\"target\":{\"@type\":\"EntryPoint\",\"urlTemplate\":\"https:\/\/pagina10.com\/web\/?s={search_term_string}\"},\"query-input\":{\"@type\":\"PropertyValueSpecification\",\"valueRequired\":true,\"valueName\":\"search_term_string\"}}],\"inLanguage\":\"es\"},{\"@type\":\"Organization\",\"@id\":\"https:\/\/pagina10.com\/web\/#organization\",\"name\":\"P\u00e1gina10\",\"alternateName\":\"P\u00e1gina10 Peri\u00f3dico Regional\",\"url\":\"https:\/\/pagina10.com\/web\/\",\"logo\":{\"@type\":\"ImageObject\",\"inLanguage\":\"es\",\"@id\":\"https:\/\/pagina10.com\/web\/#\/schema\/logo\/image\/\",\"url\":\"https:\/\/pagina10.com\/web\/wp-content\/uploads\/2024\/01\/40-pagina-10-periodico-regional-pasto.jpg\",\"contentUrl\":\"https:\/\/pagina10.com\/web\/wp-content\/uploads\/2024\/01\/40-pagina-10-periodico-regional-pasto.jpg\",\"width\":1280,\"height\":720,\"caption\":\"P\u00e1gina10\"},\"image\":{\"@id\":\"https:\/\/pagina10.com\/web\/#\/schema\/logo\/image\/\"},\"sameAs\":[\"https:\/\/www.facebook.com\/pag10com\",\"https:\/\/x.com\/Pag10com\",\"https:\/\/www.instagram.com\/pagina10col\/\",\"https:\/\/youtube.com\/channel\/pag10\",\"https:\/\/www.tiktok.com\/@p10col\"]},{\"@type\":\"Person\",\"@id\":\"https:\/\/pagina10.com\/web\/#\/schema\/person\/2efc4a090d25b667d3bc796798a3a81b\",\"name\":\"P\u00e1gina 10\",\"description\":\"P\u00e1gina 10 es un peri\u00f3dico regional que nace en Colombia, en el departamento de Nari\u00f1o, con un enfoque global, fundamentado en cuatro pilares esenciales: la libertad, el pluralismo, la inclusi\u00f3n y la independencia. P\u00e1gina 10 hace referencia a Nari\u00f1o como el d\u00e9cimo departamento creado en Colombia, despu\u00e9s de un proceso pol\u00edtico liderado por actores y actrices regionales con el fin de obtener la independencia y autonom\u00eda de nuestros territorios. Con la creaci\u00f3n de P\u00e1gina 10 se pretende abrir un escenario para el dialogo, la reflexi\u00f3n y el debate que se extienda a otras geograf\u00edas de Am\u00e9rica Latina y del planeta, en una apuesta por transformar colectivamente los desaf\u00edos de un mundo contempor\u00e1neo, m\u00e1s all\u00e1 de las fronteras impuestas.\",\"url\":\"https:\/\/pagina10.com\/web\/author\/pdiezadmin\/\"}]}<\/script>\n<!-- \/ Yoast SEO plugin. -->","yoast_head_json":{"title":"Convocaron consejo de seguridad para buscar a joven desaparecido en Ricaurte | P\u00e1gina10","robots":{"index":"index","follow":"follow","max-snippet":"max-snippet:-1","max-image-preview":"max-image-preview:large","max-video-preview":"max-video-preview:-1"},"canonical":"https:\/\/pagina10.com\/web\/convocaron-consejo-de-seguridad-para-buscar-a-joven-desaparecido-en-ricaurte\/","og_locale":"es_ES","og_type":"article","og_title":"Convocaron consejo de seguridad para buscar a joven desaparecido en Ricaurte | P\u00e1gina10","og_description":"La Gobernaci\u00f3n de Nari\u00f1o convoc\u00f3 un consejo de seguridad extraordinario desarrollado en el municipio de Ricaurte, con el fin de esclarecer las circunstancias en las que desapareci\u00f3 Santiago Vallejos desde el pasado 7 de agosto. Familiares del joven de 19 a\u00f1os oriundo del municipio de Providencia, se trasladaron hasta el territorio Camawari para buscar respuestas [&hellip;]","og_url":"https:\/\/pagina10.com\/web\/convocaron-consejo-de-seguridad-para-buscar-a-joven-desaparecido-en-ricaurte\/","og_site_name":"P\u00e1gina10","article_publisher":"https:\/\/www.facebook.com\/pag10com","article_published_time":"2022-08-17T04:06:24+00:00","og_image":[{"width":960,"height":576,"url":"https:\/\/pagina10.com\/web\/wp-content\/uploads\/2022\/08\/255856213_1017366915710833_7208405458214315078_n-e1660709178197.jpg","type":"image\/jpeg"}],"author":"P\u00e1gina 10","twitter_card":"summary_large_image","twitter_creator":"@Pag10com","twitter_site":"@Pag10com","twitter_misc":{"Escrito por":"P\u00e1gina 10","Tiempo de lectura":"1 minuto"},"schema":{"@context":"https:\/\/schema.org","@graph":[{"@type":"Article","@id":"https:\/\/pagina10.com\/web\/convocaron-consejo-de-seguridad-para-buscar-a-joven-desaparecido-en-ricaurte\/#article","isPartOf":{"@id":"https:\/\/pagina10.com\/web\/convocaron-consejo-de-seguridad-para-buscar-a-joven-desaparecido-en-ricaurte\/"},"author":{"name":"P\u00e1gina 10","@id":"https:\/\/pagina10.com\/web\/#\/schema\/person\/2efc4a090d25b667d3bc796798a3a81b"},"headline":"Convocaron consejo de seguridad para buscar a joven desaparecido en Ricaurte","datePublished":"2022-08-17T04:06:24+00:00","mainEntityOfPage":{"@id":"https:\/\/pagina10.com\/web\/convocaron-consejo-de-seguridad-para-buscar-a-joven-desaparecido-en-ricaurte\/"},"wordCount":207,"commentCount":0,"publisher":{"@id":"https:\/\/pagina10.com\/web\/#organization"},"image":{"@id":"https:\/\/pagina10.com\/web\/convocaron-consejo-de-seguridad-para-buscar-a-joven-desaparecido-en-ricaurte\/#primaryimage"},"thumbnailUrl":"https:\/\/pagina10.com\/web\/wp-content\/uploads\/2022\/08\/255856213_1017366915710833_7208405458214315078_n-e1660709178197.jpg","articleSection":["Judicial"],"inLanguage":"es","potentialAction":[{"@type":"CommentAction","name":"Comment","target":["https:\/\/pagina10.com\/web\/convocaron-consejo-de-seguridad-para-buscar-a-joven-desaparecido-en-ricaurte\/#respond"]}]},{"@type":"WebPage","@id":"https:\/\/pagina10.com\/web\/convocaron-consejo-de-seguridad-para-buscar-a-joven-desaparecido-en-ricaurte\/","url":"https:\/\/pagina10.com\/web\/convocaron-consejo-de-seguridad-para-buscar-a-joven-desaparecido-en-ricaurte\/","name":"Convocaron consejo de seguridad para buscar a joven desaparecido en Ricaurte | P\u00e1gina10","isPartOf":{"@id":"https:\/\/pagina10.com\/web\/#website"},"primaryImageOfPage":{"@id":"https:\/\/pagina10.com\/web\/convocaron-consejo-de-seguridad-para-buscar-a-joven-desaparecido-en-ricaurte\/#primaryimage"},"image":{"@id":"https:\/\/pagina10.com\/web\/convocaron-consejo-de-seguridad-para-buscar-a-joven-desaparecido-en-ricaurte\/#primaryimage"},"thumbnailUrl":"https:\/\/pagina10.com\/web\/wp-content\/uploads\/2022\/08\/255856213_1017366915710833_7208405458214315078_n-e1660709178197.jpg","datePublished":"2022-08-17T04:06:24+00:00","breadcrumb":{"@id":"https:\/\/pagina10.com\/web\/convocaron-consejo-de-seguridad-para-buscar-a-joven-desaparecido-en-ricaurte\/#breadcrumb"},"inLanguage":"es","potentialAction":[{"@type":"ReadAction","target":["https:\/\/pagina10.com\/web\/convocaron-consejo-de-seguridad-para-buscar-a-joven-desaparecido-en-ricaurte\/"]}]},{"@type":"ImageObject","inLanguage":"es","@id":"https:\/\/pagina10.com\/web\/convocaron-consejo-de-seguridad-para-buscar-a-joven-desaparecido-en-ricaurte\/#primaryimage","url":"https:\/\/pagina10.com\/web\/wp-content\/uploads\/2022\/08\/255856213_1017366915710833_7208405458214315078_n-e1660709178197.jpg","contentUrl":"https:\/\/pagina10.com\/web\/wp-content\/uploads\/2022\/08\/255856213_1017366915710833_7208405458214315078_n-e1660709178197.jpg","width":960,"height":576},{"@type":"BreadcrumbList","@id":"https:\/\/pagina10.com\/web\/convocaron-consejo-de-seguridad-para-buscar-a-joven-desaparecido-en-ricaurte\/#breadcrumb","itemListElement":[{"@type":"ListItem","position":1,"name":"Portada","item":"https:\/\/pagina10.com\/web\/"},{"@type":"ListItem","position":2,"name":"Convocaron consejo de seguridad para buscar a joven desaparecido en Ricaurte"}]},{"@type":"WebSite","@id":"https:\/\/pagina10.com\/web\/#website","url":"https:\/\/pagina10.com\/web\/","name":"P\u00e1gina10","description":"Peri\u00f3dico Regional","publisher":{"@id":"https:\/\/pagina10.com\/web\/#organization"},"alternateName":"P\u00e1gina10 Peri\u00f3dico Regional","potentialAction":[{"@type":"SearchAction","target":{"@type":"EntryPoint","urlTemplate":"https:\/\/pagina10.com\/web\/?s={search_term_string}"},"query-input":{"@type":"PropertyValueSpecification","valueRequired":true,"valueName":"search_term_string"}}],"inLanguage":"es"},{"@type":"Organization","@id":"https:\/\/pagina10.com\/web\/#organization","name":"P\u00e1gina10","alternateName":"P\u00e1gina10 Peri\u00f3dico Regional","url":"https:\/\/pagina10.com\/web\/","logo":{"@type":"ImageObject","inLanguage":"es","@id":"https:\/\/pagina10.com\/web\/#\/schema\/logo\/image\/","url":"https:\/\/pagina10.com\/web\/wp-content\/uploads\/2024\/01\/40-pagina-10-periodico-regional-pasto.jpg","contentUrl":"https:\/\/pagina10.com\/web\/wp-content\/uploads\/2024\/01\/40-pagina-10-periodico-regional-pasto.jpg","width":1280,"height":720,"caption":"P\u00e1gina10"},"image":{"@id":"https:\/\/pagina10.com\/web\/#\/schema\/logo\/image\/"},"sameAs":["https:\/\/www.facebook.com\/pag10com","https:\/\/x.com\/Pag10com","https:\/\/www.instagram.com\/pagina10col\/","https:\/\/youtube.com\/channel\/pag10","https:\/\/www.tiktok.com\/@p10col"]},{"@type":"Person","@id":"https:\/\/pagina10.com\/web\/#\/schema\/person\/2efc4a090d25b667d3bc796798a3a81b","name":"P\u00e1gina 10","description":"P\u00e1gina 10 es un peri\u00f3dico regional que nace en Colombia, en el departamento de Nari\u00f1o, con un enfoque global, fundamentado en cuatro pilares esenciales: la libertad, el pluralismo, la inclusi\u00f3n y la independencia. P\u00e1gina 10 hace referencia a Nari\u00f1o como el d\u00e9cimo departamento creado en Colombia, despu\u00e9s de un proceso pol\u00edtico liderado por actores y actrices regionales con el fin de obtener la independencia y autonom\u00eda de nuestros territorios. Con la creaci\u00f3n de P\u00e1gina 10 se pretende abrir un escenario para el dialogo, la reflexi\u00f3n y el debate que se extienda a otras geograf\u00edas de Am\u00e9rica Latina y del planeta, en una apuesta por transformar colectivamente los desaf\u00edos de un mundo contempor\u00e1neo, m\u00e1s all\u00e1 de las fronteras impuestas.","url":"https:\/\/pagina10.com\/web\/author\/pdiezadmin\/"}]}},"_links":{"self":[{"href":"https:\/\/pagina10.com\/web\/wp-json\/wp\/v2\/posts\/61075","targetHints":{"allow":["GET"]}}],"collection":[{"href":"https:\/\/pagina10.com\/web\/wp-json\/wp\/v2\/posts"}],"about":[{"href":"https:\/\/pagina10.com\/web\/wp-json\/wp\/v2\/types\/post"}],"author":[{"embeddable":true,"href":"https:\/\/pagina10.com\/web\/wp-json\/wp\/v2\/users\/1"}],"replies":[{"embeddable":true,"href":"https:\/\/pagina10.com\/web\/wp-json\/wp\/v2\/comments?post=61075"}],"version-history":[{"count":1,"href":"https:\/\/pagina10.com\/web\/wp-json\/wp\/v2\/posts\/61075\/revisions"}],"predecessor-version":[{"id":61077,"href":"https:\/\/pagina10.com\/web\/wp-json\/wp\/v2\/posts\/61075\/revisions\/61077"}],"wp:featuredmedia":[{"embeddable":true,"href":"https:\/\/pagina10.com\/web\/wp-json\/wp\/v2\/media\/61076"}],"wp:attachment":[{"href":"https:\/\/pagina10.com\/web\/wp-json\/wp\/v2\/media?parent=61075"}],"wp:term":[{"taxonomy":"category","embeddable":true,"href":"https:\/\/pagina10.com\/web\/wp-json\/wp\/v2\/categories?post=61075"},{"taxonomy":"post_tag","embeddable":true,"href":"https:\/\/pagina10.com\/web\/wp-json\/wp\/v2\/tags?post=61075"}],"curies":[{"name":"wp","href":"https:\/\/api.w.org\/{rel}","templated":true}]}}