{"id":61095,"date":"2022-08-18T00:06:42","date_gmt":"2022-08-18T05:06:42","guid":{"rendered":"https:\/\/pagina10.com\/web\/?p=61095"},"modified":"2022-08-18T10:40:53","modified_gmt":"2022-08-18T15:40:53","slug":"congresista-propone-audiencia-publica-en-pasto-para-tratar-tema-sobre-eliminacion-del-subsidio-a-los-combustibles","status":"publish","type":"post","link":"https:\/\/pagina10.com\/web\/congresista-propone-audiencia-publica-en-pasto-para-tratar-tema-sobre-eliminacion-del-subsidio-a-los-combustibles\/","title":{"rendered":"Congresista propone audiencia p\u00fablica en Pasto para tratar tema sobre eliminaci\u00f3n del subsidio a los combustibles"},"content":{"rendered":"<p style=\"text-align: justify;\">En Plenaria de la C\u00e1mara de Representantes, el congresista nari\u00f1ense Juan Daniel Pe\u00f1uela present\u00f3 una proposici\u00f3n con el fin de realizar una Audiencia P\u00fablica al P.L.118 de 2022 de la Reforma Tributaria. La audiencia contar\u00e1 con la presencia de los ministros de Hacienda, Minas y Energ\u00eda y Transporte adem\u00e1s de los diputados y alcaldes de Nari\u00f1o.<\/p>\n<p style=\"text-align: justify;\">Seg\u00fan el congresista, la invitaci\u00f3n se realiza con el fin de analizar los impactos socioecon\u00f3micos que tendr\u00eda para Nari\u00f1o la eliminaci\u00f3n de subsidios en zona de frontera y el incremento del IVA al combustible. Adem\u00e1s, se examinar\u00e1 el continuo desabastecimiento de los hidrocarburos presentado en el departamento.<\/p>\n<p style=\"text-align: justify;\">\u201cQuedamos a la espera de la confirmaci\u00f3n de fecha y hora de la audiencia que se realizar\u00e1 en Pasto, por parte de la Secretar\u00eda General de la C\u00e1mara de Representantes\u201d, se\u00f1al\u00f3 el representante conservador a trav\u00e9s de sus redes sociales.<\/p>\n","protected":false},"excerpt":{"rendered":"<p>En Plenaria de la C\u00e1mara de Representantes, el congresista nari\u00f1ense Juan Daniel Pe\u00f1uela present\u00f3 una proposici\u00f3n con el fin de realizar una Audiencia P\u00fablica al P.L.118 de 2022 de la Reforma Tributaria. La audiencia contar\u00e1 con la presencia de los ministros de Hacienda, Minas y Energ\u00eda y Transporte adem\u00e1s de los diputados y alcaldes de [&hellip;]<\/p>\n","protected":false},"author":1,"featured_media":61098,"comment_status":"open","ping_status":"open","sticky":false,"template":"","format":"standard","meta":{"footnotes":""},"categories":[53],"tags":[],"class_list":["post-61095","post","type-post","status-publish","format-standard","has-post-thumbnail","hentry","category-regiones"],"yoast_head":"<!-- This site is optimized with the Yoast SEO plugin v27.1.1 - https:\/\/yoast.com\/product\/yoast-seo-wordpress\/ -->\n<title>Congresista propone audiencia p\u00fablica en Pasto para tratar tema sobre eliminaci\u00f3n del subsidio a los combustibles | P\u00e1gina10<\/title>\n<meta name=\"robots\" content=\"index, follow, max-snippet:-1, max-image-preview:large, max-video-preview:-1\" \/>\n<link rel=\"canonical\" href=\"https:\/\/pagina10.com\/web\/congresista-propone-audiencia-publica-en-pasto-para-tratar-tema-sobre-eliminacion-del-subsidio-a-los-combustibles\/\" \/>\n<meta property=\"og:locale\" content=\"es_ES\" \/>\n<meta property=\"og:type\" content=\"article\" \/>\n<meta property=\"og:title\" content=\"Congresista propone audiencia p\u00fablica en Pasto para tratar tema sobre eliminaci\u00f3n del subsidio a los combustibles | P\u00e1gina10\" \/>\n<meta property=\"og:description\" content=\"En Plenaria de la C\u00e1mara de Representantes, el congresista nari\u00f1ense Juan Daniel Pe\u00f1uela present\u00f3 una proposici\u00f3n con el fin de realizar una Audiencia P\u00fablica al P.L.118 de 2022 de la Reforma Tributaria. La audiencia contar\u00e1 con la presencia de los ministros de Hacienda, Minas y Energ\u00eda y Transporte adem\u00e1s de los diputados y alcaldes de [&hellip;]\" \/>\n<meta property=\"og:url\" content=\"https:\/\/pagina10.com\/web\/congresista-propone-audiencia-publica-en-pasto-para-tratar-tema-sobre-eliminacion-del-subsidio-a-los-combustibles\/\" \/>\n<meta property=\"og:site_name\" content=\"P\u00e1gina10\" \/>\n<meta property=\"article:publisher\" content=\"https:\/\/www.facebook.com\/pag10com\" \/>\n<meta property=\"article:published_time\" content=\"2022-08-18T05:06:42+00:00\" \/>\n<meta property=\"article:modified_time\" content=\"2022-08-18T15:40:53+00:00\" \/>\n<meta property=\"og:image\" content=\"https:\/\/pagina10.com\/web\/wp-content\/uploads\/2022\/08\/295656417_5843477715680960_6741400969965465385_n-e1660837245895.jpg\" \/>\n\t<meta property=\"og:image:width\" content=\"1200\" \/>\n\t<meta property=\"og:image:height\" content=\"768\" \/>\n\t<meta property=\"og:image:type\" content=\"image\/jpeg\" \/>\n<meta name=\"author\" content=\"P\u00e1gina 10\" \/>\n<meta name=\"twitter:card\" content=\"summary_large_image\" \/>\n<meta name=\"twitter:creator\" content=\"@Pag10com\" \/>\n<meta name=\"twitter:site\" content=\"@Pag10com\" \/>\n<meta name=\"twitter:label1\" content=\"Escrito por\" \/>\n\t<meta name=\"twitter:data1\" content=\"P\u00e1gina 10\" \/>\n\t<meta name=\"twitter:label2\" content=\"Tiempo de lectura\" \/>\n\t<meta name=\"twitter:data2\" content=\"1 minuto\" \/>\n<script type=\"application\/ld+json\" class=\"yoast-schema-graph\">{\"@context\":\"https:\/\/schema.org\",\"@graph\":[{\"@type\":\"Article\",\"@id\":\"https:\/\/pagina10.com\/web\/congresista-propone-audiencia-publica-en-pasto-para-tratar-tema-sobre-eliminacion-del-subsidio-a-los-combustibles\/#article\",\"isPartOf\":{\"@id\":\"https:\/\/pagina10.com\/web\/congresista-propone-audiencia-publica-en-pasto-para-tratar-tema-sobre-eliminacion-del-subsidio-a-los-combustibles\/\"},\"author\":{\"name\":\"P\u00e1gina 10\",\"@id\":\"https:\/\/pagina10.com\/web\/#\/schema\/person\/2efc4a090d25b667d3bc796798a3a81b\"},\"headline\":\"Congresista propone audiencia p\u00fablica en Pasto para tratar tema sobre eliminaci\u00f3n del subsidio a los combustibles\",\"datePublished\":\"2022-08-18T05:06:42+00:00\",\"dateModified\":\"2022-08-18T15:40:53+00:00\",\"mainEntityOfPage\":{\"@id\":\"https:\/\/pagina10.com\/web\/congresista-propone-audiencia-publica-en-pasto-para-tratar-tema-sobre-eliminacion-del-subsidio-a-los-combustibles\/\"},\"wordCount\":181,\"commentCount\":0,\"publisher\":{\"@id\":\"https:\/\/pagina10.com\/web\/#organization\"},\"image\":{\"@id\":\"https:\/\/pagina10.com\/web\/congresista-propone-audiencia-publica-en-pasto-para-tratar-tema-sobre-eliminacion-del-subsidio-a-los-combustibles\/#primaryimage\"},\"thumbnailUrl\":\"https:\/\/pagina10.com\/web\/wp-content\/uploads\/2022\/08\/295656417_5843477715680960_6741400969965465385_n-e1660837245895.jpg\",\"articleSection\":[\"Regiones\"],\"inLanguage\":\"es\",\"potentialAction\":[{\"@type\":\"CommentAction\",\"name\":\"Comment\",\"target\":[\"https:\/\/pagina10.com\/web\/congresista-propone-audiencia-publica-en-pasto-para-tratar-tema-sobre-eliminacion-del-subsidio-a-los-combustibles\/#respond\"]}]},{\"@type\":\"WebPage\",\"@id\":\"https:\/\/pagina10.com\/web\/congresista-propone-audiencia-publica-en-pasto-para-tratar-tema-sobre-eliminacion-del-subsidio-a-los-combustibles\/\",\"url\":\"https:\/\/pagina10.com\/web\/congresista-propone-audiencia-publica-en-pasto-para-tratar-tema-sobre-eliminacion-del-subsidio-a-los-combustibles\/\",\"name\":\"Congresista propone audiencia p\u00fablica en Pasto para tratar tema sobre eliminaci\u00f3n del subsidio a los combustibles | P\u00e1gina10\",\"isPartOf\":{\"@id\":\"https:\/\/pagina10.com\/web\/#website\"},\"primaryImageOfPage\":{\"@id\":\"https:\/\/pagina10.com\/web\/congresista-propone-audiencia-publica-en-pasto-para-tratar-tema-sobre-eliminacion-del-subsidio-a-los-combustibles\/#primaryimage\"},\"image\":{\"@id\":\"https:\/\/pagina10.com\/web\/congresista-propone-audiencia-publica-en-pasto-para-tratar-tema-sobre-eliminacion-del-subsidio-a-los-combustibles\/#primaryimage\"},\"thumbnailUrl\":\"https:\/\/pagina10.com\/web\/wp-content\/uploads\/2022\/08\/295656417_5843477715680960_6741400969965465385_n-e1660837245895.jpg\",\"datePublished\":\"2022-08-18T05:06:42+00:00\",\"dateModified\":\"2022-08-18T15:40:53+00:00\",\"breadcrumb\":{\"@id\":\"https:\/\/pagina10.com\/web\/congresista-propone-audiencia-publica-en-pasto-para-tratar-tema-sobre-eliminacion-del-subsidio-a-los-combustibles\/#breadcrumb\"},\"inLanguage\":\"es\",\"potentialAction\":[{\"@type\":\"ReadAction\",\"target\":[\"https:\/\/pagina10.com\/web\/congresista-propone-audiencia-publica-en-pasto-para-tratar-tema-sobre-eliminacion-del-subsidio-a-los-combustibles\/\"]}]},{\"@type\":\"ImageObject\",\"inLanguage\":\"es\",\"@id\":\"https:\/\/pagina10.com\/web\/congresista-propone-audiencia-publica-en-pasto-para-tratar-tema-sobre-eliminacion-del-subsidio-a-los-combustibles\/#primaryimage\",\"url\":\"https:\/\/pagina10.com\/web\/wp-content\/uploads\/2022\/08\/295656417_5843477715680960_6741400969965465385_n-e1660837245895.jpg\",\"contentUrl\":\"https:\/\/pagina10.com\/web\/wp-content\/uploads\/2022\/08\/295656417_5843477715680960_6741400969965465385_n-e1660837245895.jpg\",\"width\":1200,\"height\":768},{\"@type\":\"BreadcrumbList\",\"@id\":\"https:\/\/pagina10.com\/web\/congresista-propone-audiencia-publica-en-pasto-para-tratar-tema-sobre-eliminacion-del-subsidio-a-los-combustibles\/#breadcrumb\",\"itemListElement\":[{\"@type\":\"ListItem\",\"position\":1,\"name\":\"Portada\",\"item\":\"https:\/\/pagina10.com\/web\/\"},{\"@type\":\"ListItem\",\"position\":2,\"name\":\"Congresista propone audiencia p\u00fablica en Pasto para tratar tema sobre eliminaci\u00f3n del subsidio a los combustibles\"}]},{\"@type\":\"WebSite\",\"@id\":\"https:\/\/pagina10.com\/web\/#website\",\"url\":\"https:\/\/pagina10.com\/web\/\",\"name\":\"P\u00e1gina10\",\"description\":\"Peri\u00f3dico Regional\",\"publisher\":{\"@id\":\"https:\/\/pagina10.com\/web\/#organization\"},\"alternateName\":\"P\u00e1gina10 Peri\u00f3dico Regional\",\"potentialAction\":[{\"@type\":\"SearchAction\",\"target\":{\"@type\":\"EntryPoint\",\"urlTemplate\":\"https:\/\/pagina10.com\/web\/?s={search_term_string}\"},\"query-input\":{\"@type\":\"PropertyValueSpecification\",\"valueRequired\":true,\"valueName\":\"search_term_string\"}}],\"inLanguage\":\"es\"},{\"@type\":\"Organization\",\"@id\":\"https:\/\/pagina10.com\/web\/#organization\",\"name\":\"P\u00e1gina10\",\"alternateName\":\"P\u00e1gina10 Peri\u00f3dico Regional\",\"url\":\"https:\/\/pagina10.com\/web\/\",\"logo\":{\"@type\":\"ImageObject\",\"inLanguage\":\"es\",\"@id\":\"https:\/\/pagina10.com\/web\/#\/schema\/logo\/image\/\",\"url\":\"https:\/\/pagina10.com\/web\/wp-content\/uploads\/2024\/01\/40-pagina-10-periodico-regional-pasto.jpg\",\"contentUrl\":\"https:\/\/pagina10.com\/web\/wp-content\/uploads\/2024\/01\/40-pagina-10-periodico-regional-pasto.jpg\",\"width\":1280,\"height\":720,\"caption\":\"P\u00e1gina10\"},\"image\":{\"@id\":\"https:\/\/pagina10.com\/web\/#\/schema\/logo\/image\/\"},\"sameAs\":[\"https:\/\/www.facebook.com\/pag10com\",\"https:\/\/x.com\/Pag10com\",\"https:\/\/www.instagram.com\/pagina10col\/\",\"https:\/\/youtube.com\/channel\/pag10\",\"https:\/\/www.tiktok.com\/@p10col\"]},{\"@type\":\"Person\",\"@id\":\"https:\/\/pagina10.com\/web\/#\/schema\/person\/2efc4a090d25b667d3bc796798a3a81b\",\"name\":\"P\u00e1gina 10\",\"description\":\"P\u00e1gina 10 es un peri\u00f3dico regional que nace en Colombia, en el departamento de Nari\u00f1o, con un enfoque global, fundamentado en cuatro pilares esenciales: la libertad, el pluralismo, la inclusi\u00f3n y la independencia. P\u00e1gina 10 hace referencia a Nari\u00f1o como el d\u00e9cimo departamento creado en Colombia, despu\u00e9s de un proceso pol\u00edtico liderado por actores y actrices regionales con el fin de obtener la independencia y autonom\u00eda de nuestros territorios. Con la creaci\u00f3n de P\u00e1gina 10 se pretende abrir un escenario para el dialogo, la reflexi\u00f3n y el debate que se extienda a otras geograf\u00edas de Am\u00e9rica Latina y del planeta, en una apuesta por transformar colectivamente los desaf\u00edos de un mundo contempor\u00e1neo, m\u00e1s all\u00e1 de las fronteras impuestas.\",\"url\":\"https:\/\/pagina10.com\/web\/author\/pdiezadmin\/\"}]}<\/script>\n<!-- \/ Yoast SEO plugin. -->","yoast_head_json":{"title":"Congresista propone audiencia p\u00fablica en Pasto para tratar tema sobre eliminaci\u00f3n del subsidio a los combustibles | P\u00e1gina10","robots":{"index":"index","follow":"follow","max-snippet":"max-snippet:-1","max-image-preview":"max-image-preview:large","max-video-preview":"max-video-preview:-1"},"canonical":"https:\/\/pagina10.com\/web\/congresista-propone-audiencia-publica-en-pasto-para-tratar-tema-sobre-eliminacion-del-subsidio-a-los-combustibles\/","og_locale":"es_ES","og_type":"article","og_title":"Congresista propone audiencia p\u00fablica en Pasto para tratar tema sobre eliminaci\u00f3n del subsidio a los combustibles | P\u00e1gina10","og_description":"En Plenaria de la C\u00e1mara de Representantes, el congresista nari\u00f1ense Juan Daniel Pe\u00f1uela present\u00f3 una proposici\u00f3n con el fin de realizar una Audiencia P\u00fablica al P.L.118 de 2022 de la Reforma Tributaria. La audiencia contar\u00e1 con la presencia de los ministros de Hacienda, Minas y Energ\u00eda y Transporte adem\u00e1s de los diputados y alcaldes de [&hellip;]","og_url":"https:\/\/pagina10.com\/web\/congresista-propone-audiencia-publica-en-pasto-para-tratar-tema-sobre-eliminacion-del-subsidio-a-los-combustibles\/","og_site_name":"P\u00e1gina10","article_publisher":"https:\/\/www.facebook.com\/pag10com","article_published_time":"2022-08-18T05:06:42+00:00","article_modified_time":"2022-08-18T15:40:53+00:00","og_image":[{"width":1200,"height":768,"url":"https:\/\/pagina10.com\/web\/wp-content\/uploads\/2022\/08\/295656417_5843477715680960_6741400969965465385_n-e1660837245895.jpg","type":"image\/jpeg"}],"author":"P\u00e1gina 10","twitter_card":"summary_large_image","twitter_creator":"@Pag10com","twitter_site":"@Pag10com","twitter_misc":{"Escrito por":"P\u00e1gina 10","Tiempo de lectura":"1 minuto"},"schema":{"@context":"https:\/\/schema.org","@graph":[{"@type":"Article","@id":"https:\/\/pagina10.com\/web\/congresista-propone-audiencia-publica-en-pasto-para-tratar-tema-sobre-eliminacion-del-subsidio-a-los-combustibles\/#article","isPartOf":{"@id":"https:\/\/pagina10.com\/web\/congresista-propone-audiencia-publica-en-pasto-para-tratar-tema-sobre-eliminacion-del-subsidio-a-los-combustibles\/"},"author":{"name":"P\u00e1gina 10","@id":"https:\/\/pagina10.com\/web\/#\/schema\/person\/2efc4a090d25b667d3bc796798a3a81b"},"headline":"Congresista propone audiencia p\u00fablica en Pasto para tratar tema sobre eliminaci\u00f3n del subsidio a los combustibles","datePublished":"2022-08-18T05:06:42+00:00","dateModified":"2022-08-18T15:40:53+00:00","mainEntityOfPage":{"@id":"https:\/\/pagina10.com\/web\/congresista-propone-audiencia-publica-en-pasto-para-tratar-tema-sobre-eliminacion-del-subsidio-a-los-combustibles\/"},"wordCount":181,"commentCount":0,"publisher":{"@id":"https:\/\/pagina10.com\/web\/#organization"},"image":{"@id":"https:\/\/pagina10.com\/web\/congresista-propone-audiencia-publica-en-pasto-para-tratar-tema-sobre-eliminacion-del-subsidio-a-los-combustibles\/#primaryimage"},"thumbnailUrl":"https:\/\/pagina10.com\/web\/wp-content\/uploads\/2022\/08\/295656417_5843477715680960_6741400969965465385_n-e1660837245895.jpg","articleSection":["Regiones"],"inLanguage":"es","potentialAction":[{"@type":"CommentAction","name":"Comment","target":["https:\/\/pagina10.com\/web\/congresista-propone-audiencia-publica-en-pasto-para-tratar-tema-sobre-eliminacion-del-subsidio-a-los-combustibles\/#respond"]}]},{"@type":"WebPage","@id":"https:\/\/pagina10.com\/web\/congresista-propone-audiencia-publica-en-pasto-para-tratar-tema-sobre-eliminacion-del-subsidio-a-los-combustibles\/","url":"https:\/\/pagina10.com\/web\/congresista-propone-audiencia-publica-en-pasto-para-tratar-tema-sobre-eliminacion-del-subsidio-a-los-combustibles\/","name":"Congresista propone audiencia p\u00fablica en Pasto para tratar tema sobre eliminaci\u00f3n del subsidio a los combustibles | P\u00e1gina10","isPartOf":{"@id":"https:\/\/pagina10.com\/web\/#website"},"primaryImageOfPage":{"@id":"https:\/\/pagina10.com\/web\/congresista-propone-audiencia-publica-en-pasto-para-tratar-tema-sobre-eliminacion-del-subsidio-a-los-combustibles\/#primaryimage"},"image":{"@id":"https:\/\/pagina10.com\/web\/congresista-propone-audiencia-publica-en-pasto-para-tratar-tema-sobre-eliminacion-del-subsidio-a-los-combustibles\/#primaryimage"},"thumbnailUrl":"https:\/\/pagina10.com\/web\/wp-content\/uploads\/2022\/08\/295656417_5843477715680960_6741400969965465385_n-e1660837245895.jpg","datePublished":"2022-08-18T05:06:42+00:00","dateModified":"2022-08-18T15:40:53+00:00","breadcrumb":{"@id":"https:\/\/pagina10.com\/web\/congresista-propone-audiencia-publica-en-pasto-para-tratar-tema-sobre-eliminacion-del-subsidio-a-los-combustibles\/#breadcrumb"},"inLanguage":"es","potentialAction":[{"@type":"ReadAction","target":["https:\/\/pagina10.com\/web\/congresista-propone-audiencia-publica-en-pasto-para-tratar-tema-sobre-eliminacion-del-subsidio-a-los-combustibles\/"]}]},{"@type":"ImageObject","inLanguage":"es","@id":"https:\/\/pagina10.com\/web\/congresista-propone-audiencia-publica-en-pasto-para-tratar-tema-sobre-eliminacion-del-subsidio-a-los-combustibles\/#primaryimage","url":"https:\/\/pagina10.com\/web\/wp-content\/uploads\/2022\/08\/295656417_5843477715680960_6741400969965465385_n-e1660837245895.jpg","contentUrl":"https:\/\/pagina10.com\/web\/wp-content\/uploads\/2022\/08\/295656417_5843477715680960_6741400969965465385_n-e1660837245895.jpg","width":1200,"height":768},{"@type":"BreadcrumbList","@id":"https:\/\/pagina10.com\/web\/congresista-propone-audiencia-publica-en-pasto-para-tratar-tema-sobre-eliminacion-del-subsidio-a-los-combustibles\/#breadcrumb","itemListElement":[{"@type":"ListItem","position":1,"name":"Portada","item":"https:\/\/pagina10.com\/web\/"},{"@type":"ListItem","position":2,"name":"Congresista propone audiencia p\u00fablica en Pasto para tratar tema sobre eliminaci\u00f3n del subsidio a los combustibles"}]},{"@type":"WebSite","@id":"https:\/\/pagina10.com\/web\/#website","url":"https:\/\/pagina10.com\/web\/","name":"P\u00e1gina10","description":"Peri\u00f3dico Regional","publisher":{"@id":"https:\/\/pagina10.com\/web\/#organization"},"alternateName":"P\u00e1gina10 Peri\u00f3dico Regional","potentialAction":[{"@type":"SearchAction","target":{"@type":"EntryPoint","urlTemplate":"https:\/\/pagina10.com\/web\/?s={search_term_string}"},"query-input":{"@type":"PropertyValueSpecification","valueRequired":true,"valueName":"search_term_string"}}],"inLanguage":"es"},{"@type":"Organization","@id":"https:\/\/pagina10.com\/web\/#organization","name":"P\u00e1gina10","alternateName":"P\u00e1gina10 Peri\u00f3dico Regional","url":"https:\/\/pagina10.com\/web\/","logo":{"@type":"ImageObject","inLanguage":"es","@id":"https:\/\/pagina10.com\/web\/#\/schema\/logo\/image\/","url":"https:\/\/pagina10.com\/web\/wp-content\/uploads\/2024\/01\/40-pagina-10-periodico-regional-pasto.jpg","contentUrl":"https:\/\/pagina10.com\/web\/wp-content\/uploads\/2024\/01\/40-pagina-10-periodico-regional-pasto.jpg","width":1280,"height":720,"caption":"P\u00e1gina10"},"image":{"@id":"https:\/\/pagina10.com\/web\/#\/schema\/logo\/image\/"},"sameAs":["https:\/\/www.facebook.com\/pag10com","https:\/\/x.com\/Pag10com","https:\/\/www.instagram.com\/pagina10col\/","https:\/\/youtube.com\/channel\/pag10","https:\/\/www.tiktok.com\/@p10col"]},{"@type":"Person","@id":"https:\/\/pagina10.com\/web\/#\/schema\/person\/2efc4a090d25b667d3bc796798a3a81b","name":"P\u00e1gina 10","description":"P\u00e1gina 10 es un peri\u00f3dico regional que nace en Colombia, en el departamento de Nari\u00f1o, con un enfoque global, fundamentado en cuatro pilares esenciales: la libertad, el pluralismo, la inclusi\u00f3n y la independencia. P\u00e1gina 10 hace referencia a Nari\u00f1o como el d\u00e9cimo departamento creado en Colombia, despu\u00e9s de un proceso pol\u00edtico liderado por actores y actrices regionales con el fin de obtener la independencia y autonom\u00eda de nuestros territorios. Con la creaci\u00f3n de P\u00e1gina 10 se pretende abrir un escenario para el dialogo, la reflexi\u00f3n y el debate que se extienda a otras geograf\u00edas de Am\u00e9rica Latina y del planeta, en una apuesta por transformar colectivamente los desaf\u00edos de un mundo contempor\u00e1neo, m\u00e1s all\u00e1 de las fronteras impuestas.","url":"https:\/\/pagina10.com\/web\/author\/pdiezadmin\/"}]}},"_links":{"self":[{"href":"https:\/\/pagina10.com\/web\/wp-json\/wp\/v2\/posts\/61095","targetHints":{"allow":["GET"]}}],"collection":[{"href":"https:\/\/pagina10.com\/web\/wp-json\/wp\/v2\/posts"}],"about":[{"href":"https:\/\/pagina10.com\/web\/wp-json\/wp\/v2\/types\/post"}],"author":[{"embeddable":true,"href":"https:\/\/pagina10.com\/web\/wp-json\/wp\/v2\/users\/1"}],"replies":[{"embeddable":true,"href":"https:\/\/pagina10.com\/web\/wp-json\/wp\/v2\/comments?post=61095"}],"version-history":[{"count":1,"href":"https:\/\/pagina10.com\/web\/wp-json\/wp\/v2\/posts\/61095\/revisions"}],"predecessor-version":[{"id":61097,"href":"https:\/\/pagina10.com\/web\/wp-json\/wp\/v2\/posts\/61095\/revisions\/61097"}],"wp:featuredmedia":[{"embeddable":true,"href":"https:\/\/pagina10.com\/web\/wp-json\/wp\/v2\/media\/61098"}],"wp:attachment":[{"href":"https:\/\/pagina10.com\/web\/wp-json\/wp\/v2\/media?parent=61095"}],"wp:term":[{"taxonomy":"category","embeddable":true,"href":"https:\/\/pagina10.com\/web\/wp-json\/wp\/v2\/categories?post=61095"},{"taxonomy":"post_tag","embeddable":true,"href":"https:\/\/pagina10.com\/web\/wp-json\/wp\/v2\/tags?post=61095"}],"curies":[{"name":"wp","href":"https:\/\/api.w.org\/{rel}","templated":true}]}}