{"id":61099,"date":"2022-08-18T10:54:40","date_gmt":"2022-08-18T15:54:40","guid":{"rendered":"https:\/\/pagina10.com\/web\/?p=61099"},"modified":"2022-08-18T10:54:40","modified_gmt":"2022-08-18T15:54:40","slug":"tragedia-en-la-union-madre-ahogo-a-sus-dos-hijas","status":"publish","type":"post","link":"https:\/\/pagina10.com\/web\/tragedia-en-la-union-madre-ahogo-a-sus-dos-hijas\/","title":{"rendered":"Tragedia en La Uni\u00f3n, madre ahog\u00f3 a sus dos hijas"},"content":{"rendered":"<p style=\"text-align: justify;\">El lamentable hecho ocurri\u00f3 en horas de la tarde del mi\u00e9rcoles 17 de agosto en la vereda Cusillo del municipio de La Uni\u00f3n en el norte de Nari\u00f1o. En ese lugar, una joven de 25 a\u00f1os habr\u00eda sumergido a sus hijas de 7 y 1 a\u00f1os en una quebrada que pasa por el lugar en menci\u00f3n. Posterior a ello, se intent\u00f3 quitar la vida sin lograr su cometido.<\/p>\n<p style=\"text-align: justify;\">Las ni\u00f1as fueron trasladadas hasta el Hospital Eduardo Santos de esa localidad tan pronto como la comunidad les dio aviso a las autoridades. Sin embargo, la hija mayor falleci\u00f3 horas despu\u00e9s de su ingreso al centro asistencial. As\u00ed mismo, alrededor de las 9:00 de la noche del mismo mi\u00e9rcoles los m\u00e9dicos confirmaron que la otra menor fue declarada con muerte cerebral cuando se dispon\u00edan a trasladarla hasta Pasto.<\/p>\n<p style=\"text-align: justify;\">Las autoridades confirmaron que la presunta agresora de las dos ni\u00f1as fue capturada, aunque no entregaron detalles sobre su estado de salud. De igual forma, se conoci\u00f3 que la mujer habr\u00eda tomado la decisi\u00f3n debido a que no contaba con recursos para mantener a sus hijas. Adem\u00e1s, mencionaron que, al parecer, las somet\u00eda a constantes maltratos.<\/p>\n","protected":false},"excerpt":{"rendered":"<p>El lamentable hecho ocurri\u00f3 en horas de la tarde del mi\u00e9rcoles 17 de agosto en la vereda Cusillo del municipio de La Uni\u00f3n en el norte de Nari\u00f1o. En ese lugar, una joven de 25 a\u00f1os habr\u00eda sumergido a sus hijas de 7 y 1 a\u00f1os en una quebrada que pasa por el lugar en [&hellip;]<\/p>\n","protected":false},"author":1,"featured_media":61101,"comment_status":"open","ping_status":"open","sticky":false,"template":"","format":"standard","meta":{"footnotes":""},"categories":[61],"tags":[],"class_list":["post-61099","post","type-post","status-publish","format-standard","has-post-thumbnail","hentry","category-judicial"],"yoast_head":"<!-- This site is optimized with the Yoast SEO plugin v27.1.1 - https:\/\/yoast.com\/product\/yoast-seo-wordpress\/ -->\n<title>Tragedia en La Uni\u00f3n, madre ahog\u00f3 a sus dos hijas | P\u00e1gina10<\/title>\n<meta name=\"robots\" content=\"index, follow, max-snippet:-1, max-image-preview:large, max-video-preview:-1\" \/>\n<link rel=\"canonical\" href=\"https:\/\/pagina10.com\/web\/tragedia-en-la-union-madre-ahogo-a-sus-dos-hijas\/\" \/>\n<meta property=\"og:locale\" content=\"es_ES\" \/>\n<meta property=\"og:type\" content=\"article\" \/>\n<meta property=\"og:title\" content=\"Tragedia en La Uni\u00f3n, madre ahog\u00f3 a sus dos hijas | P\u00e1gina10\" \/>\n<meta property=\"og:description\" content=\"El lamentable hecho ocurri\u00f3 en horas de la tarde del mi\u00e9rcoles 17 de agosto en la vereda Cusillo del municipio de La Uni\u00f3n en el norte de Nari\u00f1o. En ese lugar, una joven de 25 a\u00f1os habr\u00eda sumergido a sus hijas de 7 y 1 a\u00f1os en una quebrada que pasa por el lugar en [&hellip;]\" \/>\n<meta property=\"og:url\" content=\"https:\/\/pagina10.com\/web\/tragedia-en-la-union-madre-ahogo-a-sus-dos-hijas\/\" \/>\n<meta property=\"og:site_name\" content=\"P\u00e1gina10\" \/>\n<meta property=\"article:publisher\" content=\"https:\/\/www.facebook.com\/pag10com\" \/>\n<meta property=\"article:published_time\" content=\"2022-08-18T15:54:40+00:00\" \/>\n<meta property=\"og:image\" content=\"https:\/\/pagina10.com\/web\/wp-content\/uploads\/2022\/08\/11483-2_vereda_el_sauce_cafetales-01-scaled.jpg\" \/>\n\t<meta property=\"og:image:width\" content=\"2560\" \/>\n\t<meta property=\"og:image:height\" content=\"1670\" \/>\n\t<meta property=\"og:image:type\" content=\"image\/jpeg\" \/>\n<meta name=\"author\" content=\"P\u00e1gina 10\" \/>\n<meta name=\"twitter:card\" content=\"summary_large_image\" \/>\n<meta name=\"twitter:creator\" content=\"@Pag10com\" \/>\n<meta name=\"twitter:site\" content=\"@Pag10com\" \/>\n<meta name=\"twitter:label1\" content=\"Escrito por\" \/>\n\t<meta name=\"twitter:data1\" content=\"P\u00e1gina 10\" \/>\n\t<meta name=\"twitter:label2\" content=\"Tiempo de lectura\" \/>\n\t<meta name=\"twitter:data2\" content=\"1 minuto\" \/>\n<script type=\"application\/ld+json\" class=\"yoast-schema-graph\">{\"@context\":\"https:\/\/schema.org\",\"@graph\":[{\"@type\":\"Article\",\"@id\":\"https:\/\/pagina10.com\/web\/tragedia-en-la-union-madre-ahogo-a-sus-dos-hijas\/#article\",\"isPartOf\":{\"@id\":\"https:\/\/pagina10.com\/web\/tragedia-en-la-union-madre-ahogo-a-sus-dos-hijas\/\"},\"author\":{\"name\":\"P\u00e1gina 10\",\"@id\":\"https:\/\/pagina10.com\/web\/#\/schema\/person\/2efc4a090d25b667d3bc796798a3a81b\"},\"headline\":\"Tragedia en La Uni\u00f3n, madre ahog\u00f3 a sus dos hijas\",\"datePublished\":\"2022-08-18T15:54:40+00:00\",\"mainEntityOfPage\":{\"@id\":\"https:\/\/pagina10.com\/web\/tragedia-en-la-union-madre-ahogo-a-sus-dos-hijas\/\"},\"wordCount\":215,\"commentCount\":0,\"publisher\":{\"@id\":\"https:\/\/pagina10.com\/web\/#organization\"},\"image\":{\"@id\":\"https:\/\/pagina10.com\/web\/tragedia-en-la-union-madre-ahogo-a-sus-dos-hijas\/#primaryimage\"},\"thumbnailUrl\":\"https:\/\/pagina10.com\/web\/wp-content\/uploads\/2022\/08\/11483-2_vereda_el_sauce_cafetales-01-scaled.jpg\",\"articleSection\":[\"Judicial\"],\"inLanguage\":\"es\",\"potentialAction\":[{\"@type\":\"CommentAction\",\"name\":\"Comment\",\"target\":[\"https:\/\/pagina10.com\/web\/tragedia-en-la-union-madre-ahogo-a-sus-dos-hijas\/#respond\"]}]},{\"@type\":\"WebPage\",\"@id\":\"https:\/\/pagina10.com\/web\/tragedia-en-la-union-madre-ahogo-a-sus-dos-hijas\/\",\"url\":\"https:\/\/pagina10.com\/web\/tragedia-en-la-union-madre-ahogo-a-sus-dos-hijas\/\",\"name\":\"Tragedia en La Uni\u00f3n, madre ahog\u00f3 a sus dos hijas | P\u00e1gina10\",\"isPartOf\":{\"@id\":\"https:\/\/pagina10.com\/web\/#website\"},\"primaryImageOfPage\":{\"@id\":\"https:\/\/pagina10.com\/web\/tragedia-en-la-union-madre-ahogo-a-sus-dos-hijas\/#primaryimage\"},\"image\":{\"@id\":\"https:\/\/pagina10.com\/web\/tragedia-en-la-union-madre-ahogo-a-sus-dos-hijas\/#primaryimage\"},\"thumbnailUrl\":\"https:\/\/pagina10.com\/web\/wp-content\/uploads\/2022\/08\/11483-2_vereda_el_sauce_cafetales-01-scaled.jpg\",\"datePublished\":\"2022-08-18T15:54:40+00:00\",\"breadcrumb\":{\"@id\":\"https:\/\/pagina10.com\/web\/tragedia-en-la-union-madre-ahogo-a-sus-dos-hijas\/#breadcrumb\"},\"inLanguage\":\"es\",\"potentialAction\":[{\"@type\":\"ReadAction\",\"target\":[\"https:\/\/pagina10.com\/web\/tragedia-en-la-union-madre-ahogo-a-sus-dos-hijas\/\"]}]},{\"@type\":\"ImageObject\",\"inLanguage\":\"es\",\"@id\":\"https:\/\/pagina10.com\/web\/tragedia-en-la-union-madre-ahogo-a-sus-dos-hijas\/#primaryimage\",\"url\":\"https:\/\/pagina10.com\/web\/wp-content\/uploads\/2022\/08\/11483-2_vereda_el_sauce_cafetales-01-scaled.jpg\",\"contentUrl\":\"https:\/\/pagina10.com\/web\/wp-content\/uploads\/2022\/08\/11483-2_vereda_el_sauce_cafetales-01-scaled.jpg\",\"width\":2560,\"height\":1670},{\"@type\":\"BreadcrumbList\",\"@id\":\"https:\/\/pagina10.com\/web\/tragedia-en-la-union-madre-ahogo-a-sus-dos-hijas\/#breadcrumb\",\"itemListElement\":[{\"@type\":\"ListItem\",\"position\":1,\"name\":\"Portada\",\"item\":\"https:\/\/pagina10.com\/web\/\"},{\"@type\":\"ListItem\",\"position\":2,\"name\":\"Tragedia en La Uni\u00f3n, madre ahog\u00f3 a sus dos hijas\"}]},{\"@type\":\"WebSite\",\"@id\":\"https:\/\/pagina10.com\/web\/#website\",\"url\":\"https:\/\/pagina10.com\/web\/\",\"name\":\"P\u00e1gina10\",\"description\":\"Peri\u00f3dico Regional\",\"publisher\":{\"@id\":\"https:\/\/pagina10.com\/web\/#organization\"},\"alternateName\":\"P\u00e1gina10 Peri\u00f3dico Regional\",\"potentialAction\":[{\"@type\":\"SearchAction\",\"target\":{\"@type\":\"EntryPoint\",\"urlTemplate\":\"https:\/\/pagina10.com\/web\/?s={search_term_string}\"},\"query-input\":{\"@type\":\"PropertyValueSpecification\",\"valueRequired\":true,\"valueName\":\"search_term_string\"}}],\"inLanguage\":\"es\"},{\"@type\":\"Organization\",\"@id\":\"https:\/\/pagina10.com\/web\/#organization\",\"name\":\"P\u00e1gina10\",\"alternateName\":\"P\u00e1gina10 Peri\u00f3dico Regional\",\"url\":\"https:\/\/pagina10.com\/web\/\",\"logo\":{\"@type\":\"ImageObject\",\"inLanguage\":\"es\",\"@id\":\"https:\/\/pagina10.com\/web\/#\/schema\/logo\/image\/\",\"url\":\"https:\/\/pagina10.com\/web\/wp-content\/uploads\/2024\/01\/40-pagina-10-periodico-regional-pasto.jpg\",\"contentUrl\":\"https:\/\/pagina10.com\/web\/wp-content\/uploads\/2024\/01\/40-pagina-10-periodico-regional-pasto.jpg\",\"width\":1280,\"height\":720,\"caption\":\"P\u00e1gina10\"},\"image\":{\"@id\":\"https:\/\/pagina10.com\/web\/#\/schema\/logo\/image\/\"},\"sameAs\":[\"https:\/\/www.facebook.com\/pag10com\",\"https:\/\/x.com\/Pag10com\",\"https:\/\/www.instagram.com\/pagina10col\/\",\"https:\/\/youtube.com\/channel\/pag10\",\"https:\/\/www.tiktok.com\/@p10col\"]},{\"@type\":\"Person\",\"@id\":\"https:\/\/pagina10.com\/web\/#\/schema\/person\/2efc4a090d25b667d3bc796798a3a81b\",\"name\":\"P\u00e1gina 10\",\"description\":\"P\u00e1gina 10 es un peri\u00f3dico regional que nace en Colombia, en el departamento de Nari\u00f1o, con un enfoque global, fundamentado en cuatro pilares esenciales: la libertad, el pluralismo, la inclusi\u00f3n y la independencia. P\u00e1gina 10 hace referencia a Nari\u00f1o como el d\u00e9cimo departamento creado en Colombia, despu\u00e9s de un proceso pol\u00edtico liderado por actores y actrices regionales con el fin de obtener la independencia y autonom\u00eda de nuestros territorios. Con la creaci\u00f3n de P\u00e1gina 10 se pretende abrir un escenario para el dialogo, la reflexi\u00f3n y el debate que se extienda a otras geograf\u00edas de Am\u00e9rica Latina y del planeta, en una apuesta por transformar colectivamente los desaf\u00edos de un mundo contempor\u00e1neo, m\u00e1s all\u00e1 de las fronteras impuestas.\",\"url\":\"https:\/\/pagina10.com\/web\/author\/pdiezadmin\/\"}]}<\/script>\n<!-- \/ Yoast SEO plugin. -->","yoast_head_json":{"title":"Tragedia en La Uni\u00f3n, madre ahog\u00f3 a sus dos hijas | P\u00e1gina10","robots":{"index":"index","follow":"follow","max-snippet":"max-snippet:-1","max-image-preview":"max-image-preview:large","max-video-preview":"max-video-preview:-1"},"canonical":"https:\/\/pagina10.com\/web\/tragedia-en-la-union-madre-ahogo-a-sus-dos-hijas\/","og_locale":"es_ES","og_type":"article","og_title":"Tragedia en La Uni\u00f3n, madre ahog\u00f3 a sus dos hijas | P\u00e1gina10","og_description":"El lamentable hecho ocurri\u00f3 en horas de la tarde del mi\u00e9rcoles 17 de agosto en la vereda Cusillo del municipio de La Uni\u00f3n en el norte de Nari\u00f1o. En ese lugar, una joven de 25 a\u00f1os habr\u00eda sumergido a sus hijas de 7 y 1 a\u00f1os en una quebrada que pasa por el lugar en [&hellip;]","og_url":"https:\/\/pagina10.com\/web\/tragedia-en-la-union-madre-ahogo-a-sus-dos-hijas\/","og_site_name":"P\u00e1gina10","article_publisher":"https:\/\/www.facebook.com\/pag10com","article_published_time":"2022-08-18T15:54:40+00:00","og_image":[{"width":2560,"height":1670,"url":"https:\/\/pagina10.com\/web\/wp-content\/uploads\/2022\/08\/11483-2_vereda_el_sauce_cafetales-01-scaled.jpg","type":"image\/jpeg"}],"author":"P\u00e1gina 10","twitter_card":"summary_large_image","twitter_creator":"@Pag10com","twitter_site":"@Pag10com","twitter_misc":{"Escrito por":"P\u00e1gina 10","Tiempo de lectura":"1 minuto"},"schema":{"@context":"https:\/\/schema.org","@graph":[{"@type":"Article","@id":"https:\/\/pagina10.com\/web\/tragedia-en-la-union-madre-ahogo-a-sus-dos-hijas\/#article","isPartOf":{"@id":"https:\/\/pagina10.com\/web\/tragedia-en-la-union-madre-ahogo-a-sus-dos-hijas\/"},"author":{"name":"P\u00e1gina 10","@id":"https:\/\/pagina10.com\/web\/#\/schema\/person\/2efc4a090d25b667d3bc796798a3a81b"},"headline":"Tragedia en La Uni\u00f3n, madre ahog\u00f3 a sus dos hijas","datePublished":"2022-08-18T15:54:40+00:00","mainEntityOfPage":{"@id":"https:\/\/pagina10.com\/web\/tragedia-en-la-union-madre-ahogo-a-sus-dos-hijas\/"},"wordCount":215,"commentCount":0,"publisher":{"@id":"https:\/\/pagina10.com\/web\/#organization"},"image":{"@id":"https:\/\/pagina10.com\/web\/tragedia-en-la-union-madre-ahogo-a-sus-dos-hijas\/#primaryimage"},"thumbnailUrl":"https:\/\/pagina10.com\/web\/wp-content\/uploads\/2022\/08\/11483-2_vereda_el_sauce_cafetales-01-scaled.jpg","articleSection":["Judicial"],"inLanguage":"es","potentialAction":[{"@type":"CommentAction","name":"Comment","target":["https:\/\/pagina10.com\/web\/tragedia-en-la-union-madre-ahogo-a-sus-dos-hijas\/#respond"]}]},{"@type":"WebPage","@id":"https:\/\/pagina10.com\/web\/tragedia-en-la-union-madre-ahogo-a-sus-dos-hijas\/","url":"https:\/\/pagina10.com\/web\/tragedia-en-la-union-madre-ahogo-a-sus-dos-hijas\/","name":"Tragedia en La Uni\u00f3n, madre ahog\u00f3 a sus dos hijas | P\u00e1gina10","isPartOf":{"@id":"https:\/\/pagina10.com\/web\/#website"},"primaryImageOfPage":{"@id":"https:\/\/pagina10.com\/web\/tragedia-en-la-union-madre-ahogo-a-sus-dos-hijas\/#primaryimage"},"image":{"@id":"https:\/\/pagina10.com\/web\/tragedia-en-la-union-madre-ahogo-a-sus-dos-hijas\/#primaryimage"},"thumbnailUrl":"https:\/\/pagina10.com\/web\/wp-content\/uploads\/2022\/08\/11483-2_vereda_el_sauce_cafetales-01-scaled.jpg","datePublished":"2022-08-18T15:54:40+00:00","breadcrumb":{"@id":"https:\/\/pagina10.com\/web\/tragedia-en-la-union-madre-ahogo-a-sus-dos-hijas\/#breadcrumb"},"inLanguage":"es","potentialAction":[{"@type":"ReadAction","target":["https:\/\/pagina10.com\/web\/tragedia-en-la-union-madre-ahogo-a-sus-dos-hijas\/"]}]},{"@type":"ImageObject","inLanguage":"es","@id":"https:\/\/pagina10.com\/web\/tragedia-en-la-union-madre-ahogo-a-sus-dos-hijas\/#primaryimage","url":"https:\/\/pagina10.com\/web\/wp-content\/uploads\/2022\/08\/11483-2_vereda_el_sauce_cafetales-01-scaled.jpg","contentUrl":"https:\/\/pagina10.com\/web\/wp-content\/uploads\/2022\/08\/11483-2_vereda_el_sauce_cafetales-01-scaled.jpg","width":2560,"height":1670},{"@type":"BreadcrumbList","@id":"https:\/\/pagina10.com\/web\/tragedia-en-la-union-madre-ahogo-a-sus-dos-hijas\/#breadcrumb","itemListElement":[{"@type":"ListItem","position":1,"name":"Portada","item":"https:\/\/pagina10.com\/web\/"},{"@type":"ListItem","position":2,"name":"Tragedia en La Uni\u00f3n, madre ahog\u00f3 a sus dos hijas"}]},{"@type":"WebSite","@id":"https:\/\/pagina10.com\/web\/#website","url":"https:\/\/pagina10.com\/web\/","name":"P\u00e1gina10","description":"Peri\u00f3dico Regional","publisher":{"@id":"https:\/\/pagina10.com\/web\/#organization"},"alternateName":"P\u00e1gina10 Peri\u00f3dico Regional","potentialAction":[{"@type":"SearchAction","target":{"@type":"EntryPoint","urlTemplate":"https:\/\/pagina10.com\/web\/?s={search_term_string}"},"query-input":{"@type":"PropertyValueSpecification","valueRequired":true,"valueName":"search_term_string"}}],"inLanguage":"es"},{"@type":"Organization","@id":"https:\/\/pagina10.com\/web\/#organization","name":"P\u00e1gina10","alternateName":"P\u00e1gina10 Peri\u00f3dico Regional","url":"https:\/\/pagina10.com\/web\/","logo":{"@type":"ImageObject","inLanguage":"es","@id":"https:\/\/pagina10.com\/web\/#\/schema\/logo\/image\/","url":"https:\/\/pagina10.com\/web\/wp-content\/uploads\/2024\/01\/40-pagina-10-periodico-regional-pasto.jpg","contentUrl":"https:\/\/pagina10.com\/web\/wp-content\/uploads\/2024\/01\/40-pagina-10-periodico-regional-pasto.jpg","width":1280,"height":720,"caption":"P\u00e1gina10"},"image":{"@id":"https:\/\/pagina10.com\/web\/#\/schema\/logo\/image\/"},"sameAs":["https:\/\/www.facebook.com\/pag10com","https:\/\/x.com\/Pag10com","https:\/\/www.instagram.com\/pagina10col\/","https:\/\/youtube.com\/channel\/pag10","https:\/\/www.tiktok.com\/@p10col"]},{"@type":"Person","@id":"https:\/\/pagina10.com\/web\/#\/schema\/person\/2efc4a090d25b667d3bc796798a3a81b","name":"P\u00e1gina 10","description":"P\u00e1gina 10 es un peri\u00f3dico regional que nace en Colombia, en el departamento de Nari\u00f1o, con un enfoque global, fundamentado en cuatro pilares esenciales: la libertad, el pluralismo, la inclusi\u00f3n y la independencia. P\u00e1gina 10 hace referencia a Nari\u00f1o como el d\u00e9cimo departamento creado en Colombia, despu\u00e9s de un proceso pol\u00edtico liderado por actores y actrices regionales con el fin de obtener la independencia y autonom\u00eda de nuestros territorios. Con la creaci\u00f3n de P\u00e1gina 10 se pretende abrir un escenario para el dialogo, la reflexi\u00f3n y el debate que se extienda a otras geograf\u00edas de Am\u00e9rica Latina y del planeta, en una apuesta por transformar colectivamente los desaf\u00edos de un mundo contempor\u00e1neo, m\u00e1s all\u00e1 de las fronteras impuestas.","url":"https:\/\/pagina10.com\/web\/author\/pdiezadmin\/"}]}},"_links":{"self":[{"href":"https:\/\/pagina10.com\/web\/wp-json\/wp\/v2\/posts\/61099","targetHints":{"allow":["GET"]}}],"collection":[{"href":"https:\/\/pagina10.com\/web\/wp-json\/wp\/v2\/posts"}],"about":[{"href":"https:\/\/pagina10.com\/web\/wp-json\/wp\/v2\/types\/post"}],"author":[{"embeddable":true,"href":"https:\/\/pagina10.com\/web\/wp-json\/wp\/v2\/users\/1"}],"replies":[{"embeddable":true,"href":"https:\/\/pagina10.com\/web\/wp-json\/wp\/v2\/comments?post=61099"}],"version-history":[{"count":1,"href":"https:\/\/pagina10.com\/web\/wp-json\/wp\/v2\/posts\/61099\/revisions"}],"predecessor-version":[{"id":61102,"href":"https:\/\/pagina10.com\/web\/wp-json\/wp\/v2\/posts\/61099\/revisions\/61102"}],"wp:featuredmedia":[{"embeddable":true,"href":"https:\/\/pagina10.com\/web\/wp-json\/wp\/v2\/media\/61101"}],"wp:attachment":[{"href":"https:\/\/pagina10.com\/web\/wp-json\/wp\/v2\/media?parent=61099"}],"wp:term":[{"taxonomy":"category","embeddable":true,"href":"https:\/\/pagina10.com\/web\/wp-json\/wp\/v2\/categories?post=61099"},{"taxonomy":"post_tag","embeddable":true,"href":"https:\/\/pagina10.com\/web\/wp-json\/wp\/v2\/tags?post=61099"}],"curies":[{"name":"wp","href":"https:\/\/api.w.org\/{rel}","templated":true}]}}