{"id":61103,"date":"2022-08-18T12:50:27","date_gmt":"2022-08-18T17:50:27","guid":{"rendered":"https:\/\/pagina10.com\/web\/?p=61103"},"modified":"2022-08-18T12:50:27","modified_gmt":"2022-08-18T17:50:27","slug":"capturan-por-extorsion-a-cuatro-presuntos-integrantes-de-los-contadores-en-tumaco","status":"publish","type":"post","link":"https:\/\/pagina10.com\/web\/capturan-por-extorsion-a-cuatro-presuntos-integrantes-de-los-contadores-en-tumaco\/","title":{"rendered":"Capturan por extorsi\u00f3n a cuatro presuntos integrantes de \u2018Los Contadores\u2019 en Tumaco"},"content":{"rendered":"<p style=\"text-align: justify;\">Ante un juez penal ambulante de Tumaco, la Fiscal\u00eda General de la Naci\u00f3n imput\u00f3 cargos a Mar\u00eda Daisy Land\u00e1zuri Arboleda, Divia Milena Pasuy Land\u00e1zuri, Brayan Stiven Pasuy, Alexandra Loreisi Minda Mu\u00f1oz por su presunta responsabilidad material en los delitos de concierto para delinquir en concurso con extorsi\u00f3n agravada.<\/p>\n<p style=\"text-align: justify;\">Tres de los hoy procesados, presuntos integrantes del grupo delincuencial \u2018Los Contadores\u2019, pertenec\u00edan a una misma familia, de los cuales dos fueron afectados con medida de aseguramiento en establecimiento carcelario y otro en lugar de residencia. Por su parte, Mina Mu\u00f1oz fue dejada en libertad, aunque qued\u00f3 vinculada al proceso.<\/p>\n<p style=\"text-align: justify;\">Seg\u00fan la investigaci\u00f3n, los hechos fueron denunciados por una pareja, quienes aseguraron a los investigadores del Gaula de la Polic\u00eda que entre el 16 y 18 de noviembre de 2021 y el pasado 6 y 7 de enero fueron objeto de llamadas extorsivas, exigiendo el pago de una cuota de dinero, a cambio de no atentar contra ellos y su familia.<\/p>\n<p style=\"text-align: justify;\">Los presuntos extorsionistas se hac\u00edan pasar por integrantes del Grupo Armado Organizado Residual (GAOR), Iv\u00e1n R\u00edos de las extintas Farc, pero seg\u00fan el proceso, realmente pertenecen a la banda delincuencial Los contadores que opera a lo largo de la costa pac\u00edfica nari\u00f1ense.<\/p>\n<p style=\"text-align: justify;\">Adem\u00e1s de las interceptaciones a dos tel\u00e9fonos celulares, autorizadas por un juez penal, la Fiscal\u00eda logr\u00f3 acceder a los baucher de retiro del dinero consignado por las v\u00edctimas a una cuenta bancaria determinando que, supuestamente, Brayan Stiven y Divia Milena fueron quienes no solo hicieron las llamadas extorsivas, sino que retiraron los dineros exigidos, lo que permiti\u00f3 establecer tambi\u00e9n que Mar\u00eda Daisy Land\u00e1zuri Arboleda era quien supervisaba que las v\u00edctimas fueran al banco a consignar.<\/p>\n<p><img fetchpriority=\"high\" decoding=\"async\" class=\"alignnone  wp-image-61105\" src=\"https:\/\/pagina10.com\/web\/wp-content\/uploads\/2022\/08\/WhatsApp-Image-2022-08-18-at-10.07.46-AM-300x250.jpeg\" alt=\"\" width=\"303\" height=\"252\" srcset=\"https:\/\/pagina10.com\/web\/wp-content\/uploads\/2022\/08\/WhatsApp-Image-2022-08-18-at-10.07.46-AM-300x250.jpeg 300w, https:\/\/pagina10.com\/web\/wp-content\/uploads\/2022\/08\/WhatsApp-Image-2022-08-18-at-10.07.46-AM-1024x852.jpeg 1024w, https:\/\/pagina10.com\/web\/wp-content\/uploads\/2022\/08\/WhatsApp-Image-2022-08-18-at-10.07.46-AM-768x639.jpeg 768w, https:\/\/pagina10.com\/web\/wp-content\/uploads\/2022\/08\/WhatsApp-Image-2022-08-18-at-10.07.46-AM.jpeg 1250w\" sizes=\"(max-width: 303px) 100vw, 303px\" \/><img decoding=\"async\" class=\" wp-image-61106 alignleft\" src=\"https:\/\/pagina10.com\/web\/wp-content\/uploads\/2022\/08\/WhatsApp-Image-2022-08-18-at-10.07.47-AM-1-300x300.jpeg\" alt=\"\" width=\"245\" height=\"245\" srcset=\"https:\/\/pagina10.com\/web\/wp-content\/uploads\/2022\/08\/WhatsApp-Image-2022-08-18-at-10.07.47-AM-1-300x300.jpeg 300w, https:\/\/pagina10.com\/web\/wp-content\/uploads\/2022\/08\/WhatsApp-Image-2022-08-18-at-10.07.47-AM-1-1020x1024.jpeg 1020w, https:\/\/pagina10.com\/web\/wp-content\/uploads\/2022\/08\/WhatsApp-Image-2022-08-18-at-10.07.47-AM-1-150x150.jpeg 150w, https:\/\/pagina10.com\/web\/wp-content\/uploads\/2022\/08\/WhatsApp-Image-2022-08-18-at-10.07.47-AM-1-768x771.jpeg 768w, https:\/\/pagina10.com\/web\/wp-content\/uploads\/2022\/08\/WhatsApp-Image-2022-08-18-at-10.07.47-AM-1-100x100.jpeg 100w, https:\/\/pagina10.com\/web\/wp-content\/uploads\/2022\/08\/WhatsApp-Image-2022-08-18-at-10.07.47-AM-1.jpeg 1038w\" sizes=\"(max-width: 245px) 100vw, 245px\" \/><\/p>\n","protected":false},"excerpt":{"rendered":"<p>Ante un juez penal ambulante de Tumaco, la Fiscal\u00eda General de la Naci\u00f3n imput\u00f3 cargos a Mar\u00eda Daisy Land\u00e1zuri Arboleda, Divia Milena Pasuy Land\u00e1zuri, Brayan Stiven Pasuy, Alexandra Loreisi Minda Mu\u00f1oz por su presunta responsabilidad material en los delitos de concierto para delinquir en concurso con extorsi\u00f3n agravada. Tres de los hoy procesados, presuntos integrantes [&hellip;]<\/p>\n","protected":false},"author":1,"featured_media":61104,"comment_status":"open","ping_status":"open","sticky":false,"template":"","format":"standard","meta":{"footnotes":""},"categories":[61],"tags":[],"class_list":["post-61103","post","type-post","status-publish","format-standard","has-post-thumbnail","hentry","category-judicial"],"yoast_head":"<!-- This site is optimized with the Yoast SEO plugin v27.1.1 - https:\/\/yoast.com\/product\/yoast-seo-wordpress\/ -->\n<title>Capturan por extorsi\u00f3n a cuatro presuntos integrantes de \u2018Los Contadores\u2019 en Tumaco | P\u00e1gina10<\/title>\n<meta name=\"robots\" content=\"index, follow, max-snippet:-1, max-image-preview:large, max-video-preview:-1\" \/>\n<link rel=\"canonical\" href=\"https:\/\/pagina10.com\/web\/capturan-por-extorsion-a-cuatro-presuntos-integrantes-de-los-contadores-en-tumaco\/\" \/>\n<meta property=\"og:locale\" content=\"es_ES\" \/>\n<meta property=\"og:type\" content=\"article\" \/>\n<meta property=\"og:title\" content=\"Capturan por extorsi\u00f3n a cuatro presuntos integrantes de \u2018Los Contadores\u2019 en Tumaco | P\u00e1gina10\" \/>\n<meta property=\"og:description\" content=\"Ante un juez penal ambulante de Tumaco, la Fiscal\u00eda General de la Naci\u00f3n imput\u00f3 cargos a Mar\u00eda Daisy Land\u00e1zuri Arboleda, Divia Milena Pasuy Land\u00e1zuri, Brayan Stiven Pasuy, Alexandra Loreisi Minda Mu\u00f1oz por su presunta responsabilidad material en los delitos de concierto para delinquir en concurso con extorsi\u00f3n agravada. Tres de los hoy procesados, presuntos integrantes [&hellip;]\" \/>\n<meta property=\"og:url\" content=\"https:\/\/pagina10.com\/web\/capturan-por-extorsion-a-cuatro-presuntos-integrantes-de-los-contadores-en-tumaco\/\" \/>\n<meta property=\"og:site_name\" content=\"P\u00e1gina10\" \/>\n<meta property=\"article:publisher\" content=\"https:\/\/www.facebook.com\/pag10com\" \/>\n<meta property=\"article:published_time\" content=\"2022-08-18T17:50:27+00:00\" \/>\n<meta property=\"og:image\" content=\"https:\/\/pagina10.com\/web\/wp-content\/uploads\/2022\/08\/WhatsApp-Image-2022-08-18-at-10.07.47-AM.jpeg\" \/>\n\t<meta property=\"og:image:width\" content=\"1280\" \/>\n\t<meta property=\"og:image:height\" content=\"942\" \/>\n\t<meta property=\"og:image:type\" content=\"image\/jpeg\" \/>\n<meta name=\"author\" content=\"P\u00e1gina 10\" \/>\n<meta name=\"twitter:card\" content=\"summary_large_image\" \/>\n<meta name=\"twitter:creator\" content=\"@Pag10com\" \/>\n<meta name=\"twitter:site\" content=\"@Pag10com\" \/>\n<meta name=\"twitter:label1\" content=\"Escrito por\" \/>\n\t<meta name=\"twitter:data1\" content=\"P\u00e1gina 10\" \/>\n\t<meta name=\"twitter:label2\" content=\"Tiempo de lectura\" \/>\n\t<meta name=\"twitter:data2\" content=\"1 minuto\" \/>\n<script type=\"application\/ld+json\" class=\"yoast-schema-graph\">{\"@context\":\"https:\/\/schema.org\",\"@graph\":[{\"@type\":\"Article\",\"@id\":\"https:\/\/pagina10.com\/web\/capturan-por-extorsion-a-cuatro-presuntos-integrantes-de-los-contadores-en-tumaco\/#article\",\"isPartOf\":{\"@id\":\"https:\/\/pagina10.com\/web\/capturan-por-extorsion-a-cuatro-presuntos-integrantes-de-los-contadores-en-tumaco\/\"},\"author\":{\"name\":\"P\u00e1gina 10\",\"@id\":\"https:\/\/pagina10.com\/web\/#\/schema\/person\/2efc4a090d25b667d3bc796798a3a81b\"},\"headline\":\"Capturan por extorsi\u00f3n a cuatro presuntos integrantes de \u2018Los Contadores\u2019 en Tumaco\",\"datePublished\":\"2022-08-18T17:50:27+00:00\",\"mainEntityOfPage\":{\"@id\":\"https:\/\/pagina10.com\/web\/capturan-por-extorsion-a-cuatro-presuntos-integrantes-de-los-contadores-en-tumaco\/\"},\"wordCount\":310,\"commentCount\":0,\"publisher\":{\"@id\":\"https:\/\/pagina10.com\/web\/#organization\"},\"image\":{\"@id\":\"https:\/\/pagina10.com\/web\/capturan-por-extorsion-a-cuatro-presuntos-integrantes-de-los-contadores-en-tumaco\/#primaryimage\"},\"thumbnailUrl\":\"https:\/\/pagina10.com\/web\/wp-content\/uploads\/2022\/08\/WhatsApp-Image-2022-08-18-at-10.07.47-AM.jpeg\",\"articleSection\":[\"Judicial\"],\"inLanguage\":\"es\",\"potentialAction\":[{\"@type\":\"CommentAction\",\"name\":\"Comment\",\"target\":[\"https:\/\/pagina10.com\/web\/capturan-por-extorsion-a-cuatro-presuntos-integrantes-de-los-contadores-en-tumaco\/#respond\"]}]},{\"@type\":\"WebPage\",\"@id\":\"https:\/\/pagina10.com\/web\/capturan-por-extorsion-a-cuatro-presuntos-integrantes-de-los-contadores-en-tumaco\/\",\"url\":\"https:\/\/pagina10.com\/web\/capturan-por-extorsion-a-cuatro-presuntos-integrantes-de-los-contadores-en-tumaco\/\",\"name\":\"Capturan por extorsi\u00f3n a cuatro presuntos integrantes de \u2018Los Contadores\u2019 en Tumaco | P\u00e1gina10\",\"isPartOf\":{\"@id\":\"https:\/\/pagina10.com\/web\/#website\"},\"primaryImageOfPage\":{\"@id\":\"https:\/\/pagina10.com\/web\/capturan-por-extorsion-a-cuatro-presuntos-integrantes-de-los-contadores-en-tumaco\/#primaryimage\"},\"image\":{\"@id\":\"https:\/\/pagina10.com\/web\/capturan-por-extorsion-a-cuatro-presuntos-integrantes-de-los-contadores-en-tumaco\/#primaryimage\"},\"thumbnailUrl\":\"https:\/\/pagina10.com\/web\/wp-content\/uploads\/2022\/08\/WhatsApp-Image-2022-08-18-at-10.07.47-AM.jpeg\",\"datePublished\":\"2022-08-18T17:50:27+00:00\",\"breadcrumb\":{\"@id\":\"https:\/\/pagina10.com\/web\/capturan-por-extorsion-a-cuatro-presuntos-integrantes-de-los-contadores-en-tumaco\/#breadcrumb\"},\"inLanguage\":\"es\",\"potentialAction\":[{\"@type\":\"ReadAction\",\"target\":[\"https:\/\/pagina10.com\/web\/capturan-por-extorsion-a-cuatro-presuntos-integrantes-de-los-contadores-en-tumaco\/\"]}]},{\"@type\":\"ImageObject\",\"inLanguage\":\"es\",\"@id\":\"https:\/\/pagina10.com\/web\/capturan-por-extorsion-a-cuatro-presuntos-integrantes-de-los-contadores-en-tumaco\/#primaryimage\",\"url\":\"https:\/\/pagina10.com\/web\/wp-content\/uploads\/2022\/08\/WhatsApp-Image-2022-08-18-at-10.07.47-AM.jpeg\",\"contentUrl\":\"https:\/\/pagina10.com\/web\/wp-content\/uploads\/2022\/08\/WhatsApp-Image-2022-08-18-at-10.07.47-AM.jpeg\",\"width\":1280,\"height\":942},{\"@type\":\"BreadcrumbList\",\"@id\":\"https:\/\/pagina10.com\/web\/capturan-por-extorsion-a-cuatro-presuntos-integrantes-de-los-contadores-en-tumaco\/#breadcrumb\",\"itemListElement\":[{\"@type\":\"ListItem\",\"position\":1,\"name\":\"Portada\",\"item\":\"https:\/\/pagina10.com\/web\/\"},{\"@type\":\"ListItem\",\"position\":2,\"name\":\"Capturan por extorsi\u00f3n a cuatro presuntos integrantes de \u2018Los Contadores\u2019 en Tumaco\"}]},{\"@type\":\"WebSite\",\"@id\":\"https:\/\/pagina10.com\/web\/#website\",\"url\":\"https:\/\/pagina10.com\/web\/\",\"name\":\"P\u00e1gina10\",\"description\":\"Peri\u00f3dico Regional\",\"publisher\":{\"@id\":\"https:\/\/pagina10.com\/web\/#organization\"},\"alternateName\":\"P\u00e1gina10 Peri\u00f3dico Regional\",\"potentialAction\":[{\"@type\":\"SearchAction\",\"target\":{\"@type\":\"EntryPoint\",\"urlTemplate\":\"https:\/\/pagina10.com\/web\/?s={search_term_string}\"},\"query-input\":{\"@type\":\"PropertyValueSpecification\",\"valueRequired\":true,\"valueName\":\"search_term_string\"}}],\"inLanguage\":\"es\"},{\"@type\":\"Organization\",\"@id\":\"https:\/\/pagina10.com\/web\/#organization\",\"name\":\"P\u00e1gina10\",\"alternateName\":\"P\u00e1gina10 Peri\u00f3dico Regional\",\"url\":\"https:\/\/pagina10.com\/web\/\",\"logo\":{\"@type\":\"ImageObject\",\"inLanguage\":\"es\",\"@id\":\"https:\/\/pagina10.com\/web\/#\/schema\/logo\/image\/\",\"url\":\"https:\/\/pagina10.com\/web\/wp-content\/uploads\/2024\/01\/40-pagina-10-periodico-regional-pasto.jpg\",\"contentUrl\":\"https:\/\/pagina10.com\/web\/wp-content\/uploads\/2024\/01\/40-pagina-10-periodico-regional-pasto.jpg\",\"width\":1280,\"height\":720,\"caption\":\"P\u00e1gina10\"},\"image\":{\"@id\":\"https:\/\/pagina10.com\/web\/#\/schema\/logo\/image\/\"},\"sameAs\":[\"https:\/\/www.facebook.com\/pag10com\",\"https:\/\/x.com\/Pag10com\",\"https:\/\/www.instagram.com\/pagina10col\/\",\"https:\/\/youtube.com\/channel\/pag10\",\"https:\/\/www.tiktok.com\/@p10col\"]},{\"@type\":\"Person\",\"@id\":\"https:\/\/pagina10.com\/web\/#\/schema\/person\/2efc4a090d25b667d3bc796798a3a81b\",\"name\":\"P\u00e1gina 10\",\"description\":\"P\u00e1gina 10 es un peri\u00f3dico regional que nace en Colombia, en el departamento de Nari\u00f1o, con un enfoque global, fundamentado en cuatro pilares esenciales: la libertad, el pluralismo, la inclusi\u00f3n y la independencia. P\u00e1gina 10 hace referencia a Nari\u00f1o como el d\u00e9cimo departamento creado en Colombia, despu\u00e9s de un proceso pol\u00edtico liderado por actores y actrices regionales con el fin de obtener la independencia y autonom\u00eda de nuestros territorios. Con la creaci\u00f3n de P\u00e1gina 10 se pretende abrir un escenario para el dialogo, la reflexi\u00f3n y el debate que se extienda a otras geograf\u00edas de Am\u00e9rica Latina y del planeta, en una apuesta por transformar colectivamente los desaf\u00edos de un mundo contempor\u00e1neo, m\u00e1s all\u00e1 de las fronteras impuestas.\",\"url\":\"https:\/\/pagina10.com\/web\/author\/pdiezadmin\/\"}]}<\/script>\n<!-- \/ Yoast SEO plugin. -->","yoast_head_json":{"title":"Capturan por extorsi\u00f3n a cuatro presuntos integrantes de \u2018Los Contadores\u2019 en Tumaco | P\u00e1gina10","robots":{"index":"index","follow":"follow","max-snippet":"max-snippet:-1","max-image-preview":"max-image-preview:large","max-video-preview":"max-video-preview:-1"},"canonical":"https:\/\/pagina10.com\/web\/capturan-por-extorsion-a-cuatro-presuntos-integrantes-de-los-contadores-en-tumaco\/","og_locale":"es_ES","og_type":"article","og_title":"Capturan por extorsi\u00f3n a cuatro presuntos integrantes de \u2018Los Contadores\u2019 en Tumaco | P\u00e1gina10","og_description":"Ante un juez penal ambulante de Tumaco, la Fiscal\u00eda General de la Naci\u00f3n imput\u00f3 cargos a Mar\u00eda Daisy Land\u00e1zuri Arboleda, Divia Milena Pasuy Land\u00e1zuri, Brayan Stiven Pasuy, Alexandra Loreisi Minda Mu\u00f1oz por su presunta responsabilidad material en los delitos de concierto para delinquir en concurso con extorsi\u00f3n agravada. Tres de los hoy procesados, presuntos integrantes [&hellip;]","og_url":"https:\/\/pagina10.com\/web\/capturan-por-extorsion-a-cuatro-presuntos-integrantes-de-los-contadores-en-tumaco\/","og_site_name":"P\u00e1gina10","article_publisher":"https:\/\/www.facebook.com\/pag10com","article_published_time":"2022-08-18T17:50:27+00:00","og_image":[{"width":1280,"height":942,"url":"https:\/\/pagina10.com\/web\/wp-content\/uploads\/2022\/08\/WhatsApp-Image-2022-08-18-at-10.07.47-AM.jpeg","type":"image\/jpeg"}],"author":"P\u00e1gina 10","twitter_card":"summary_large_image","twitter_creator":"@Pag10com","twitter_site":"@Pag10com","twitter_misc":{"Escrito por":"P\u00e1gina 10","Tiempo de lectura":"1 minuto"},"schema":{"@context":"https:\/\/schema.org","@graph":[{"@type":"Article","@id":"https:\/\/pagina10.com\/web\/capturan-por-extorsion-a-cuatro-presuntos-integrantes-de-los-contadores-en-tumaco\/#article","isPartOf":{"@id":"https:\/\/pagina10.com\/web\/capturan-por-extorsion-a-cuatro-presuntos-integrantes-de-los-contadores-en-tumaco\/"},"author":{"name":"P\u00e1gina 10","@id":"https:\/\/pagina10.com\/web\/#\/schema\/person\/2efc4a090d25b667d3bc796798a3a81b"},"headline":"Capturan por extorsi\u00f3n a cuatro presuntos integrantes de \u2018Los Contadores\u2019 en Tumaco","datePublished":"2022-08-18T17:50:27+00:00","mainEntityOfPage":{"@id":"https:\/\/pagina10.com\/web\/capturan-por-extorsion-a-cuatro-presuntos-integrantes-de-los-contadores-en-tumaco\/"},"wordCount":310,"commentCount":0,"publisher":{"@id":"https:\/\/pagina10.com\/web\/#organization"},"image":{"@id":"https:\/\/pagina10.com\/web\/capturan-por-extorsion-a-cuatro-presuntos-integrantes-de-los-contadores-en-tumaco\/#primaryimage"},"thumbnailUrl":"https:\/\/pagina10.com\/web\/wp-content\/uploads\/2022\/08\/WhatsApp-Image-2022-08-18-at-10.07.47-AM.jpeg","articleSection":["Judicial"],"inLanguage":"es","potentialAction":[{"@type":"CommentAction","name":"Comment","target":["https:\/\/pagina10.com\/web\/capturan-por-extorsion-a-cuatro-presuntos-integrantes-de-los-contadores-en-tumaco\/#respond"]}]},{"@type":"WebPage","@id":"https:\/\/pagina10.com\/web\/capturan-por-extorsion-a-cuatro-presuntos-integrantes-de-los-contadores-en-tumaco\/","url":"https:\/\/pagina10.com\/web\/capturan-por-extorsion-a-cuatro-presuntos-integrantes-de-los-contadores-en-tumaco\/","name":"Capturan por extorsi\u00f3n a cuatro presuntos integrantes de \u2018Los Contadores\u2019 en Tumaco | P\u00e1gina10","isPartOf":{"@id":"https:\/\/pagina10.com\/web\/#website"},"primaryImageOfPage":{"@id":"https:\/\/pagina10.com\/web\/capturan-por-extorsion-a-cuatro-presuntos-integrantes-de-los-contadores-en-tumaco\/#primaryimage"},"image":{"@id":"https:\/\/pagina10.com\/web\/capturan-por-extorsion-a-cuatro-presuntos-integrantes-de-los-contadores-en-tumaco\/#primaryimage"},"thumbnailUrl":"https:\/\/pagina10.com\/web\/wp-content\/uploads\/2022\/08\/WhatsApp-Image-2022-08-18-at-10.07.47-AM.jpeg","datePublished":"2022-08-18T17:50:27+00:00","breadcrumb":{"@id":"https:\/\/pagina10.com\/web\/capturan-por-extorsion-a-cuatro-presuntos-integrantes-de-los-contadores-en-tumaco\/#breadcrumb"},"inLanguage":"es","potentialAction":[{"@type":"ReadAction","target":["https:\/\/pagina10.com\/web\/capturan-por-extorsion-a-cuatro-presuntos-integrantes-de-los-contadores-en-tumaco\/"]}]},{"@type":"ImageObject","inLanguage":"es","@id":"https:\/\/pagina10.com\/web\/capturan-por-extorsion-a-cuatro-presuntos-integrantes-de-los-contadores-en-tumaco\/#primaryimage","url":"https:\/\/pagina10.com\/web\/wp-content\/uploads\/2022\/08\/WhatsApp-Image-2022-08-18-at-10.07.47-AM.jpeg","contentUrl":"https:\/\/pagina10.com\/web\/wp-content\/uploads\/2022\/08\/WhatsApp-Image-2022-08-18-at-10.07.47-AM.jpeg","width":1280,"height":942},{"@type":"BreadcrumbList","@id":"https:\/\/pagina10.com\/web\/capturan-por-extorsion-a-cuatro-presuntos-integrantes-de-los-contadores-en-tumaco\/#breadcrumb","itemListElement":[{"@type":"ListItem","position":1,"name":"Portada","item":"https:\/\/pagina10.com\/web\/"},{"@type":"ListItem","position":2,"name":"Capturan por extorsi\u00f3n a cuatro presuntos integrantes de \u2018Los Contadores\u2019 en Tumaco"}]},{"@type":"WebSite","@id":"https:\/\/pagina10.com\/web\/#website","url":"https:\/\/pagina10.com\/web\/","name":"P\u00e1gina10","description":"Peri\u00f3dico Regional","publisher":{"@id":"https:\/\/pagina10.com\/web\/#organization"},"alternateName":"P\u00e1gina10 Peri\u00f3dico Regional","potentialAction":[{"@type":"SearchAction","target":{"@type":"EntryPoint","urlTemplate":"https:\/\/pagina10.com\/web\/?s={search_term_string}"},"query-input":{"@type":"PropertyValueSpecification","valueRequired":true,"valueName":"search_term_string"}}],"inLanguage":"es"},{"@type":"Organization","@id":"https:\/\/pagina10.com\/web\/#organization","name":"P\u00e1gina10","alternateName":"P\u00e1gina10 Peri\u00f3dico Regional","url":"https:\/\/pagina10.com\/web\/","logo":{"@type":"ImageObject","inLanguage":"es","@id":"https:\/\/pagina10.com\/web\/#\/schema\/logo\/image\/","url":"https:\/\/pagina10.com\/web\/wp-content\/uploads\/2024\/01\/40-pagina-10-periodico-regional-pasto.jpg","contentUrl":"https:\/\/pagina10.com\/web\/wp-content\/uploads\/2024\/01\/40-pagina-10-periodico-regional-pasto.jpg","width":1280,"height":720,"caption":"P\u00e1gina10"},"image":{"@id":"https:\/\/pagina10.com\/web\/#\/schema\/logo\/image\/"},"sameAs":["https:\/\/www.facebook.com\/pag10com","https:\/\/x.com\/Pag10com","https:\/\/www.instagram.com\/pagina10col\/","https:\/\/youtube.com\/channel\/pag10","https:\/\/www.tiktok.com\/@p10col"]},{"@type":"Person","@id":"https:\/\/pagina10.com\/web\/#\/schema\/person\/2efc4a090d25b667d3bc796798a3a81b","name":"P\u00e1gina 10","description":"P\u00e1gina 10 es un peri\u00f3dico regional que nace en Colombia, en el departamento de Nari\u00f1o, con un enfoque global, fundamentado en cuatro pilares esenciales: la libertad, el pluralismo, la inclusi\u00f3n y la independencia. P\u00e1gina 10 hace referencia a Nari\u00f1o como el d\u00e9cimo departamento creado en Colombia, despu\u00e9s de un proceso pol\u00edtico liderado por actores y actrices regionales con el fin de obtener la independencia y autonom\u00eda de nuestros territorios. Con la creaci\u00f3n de P\u00e1gina 10 se pretende abrir un escenario para el dialogo, la reflexi\u00f3n y el debate que se extienda a otras geograf\u00edas de Am\u00e9rica Latina y del planeta, en una apuesta por transformar colectivamente los desaf\u00edos de un mundo contempor\u00e1neo, m\u00e1s all\u00e1 de las fronteras impuestas.","url":"https:\/\/pagina10.com\/web\/author\/pdiezadmin\/"}]}},"_links":{"self":[{"href":"https:\/\/pagina10.com\/web\/wp-json\/wp\/v2\/posts\/61103","targetHints":{"allow":["GET"]}}],"collection":[{"href":"https:\/\/pagina10.com\/web\/wp-json\/wp\/v2\/posts"}],"about":[{"href":"https:\/\/pagina10.com\/web\/wp-json\/wp\/v2\/types\/post"}],"author":[{"embeddable":true,"href":"https:\/\/pagina10.com\/web\/wp-json\/wp\/v2\/users\/1"}],"replies":[{"embeddable":true,"href":"https:\/\/pagina10.com\/web\/wp-json\/wp\/v2\/comments?post=61103"}],"version-history":[{"count":1,"href":"https:\/\/pagina10.com\/web\/wp-json\/wp\/v2\/posts\/61103\/revisions"}],"predecessor-version":[{"id":61107,"href":"https:\/\/pagina10.com\/web\/wp-json\/wp\/v2\/posts\/61103\/revisions\/61107"}],"wp:featuredmedia":[{"embeddable":true,"href":"https:\/\/pagina10.com\/web\/wp-json\/wp\/v2\/media\/61104"}],"wp:attachment":[{"href":"https:\/\/pagina10.com\/web\/wp-json\/wp\/v2\/media?parent=61103"}],"wp:term":[{"taxonomy":"category","embeddable":true,"href":"https:\/\/pagina10.com\/web\/wp-json\/wp\/v2\/categories?post=61103"},{"taxonomy":"post_tag","embeddable":true,"href":"https:\/\/pagina10.com\/web\/wp-json\/wp\/v2\/tags?post=61103"}],"curies":[{"name":"wp","href":"https:\/\/api.w.org\/{rel}","templated":true}]}}