{"id":6112,"date":"2014-01-13T15:38:14","date_gmt":"2014-01-13T15:38:14","guid":{"rendered":"https:\/\/pagina10.com\/web\/matricularlos-es-la-tarea\/"},"modified":"2014-01-13T15:38:14","modified_gmt":"2014-01-13T15:38:14","slug":"matricularlos-es-la-tarea","status":"publish","type":"post","link":"https:\/\/pagina10.com\/web\/matricularlos-es-la-tarea\/","title":{"rendered":"Matricularlos es la tarea"},"content":{"rendered":"<p><img fetchpriority=\"high\" decoding=\"async\" class=\" size-full wp-image-6111\" src=\"https:\/\/pagina10.com\/web\/wp-content\/uploads\/2014\/01\/b995b92925958490d0a86f344edf59cb.jpg\" alt=\"\" width=\"468\" height=\"310\" srcset=\"https:\/\/pagina10.com\/web\/wp-content\/uploads\/2014\/01\/b995b92925958490d0a86f344edf59cb.jpg 468w, https:\/\/pagina10.com\/web\/wp-content\/uploads\/2014\/01\/b995b92925958490d0a86f344edf59cb-300x199.jpg 300w\" sizes=\"(max-width: 468px) 100vw, 468px\" \/><\/p>\n<p style=\"text-align: justify;\">La Secretar\u00eda de Educaci\u00f3n de la Alcald\u00eda de Pasto en el marco de la campa\u00f1a, &#8216;Matricularlos es la tarea&#8217;, invita a los padres de familia a inscribir a sus hijos en cualquiera de los establecimientos educativos municipales ya que a\u00fan hay cupos disponibles, as\u00ed lo dio a conocer la subsecretaria de Cobertura, Delia Isabel Rosero D\u00edaz quien explic\u00f3 que para el caso de los estudiantes antiguos, los padres de familia deben confirmar si el ni\u00f1o seguir\u00e1 en la misma instituci\u00f3n. Para los que desean cambiar, se tendr\u00e1 que tramitar lo antes posible el nuevo cupo en el establecimiento elegido.<\/p>\n<p style=\"text-align: justify;\">A partir del lunes 13 de enero, el personal administrativo de todas las instituciones municipales estar\u00e1 atendiendo para legalizar y confirmar las matr\u00edculas. &#8220;Todav\u00eda tenemos poblaci\u00f3n en edad escolar que no est\u00e1n matriculados, especialmente los ni\u00f1os que cumplen los cinco a\u00f1os. Tambi\u00e9n hacemos el llamado a los peque\u00f1os y j\u00f3venes que han desertado, para que regresen a las aulas de clases ya que la educaci\u00f3n es gratuita&#8221;, precis\u00f3.<\/p>\n<p style=\"text-align: justify;\">&nbsp;<\/p>\n<p style=\"text-align: justify;\">La funcionaria recalc\u00f3 que solo quien se educa, tiene mejores oportunidades en el futuro al tiempo que record\u00f3 que las clases en los establecimientos educativos municipales iniciar\u00e1n el 27 de enero.<\/p>\n<p style=\"text-align: justify;\">&nbsp;<\/p>\n<p style=\"text-align: justify;\">Fuente: Alcald\u00eda de Pasto.<\/p>\n","protected":false},"excerpt":{"rendered":"<p>La Secretar\u00eda de Educaci\u00f3n de la Alcald\u00eda de Pasto en el marco de la campa\u00f1a, &#8216;Matricularlos es la tarea&#8217;, invita a los padres de familia a inscribir a sus hijos en cualquiera de los establecimientos educativos municipales ya que a\u00fan hay cupos disponibles, as\u00ed lo dio a conocer la subsecretaria de Cobertura, Delia Isabel Rosero [&hellip;]<\/p>\n","protected":false},"author":29,"featured_media":6111,"comment_status":"open","ping_status":"open","sticky":false,"template":"","format":"standard","meta":{"footnotes":""},"categories":[82],"tags":[],"class_list":["post-6112","post","type-post","status-publish","format-standard","has-post-thumbnail","hentry","category-ciudad-2"],"yoast_head":"<!-- This site is optimized with the Yoast SEO plugin v27.1.1 - https:\/\/yoast.com\/product\/yoast-seo-wordpress\/ -->\n<title>Matricularlos es la tarea | P\u00e1gina10<\/title>\n<meta name=\"robots\" content=\"index, follow, max-snippet:-1, max-image-preview:large, max-video-preview:-1\" \/>\n<link rel=\"canonical\" href=\"https:\/\/pagina10.com\/web\/matricularlos-es-la-tarea\/\" \/>\n<meta property=\"og:locale\" content=\"es_ES\" \/>\n<meta property=\"og:type\" content=\"article\" \/>\n<meta property=\"og:title\" content=\"Matricularlos es la tarea | P\u00e1gina10\" \/>\n<meta property=\"og:description\" content=\"La Secretar\u00eda de Educaci\u00f3n de la Alcald\u00eda de Pasto en el marco de la campa\u00f1a, &#8216;Matricularlos es la tarea&#8217;, invita a los padres de familia a inscribir a sus hijos en cualquiera de los establecimientos educativos municipales ya que a\u00fan hay cupos disponibles, as\u00ed lo dio a conocer la subsecretaria de Cobertura, Delia Isabel Rosero [&hellip;]\" \/>\n<meta property=\"og:url\" content=\"https:\/\/pagina10.com\/web\/matricularlos-es-la-tarea\/\" \/>\n<meta property=\"og:site_name\" content=\"P\u00e1gina10\" \/>\n<meta property=\"article:publisher\" content=\"https:\/\/www.facebook.com\/pag10com\" \/>\n<meta property=\"article:published_time\" content=\"2014-01-13T15:38:14+00:00\" \/>\n<meta property=\"og:image\" content=\"https:\/\/pagina10.com\/web\/wp-content\/uploads\/2014\/01\/b995b92925958490d0a86f344edf59cb.jpg\" \/>\n\t<meta property=\"og:image:width\" content=\"468\" \/>\n\t<meta property=\"og:image:height\" content=\"310\" \/>\n\t<meta property=\"og:image:type\" content=\"image\/jpeg\" \/>\n<meta name=\"author\" content=\"P\u00e1gina 10\" \/>\n<meta name=\"twitter:card\" content=\"summary_large_image\" \/>\n<meta name=\"twitter:creator\" content=\"@Pag10com\" \/>\n<meta name=\"twitter:site\" content=\"@Pag10com\" \/>\n<meta name=\"twitter:label1\" content=\"Escrito por\" \/>\n\t<meta name=\"twitter:data1\" content=\"P\u00e1gina 10\" \/>\n\t<meta name=\"twitter:label2\" content=\"Tiempo de lectura\" \/>\n\t<meta name=\"twitter:data2\" content=\"1 minuto\" \/>\n<script type=\"application\/ld+json\" class=\"yoast-schema-graph\">{\"@context\":\"https:\/\/schema.org\",\"@graph\":[{\"@type\":\"Article\",\"@id\":\"https:\/\/pagina10.com\/web\/matricularlos-es-la-tarea\/#article\",\"isPartOf\":{\"@id\":\"https:\/\/pagina10.com\/web\/matricularlos-es-la-tarea\/\"},\"author\":{\"name\":\"P\u00e1gina 10\",\"@id\":\"https:\/\/pagina10.com\/web\/#\/schema\/person\/a7a5d38f0629dfc107f619fbae4f6cc3\"},\"headline\":\"Matricularlos es la tarea\",\"datePublished\":\"2014-01-13T15:38:14+00:00\",\"mainEntityOfPage\":{\"@id\":\"https:\/\/pagina10.com\/web\/matricularlos-es-la-tarea\/\"},\"wordCount\":226,\"commentCount\":0,\"publisher\":{\"@id\":\"https:\/\/pagina10.com\/web\/#organization\"},\"image\":{\"@id\":\"https:\/\/pagina10.com\/web\/matricularlos-es-la-tarea\/#primaryimage\"},\"thumbnailUrl\":\"https:\/\/pagina10.com\/web\/wp-content\/uploads\/2014\/01\/b995b92925958490d0a86f344edf59cb.jpg\",\"articleSection\":[\"Ciudad\"],\"inLanguage\":\"es\",\"potentialAction\":[{\"@type\":\"CommentAction\",\"name\":\"Comment\",\"target\":[\"https:\/\/pagina10.com\/web\/matricularlos-es-la-tarea\/#respond\"]}]},{\"@type\":\"WebPage\",\"@id\":\"https:\/\/pagina10.com\/web\/matricularlos-es-la-tarea\/\",\"url\":\"https:\/\/pagina10.com\/web\/matricularlos-es-la-tarea\/\",\"name\":\"Matricularlos es la tarea | P\u00e1gina10\",\"isPartOf\":{\"@id\":\"https:\/\/pagina10.com\/web\/#website\"},\"primaryImageOfPage\":{\"@id\":\"https:\/\/pagina10.com\/web\/matricularlos-es-la-tarea\/#primaryimage\"},\"image\":{\"@id\":\"https:\/\/pagina10.com\/web\/matricularlos-es-la-tarea\/#primaryimage\"},\"thumbnailUrl\":\"https:\/\/pagina10.com\/web\/wp-content\/uploads\/2014\/01\/b995b92925958490d0a86f344edf59cb.jpg\",\"datePublished\":\"2014-01-13T15:38:14+00:00\",\"breadcrumb\":{\"@id\":\"https:\/\/pagina10.com\/web\/matricularlos-es-la-tarea\/#breadcrumb\"},\"inLanguage\":\"es\",\"potentialAction\":[{\"@type\":\"ReadAction\",\"target\":[\"https:\/\/pagina10.com\/web\/matricularlos-es-la-tarea\/\"]}]},{\"@type\":\"ImageObject\",\"inLanguage\":\"es\",\"@id\":\"https:\/\/pagina10.com\/web\/matricularlos-es-la-tarea\/#primaryimage\",\"url\":\"https:\/\/pagina10.com\/web\/wp-content\/uploads\/2014\/01\/b995b92925958490d0a86f344edf59cb.jpg\",\"contentUrl\":\"https:\/\/pagina10.com\/web\/wp-content\/uploads\/2014\/01\/b995b92925958490d0a86f344edf59cb.jpg\",\"width\":468,\"height\":310},{\"@type\":\"BreadcrumbList\",\"@id\":\"https:\/\/pagina10.com\/web\/matricularlos-es-la-tarea\/#breadcrumb\",\"itemListElement\":[{\"@type\":\"ListItem\",\"position\":1,\"name\":\"Portada\",\"item\":\"https:\/\/pagina10.com\/web\/\"},{\"@type\":\"ListItem\",\"position\":2,\"name\":\"Matricularlos es la tarea\"}]},{\"@type\":\"WebSite\",\"@id\":\"https:\/\/pagina10.com\/web\/#website\",\"url\":\"https:\/\/pagina10.com\/web\/\",\"name\":\"P\u00e1gina10\",\"description\":\"Peri\u00f3dico Regional\",\"publisher\":{\"@id\":\"https:\/\/pagina10.com\/web\/#organization\"},\"alternateName\":\"P\u00e1gina10 Peri\u00f3dico Regional\",\"potentialAction\":[{\"@type\":\"SearchAction\",\"target\":{\"@type\":\"EntryPoint\",\"urlTemplate\":\"https:\/\/pagina10.com\/web\/?s={search_term_string}\"},\"query-input\":{\"@type\":\"PropertyValueSpecification\",\"valueRequired\":true,\"valueName\":\"search_term_string\"}}],\"inLanguage\":\"es\"},{\"@type\":\"Organization\",\"@id\":\"https:\/\/pagina10.com\/web\/#organization\",\"name\":\"P\u00e1gina10\",\"alternateName\":\"P\u00e1gina10 Peri\u00f3dico Regional\",\"url\":\"https:\/\/pagina10.com\/web\/\",\"logo\":{\"@type\":\"ImageObject\",\"inLanguage\":\"es\",\"@id\":\"https:\/\/pagina10.com\/web\/#\/schema\/logo\/image\/\",\"url\":\"https:\/\/pagina10.com\/web\/wp-content\/uploads\/2024\/01\/40-pagina-10-periodico-regional-pasto.jpg\",\"contentUrl\":\"https:\/\/pagina10.com\/web\/wp-content\/uploads\/2024\/01\/40-pagina-10-periodico-regional-pasto.jpg\",\"width\":1280,\"height\":720,\"caption\":\"P\u00e1gina10\"},\"image\":{\"@id\":\"https:\/\/pagina10.com\/web\/#\/schema\/logo\/image\/\"},\"sameAs\":[\"https:\/\/www.facebook.com\/pag10com\",\"https:\/\/x.com\/Pag10com\",\"https:\/\/www.instagram.com\/pagina10col\/\",\"https:\/\/youtube.com\/channel\/pag10\",\"https:\/\/www.tiktok.com\/@p10col\"]},{\"@type\":\"Person\",\"@id\":\"https:\/\/pagina10.com\/web\/#\/schema\/person\/a7a5d38f0629dfc107f619fbae4f6cc3\",\"name\":\"P\u00e1gina 10\",\"description\":\"P\u00e1gina10.com es un peri\u00f3dico digital que nace en Colombia, en el departamento de Nari\u00f1o, con un enfoque global, fundamentado en cuatro pilares esenciales: la libertad, el pluralismo, la inclusi\u00f3n y la independencia. P\u00e1gina10.com hace referencia a Nari\u00f1o como el d\u00e9cimo departamento creado en Colombia, despu\u00e9s de un proceso pol\u00edtico liderado por actores y actrices regionales con el fin de obtener la independencia y autonom\u00eda de nuestros territorios. Con la creaci\u00f3n de P\u00e1gina10.com se pretende abrir un escenario para el dialogo, la reflexi\u00f3n y el debate que se extienda a otras geograf\u00edas de Am\u00e9rica Latina y del planeta, en una apuesta por transformar colectivamente los desaf\u00edos de un mundo contempor\u00e1neo, m\u00e1s all\u00e1 de las fronteras impuestas.\",\"url\":\"https:\/\/pagina10.com\/web\/author\/mcepeda\/\"}]}<\/script>\n<!-- \/ Yoast SEO plugin. -->","yoast_head_json":{"title":"Matricularlos es la tarea | P\u00e1gina10","robots":{"index":"index","follow":"follow","max-snippet":"max-snippet:-1","max-image-preview":"max-image-preview:large","max-video-preview":"max-video-preview:-1"},"canonical":"https:\/\/pagina10.com\/web\/matricularlos-es-la-tarea\/","og_locale":"es_ES","og_type":"article","og_title":"Matricularlos es la tarea | P\u00e1gina10","og_description":"La Secretar\u00eda de Educaci\u00f3n de la Alcald\u00eda de Pasto en el marco de la campa\u00f1a, &#8216;Matricularlos es la tarea&#8217;, invita a los padres de familia a inscribir a sus hijos en cualquiera de los establecimientos educativos municipales ya que a\u00fan hay cupos disponibles, as\u00ed lo dio a conocer la subsecretaria de Cobertura, Delia Isabel Rosero [&hellip;]","og_url":"https:\/\/pagina10.com\/web\/matricularlos-es-la-tarea\/","og_site_name":"P\u00e1gina10","article_publisher":"https:\/\/www.facebook.com\/pag10com","article_published_time":"2014-01-13T15:38:14+00:00","og_image":[{"width":468,"height":310,"url":"https:\/\/pagina10.com\/web\/wp-content\/uploads\/2014\/01\/b995b92925958490d0a86f344edf59cb.jpg","type":"image\/jpeg"}],"author":"P\u00e1gina 10","twitter_card":"summary_large_image","twitter_creator":"@Pag10com","twitter_site":"@Pag10com","twitter_misc":{"Escrito por":"P\u00e1gina 10","Tiempo de lectura":"1 minuto"},"schema":{"@context":"https:\/\/schema.org","@graph":[{"@type":"Article","@id":"https:\/\/pagina10.com\/web\/matricularlos-es-la-tarea\/#article","isPartOf":{"@id":"https:\/\/pagina10.com\/web\/matricularlos-es-la-tarea\/"},"author":{"name":"P\u00e1gina 10","@id":"https:\/\/pagina10.com\/web\/#\/schema\/person\/a7a5d38f0629dfc107f619fbae4f6cc3"},"headline":"Matricularlos es la tarea","datePublished":"2014-01-13T15:38:14+00:00","mainEntityOfPage":{"@id":"https:\/\/pagina10.com\/web\/matricularlos-es-la-tarea\/"},"wordCount":226,"commentCount":0,"publisher":{"@id":"https:\/\/pagina10.com\/web\/#organization"},"image":{"@id":"https:\/\/pagina10.com\/web\/matricularlos-es-la-tarea\/#primaryimage"},"thumbnailUrl":"https:\/\/pagina10.com\/web\/wp-content\/uploads\/2014\/01\/b995b92925958490d0a86f344edf59cb.jpg","articleSection":["Ciudad"],"inLanguage":"es","potentialAction":[{"@type":"CommentAction","name":"Comment","target":["https:\/\/pagina10.com\/web\/matricularlos-es-la-tarea\/#respond"]}]},{"@type":"WebPage","@id":"https:\/\/pagina10.com\/web\/matricularlos-es-la-tarea\/","url":"https:\/\/pagina10.com\/web\/matricularlos-es-la-tarea\/","name":"Matricularlos es la tarea | P\u00e1gina10","isPartOf":{"@id":"https:\/\/pagina10.com\/web\/#website"},"primaryImageOfPage":{"@id":"https:\/\/pagina10.com\/web\/matricularlos-es-la-tarea\/#primaryimage"},"image":{"@id":"https:\/\/pagina10.com\/web\/matricularlos-es-la-tarea\/#primaryimage"},"thumbnailUrl":"https:\/\/pagina10.com\/web\/wp-content\/uploads\/2014\/01\/b995b92925958490d0a86f344edf59cb.jpg","datePublished":"2014-01-13T15:38:14+00:00","breadcrumb":{"@id":"https:\/\/pagina10.com\/web\/matricularlos-es-la-tarea\/#breadcrumb"},"inLanguage":"es","potentialAction":[{"@type":"ReadAction","target":["https:\/\/pagina10.com\/web\/matricularlos-es-la-tarea\/"]}]},{"@type":"ImageObject","inLanguage":"es","@id":"https:\/\/pagina10.com\/web\/matricularlos-es-la-tarea\/#primaryimage","url":"https:\/\/pagina10.com\/web\/wp-content\/uploads\/2014\/01\/b995b92925958490d0a86f344edf59cb.jpg","contentUrl":"https:\/\/pagina10.com\/web\/wp-content\/uploads\/2014\/01\/b995b92925958490d0a86f344edf59cb.jpg","width":468,"height":310},{"@type":"BreadcrumbList","@id":"https:\/\/pagina10.com\/web\/matricularlos-es-la-tarea\/#breadcrumb","itemListElement":[{"@type":"ListItem","position":1,"name":"Portada","item":"https:\/\/pagina10.com\/web\/"},{"@type":"ListItem","position":2,"name":"Matricularlos es la tarea"}]},{"@type":"WebSite","@id":"https:\/\/pagina10.com\/web\/#website","url":"https:\/\/pagina10.com\/web\/","name":"P\u00e1gina10","description":"Peri\u00f3dico Regional","publisher":{"@id":"https:\/\/pagina10.com\/web\/#organization"},"alternateName":"P\u00e1gina10 Peri\u00f3dico Regional","potentialAction":[{"@type":"SearchAction","target":{"@type":"EntryPoint","urlTemplate":"https:\/\/pagina10.com\/web\/?s={search_term_string}"},"query-input":{"@type":"PropertyValueSpecification","valueRequired":true,"valueName":"search_term_string"}}],"inLanguage":"es"},{"@type":"Organization","@id":"https:\/\/pagina10.com\/web\/#organization","name":"P\u00e1gina10","alternateName":"P\u00e1gina10 Peri\u00f3dico Regional","url":"https:\/\/pagina10.com\/web\/","logo":{"@type":"ImageObject","inLanguage":"es","@id":"https:\/\/pagina10.com\/web\/#\/schema\/logo\/image\/","url":"https:\/\/pagina10.com\/web\/wp-content\/uploads\/2024\/01\/40-pagina-10-periodico-regional-pasto.jpg","contentUrl":"https:\/\/pagina10.com\/web\/wp-content\/uploads\/2024\/01\/40-pagina-10-periodico-regional-pasto.jpg","width":1280,"height":720,"caption":"P\u00e1gina10"},"image":{"@id":"https:\/\/pagina10.com\/web\/#\/schema\/logo\/image\/"},"sameAs":["https:\/\/www.facebook.com\/pag10com","https:\/\/x.com\/Pag10com","https:\/\/www.instagram.com\/pagina10col\/","https:\/\/youtube.com\/channel\/pag10","https:\/\/www.tiktok.com\/@p10col"]},{"@type":"Person","@id":"https:\/\/pagina10.com\/web\/#\/schema\/person\/a7a5d38f0629dfc107f619fbae4f6cc3","name":"P\u00e1gina 10","description":"P\u00e1gina10.com es un peri\u00f3dico digital que nace en Colombia, en el departamento de Nari\u00f1o, con un enfoque global, fundamentado en cuatro pilares esenciales: la libertad, el pluralismo, la inclusi\u00f3n y la independencia. P\u00e1gina10.com hace referencia a Nari\u00f1o como el d\u00e9cimo departamento creado en Colombia, despu\u00e9s de un proceso pol\u00edtico liderado por actores y actrices regionales con el fin de obtener la independencia y autonom\u00eda de nuestros territorios. Con la creaci\u00f3n de P\u00e1gina10.com se pretende abrir un escenario para el dialogo, la reflexi\u00f3n y el debate que se extienda a otras geograf\u00edas de Am\u00e9rica Latina y del planeta, en una apuesta por transformar colectivamente los desaf\u00edos de un mundo contempor\u00e1neo, m\u00e1s all\u00e1 de las fronteras impuestas.","url":"https:\/\/pagina10.com\/web\/author\/mcepeda\/"}]}},"_links":{"self":[{"href":"https:\/\/pagina10.com\/web\/wp-json\/wp\/v2\/posts\/6112","targetHints":{"allow":["GET"]}}],"collection":[{"href":"https:\/\/pagina10.com\/web\/wp-json\/wp\/v2\/posts"}],"about":[{"href":"https:\/\/pagina10.com\/web\/wp-json\/wp\/v2\/types\/post"}],"author":[{"embeddable":true,"href":"https:\/\/pagina10.com\/web\/wp-json\/wp\/v2\/users\/29"}],"replies":[{"embeddable":true,"href":"https:\/\/pagina10.com\/web\/wp-json\/wp\/v2\/comments?post=6112"}],"version-history":[{"count":0,"href":"https:\/\/pagina10.com\/web\/wp-json\/wp\/v2\/posts\/6112\/revisions"}],"wp:featuredmedia":[{"embeddable":true,"href":"https:\/\/pagina10.com\/web\/wp-json\/wp\/v2\/media\/6111"}],"wp:attachment":[{"href":"https:\/\/pagina10.com\/web\/wp-json\/wp\/v2\/media?parent=6112"}],"wp:term":[{"taxonomy":"category","embeddable":true,"href":"https:\/\/pagina10.com\/web\/wp-json\/wp\/v2\/categories?post=6112"},{"taxonomy":"post_tag","embeddable":true,"href":"https:\/\/pagina10.com\/web\/wp-json\/wp\/v2\/tags?post=6112"}],"curies":[{"name":"wp","href":"https:\/\/api.w.org\/{rel}","templated":true}]}}