{"id":61143,"date":"2022-08-19T11:23:25","date_gmt":"2022-08-19T16:23:25","guid":{"rendered":"https:\/\/pagina10.com\/web\/?p=61143"},"modified":"2022-08-19T11:23:25","modified_gmt":"2022-08-19T16:23:25","slug":"en-pasto-dejara-de-ser-obligatorio-el-uso-de-tapabocas-en-recintos-cerrados","status":"publish","type":"post","link":"https:\/\/pagina10.com\/web\/en-pasto-dejara-de-ser-obligatorio-el-uso-de-tapabocas-en-recintos-cerrados\/","title":{"rendered":"En Pasto dejar\u00e1 de ser obligatorio el uso de tapabocas en recintos cerrados"},"content":{"rendered":"<p style=\"text-align: justify;\">El Ministerio de Salud y Protecci\u00f3n Social confirm\u00f3 que Pasto ingres\u00f3 a las ciudades capitales con cobertura de vacunaci\u00f3n contra covid-19 superior al 70% en esquema completo y m\u00e1s del 40% en refuerzos de primera dosis, seg\u00fan informe con corte al 9 de agosto de 2022, lo que quiere decir que es posible eliminar el uso obligatorio de tapabocas en espacios cerrados.<\/p>\n<p style=\"text-align: justify;\">Esta determinaci\u00f3n se debe a la ardua labor adelantada por la Secretar\u00eda de Salud municipal en coordinaci\u00f3n con las IPS vacunadoras y las aseguradoras que impulsaron y ejecutaron las diferentes estrategias de vacunaci\u00f3n a trav\u00e9s de las cuales fue posible alcanzar las coberturas establecidas por el Gobierno Nacional.<\/p>\n<p style=\"text-align: justify;\">Cabe recordar que la decisi\u00f3n del MinSalud contempla como excepci\u00f3n la obligatoriedad del uso del tapabocas en todos los municipios del pa\u00eds, independientemente del alcance de sus coberturas de vacunaci\u00f3n, en los siguientes espacios: servicios de salud, hogares geri\u00e1tricos, espacios cerrados escolares y medios de transporte en general (a\u00e9reo, terrestre y mar\u00edtimo).<\/p>\n","protected":false},"excerpt":{"rendered":"<p>El Ministerio de Salud y Protecci\u00f3n Social confirm\u00f3 que Pasto ingres\u00f3 a las ciudades capitales con cobertura de vacunaci\u00f3n contra covid-19 superior al 70% en esquema completo y m\u00e1s del 40% en refuerzos de primera dosis, seg\u00fan informe con corte al 9 de agosto de 2022, lo que quiere decir que es posible eliminar el [&hellip;]<\/p>\n","protected":false},"author":1,"featured_media":61144,"comment_status":"open","ping_status":"open","sticky":false,"template":"","format":"standard","meta":{"footnotes":""},"categories":[82],"tags":[],"class_list":["post-61143","post","type-post","status-publish","format-standard","has-post-thumbnail","hentry","category-ciudad-2"],"yoast_head":"<!-- This site is optimized with the Yoast SEO plugin v27.1.1 - https:\/\/yoast.com\/product\/yoast-seo-wordpress\/ -->\n<title>En Pasto dejar\u00e1 de ser obligatorio el uso de tapabocas en recintos cerrados | P\u00e1gina10<\/title>\n<meta name=\"robots\" content=\"index, follow, max-snippet:-1, max-image-preview:large, max-video-preview:-1\" \/>\n<link rel=\"canonical\" href=\"https:\/\/pagina10.com\/web\/en-pasto-dejara-de-ser-obligatorio-el-uso-de-tapabocas-en-recintos-cerrados\/\" \/>\n<meta property=\"og:locale\" content=\"es_ES\" \/>\n<meta property=\"og:type\" content=\"article\" \/>\n<meta property=\"og:title\" content=\"En Pasto dejar\u00e1 de ser obligatorio el uso de tapabocas en recintos cerrados | P\u00e1gina10\" \/>\n<meta property=\"og:description\" content=\"El Ministerio de Salud y Protecci\u00f3n Social confirm\u00f3 que Pasto ingres\u00f3 a las ciudades capitales con cobertura de vacunaci\u00f3n contra covid-19 superior al 70% en esquema completo y m\u00e1s del 40% en refuerzos de primera dosis, seg\u00fan informe con corte al 9 de agosto de 2022, lo que quiere decir que es posible eliminar el [&hellip;]\" \/>\n<meta property=\"og:url\" content=\"https:\/\/pagina10.com\/web\/en-pasto-dejara-de-ser-obligatorio-el-uso-de-tapabocas-en-recintos-cerrados\/\" \/>\n<meta property=\"og:site_name\" content=\"P\u00e1gina10\" \/>\n<meta property=\"article:publisher\" content=\"https:\/\/www.facebook.com\/pag10com\" \/>\n<meta property=\"article:published_time\" content=\"2022-08-19T16:23:25+00:00\" \/>\n<meta property=\"og:image\" content=\"https:\/\/pagina10.com\/web\/wp-content\/uploads\/2022\/08\/6266f411444f3.jpeg\" \/>\n\t<meta property=\"og:image:width\" content=\"700\" \/>\n\t<meta property=\"og:image:height\" content=\"526\" \/>\n\t<meta property=\"og:image:type\" content=\"image\/jpeg\" \/>\n<meta name=\"author\" content=\"P\u00e1gina 10\" \/>\n<meta name=\"twitter:card\" content=\"summary_large_image\" \/>\n<meta name=\"twitter:creator\" content=\"@Pag10com\" \/>\n<meta name=\"twitter:site\" content=\"@Pag10com\" \/>\n<meta name=\"twitter:label1\" content=\"Escrito por\" \/>\n\t<meta name=\"twitter:data1\" content=\"P\u00e1gina 10\" \/>\n\t<meta name=\"twitter:label2\" content=\"Tiempo de lectura\" \/>\n\t<meta name=\"twitter:data2\" content=\"1 minuto\" \/>\n<script type=\"application\/ld+json\" class=\"yoast-schema-graph\">{\"@context\":\"https:\/\/schema.org\",\"@graph\":[{\"@type\":\"Article\",\"@id\":\"https:\/\/pagina10.com\/web\/en-pasto-dejara-de-ser-obligatorio-el-uso-de-tapabocas-en-recintos-cerrados\/#article\",\"isPartOf\":{\"@id\":\"https:\/\/pagina10.com\/web\/en-pasto-dejara-de-ser-obligatorio-el-uso-de-tapabocas-en-recintos-cerrados\/\"},\"author\":{\"name\":\"P\u00e1gina 10\",\"@id\":\"https:\/\/pagina10.com\/web\/#\/schema\/person\/2efc4a090d25b667d3bc796798a3a81b\"},\"headline\":\"En Pasto dejar\u00e1 de ser obligatorio el uso de tapabocas en recintos cerrados\",\"datePublished\":\"2022-08-19T16:23:25+00:00\",\"mainEntityOfPage\":{\"@id\":\"https:\/\/pagina10.com\/web\/en-pasto-dejara-de-ser-obligatorio-el-uso-de-tapabocas-en-recintos-cerrados\/\"},\"wordCount\":187,\"commentCount\":0,\"publisher\":{\"@id\":\"https:\/\/pagina10.com\/web\/#organization\"},\"image\":{\"@id\":\"https:\/\/pagina10.com\/web\/en-pasto-dejara-de-ser-obligatorio-el-uso-de-tapabocas-en-recintos-cerrados\/#primaryimage\"},\"thumbnailUrl\":\"https:\/\/pagina10.com\/web\/wp-content\/uploads\/2022\/08\/6266f411444f3.jpeg\",\"articleSection\":[\"Ciudad\"],\"inLanguage\":\"es\",\"potentialAction\":[{\"@type\":\"CommentAction\",\"name\":\"Comment\",\"target\":[\"https:\/\/pagina10.com\/web\/en-pasto-dejara-de-ser-obligatorio-el-uso-de-tapabocas-en-recintos-cerrados\/#respond\"]}]},{\"@type\":\"WebPage\",\"@id\":\"https:\/\/pagina10.com\/web\/en-pasto-dejara-de-ser-obligatorio-el-uso-de-tapabocas-en-recintos-cerrados\/\",\"url\":\"https:\/\/pagina10.com\/web\/en-pasto-dejara-de-ser-obligatorio-el-uso-de-tapabocas-en-recintos-cerrados\/\",\"name\":\"En Pasto dejar\u00e1 de ser obligatorio el uso de tapabocas en recintos cerrados | P\u00e1gina10\",\"isPartOf\":{\"@id\":\"https:\/\/pagina10.com\/web\/#website\"},\"primaryImageOfPage\":{\"@id\":\"https:\/\/pagina10.com\/web\/en-pasto-dejara-de-ser-obligatorio-el-uso-de-tapabocas-en-recintos-cerrados\/#primaryimage\"},\"image\":{\"@id\":\"https:\/\/pagina10.com\/web\/en-pasto-dejara-de-ser-obligatorio-el-uso-de-tapabocas-en-recintos-cerrados\/#primaryimage\"},\"thumbnailUrl\":\"https:\/\/pagina10.com\/web\/wp-content\/uploads\/2022\/08\/6266f411444f3.jpeg\",\"datePublished\":\"2022-08-19T16:23:25+00:00\",\"breadcrumb\":{\"@id\":\"https:\/\/pagina10.com\/web\/en-pasto-dejara-de-ser-obligatorio-el-uso-de-tapabocas-en-recintos-cerrados\/#breadcrumb\"},\"inLanguage\":\"es\",\"potentialAction\":[{\"@type\":\"ReadAction\",\"target\":[\"https:\/\/pagina10.com\/web\/en-pasto-dejara-de-ser-obligatorio-el-uso-de-tapabocas-en-recintos-cerrados\/\"]}]},{\"@type\":\"ImageObject\",\"inLanguage\":\"es\",\"@id\":\"https:\/\/pagina10.com\/web\/en-pasto-dejara-de-ser-obligatorio-el-uso-de-tapabocas-en-recintos-cerrados\/#primaryimage\",\"url\":\"https:\/\/pagina10.com\/web\/wp-content\/uploads\/2022\/08\/6266f411444f3.jpeg\",\"contentUrl\":\"https:\/\/pagina10.com\/web\/wp-content\/uploads\/2022\/08\/6266f411444f3.jpeg\",\"width\":700,\"height\":526},{\"@type\":\"BreadcrumbList\",\"@id\":\"https:\/\/pagina10.com\/web\/en-pasto-dejara-de-ser-obligatorio-el-uso-de-tapabocas-en-recintos-cerrados\/#breadcrumb\",\"itemListElement\":[{\"@type\":\"ListItem\",\"position\":1,\"name\":\"Portada\",\"item\":\"https:\/\/pagina10.com\/web\/\"},{\"@type\":\"ListItem\",\"position\":2,\"name\":\"En Pasto dejar\u00e1 de ser obligatorio el uso de tapabocas en recintos cerrados\"}]},{\"@type\":\"WebSite\",\"@id\":\"https:\/\/pagina10.com\/web\/#website\",\"url\":\"https:\/\/pagina10.com\/web\/\",\"name\":\"P\u00e1gina10\",\"description\":\"Peri\u00f3dico Regional\",\"publisher\":{\"@id\":\"https:\/\/pagina10.com\/web\/#organization\"},\"alternateName\":\"P\u00e1gina10 Peri\u00f3dico Regional\",\"potentialAction\":[{\"@type\":\"SearchAction\",\"target\":{\"@type\":\"EntryPoint\",\"urlTemplate\":\"https:\/\/pagina10.com\/web\/?s={search_term_string}\"},\"query-input\":{\"@type\":\"PropertyValueSpecification\",\"valueRequired\":true,\"valueName\":\"search_term_string\"}}],\"inLanguage\":\"es\"},{\"@type\":\"Organization\",\"@id\":\"https:\/\/pagina10.com\/web\/#organization\",\"name\":\"P\u00e1gina10\",\"alternateName\":\"P\u00e1gina10 Peri\u00f3dico Regional\",\"url\":\"https:\/\/pagina10.com\/web\/\",\"logo\":{\"@type\":\"ImageObject\",\"inLanguage\":\"es\",\"@id\":\"https:\/\/pagina10.com\/web\/#\/schema\/logo\/image\/\",\"url\":\"https:\/\/pagina10.com\/web\/wp-content\/uploads\/2024\/01\/40-pagina-10-periodico-regional-pasto.jpg\",\"contentUrl\":\"https:\/\/pagina10.com\/web\/wp-content\/uploads\/2024\/01\/40-pagina-10-periodico-regional-pasto.jpg\",\"width\":1280,\"height\":720,\"caption\":\"P\u00e1gina10\"},\"image\":{\"@id\":\"https:\/\/pagina10.com\/web\/#\/schema\/logo\/image\/\"},\"sameAs\":[\"https:\/\/www.facebook.com\/pag10com\",\"https:\/\/x.com\/Pag10com\",\"https:\/\/www.instagram.com\/pagina10col\/\",\"https:\/\/youtube.com\/channel\/pag10\",\"https:\/\/www.tiktok.com\/@p10col\"]},{\"@type\":\"Person\",\"@id\":\"https:\/\/pagina10.com\/web\/#\/schema\/person\/2efc4a090d25b667d3bc796798a3a81b\",\"name\":\"P\u00e1gina 10\",\"description\":\"P\u00e1gina 10 es un peri\u00f3dico regional que nace en Colombia, en el departamento de Nari\u00f1o, con un enfoque global, fundamentado en cuatro pilares esenciales: la libertad, el pluralismo, la inclusi\u00f3n y la independencia. P\u00e1gina 10 hace referencia a Nari\u00f1o como el d\u00e9cimo departamento creado en Colombia, despu\u00e9s de un proceso pol\u00edtico liderado por actores y actrices regionales con el fin de obtener la independencia y autonom\u00eda de nuestros territorios. Con la creaci\u00f3n de P\u00e1gina 10 se pretende abrir un escenario para el dialogo, la reflexi\u00f3n y el debate que se extienda a otras geograf\u00edas de Am\u00e9rica Latina y del planeta, en una apuesta por transformar colectivamente los desaf\u00edos de un mundo contempor\u00e1neo, m\u00e1s all\u00e1 de las fronteras impuestas.\",\"url\":\"https:\/\/pagina10.com\/web\/author\/pdiezadmin\/\"}]}<\/script>\n<!-- \/ Yoast SEO plugin. -->","yoast_head_json":{"title":"En Pasto dejar\u00e1 de ser obligatorio el uso de tapabocas en recintos cerrados | P\u00e1gina10","robots":{"index":"index","follow":"follow","max-snippet":"max-snippet:-1","max-image-preview":"max-image-preview:large","max-video-preview":"max-video-preview:-1"},"canonical":"https:\/\/pagina10.com\/web\/en-pasto-dejara-de-ser-obligatorio-el-uso-de-tapabocas-en-recintos-cerrados\/","og_locale":"es_ES","og_type":"article","og_title":"En Pasto dejar\u00e1 de ser obligatorio el uso de tapabocas en recintos cerrados | P\u00e1gina10","og_description":"El Ministerio de Salud y Protecci\u00f3n Social confirm\u00f3 que Pasto ingres\u00f3 a las ciudades capitales con cobertura de vacunaci\u00f3n contra covid-19 superior al 70% en esquema completo y m\u00e1s del 40% en refuerzos de primera dosis, seg\u00fan informe con corte al 9 de agosto de 2022, lo que quiere decir que es posible eliminar el [&hellip;]","og_url":"https:\/\/pagina10.com\/web\/en-pasto-dejara-de-ser-obligatorio-el-uso-de-tapabocas-en-recintos-cerrados\/","og_site_name":"P\u00e1gina10","article_publisher":"https:\/\/www.facebook.com\/pag10com","article_published_time":"2022-08-19T16:23:25+00:00","og_image":[{"width":700,"height":526,"url":"https:\/\/pagina10.com\/web\/wp-content\/uploads\/2022\/08\/6266f411444f3.jpeg","type":"image\/jpeg"}],"author":"P\u00e1gina 10","twitter_card":"summary_large_image","twitter_creator":"@Pag10com","twitter_site":"@Pag10com","twitter_misc":{"Escrito por":"P\u00e1gina 10","Tiempo de lectura":"1 minuto"},"schema":{"@context":"https:\/\/schema.org","@graph":[{"@type":"Article","@id":"https:\/\/pagina10.com\/web\/en-pasto-dejara-de-ser-obligatorio-el-uso-de-tapabocas-en-recintos-cerrados\/#article","isPartOf":{"@id":"https:\/\/pagina10.com\/web\/en-pasto-dejara-de-ser-obligatorio-el-uso-de-tapabocas-en-recintos-cerrados\/"},"author":{"name":"P\u00e1gina 10","@id":"https:\/\/pagina10.com\/web\/#\/schema\/person\/2efc4a090d25b667d3bc796798a3a81b"},"headline":"En Pasto dejar\u00e1 de ser obligatorio el uso de tapabocas en recintos cerrados","datePublished":"2022-08-19T16:23:25+00:00","mainEntityOfPage":{"@id":"https:\/\/pagina10.com\/web\/en-pasto-dejara-de-ser-obligatorio-el-uso-de-tapabocas-en-recintos-cerrados\/"},"wordCount":187,"commentCount":0,"publisher":{"@id":"https:\/\/pagina10.com\/web\/#organization"},"image":{"@id":"https:\/\/pagina10.com\/web\/en-pasto-dejara-de-ser-obligatorio-el-uso-de-tapabocas-en-recintos-cerrados\/#primaryimage"},"thumbnailUrl":"https:\/\/pagina10.com\/web\/wp-content\/uploads\/2022\/08\/6266f411444f3.jpeg","articleSection":["Ciudad"],"inLanguage":"es","potentialAction":[{"@type":"CommentAction","name":"Comment","target":["https:\/\/pagina10.com\/web\/en-pasto-dejara-de-ser-obligatorio-el-uso-de-tapabocas-en-recintos-cerrados\/#respond"]}]},{"@type":"WebPage","@id":"https:\/\/pagina10.com\/web\/en-pasto-dejara-de-ser-obligatorio-el-uso-de-tapabocas-en-recintos-cerrados\/","url":"https:\/\/pagina10.com\/web\/en-pasto-dejara-de-ser-obligatorio-el-uso-de-tapabocas-en-recintos-cerrados\/","name":"En Pasto dejar\u00e1 de ser obligatorio el uso de tapabocas en recintos cerrados | P\u00e1gina10","isPartOf":{"@id":"https:\/\/pagina10.com\/web\/#website"},"primaryImageOfPage":{"@id":"https:\/\/pagina10.com\/web\/en-pasto-dejara-de-ser-obligatorio-el-uso-de-tapabocas-en-recintos-cerrados\/#primaryimage"},"image":{"@id":"https:\/\/pagina10.com\/web\/en-pasto-dejara-de-ser-obligatorio-el-uso-de-tapabocas-en-recintos-cerrados\/#primaryimage"},"thumbnailUrl":"https:\/\/pagina10.com\/web\/wp-content\/uploads\/2022\/08\/6266f411444f3.jpeg","datePublished":"2022-08-19T16:23:25+00:00","breadcrumb":{"@id":"https:\/\/pagina10.com\/web\/en-pasto-dejara-de-ser-obligatorio-el-uso-de-tapabocas-en-recintos-cerrados\/#breadcrumb"},"inLanguage":"es","potentialAction":[{"@type":"ReadAction","target":["https:\/\/pagina10.com\/web\/en-pasto-dejara-de-ser-obligatorio-el-uso-de-tapabocas-en-recintos-cerrados\/"]}]},{"@type":"ImageObject","inLanguage":"es","@id":"https:\/\/pagina10.com\/web\/en-pasto-dejara-de-ser-obligatorio-el-uso-de-tapabocas-en-recintos-cerrados\/#primaryimage","url":"https:\/\/pagina10.com\/web\/wp-content\/uploads\/2022\/08\/6266f411444f3.jpeg","contentUrl":"https:\/\/pagina10.com\/web\/wp-content\/uploads\/2022\/08\/6266f411444f3.jpeg","width":700,"height":526},{"@type":"BreadcrumbList","@id":"https:\/\/pagina10.com\/web\/en-pasto-dejara-de-ser-obligatorio-el-uso-de-tapabocas-en-recintos-cerrados\/#breadcrumb","itemListElement":[{"@type":"ListItem","position":1,"name":"Portada","item":"https:\/\/pagina10.com\/web\/"},{"@type":"ListItem","position":2,"name":"En Pasto dejar\u00e1 de ser obligatorio el uso de tapabocas en recintos cerrados"}]},{"@type":"WebSite","@id":"https:\/\/pagina10.com\/web\/#website","url":"https:\/\/pagina10.com\/web\/","name":"P\u00e1gina10","description":"Peri\u00f3dico Regional","publisher":{"@id":"https:\/\/pagina10.com\/web\/#organization"},"alternateName":"P\u00e1gina10 Peri\u00f3dico Regional","potentialAction":[{"@type":"SearchAction","target":{"@type":"EntryPoint","urlTemplate":"https:\/\/pagina10.com\/web\/?s={search_term_string}"},"query-input":{"@type":"PropertyValueSpecification","valueRequired":true,"valueName":"search_term_string"}}],"inLanguage":"es"},{"@type":"Organization","@id":"https:\/\/pagina10.com\/web\/#organization","name":"P\u00e1gina10","alternateName":"P\u00e1gina10 Peri\u00f3dico Regional","url":"https:\/\/pagina10.com\/web\/","logo":{"@type":"ImageObject","inLanguage":"es","@id":"https:\/\/pagina10.com\/web\/#\/schema\/logo\/image\/","url":"https:\/\/pagina10.com\/web\/wp-content\/uploads\/2024\/01\/40-pagina-10-periodico-regional-pasto.jpg","contentUrl":"https:\/\/pagina10.com\/web\/wp-content\/uploads\/2024\/01\/40-pagina-10-periodico-regional-pasto.jpg","width":1280,"height":720,"caption":"P\u00e1gina10"},"image":{"@id":"https:\/\/pagina10.com\/web\/#\/schema\/logo\/image\/"},"sameAs":["https:\/\/www.facebook.com\/pag10com","https:\/\/x.com\/Pag10com","https:\/\/www.instagram.com\/pagina10col\/","https:\/\/youtube.com\/channel\/pag10","https:\/\/www.tiktok.com\/@p10col"]},{"@type":"Person","@id":"https:\/\/pagina10.com\/web\/#\/schema\/person\/2efc4a090d25b667d3bc796798a3a81b","name":"P\u00e1gina 10","description":"P\u00e1gina 10 es un peri\u00f3dico regional que nace en Colombia, en el departamento de Nari\u00f1o, con un enfoque global, fundamentado en cuatro pilares esenciales: la libertad, el pluralismo, la inclusi\u00f3n y la independencia. P\u00e1gina 10 hace referencia a Nari\u00f1o como el d\u00e9cimo departamento creado en Colombia, despu\u00e9s de un proceso pol\u00edtico liderado por actores y actrices regionales con el fin de obtener la independencia y autonom\u00eda de nuestros territorios. Con la creaci\u00f3n de P\u00e1gina 10 se pretende abrir un escenario para el dialogo, la reflexi\u00f3n y el debate que se extienda a otras geograf\u00edas de Am\u00e9rica Latina y del planeta, en una apuesta por transformar colectivamente los desaf\u00edos de un mundo contempor\u00e1neo, m\u00e1s all\u00e1 de las fronteras impuestas.","url":"https:\/\/pagina10.com\/web\/author\/pdiezadmin\/"}]}},"_links":{"self":[{"href":"https:\/\/pagina10.com\/web\/wp-json\/wp\/v2\/posts\/61143","targetHints":{"allow":["GET"]}}],"collection":[{"href":"https:\/\/pagina10.com\/web\/wp-json\/wp\/v2\/posts"}],"about":[{"href":"https:\/\/pagina10.com\/web\/wp-json\/wp\/v2\/types\/post"}],"author":[{"embeddable":true,"href":"https:\/\/pagina10.com\/web\/wp-json\/wp\/v2\/users\/1"}],"replies":[{"embeddable":true,"href":"https:\/\/pagina10.com\/web\/wp-json\/wp\/v2\/comments?post=61143"}],"version-history":[{"count":1,"href":"https:\/\/pagina10.com\/web\/wp-json\/wp\/v2\/posts\/61143\/revisions"}],"predecessor-version":[{"id":61145,"href":"https:\/\/pagina10.com\/web\/wp-json\/wp\/v2\/posts\/61143\/revisions\/61145"}],"wp:featuredmedia":[{"embeddable":true,"href":"https:\/\/pagina10.com\/web\/wp-json\/wp\/v2\/media\/61144"}],"wp:attachment":[{"href":"https:\/\/pagina10.com\/web\/wp-json\/wp\/v2\/media?parent=61143"}],"wp:term":[{"taxonomy":"category","embeddable":true,"href":"https:\/\/pagina10.com\/web\/wp-json\/wp\/v2\/categories?post=61143"},{"taxonomy":"post_tag","embeddable":true,"href":"https:\/\/pagina10.com\/web\/wp-json\/wp\/v2\/tags?post=61143"}],"curies":[{"name":"wp","href":"https:\/\/api.w.org\/{rel}","templated":true}]}}