{"id":61169,"date":"2022-08-20T18:48:11","date_gmt":"2022-08-20T23:48:11","guid":{"rendered":"https:\/\/pagina10.com\/web\/?p=61169"},"modified":"2022-08-20T18:50:46","modified_gmt":"2022-08-20T23:50:46","slug":"en-accidente-de-transito-ocurrido-en-pasto-fallece-excongresista-de-narino","status":"publish","type":"post","link":"https:\/\/pagina10.com\/web\/en-accidente-de-transito-ocurrido-en-pasto-fallece-excongresista-de-narino\/","title":{"rendered":"En accidente de tr\u00e1nsito ocurrido en Pasto falleci\u00f3 excongresista de Nari\u00f1o"},"content":{"rendered":"<p style=\"text-align: justify;\">El exsenador, excandidato a la Gobernaci\u00f3n de Nari\u00f1o y t\u00edo del exalcalde de Pasto, Eduardo Alvarado; Carlos Enrique Alvarado Ch\u00e1vez, falleci\u00f3 mientras era atendido en un hospital tras sufrir un accidente de tr\u00e1nsito en inmediaciones del Alkosto sede Parque Bol\u00edvar.<\/p>\n<p style=\"text-align: justify;\">Seg\u00fan informaci\u00f3n de las autoridades, en la ma\u00f1ana de este s\u00e1bado 20 de agosto el hombre de 72 a\u00f1os intentaba cruzar la calle cuando fue embestido por una moto de placa FTK-13G cuyo conductor sufri\u00f3 tambi\u00e9n una aparatosa ca\u00edda.<\/p>\n<p style=\"text-align: justify;\">Alvarado Ch\u00e1vez qued\u00f3 inconsciente en el pavimento y luego de unos minutos fue conducido en ambulancia hasta el Hospital Departamental. Sin embargo, al mediod\u00eda de hoy falleci\u00f3 en la sala de urgencia como producto de la grave lesi\u00f3n en su cabeza originada por el fuerte impacto.<\/p>\n","protected":false},"excerpt":{"rendered":"<p>El exsenador, excandidato a la Gobernaci\u00f3n de Nari\u00f1o y t\u00edo del exalcalde de Pasto, Eduardo Alvarado; Carlos Enrique Alvarado Ch\u00e1vez, falleci\u00f3 mientras era atendido en un hospital tras sufrir un accidente de tr\u00e1nsito en inmediaciones del Alkosto sede Parque Bol\u00edvar. Seg\u00fan informaci\u00f3n de las autoridades, en la ma\u00f1ana de este s\u00e1bado 20 de agosto el [&hellip;]<\/p>\n","protected":false},"author":1,"featured_media":61171,"comment_status":"open","ping_status":"open","sticky":false,"template":"","format":"standard","meta":{"footnotes":""},"categories":[61],"tags":[],"class_list":["post-61169","post","type-post","status-publish","format-standard","has-post-thumbnail","hentry","category-judicial"],"yoast_head":"<!-- This site is optimized with the Yoast SEO plugin v27.1.1 - https:\/\/yoast.com\/product\/yoast-seo-wordpress\/ -->\n<title>En accidente de tr\u00e1nsito ocurrido en Pasto falleci\u00f3 excongresista de Nari\u00f1o | P\u00e1gina10<\/title>\n<meta name=\"robots\" content=\"index, follow, max-snippet:-1, max-image-preview:large, max-video-preview:-1\" \/>\n<link rel=\"canonical\" href=\"https:\/\/pagina10.com\/web\/en-accidente-de-transito-ocurrido-en-pasto-fallece-excongresista-de-narino\/\" \/>\n<meta property=\"og:locale\" content=\"es_ES\" \/>\n<meta property=\"og:type\" content=\"article\" \/>\n<meta property=\"og:title\" content=\"En accidente de tr\u00e1nsito ocurrido en Pasto falleci\u00f3 excongresista de Nari\u00f1o | P\u00e1gina10\" \/>\n<meta property=\"og:description\" content=\"El exsenador, excandidato a la Gobernaci\u00f3n de Nari\u00f1o y t\u00edo del exalcalde de Pasto, Eduardo Alvarado; Carlos Enrique Alvarado Ch\u00e1vez, falleci\u00f3 mientras era atendido en un hospital tras sufrir un accidente de tr\u00e1nsito en inmediaciones del Alkosto sede Parque Bol\u00edvar. Seg\u00fan informaci\u00f3n de las autoridades, en la ma\u00f1ana de este s\u00e1bado 20 de agosto el [&hellip;]\" \/>\n<meta property=\"og:url\" content=\"https:\/\/pagina10.com\/web\/en-accidente-de-transito-ocurrido-en-pasto-fallece-excongresista-de-narino\/\" \/>\n<meta property=\"og:site_name\" content=\"P\u00e1gina10\" \/>\n<meta property=\"article:publisher\" content=\"https:\/\/www.facebook.com\/pag10com\" \/>\n<meta property=\"article:published_time\" content=\"2022-08-20T23:48:11+00:00\" \/>\n<meta property=\"article:modified_time\" content=\"2022-08-20T23:50:46+00:00\" \/>\n<meta property=\"og:image\" content=\"https:\/\/pagina10.com\/web\/wp-content\/uploads\/2022\/08\/Sin-titulo-1-01-1-scaled.jpg\" \/>\n\t<meta property=\"og:image:width\" content=\"2560\" \/>\n\t<meta property=\"og:image:height\" content=\"1455\" \/>\n\t<meta property=\"og:image:type\" content=\"image\/jpeg\" \/>\n<meta name=\"author\" content=\"P\u00e1gina 10\" \/>\n<meta name=\"twitter:card\" content=\"summary_large_image\" \/>\n<meta name=\"twitter:creator\" content=\"@Pag10com\" \/>\n<meta name=\"twitter:site\" content=\"@Pag10com\" \/>\n<meta name=\"twitter:label1\" content=\"Escrito por\" \/>\n\t<meta name=\"twitter:data1\" content=\"P\u00e1gina 10\" \/>\n\t<meta name=\"twitter:label2\" content=\"Tiempo de lectura\" \/>\n\t<meta name=\"twitter:data2\" content=\"1 minuto\" \/>\n<script type=\"application\/ld+json\" class=\"yoast-schema-graph\">{\"@context\":\"https:\/\/schema.org\",\"@graph\":[{\"@type\":\"Article\",\"@id\":\"https:\/\/pagina10.com\/web\/en-accidente-de-transito-ocurrido-en-pasto-fallece-excongresista-de-narino\/#article\",\"isPartOf\":{\"@id\":\"https:\/\/pagina10.com\/web\/en-accidente-de-transito-ocurrido-en-pasto-fallece-excongresista-de-narino\/\"},\"author\":{\"name\":\"P\u00e1gina 10\",\"@id\":\"https:\/\/pagina10.com\/web\/#\/schema\/person\/2efc4a090d25b667d3bc796798a3a81b\"},\"headline\":\"En accidente de tr\u00e1nsito ocurrido en Pasto falleci\u00f3 excongresista de Nari\u00f1o\",\"datePublished\":\"2022-08-20T23:48:11+00:00\",\"dateModified\":\"2022-08-20T23:50:46+00:00\",\"mainEntityOfPage\":{\"@id\":\"https:\/\/pagina10.com\/web\/en-accidente-de-transito-ocurrido-en-pasto-fallece-excongresista-de-narino\/\"},\"wordCount\":153,\"commentCount\":0,\"publisher\":{\"@id\":\"https:\/\/pagina10.com\/web\/#organization\"},\"image\":{\"@id\":\"https:\/\/pagina10.com\/web\/en-accidente-de-transito-ocurrido-en-pasto-fallece-excongresista-de-narino\/#primaryimage\"},\"thumbnailUrl\":\"https:\/\/pagina10.com\/web\/wp-content\/uploads\/2022\/08\/Sin-titulo-1-01-1-scaled.jpg\",\"articleSection\":[\"Judicial\"],\"inLanguage\":\"es\",\"potentialAction\":[{\"@type\":\"CommentAction\",\"name\":\"Comment\",\"target\":[\"https:\/\/pagina10.com\/web\/en-accidente-de-transito-ocurrido-en-pasto-fallece-excongresista-de-narino\/#respond\"]}]},{\"@type\":\"WebPage\",\"@id\":\"https:\/\/pagina10.com\/web\/en-accidente-de-transito-ocurrido-en-pasto-fallece-excongresista-de-narino\/\",\"url\":\"https:\/\/pagina10.com\/web\/en-accidente-de-transito-ocurrido-en-pasto-fallece-excongresista-de-narino\/\",\"name\":\"En accidente de tr\u00e1nsito ocurrido en Pasto falleci\u00f3 excongresista de Nari\u00f1o | P\u00e1gina10\",\"isPartOf\":{\"@id\":\"https:\/\/pagina10.com\/web\/#website\"},\"primaryImageOfPage\":{\"@id\":\"https:\/\/pagina10.com\/web\/en-accidente-de-transito-ocurrido-en-pasto-fallece-excongresista-de-narino\/#primaryimage\"},\"image\":{\"@id\":\"https:\/\/pagina10.com\/web\/en-accidente-de-transito-ocurrido-en-pasto-fallece-excongresista-de-narino\/#primaryimage\"},\"thumbnailUrl\":\"https:\/\/pagina10.com\/web\/wp-content\/uploads\/2022\/08\/Sin-titulo-1-01-1-scaled.jpg\",\"datePublished\":\"2022-08-20T23:48:11+00:00\",\"dateModified\":\"2022-08-20T23:50:46+00:00\",\"breadcrumb\":{\"@id\":\"https:\/\/pagina10.com\/web\/en-accidente-de-transito-ocurrido-en-pasto-fallece-excongresista-de-narino\/#breadcrumb\"},\"inLanguage\":\"es\",\"potentialAction\":[{\"@type\":\"ReadAction\",\"target\":[\"https:\/\/pagina10.com\/web\/en-accidente-de-transito-ocurrido-en-pasto-fallece-excongresista-de-narino\/\"]}]},{\"@type\":\"ImageObject\",\"inLanguage\":\"es\",\"@id\":\"https:\/\/pagina10.com\/web\/en-accidente-de-transito-ocurrido-en-pasto-fallece-excongresista-de-narino\/#primaryimage\",\"url\":\"https:\/\/pagina10.com\/web\/wp-content\/uploads\/2022\/08\/Sin-titulo-1-01-1-scaled.jpg\",\"contentUrl\":\"https:\/\/pagina10.com\/web\/wp-content\/uploads\/2022\/08\/Sin-titulo-1-01-1-scaled.jpg\",\"width\":2560,\"height\":1455},{\"@type\":\"BreadcrumbList\",\"@id\":\"https:\/\/pagina10.com\/web\/en-accidente-de-transito-ocurrido-en-pasto-fallece-excongresista-de-narino\/#breadcrumb\",\"itemListElement\":[{\"@type\":\"ListItem\",\"position\":1,\"name\":\"Portada\",\"item\":\"https:\/\/pagina10.com\/web\/\"},{\"@type\":\"ListItem\",\"position\":2,\"name\":\"En accidente de tr\u00e1nsito ocurrido en Pasto falleci\u00f3 excongresista de Nari\u00f1o\"}]},{\"@type\":\"WebSite\",\"@id\":\"https:\/\/pagina10.com\/web\/#website\",\"url\":\"https:\/\/pagina10.com\/web\/\",\"name\":\"P\u00e1gina10\",\"description\":\"Peri\u00f3dico Regional\",\"publisher\":{\"@id\":\"https:\/\/pagina10.com\/web\/#organization\"},\"alternateName\":\"P\u00e1gina10 Peri\u00f3dico Regional\",\"potentialAction\":[{\"@type\":\"SearchAction\",\"target\":{\"@type\":\"EntryPoint\",\"urlTemplate\":\"https:\/\/pagina10.com\/web\/?s={search_term_string}\"},\"query-input\":{\"@type\":\"PropertyValueSpecification\",\"valueRequired\":true,\"valueName\":\"search_term_string\"}}],\"inLanguage\":\"es\"},{\"@type\":\"Organization\",\"@id\":\"https:\/\/pagina10.com\/web\/#organization\",\"name\":\"P\u00e1gina10\",\"alternateName\":\"P\u00e1gina10 Peri\u00f3dico Regional\",\"url\":\"https:\/\/pagina10.com\/web\/\",\"logo\":{\"@type\":\"ImageObject\",\"inLanguage\":\"es\",\"@id\":\"https:\/\/pagina10.com\/web\/#\/schema\/logo\/image\/\",\"url\":\"https:\/\/pagina10.com\/web\/wp-content\/uploads\/2024\/01\/40-pagina-10-periodico-regional-pasto.jpg\",\"contentUrl\":\"https:\/\/pagina10.com\/web\/wp-content\/uploads\/2024\/01\/40-pagina-10-periodico-regional-pasto.jpg\",\"width\":1280,\"height\":720,\"caption\":\"P\u00e1gina10\"},\"image\":{\"@id\":\"https:\/\/pagina10.com\/web\/#\/schema\/logo\/image\/\"},\"sameAs\":[\"https:\/\/www.facebook.com\/pag10com\",\"https:\/\/x.com\/Pag10com\",\"https:\/\/www.instagram.com\/pagina10col\/\",\"https:\/\/youtube.com\/channel\/pag10\",\"https:\/\/www.tiktok.com\/@p10col\"]},{\"@type\":\"Person\",\"@id\":\"https:\/\/pagina10.com\/web\/#\/schema\/person\/2efc4a090d25b667d3bc796798a3a81b\",\"name\":\"P\u00e1gina 10\",\"description\":\"P\u00e1gina 10 es un peri\u00f3dico regional que nace en Colombia, en el departamento de Nari\u00f1o, con un enfoque global, fundamentado en cuatro pilares esenciales: la libertad, el pluralismo, la inclusi\u00f3n y la independencia. P\u00e1gina 10 hace referencia a Nari\u00f1o como el d\u00e9cimo departamento creado en Colombia, despu\u00e9s de un proceso pol\u00edtico liderado por actores y actrices regionales con el fin de obtener la independencia y autonom\u00eda de nuestros territorios. Con la creaci\u00f3n de P\u00e1gina 10 se pretende abrir un escenario para el dialogo, la reflexi\u00f3n y el debate que se extienda a otras geograf\u00edas de Am\u00e9rica Latina y del planeta, en una apuesta por transformar colectivamente los desaf\u00edos de un mundo contempor\u00e1neo, m\u00e1s all\u00e1 de las fronteras impuestas.\",\"url\":\"https:\/\/pagina10.com\/web\/author\/pdiezadmin\/\"}]}<\/script>\n<!-- \/ Yoast SEO plugin. -->","yoast_head_json":{"title":"En accidente de tr\u00e1nsito ocurrido en Pasto falleci\u00f3 excongresista de Nari\u00f1o | P\u00e1gina10","robots":{"index":"index","follow":"follow","max-snippet":"max-snippet:-1","max-image-preview":"max-image-preview:large","max-video-preview":"max-video-preview:-1"},"canonical":"https:\/\/pagina10.com\/web\/en-accidente-de-transito-ocurrido-en-pasto-fallece-excongresista-de-narino\/","og_locale":"es_ES","og_type":"article","og_title":"En accidente de tr\u00e1nsito ocurrido en Pasto falleci\u00f3 excongresista de Nari\u00f1o | P\u00e1gina10","og_description":"El exsenador, excandidato a la Gobernaci\u00f3n de Nari\u00f1o y t\u00edo del exalcalde de Pasto, Eduardo Alvarado; Carlos Enrique Alvarado Ch\u00e1vez, falleci\u00f3 mientras era atendido en un hospital tras sufrir un accidente de tr\u00e1nsito en inmediaciones del Alkosto sede Parque Bol\u00edvar. Seg\u00fan informaci\u00f3n de las autoridades, en la ma\u00f1ana de este s\u00e1bado 20 de agosto el [&hellip;]","og_url":"https:\/\/pagina10.com\/web\/en-accidente-de-transito-ocurrido-en-pasto-fallece-excongresista-de-narino\/","og_site_name":"P\u00e1gina10","article_publisher":"https:\/\/www.facebook.com\/pag10com","article_published_time":"2022-08-20T23:48:11+00:00","article_modified_time":"2022-08-20T23:50:46+00:00","og_image":[{"width":2560,"height":1455,"url":"https:\/\/pagina10.com\/web\/wp-content\/uploads\/2022\/08\/Sin-titulo-1-01-1-scaled.jpg","type":"image\/jpeg"}],"author":"P\u00e1gina 10","twitter_card":"summary_large_image","twitter_creator":"@Pag10com","twitter_site":"@Pag10com","twitter_misc":{"Escrito por":"P\u00e1gina 10","Tiempo de lectura":"1 minuto"},"schema":{"@context":"https:\/\/schema.org","@graph":[{"@type":"Article","@id":"https:\/\/pagina10.com\/web\/en-accidente-de-transito-ocurrido-en-pasto-fallece-excongresista-de-narino\/#article","isPartOf":{"@id":"https:\/\/pagina10.com\/web\/en-accidente-de-transito-ocurrido-en-pasto-fallece-excongresista-de-narino\/"},"author":{"name":"P\u00e1gina 10","@id":"https:\/\/pagina10.com\/web\/#\/schema\/person\/2efc4a090d25b667d3bc796798a3a81b"},"headline":"En accidente de tr\u00e1nsito ocurrido en Pasto falleci\u00f3 excongresista de Nari\u00f1o","datePublished":"2022-08-20T23:48:11+00:00","dateModified":"2022-08-20T23:50:46+00:00","mainEntityOfPage":{"@id":"https:\/\/pagina10.com\/web\/en-accidente-de-transito-ocurrido-en-pasto-fallece-excongresista-de-narino\/"},"wordCount":153,"commentCount":0,"publisher":{"@id":"https:\/\/pagina10.com\/web\/#organization"},"image":{"@id":"https:\/\/pagina10.com\/web\/en-accidente-de-transito-ocurrido-en-pasto-fallece-excongresista-de-narino\/#primaryimage"},"thumbnailUrl":"https:\/\/pagina10.com\/web\/wp-content\/uploads\/2022\/08\/Sin-titulo-1-01-1-scaled.jpg","articleSection":["Judicial"],"inLanguage":"es","potentialAction":[{"@type":"CommentAction","name":"Comment","target":["https:\/\/pagina10.com\/web\/en-accidente-de-transito-ocurrido-en-pasto-fallece-excongresista-de-narino\/#respond"]}]},{"@type":"WebPage","@id":"https:\/\/pagina10.com\/web\/en-accidente-de-transito-ocurrido-en-pasto-fallece-excongresista-de-narino\/","url":"https:\/\/pagina10.com\/web\/en-accidente-de-transito-ocurrido-en-pasto-fallece-excongresista-de-narino\/","name":"En accidente de tr\u00e1nsito ocurrido en Pasto falleci\u00f3 excongresista de Nari\u00f1o | P\u00e1gina10","isPartOf":{"@id":"https:\/\/pagina10.com\/web\/#website"},"primaryImageOfPage":{"@id":"https:\/\/pagina10.com\/web\/en-accidente-de-transito-ocurrido-en-pasto-fallece-excongresista-de-narino\/#primaryimage"},"image":{"@id":"https:\/\/pagina10.com\/web\/en-accidente-de-transito-ocurrido-en-pasto-fallece-excongresista-de-narino\/#primaryimage"},"thumbnailUrl":"https:\/\/pagina10.com\/web\/wp-content\/uploads\/2022\/08\/Sin-titulo-1-01-1-scaled.jpg","datePublished":"2022-08-20T23:48:11+00:00","dateModified":"2022-08-20T23:50:46+00:00","breadcrumb":{"@id":"https:\/\/pagina10.com\/web\/en-accidente-de-transito-ocurrido-en-pasto-fallece-excongresista-de-narino\/#breadcrumb"},"inLanguage":"es","potentialAction":[{"@type":"ReadAction","target":["https:\/\/pagina10.com\/web\/en-accidente-de-transito-ocurrido-en-pasto-fallece-excongresista-de-narino\/"]}]},{"@type":"ImageObject","inLanguage":"es","@id":"https:\/\/pagina10.com\/web\/en-accidente-de-transito-ocurrido-en-pasto-fallece-excongresista-de-narino\/#primaryimage","url":"https:\/\/pagina10.com\/web\/wp-content\/uploads\/2022\/08\/Sin-titulo-1-01-1-scaled.jpg","contentUrl":"https:\/\/pagina10.com\/web\/wp-content\/uploads\/2022\/08\/Sin-titulo-1-01-1-scaled.jpg","width":2560,"height":1455},{"@type":"BreadcrumbList","@id":"https:\/\/pagina10.com\/web\/en-accidente-de-transito-ocurrido-en-pasto-fallece-excongresista-de-narino\/#breadcrumb","itemListElement":[{"@type":"ListItem","position":1,"name":"Portada","item":"https:\/\/pagina10.com\/web\/"},{"@type":"ListItem","position":2,"name":"En accidente de tr\u00e1nsito ocurrido en Pasto falleci\u00f3 excongresista de Nari\u00f1o"}]},{"@type":"WebSite","@id":"https:\/\/pagina10.com\/web\/#website","url":"https:\/\/pagina10.com\/web\/","name":"P\u00e1gina10","description":"Peri\u00f3dico Regional","publisher":{"@id":"https:\/\/pagina10.com\/web\/#organization"},"alternateName":"P\u00e1gina10 Peri\u00f3dico Regional","potentialAction":[{"@type":"SearchAction","target":{"@type":"EntryPoint","urlTemplate":"https:\/\/pagina10.com\/web\/?s={search_term_string}"},"query-input":{"@type":"PropertyValueSpecification","valueRequired":true,"valueName":"search_term_string"}}],"inLanguage":"es"},{"@type":"Organization","@id":"https:\/\/pagina10.com\/web\/#organization","name":"P\u00e1gina10","alternateName":"P\u00e1gina10 Peri\u00f3dico Regional","url":"https:\/\/pagina10.com\/web\/","logo":{"@type":"ImageObject","inLanguage":"es","@id":"https:\/\/pagina10.com\/web\/#\/schema\/logo\/image\/","url":"https:\/\/pagina10.com\/web\/wp-content\/uploads\/2024\/01\/40-pagina-10-periodico-regional-pasto.jpg","contentUrl":"https:\/\/pagina10.com\/web\/wp-content\/uploads\/2024\/01\/40-pagina-10-periodico-regional-pasto.jpg","width":1280,"height":720,"caption":"P\u00e1gina10"},"image":{"@id":"https:\/\/pagina10.com\/web\/#\/schema\/logo\/image\/"},"sameAs":["https:\/\/www.facebook.com\/pag10com","https:\/\/x.com\/Pag10com","https:\/\/www.instagram.com\/pagina10col\/","https:\/\/youtube.com\/channel\/pag10","https:\/\/www.tiktok.com\/@p10col"]},{"@type":"Person","@id":"https:\/\/pagina10.com\/web\/#\/schema\/person\/2efc4a090d25b667d3bc796798a3a81b","name":"P\u00e1gina 10","description":"P\u00e1gina 10 es un peri\u00f3dico regional que nace en Colombia, en el departamento de Nari\u00f1o, con un enfoque global, fundamentado en cuatro pilares esenciales: la libertad, el pluralismo, la inclusi\u00f3n y la independencia. P\u00e1gina 10 hace referencia a Nari\u00f1o como el d\u00e9cimo departamento creado en Colombia, despu\u00e9s de un proceso pol\u00edtico liderado por actores y actrices regionales con el fin de obtener la independencia y autonom\u00eda de nuestros territorios. Con la creaci\u00f3n de P\u00e1gina 10 se pretende abrir un escenario para el dialogo, la reflexi\u00f3n y el debate que se extienda a otras geograf\u00edas de Am\u00e9rica Latina y del planeta, en una apuesta por transformar colectivamente los desaf\u00edos de un mundo contempor\u00e1neo, m\u00e1s all\u00e1 de las fronteras impuestas.","url":"https:\/\/pagina10.com\/web\/author\/pdiezadmin\/"}]}},"_links":{"self":[{"href":"https:\/\/pagina10.com\/web\/wp-json\/wp\/v2\/posts\/61169","targetHints":{"allow":["GET"]}}],"collection":[{"href":"https:\/\/pagina10.com\/web\/wp-json\/wp\/v2\/posts"}],"about":[{"href":"https:\/\/pagina10.com\/web\/wp-json\/wp\/v2\/types\/post"}],"author":[{"embeddable":true,"href":"https:\/\/pagina10.com\/web\/wp-json\/wp\/v2\/users\/1"}],"replies":[{"embeddable":true,"href":"https:\/\/pagina10.com\/web\/wp-json\/wp\/v2\/comments?post=61169"}],"version-history":[{"count":4,"href":"https:\/\/pagina10.com\/web\/wp-json\/wp\/v2\/posts\/61169\/revisions"}],"predecessor-version":[{"id":61175,"href":"https:\/\/pagina10.com\/web\/wp-json\/wp\/v2\/posts\/61169\/revisions\/61175"}],"wp:featuredmedia":[{"embeddable":true,"href":"https:\/\/pagina10.com\/web\/wp-json\/wp\/v2\/media\/61171"}],"wp:attachment":[{"href":"https:\/\/pagina10.com\/web\/wp-json\/wp\/v2\/media?parent=61169"}],"wp:term":[{"taxonomy":"category","embeddable":true,"href":"https:\/\/pagina10.com\/web\/wp-json\/wp\/v2\/categories?post=61169"},{"taxonomy":"post_tag","embeddable":true,"href":"https:\/\/pagina10.com\/web\/wp-json\/wp\/v2\/tags?post=61169"}],"curies":[{"name":"wp","href":"https:\/\/api.w.org\/{rel}","templated":true}]}}