{"id":61202,"date":"2022-08-22T20:08:19","date_gmt":"2022-08-23T01:08:19","guid":{"rendered":"https:\/\/pagina10.com\/web\/?p=61202"},"modified":"2022-08-22T20:08:39","modified_gmt":"2022-08-23T01:08:39","slug":"narino-avanza-en-sostenibilidad-gracias-a-la-energia-solar","status":"publish","type":"post","link":"https:\/\/pagina10.com\/web\/narino-avanza-en-sostenibilidad-gracias-a-la-energia-solar\/","title":{"rendered":"Nari\u00f1o avanza en sostenibilidad gracias a la energ\u00eda solar"},"content":{"rendered":"<p style=\"text-align: justify;\">A\u00f1o a a\u00f1o, las cifras en materia de transici\u00f3n y energ\u00eda renovable en el pa\u00eds superan las expectativas. Desde la expedici\u00f3n de la ley 1715 de 2014, creada para impulsar las fuentes no convencionales de energ\u00eda renovable, seg\u00fan cifras oficiales, se han construido cerca de 2.500 megavatios de generaci\u00f3n renovable, es decir, el equivalente a la capacidad de Hidro Ituango, y hay m\u00e1s 800 solicitudes de conexi\u00f3n de proyectos de generaci\u00f3n en todo el pa\u00eds, principalmente solar fotovoltaico. Asimismo, seg\u00fan XM, operador del mercado el\u00e9ctrico, hoy en d\u00eda, hay cerca de 3.000 empresas y hogares generan su propia energ\u00eda mediante paneles solares y venden energ\u00eda a la red, siendo Antioquia la l\u00edder indiscutible con m\u00e1s de 1.000 sistemas solares instalados en techo.<\/p>\n<div style=\"text-align: justify;\">\n<figure>\n<div>\n<div><img decoding=\"async\" id=\"ember40\" src=\"https:\/\/media-exp1.licdn.com\/dms\/image\/D4E12AQFWRdHskZkCPQ\/article-inline_image-shrink_1000_1488\/0\/1660259120355?e=1666828800&amp;v=beta&amp;t=VLQO534a7Sv5aN1jIqFAWND-FvWWnuWbXu6WQ18TPeU\" alt=\"Seguridad del Sur \" \/><\/div>\n<\/div>\n<\/figure>\n<\/div>\n<p style=\"text-align: justify;\">En Nari\u00f1o, se estima que hay alrededor de 20 empresas que generan su propia energ\u00eda solar, apost\u00e1ndole a este recurso como una forma de reducir sus costos de energ\u00eda y contribuir al medioambiente. Con 70 m\u00f3dulos solares instalados en su sede principal,\u00a0<a href=\"https:\/\/www.linkedin.com\/company\/seguridad-del-sur\/\" data-entity-hovercard-id=\"urn:li:fs_miniCompany:37163421\" data-entity-type=\"MINI_COMPANY\">Seguridad del Sur<\/a>\u00a0(derecha) fue una de las primeras empresas del departamento en convertirse en autogenerador\u00a0y en vender excedentes de energ\u00eda solar a la red el\u00e9ctrica, permitido por la Comisi\u00f3n de Regulaci\u00f3n de Energ\u00eda y Gas desde el 2018. Seguridad del Sur ahorra el 100% del costo de su factura de energ\u00eda el\u00e9ctrica. Otro ejemplo es M\u00edster Pollo, que actualmente cuenta con un sistema instalado en el restaurante de Ipiales que le permite ahorrar el 76% de su consumo de electricidad. Otro caso notable es La Merced, empresa que, con inversiones de casi $1.000 millones de pesos se consolida como l\u00edder en energ\u00edas alternativas gracias a sus 3 sistemas solares fotovoltaicos que suman m\u00e1s de 240 kWp (aproximadamente 440 m\u00f3dulos solarest), uno en su planta de Botana (foto abajo), el cual es el sistema solar de techo m\u00e1s grande de Nari\u00f1o, y otros dos en sus restaurantes en La Aurora &#8211; Pasto y en Ipiales, generando ahorros de energ\u00eda de hasta el 70%, lo que equivale a reducir 130 toneladas de CO2 al a\u00f1o, es decir, evitar la tala de m\u00e1s de 6.000 \u00e1rboles.<\/p>\n<div style=\"text-align: justify;\">\n<figure>\n<div>\n<div><img decoding=\"async\" id=\"ember41\" src=\"https:\/\/media-exp1.licdn.com\/dms\/image\/D4E12AQF3-CCVRf41YQ\/article-inline_image-shrink_1500_2232\/0\/1660259694501?e=1666828800&amp;v=beta&amp;t=fB30Mh9GAyitcTtdEgVOOT3KU6LT0JBF20vOUUVU0DY\" alt=\"No hay texto alternativo para esta imagen\" \/><\/div>\n<\/div>\n<\/figure>\n<\/div>\n<p style=\"text-align: justify;\">En las bodegas de Distribuidora Puyo, ubicada en la ciudad de Pasto, se est\u00e1 construyendo el sistema solar fotovoltaico en techo m\u00e1s grande de Nari\u00f1o, con 212 paneles que generar\u00e1n ahorros de m\u00e1s de $100 millones de pesos al a\u00f1o. Otras empresas que le han apostado a esta transici\u00f3n energ\u00e9tica son Dispropan, Buen Saz\u00f3n y Happina Suites; adem\u00e1s de algunas personas que han instalado paneles solares en sus residencias. Pero no solo son las empresas las que m\u00e1s se benefician de estas fuentes amigables con el medioambiente. Campos de Arag\u00f3n, edificio residencial ubicado en Pasto, instalar\u00e1 78 paneles, que le permitir\u00e1 a la copropiedad generar el 82% de la energ\u00eda que consume.<\/p>\n<p style=\"text-align: justify;\">Todos estos casos de \u00e9xito tienen un com\u00fan denominador y es\u00a0<a href=\"https:\/\/www.linkedin.com\/company\/evolti-company\/\" data-entity-hovercard-id=\"urn:li:fs_miniCompany:71190158\" data-entity-type=\"MINI_COMPANY\">Evolti<\/a>, una empresa pastusa con oficinas en Medell\u00edn, Bogot\u00e1 y Pasto, y que se ha consolidado como el principal desarrollador de proyectos de energ\u00eda renovable en el departamento. El co-fundador y gerente de la compa\u00f1\u00eda,\u00a0<a href=\"https:\/\/www.linkedin.com\/in\/juanespana?miniProfileUrn=urn%3Ali%3Afs_miniProfile%3AACoAAArIIqYBxHHkBbCx5gB9MV7iUKxN2tTfoLE\" data-entity-hovercard-id=\"urn:li:fs_miniProfile:ACoAAArIIqYBxHHkBbCx5gB9MV7iUKxN2tTfoLE\" data-entity-type=\"MINI_PROFILE\">Juan Manuel Espa\u00f1a<\/a>, quien adem\u00e1s es experto en energ\u00edas renovables y profesor de prestigiosas universidades en Medell\u00edn y Bogot\u00e1, afirma que si bien Nari\u00f1o cuenta con muy pocos proyectos de energ\u00eda renovable en comparaci\u00f3n a otras regiones del pa\u00eds, el potencial es enorme, tal y como lo ha demostrado la\u00a0<a href=\"https:\/\/www.linkedin.com\/company\/universidad-de-nari%C3%B1o\/\" data-entity-hovercard-id=\"urn:li:fs_miniCompany:15091748\" data-entity-type=\"MINI_COMPANY\">Universidad de Nari\u00f1o<\/a>\u00a0que ha hecho una importante labor caracterizando las necesidades y recursos energ\u00e9ticos de la regi\u00f3n. Por un lado, los costos de energ\u00eda son tremendamente altos con respecto al promedio nacional. Por otra parte, la demanda de energ\u00eda va en aumento debido al crecimiento econ\u00f3mico de la regi\u00f3n y por \u00faltimo, hay zonas del departamento con necesidades energ\u00e9ticas muy marcadas como es el caso del pac\u00edfico. Pero adem\u00e1s de las necesidades energ\u00e9ticas, Nari\u00f1o cuenta con abundantes recursos renovables: alta radiaci\u00f3n solar en la regi\u00f3n andina, gran volumen de biomasa derivada de cultivos de palma africana y caf\u00e9, buen potencial h\u00eddrico para generaci\u00f3n a peque\u00f1a escala e inclusive un alto potencial de energ\u00eda geot\u00e9rmica proveniente de los volcanes como el Galeras, el Azufral y el Chiles.<\/p>\n<p style=\"text-align: justify;\"><a href=\"https:\/\/www.linkedin.com\/company\/evolti-company\/\" data-entity-hovercard-id=\"urn:li:fs_miniCompany:71190158\" data-entity-type=\"MINI_COMPANY\">Evolti<\/a>\u00a0le apuesta a que, en el futuro, Nari\u00f1o logre alcanzar un alto nivel de autosuficiencia energ\u00e9tica, potenciando a\u00fan m\u00e1s su desarrollo econ\u00f3mico y social.\u00a0S\u00f3lo en Nari\u00f1o, Evolti ha canalizando inversiones por m\u00e1s de $3.000 millones de pesos para proyectos energ\u00e9ticos solares y est\u00e1 asegurando $8.000 millones adicionales.\u00a0Juan Manuel explica que el marco regulatorio en Colombia es bastante favorable y la oferta de tecnolog\u00eda competitiva, pero para que Nari\u00f1o avance en la transici\u00f3n energ\u00e9tica, es importante que los empresarios le apuesten a la tecnolog\u00eda y la innovaci\u00f3n como motor de cambio y que la regi\u00f3n aprenda de la experiencia de otros departamentos no solo por los ahorros y la reducci\u00f3n de emisiones sino tambi\u00e9n porque las energ\u00edas alternativas son una actividad que puede atraer inversi\u00f3n y generar miles de empleos.<\/p>\n<p><iframe style=\"border: none; overflow: hidden;\" src=\"https:\/\/www.facebook.com\/plugins\/video.php?height=314&amp;href=https%3A%2F%2Fwww.facebook.com%2Fpag10com%2Fvideos%2F599850574928902%2F&amp;show_text=false&amp;width=560&amp;t=0\" width=\"560\" height=\"314\" frameborder=\"0\" scrolling=\"no\" allowfullscreen=\"allowfullscreen\"><\/iframe><\/p>\n","protected":false},"excerpt":{"rendered":"<p>A\u00f1o a a\u00f1o, las cifras en materia de transici\u00f3n y energ\u00eda renovable en el pa\u00eds superan las expectativas. Desde la expedici\u00f3n de la ley 1715 de 2014, creada para impulsar las fuentes no convencionales de energ\u00eda renovable, seg\u00fan cifras oficiales, se han construido cerca de 2.500 megavatios de generaci\u00f3n renovable, es decir, el equivalente a [&hellip;]<\/p>\n","protected":false},"author":1,"featured_media":61203,"comment_status":"open","ping_status":"open","sticky":false,"template":"","format":"standard","meta":{"footnotes":""},"categories":[53],"tags":[],"class_list":["post-61202","post","type-post","status-publish","format-standard","has-post-thumbnail","hentry","category-regiones"],"yoast_head":"<!-- This site is optimized with the Yoast SEO plugin v27.1.1 - https:\/\/yoast.com\/product\/yoast-seo-wordpress\/ -->\n<title>Nari\u00f1o avanza en sostenibilidad gracias a la energ\u00eda solar | P\u00e1gina10<\/title>\n<meta name=\"robots\" content=\"index, follow, max-snippet:-1, max-image-preview:large, max-video-preview:-1\" \/>\n<link rel=\"canonical\" href=\"https:\/\/pagina10.com\/web\/narino-avanza-en-sostenibilidad-gracias-a-la-energia-solar\/\" \/>\n<meta property=\"og:locale\" content=\"es_ES\" \/>\n<meta property=\"og:type\" content=\"article\" \/>\n<meta property=\"og:title\" content=\"Nari\u00f1o avanza en sostenibilidad gracias a la energ\u00eda solar | P\u00e1gina10\" \/>\n<meta property=\"og:description\" content=\"A\u00f1o a a\u00f1o, las cifras en materia de transici\u00f3n y energ\u00eda renovable en el pa\u00eds superan las expectativas. Desde la expedici\u00f3n de la ley 1715 de 2014, creada para impulsar las fuentes no convencionales de energ\u00eda renovable, seg\u00fan cifras oficiales, se han construido cerca de 2.500 megavatios de generaci\u00f3n renovable, es decir, el equivalente a [&hellip;]\" \/>\n<meta property=\"og:url\" content=\"https:\/\/pagina10.com\/web\/narino-avanza-en-sostenibilidad-gracias-a-la-energia-solar\/\" \/>\n<meta property=\"og:site_name\" content=\"P\u00e1gina10\" \/>\n<meta property=\"article:publisher\" content=\"https:\/\/www.facebook.com\/pag10com\" \/>\n<meta property=\"article:published_time\" content=\"2022-08-23T01:08:19+00:00\" \/>\n<meta property=\"article:modified_time\" content=\"2022-08-23T01:08:39+00:00\" \/>\n<meta property=\"og:image\" content=\"https:\/\/pagina10.com\/web\/wp-content\/uploads\/2022\/08\/Captura-de-Pantalla-2022-08-22-a-las-8.05.20-p.-m..png\" \/>\n\t<meta property=\"og:image:width\" content=\"729\" \/>\n\t<meta property=\"og:image:height\" content=\"355\" \/>\n\t<meta property=\"og:image:type\" content=\"image\/png\" \/>\n<meta name=\"author\" content=\"P\u00e1gina 10\" \/>\n<meta name=\"twitter:card\" content=\"summary_large_image\" \/>\n<meta name=\"twitter:creator\" content=\"@Pag10com\" \/>\n<meta name=\"twitter:site\" content=\"@Pag10com\" \/>\n<meta name=\"twitter:label1\" content=\"Escrito por\" \/>\n\t<meta name=\"twitter:data1\" content=\"P\u00e1gina 10\" \/>\n\t<meta name=\"twitter:label2\" content=\"Tiempo de lectura\" \/>\n\t<meta name=\"twitter:data2\" content=\"4 minutos\" \/>\n<script type=\"application\/ld+json\" class=\"yoast-schema-graph\">{\"@context\":\"https:\/\/schema.org\",\"@graph\":[{\"@type\":\"Article\",\"@id\":\"https:\/\/pagina10.com\/web\/narino-avanza-en-sostenibilidad-gracias-a-la-energia-solar\/#article\",\"isPartOf\":{\"@id\":\"https:\/\/pagina10.com\/web\/narino-avanza-en-sostenibilidad-gracias-a-la-energia-solar\/\"},\"author\":{\"name\":\"P\u00e1gina 10\",\"@id\":\"https:\/\/pagina10.com\/web\/#\/schema\/person\/2efc4a090d25b667d3bc796798a3a81b\"},\"headline\":\"Nari\u00f1o avanza en sostenibilidad gracias a la energ\u00eda solar\",\"datePublished\":\"2022-08-23T01:08:19+00:00\",\"dateModified\":\"2022-08-23T01:08:39+00:00\",\"mainEntityOfPage\":{\"@id\":\"https:\/\/pagina10.com\/web\/narino-avanza-en-sostenibilidad-gracias-a-la-energia-solar\/\"},\"wordCount\":908,\"commentCount\":0,\"publisher\":{\"@id\":\"https:\/\/pagina10.com\/web\/#organization\"},\"image\":{\"@id\":\"https:\/\/pagina10.com\/web\/narino-avanza-en-sostenibilidad-gracias-a-la-energia-solar\/#primaryimage\"},\"thumbnailUrl\":\"https:\/\/pagina10.com\/web\/wp-content\/uploads\/2022\/08\/Captura-de-Pantalla-2022-08-22-a-las-8.05.20-p.-m..png\",\"articleSection\":[\"Regiones\"],\"inLanguage\":\"es\",\"potentialAction\":[{\"@type\":\"CommentAction\",\"name\":\"Comment\",\"target\":[\"https:\/\/pagina10.com\/web\/narino-avanza-en-sostenibilidad-gracias-a-la-energia-solar\/#respond\"]}]},{\"@type\":\"WebPage\",\"@id\":\"https:\/\/pagina10.com\/web\/narino-avanza-en-sostenibilidad-gracias-a-la-energia-solar\/\",\"url\":\"https:\/\/pagina10.com\/web\/narino-avanza-en-sostenibilidad-gracias-a-la-energia-solar\/\",\"name\":\"Nari\u00f1o avanza en sostenibilidad gracias a la energ\u00eda solar | P\u00e1gina10\",\"isPartOf\":{\"@id\":\"https:\/\/pagina10.com\/web\/#website\"},\"primaryImageOfPage\":{\"@id\":\"https:\/\/pagina10.com\/web\/narino-avanza-en-sostenibilidad-gracias-a-la-energia-solar\/#primaryimage\"},\"image\":{\"@id\":\"https:\/\/pagina10.com\/web\/narino-avanza-en-sostenibilidad-gracias-a-la-energia-solar\/#primaryimage\"},\"thumbnailUrl\":\"https:\/\/pagina10.com\/web\/wp-content\/uploads\/2022\/08\/Captura-de-Pantalla-2022-08-22-a-las-8.05.20-p.-m..png\",\"datePublished\":\"2022-08-23T01:08:19+00:00\",\"dateModified\":\"2022-08-23T01:08:39+00:00\",\"breadcrumb\":{\"@id\":\"https:\/\/pagina10.com\/web\/narino-avanza-en-sostenibilidad-gracias-a-la-energia-solar\/#breadcrumb\"},\"inLanguage\":\"es\",\"potentialAction\":[{\"@type\":\"ReadAction\",\"target\":[\"https:\/\/pagina10.com\/web\/narino-avanza-en-sostenibilidad-gracias-a-la-energia-solar\/\"]}]},{\"@type\":\"ImageObject\",\"inLanguage\":\"es\",\"@id\":\"https:\/\/pagina10.com\/web\/narino-avanza-en-sostenibilidad-gracias-a-la-energia-solar\/#primaryimage\",\"url\":\"https:\/\/pagina10.com\/web\/wp-content\/uploads\/2022\/08\/Captura-de-Pantalla-2022-08-22-a-las-8.05.20-p.-m..png\",\"contentUrl\":\"https:\/\/pagina10.com\/web\/wp-content\/uploads\/2022\/08\/Captura-de-Pantalla-2022-08-22-a-las-8.05.20-p.-m..png\",\"width\":729,\"height\":355},{\"@type\":\"BreadcrumbList\",\"@id\":\"https:\/\/pagina10.com\/web\/narino-avanza-en-sostenibilidad-gracias-a-la-energia-solar\/#breadcrumb\",\"itemListElement\":[{\"@type\":\"ListItem\",\"position\":1,\"name\":\"Portada\",\"item\":\"https:\/\/pagina10.com\/web\/\"},{\"@type\":\"ListItem\",\"position\":2,\"name\":\"Nari\u00f1o avanza en sostenibilidad gracias a la energ\u00eda solar\"}]},{\"@type\":\"WebSite\",\"@id\":\"https:\/\/pagina10.com\/web\/#website\",\"url\":\"https:\/\/pagina10.com\/web\/\",\"name\":\"P\u00e1gina10\",\"description\":\"Peri\u00f3dico Regional\",\"publisher\":{\"@id\":\"https:\/\/pagina10.com\/web\/#organization\"},\"alternateName\":\"P\u00e1gina10 Peri\u00f3dico Regional\",\"potentialAction\":[{\"@type\":\"SearchAction\",\"target\":{\"@type\":\"EntryPoint\",\"urlTemplate\":\"https:\/\/pagina10.com\/web\/?s={search_term_string}\"},\"query-input\":{\"@type\":\"PropertyValueSpecification\",\"valueRequired\":true,\"valueName\":\"search_term_string\"}}],\"inLanguage\":\"es\"},{\"@type\":\"Organization\",\"@id\":\"https:\/\/pagina10.com\/web\/#organization\",\"name\":\"P\u00e1gina10\",\"alternateName\":\"P\u00e1gina10 Peri\u00f3dico Regional\",\"url\":\"https:\/\/pagina10.com\/web\/\",\"logo\":{\"@type\":\"ImageObject\",\"inLanguage\":\"es\",\"@id\":\"https:\/\/pagina10.com\/web\/#\/schema\/logo\/image\/\",\"url\":\"https:\/\/pagina10.com\/web\/wp-content\/uploads\/2024\/01\/40-pagina-10-periodico-regional-pasto.jpg\",\"contentUrl\":\"https:\/\/pagina10.com\/web\/wp-content\/uploads\/2024\/01\/40-pagina-10-periodico-regional-pasto.jpg\",\"width\":1280,\"height\":720,\"caption\":\"P\u00e1gina10\"},\"image\":{\"@id\":\"https:\/\/pagina10.com\/web\/#\/schema\/logo\/image\/\"},\"sameAs\":[\"https:\/\/www.facebook.com\/pag10com\",\"https:\/\/x.com\/Pag10com\",\"https:\/\/www.instagram.com\/pagina10col\/\",\"https:\/\/youtube.com\/channel\/pag10\",\"https:\/\/www.tiktok.com\/@p10col\"]},{\"@type\":\"Person\",\"@id\":\"https:\/\/pagina10.com\/web\/#\/schema\/person\/2efc4a090d25b667d3bc796798a3a81b\",\"name\":\"P\u00e1gina 10\",\"description\":\"P\u00e1gina 10 es un peri\u00f3dico regional que nace en Colombia, en el departamento de Nari\u00f1o, con un enfoque global, fundamentado en cuatro pilares esenciales: la libertad, el pluralismo, la inclusi\u00f3n y la independencia. P\u00e1gina 10 hace referencia a Nari\u00f1o como el d\u00e9cimo departamento creado en Colombia, despu\u00e9s de un proceso pol\u00edtico liderado por actores y actrices regionales con el fin de obtener la independencia y autonom\u00eda de nuestros territorios. Con la creaci\u00f3n de P\u00e1gina 10 se pretende abrir un escenario para el dialogo, la reflexi\u00f3n y el debate que se extienda a otras geograf\u00edas de Am\u00e9rica Latina y del planeta, en una apuesta por transformar colectivamente los desaf\u00edos de un mundo contempor\u00e1neo, m\u00e1s all\u00e1 de las fronteras impuestas.\",\"url\":\"https:\/\/pagina10.com\/web\/author\/pdiezadmin\/\"}]}<\/script>\n<!-- \/ Yoast SEO plugin. -->","yoast_head_json":{"title":"Nari\u00f1o avanza en sostenibilidad gracias a la energ\u00eda solar | P\u00e1gina10","robots":{"index":"index","follow":"follow","max-snippet":"max-snippet:-1","max-image-preview":"max-image-preview:large","max-video-preview":"max-video-preview:-1"},"canonical":"https:\/\/pagina10.com\/web\/narino-avanza-en-sostenibilidad-gracias-a-la-energia-solar\/","og_locale":"es_ES","og_type":"article","og_title":"Nari\u00f1o avanza en sostenibilidad gracias a la energ\u00eda solar | P\u00e1gina10","og_description":"A\u00f1o a a\u00f1o, las cifras en materia de transici\u00f3n y energ\u00eda renovable en el pa\u00eds superan las expectativas. Desde la expedici\u00f3n de la ley 1715 de 2014, creada para impulsar las fuentes no convencionales de energ\u00eda renovable, seg\u00fan cifras oficiales, se han construido cerca de 2.500 megavatios de generaci\u00f3n renovable, es decir, el equivalente a [&hellip;]","og_url":"https:\/\/pagina10.com\/web\/narino-avanza-en-sostenibilidad-gracias-a-la-energia-solar\/","og_site_name":"P\u00e1gina10","article_publisher":"https:\/\/www.facebook.com\/pag10com","article_published_time":"2022-08-23T01:08:19+00:00","article_modified_time":"2022-08-23T01:08:39+00:00","og_image":[{"width":729,"height":355,"url":"https:\/\/pagina10.com\/web\/wp-content\/uploads\/2022\/08\/Captura-de-Pantalla-2022-08-22-a-las-8.05.20-p.-m..png","type":"image\/png"}],"author":"P\u00e1gina 10","twitter_card":"summary_large_image","twitter_creator":"@Pag10com","twitter_site":"@Pag10com","twitter_misc":{"Escrito por":"P\u00e1gina 10","Tiempo de lectura":"4 minutos"},"schema":{"@context":"https:\/\/schema.org","@graph":[{"@type":"Article","@id":"https:\/\/pagina10.com\/web\/narino-avanza-en-sostenibilidad-gracias-a-la-energia-solar\/#article","isPartOf":{"@id":"https:\/\/pagina10.com\/web\/narino-avanza-en-sostenibilidad-gracias-a-la-energia-solar\/"},"author":{"name":"P\u00e1gina 10","@id":"https:\/\/pagina10.com\/web\/#\/schema\/person\/2efc4a090d25b667d3bc796798a3a81b"},"headline":"Nari\u00f1o avanza en sostenibilidad gracias a la energ\u00eda solar","datePublished":"2022-08-23T01:08:19+00:00","dateModified":"2022-08-23T01:08:39+00:00","mainEntityOfPage":{"@id":"https:\/\/pagina10.com\/web\/narino-avanza-en-sostenibilidad-gracias-a-la-energia-solar\/"},"wordCount":908,"commentCount":0,"publisher":{"@id":"https:\/\/pagina10.com\/web\/#organization"},"image":{"@id":"https:\/\/pagina10.com\/web\/narino-avanza-en-sostenibilidad-gracias-a-la-energia-solar\/#primaryimage"},"thumbnailUrl":"https:\/\/pagina10.com\/web\/wp-content\/uploads\/2022\/08\/Captura-de-Pantalla-2022-08-22-a-las-8.05.20-p.-m..png","articleSection":["Regiones"],"inLanguage":"es","potentialAction":[{"@type":"CommentAction","name":"Comment","target":["https:\/\/pagina10.com\/web\/narino-avanza-en-sostenibilidad-gracias-a-la-energia-solar\/#respond"]}]},{"@type":"WebPage","@id":"https:\/\/pagina10.com\/web\/narino-avanza-en-sostenibilidad-gracias-a-la-energia-solar\/","url":"https:\/\/pagina10.com\/web\/narino-avanza-en-sostenibilidad-gracias-a-la-energia-solar\/","name":"Nari\u00f1o avanza en sostenibilidad gracias a la energ\u00eda solar | P\u00e1gina10","isPartOf":{"@id":"https:\/\/pagina10.com\/web\/#website"},"primaryImageOfPage":{"@id":"https:\/\/pagina10.com\/web\/narino-avanza-en-sostenibilidad-gracias-a-la-energia-solar\/#primaryimage"},"image":{"@id":"https:\/\/pagina10.com\/web\/narino-avanza-en-sostenibilidad-gracias-a-la-energia-solar\/#primaryimage"},"thumbnailUrl":"https:\/\/pagina10.com\/web\/wp-content\/uploads\/2022\/08\/Captura-de-Pantalla-2022-08-22-a-las-8.05.20-p.-m..png","datePublished":"2022-08-23T01:08:19+00:00","dateModified":"2022-08-23T01:08:39+00:00","breadcrumb":{"@id":"https:\/\/pagina10.com\/web\/narino-avanza-en-sostenibilidad-gracias-a-la-energia-solar\/#breadcrumb"},"inLanguage":"es","potentialAction":[{"@type":"ReadAction","target":["https:\/\/pagina10.com\/web\/narino-avanza-en-sostenibilidad-gracias-a-la-energia-solar\/"]}]},{"@type":"ImageObject","inLanguage":"es","@id":"https:\/\/pagina10.com\/web\/narino-avanza-en-sostenibilidad-gracias-a-la-energia-solar\/#primaryimage","url":"https:\/\/pagina10.com\/web\/wp-content\/uploads\/2022\/08\/Captura-de-Pantalla-2022-08-22-a-las-8.05.20-p.-m..png","contentUrl":"https:\/\/pagina10.com\/web\/wp-content\/uploads\/2022\/08\/Captura-de-Pantalla-2022-08-22-a-las-8.05.20-p.-m..png","width":729,"height":355},{"@type":"BreadcrumbList","@id":"https:\/\/pagina10.com\/web\/narino-avanza-en-sostenibilidad-gracias-a-la-energia-solar\/#breadcrumb","itemListElement":[{"@type":"ListItem","position":1,"name":"Portada","item":"https:\/\/pagina10.com\/web\/"},{"@type":"ListItem","position":2,"name":"Nari\u00f1o avanza en sostenibilidad gracias a la energ\u00eda solar"}]},{"@type":"WebSite","@id":"https:\/\/pagina10.com\/web\/#website","url":"https:\/\/pagina10.com\/web\/","name":"P\u00e1gina10","description":"Peri\u00f3dico Regional","publisher":{"@id":"https:\/\/pagina10.com\/web\/#organization"},"alternateName":"P\u00e1gina10 Peri\u00f3dico Regional","potentialAction":[{"@type":"SearchAction","target":{"@type":"EntryPoint","urlTemplate":"https:\/\/pagina10.com\/web\/?s={search_term_string}"},"query-input":{"@type":"PropertyValueSpecification","valueRequired":true,"valueName":"search_term_string"}}],"inLanguage":"es"},{"@type":"Organization","@id":"https:\/\/pagina10.com\/web\/#organization","name":"P\u00e1gina10","alternateName":"P\u00e1gina10 Peri\u00f3dico Regional","url":"https:\/\/pagina10.com\/web\/","logo":{"@type":"ImageObject","inLanguage":"es","@id":"https:\/\/pagina10.com\/web\/#\/schema\/logo\/image\/","url":"https:\/\/pagina10.com\/web\/wp-content\/uploads\/2024\/01\/40-pagina-10-periodico-regional-pasto.jpg","contentUrl":"https:\/\/pagina10.com\/web\/wp-content\/uploads\/2024\/01\/40-pagina-10-periodico-regional-pasto.jpg","width":1280,"height":720,"caption":"P\u00e1gina10"},"image":{"@id":"https:\/\/pagina10.com\/web\/#\/schema\/logo\/image\/"},"sameAs":["https:\/\/www.facebook.com\/pag10com","https:\/\/x.com\/Pag10com","https:\/\/www.instagram.com\/pagina10col\/","https:\/\/youtube.com\/channel\/pag10","https:\/\/www.tiktok.com\/@p10col"]},{"@type":"Person","@id":"https:\/\/pagina10.com\/web\/#\/schema\/person\/2efc4a090d25b667d3bc796798a3a81b","name":"P\u00e1gina 10","description":"P\u00e1gina 10 es un peri\u00f3dico regional que nace en Colombia, en el departamento de Nari\u00f1o, con un enfoque global, fundamentado en cuatro pilares esenciales: la libertad, el pluralismo, la inclusi\u00f3n y la independencia. P\u00e1gina 10 hace referencia a Nari\u00f1o como el d\u00e9cimo departamento creado en Colombia, despu\u00e9s de un proceso pol\u00edtico liderado por actores y actrices regionales con el fin de obtener la independencia y autonom\u00eda de nuestros territorios. Con la creaci\u00f3n de P\u00e1gina 10 se pretende abrir un escenario para el dialogo, la reflexi\u00f3n y el debate que se extienda a otras geograf\u00edas de Am\u00e9rica Latina y del planeta, en una apuesta por transformar colectivamente los desaf\u00edos de un mundo contempor\u00e1neo, m\u00e1s all\u00e1 de las fronteras impuestas.","url":"https:\/\/pagina10.com\/web\/author\/pdiezadmin\/"}]}},"_links":{"self":[{"href":"https:\/\/pagina10.com\/web\/wp-json\/wp\/v2\/posts\/61202","targetHints":{"allow":["GET"]}}],"collection":[{"href":"https:\/\/pagina10.com\/web\/wp-json\/wp\/v2\/posts"}],"about":[{"href":"https:\/\/pagina10.com\/web\/wp-json\/wp\/v2\/types\/post"}],"author":[{"embeddable":true,"href":"https:\/\/pagina10.com\/web\/wp-json\/wp\/v2\/users\/1"}],"replies":[{"embeddable":true,"href":"https:\/\/pagina10.com\/web\/wp-json\/wp\/v2\/comments?post=61202"}],"version-history":[{"count":1,"href":"https:\/\/pagina10.com\/web\/wp-json\/wp\/v2\/posts\/61202\/revisions"}],"predecessor-version":[{"id":61204,"href":"https:\/\/pagina10.com\/web\/wp-json\/wp\/v2\/posts\/61202\/revisions\/61204"}],"wp:featuredmedia":[{"embeddable":true,"href":"https:\/\/pagina10.com\/web\/wp-json\/wp\/v2\/media\/61203"}],"wp:attachment":[{"href":"https:\/\/pagina10.com\/web\/wp-json\/wp\/v2\/media?parent=61202"}],"wp:term":[{"taxonomy":"category","embeddable":true,"href":"https:\/\/pagina10.com\/web\/wp-json\/wp\/v2\/categories?post=61202"},{"taxonomy":"post_tag","embeddable":true,"href":"https:\/\/pagina10.com\/web\/wp-json\/wp\/v2\/tags?post=61202"}],"curies":[{"name":"wp","href":"https:\/\/api.w.org\/{rel}","templated":true}]}}