{"id":61228,"date":"2022-08-23T13:11:36","date_gmt":"2022-08-23T18:11:36","guid":{"rendered":"https:\/\/pagina10.com\/web\/?p=61228"},"modified":"2022-08-23T13:11:36","modified_gmt":"2022-08-23T18:11:36","slug":"en-el-barrio-emilio-botero-de-pasto-capturan-a-brayan-uno-de-los-mas-buscados","status":"publish","type":"post","link":"https:\/\/pagina10.com\/web\/en-el-barrio-emilio-botero-de-pasto-capturan-a-brayan-uno-de-los-mas-buscados\/","title":{"rendered":"En el barrio Emilio Botero de Pasto capturan a \u2018Brayan\u2019 uno de los m\u00e1s buscados"},"content":{"rendered":"<p style=\"text-align: justify;\">Una llamada hecha a la Polic\u00eda sirvi\u00f3 para capturar a uno de los m\u00e1s buscados por el delito de hurto en los barrios surorientales. Se trata de alias \u2018Brayan\u2019 quien ten\u00eda varios ingresos a la Fiscal\u00eda acusado de hurto simple agravado consumado y hurto agravado desde el 2014.<\/p>\n<p style=\"text-align: justify;\">Residentes del barrio Emilio Botero fueron los que se comunicaron con la L\u00ednea 123 quej\u00e1ndose de la presencia de un grupo de consumidores que, al parecer, estaban cometiendo atracos callejeros. La respuesta inmediata se dio a trav\u00e9s del grupo de reacci\u00f3n Cobra.<\/p>\n<p style=\"text-align: justify;\">Uno de los capturados en el operativo fue Esteban Benavides Gelpud, alias \u2018Brayan\u2019. Tras ser plenamente identificado fue conducido hasta las instalaciones de la URI para que responda por los delitos que se le imputan. Cabe mencionar que el pasado mes de mayo se emiti\u00f3 una orden de captura en su contra por hurto calificado y agravado.<\/p>\n<p><img fetchpriority=\"high\" decoding=\"async\" class=\"size-medium wp-image-61231 aligncenter\" src=\"https:\/\/pagina10.com\/web\/wp-content\/uploads\/2022\/08\/WhatsApp-Image-2022-08-23-at-8.49.34-AM-224x300.jpeg\" alt=\"\" width=\"224\" height=\"300\" srcset=\"https:\/\/pagina10.com\/web\/wp-content\/uploads\/2022\/08\/WhatsApp-Image-2022-08-23-at-8.49.34-AM-224x300.jpeg 224w, https:\/\/pagina10.com\/web\/wp-content\/uploads\/2022\/08\/WhatsApp-Image-2022-08-23-at-8.49.34-AM-764x1024.jpeg 764w, https:\/\/pagina10.com\/web\/wp-content\/uploads\/2022\/08\/WhatsApp-Image-2022-08-23-at-8.49.34-AM-768x1029.jpeg 768w, https:\/\/pagina10.com\/web\/wp-content\/uploads\/2022\/08\/WhatsApp-Image-2022-08-23-at-8.49.34-AM.jpeg 872w\" sizes=\"(max-width: 224px) 100vw, 224px\" \/><\/p>\n","protected":false},"excerpt":{"rendered":"<p>Una llamada hecha a la Polic\u00eda sirvi\u00f3 para capturar a uno de los m\u00e1s buscados por el delito de hurto en los barrios surorientales. Se trata de alias \u2018Brayan\u2019 quien ten\u00eda varios ingresos a la Fiscal\u00eda acusado de hurto simple agravado consumado y hurto agravado desde el 2014. Residentes del barrio Emilio Botero fueron los [&hellip;]<\/p>\n","protected":false},"author":1,"featured_media":61230,"comment_status":"open","ping_status":"open","sticky":false,"template":"","format":"standard","meta":{"footnotes":""},"categories":[61],"tags":[],"class_list":["post-61228","post","type-post","status-publish","format-standard","has-post-thumbnail","hentry","category-judicial"],"yoast_head":"<!-- This site is optimized with the Yoast SEO plugin v27.1.1 - https:\/\/yoast.com\/product\/yoast-seo-wordpress\/ -->\n<title>En el barrio Emilio Botero de Pasto capturan a \u2018Brayan\u2019 uno de los m\u00e1s buscados | P\u00e1gina10<\/title>\n<meta name=\"robots\" content=\"index, follow, max-snippet:-1, max-image-preview:large, max-video-preview:-1\" \/>\n<link rel=\"canonical\" href=\"https:\/\/pagina10.com\/web\/en-el-barrio-emilio-botero-de-pasto-capturan-a-brayan-uno-de-los-mas-buscados\/\" \/>\n<meta property=\"og:locale\" content=\"es_ES\" \/>\n<meta property=\"og:type\" content=\"article\" \/>\n<meta property=\"og:title\" content=\"En el barrio Emilio Botero de Pasto capturan a \u2018Brayan\u2019 uno de los m\u00e1s buscados | P\u00e1gina10\" \/>\n<meta property=\"og:description\" content=\"Una llamada hecha a la Polic\u00eda sirvi\u00f3 para capturar a uno de los m\u00e1s buscados por el delito de hurto en los barrios surorientales. Se trata de alias \u2018Brayan\u2019 quien ten\u00eda varios ingresos a la Fiscal\u00eda acusado de hurto simple agravado consumado y hurto agravado desde el 2014. Residentes del barrio Emilio Botero fueron los [&hellip;]\" \/>\n<meta property=\"og:url\" content=\"https:\/\/pagina10.com\/web\/en-el-barrio-emilio-botero-de-pasto-capturan-a-brayan-uno-de-los-mas-buscados\/\" \/>\n<meta property=\"og:site_name\" content=\"P\u00e1gina10\" \/>\n<meta property=\"article:publisher\" content=\"https:\/\/www.facebook.com\/pag10com\" \/>\n<meta property=\"article:published_time\" content=\"2022-08-23T18:11:36+00:00\" \/>\n<meta property=\"og:image\" content=\"https:\/\/pagina10.com\/web\/wp-content\/uploads\/2022\/08\/WhatsApp-Image-2022-08-23-at-8.49.04-AM-e1661278258793.jpeg\" \/>\n\t<meta property=\"og:image:width\" content=\"934\" \/>\n\t<meta property=\"og:image:height\" content=\"576\" \/>\n\t<meta property=\"og:image:type\" content=\"image\/jpeg\" \/>\n<meta name=\"author\" content=\"P\u00e1gina 10\" \/>\n<meta name=\"twitter:card\" content=\"summary_large_image\" \/>\n<meta name=\"twitter:creator\" content=\"@Pag10com\" \/>\n<meta name=\"twitter:site\" content=\"@Pag10com\" \/>\n<meta name=\"twitter:label1\" content=\"Escrito por\" \/>\n\t<meta name=\"twitter:data1\" content=\"P\u00e1gina 10\" \/>\n\t<meta name=\"twitter:label2\" content=\"Tiempo de lectura\" \/>\n\t<meta name=\"twitter:data2\" content=\"1 minuto\" \/>\n<script type=\"application\/ld+json\" class=\"yoast-schema-graph\">{\"@context\":\"https:\/\/schema.org\",\"@graph\":[{\"@type\":\"Article\",\"@id\":\"https:\/\/pagina10.com\/web\/en-el-barrio-emilio-botero-de-pasto-capturan-a-brayan-uno-de-los-mas-buscados\/#article\",\"isPartOf\":{\"@id\":\"https:\/\/pagina10.com\/web\/en-el-barrio-emilio-botero-de-pasto-capturan-a-brayan-uno-de-los-mas-buscados\/\"},\"author\":{\"name\":\"P\u00e1gina 10\",\"@id\":\"https:\/\/pagina10.com\/web\/#\/schema\/person\/2efc4a090d25b667d3bc796798a3a81b\"},\"headline\":\"En el barrio Emilio Botero de Pasto capturan a \u2018Brayan\u2019 uno de los m\u00e1s buscados\",\"datePublished\":\"2022-08-23T18:11:36+00:00\",\"mainEntityOfPage\":{\"@id\":\"https:\/\/pagina10.com\/web\/en-el-barrio-emilio-botero-de-pasto-capturan-a-brayan-uno-de-los-mas-buscados\/\"},\"wordCount\":169,\"commentCount\":0,\"publisher\":{\"@id\":\"https:\/\/pagina10.com\/web\/#organization\"},\"image\":{\"@id\":\"https:\/\/pagina10.com\/web\/en-el-barrio-emilio-botero-de-pasto-capturan-a-brayan-uno-de-los-mas-buscados\/#primaryimage\"},\"thumbnailUrl\":\"https:\/\/pagina10.com\/web\/wp-content\/uploads\/2022\/08\/WhatsApp-Image-2022-08-23-at-8.49.04-AM-e1661278258793.jpeg\",\"articleSection\":[\"Judicial\"],\"inLanguage\":\"es\",\"potentialAction\":[{\"@type\":\"CommentAction\",\"name\":\"Comment\",\"target\":[\"https:\/\/pagina10.com\/web\/en-el-barrio-emilio-botero-de-pasto-capturan-a-brayan-uno-de-los-mas-buscados\/#respond\"]}]},{\"@type\":\"WebPage\",\"@id\":\"https:\/\/pagina10.com\/web\/en-el-barrio-emilio-botero-de-pasto-capturan-a-brayan-uno-de-los-mas-buscados\/\",\"url\":\"https:\/\/pagina10.com\/web\/en-el-barrio-emilio-botero-de-pasto-capturan-a-brayan-uno-de-los-mas-buscados\/\",\"name\":\"En el barrio Emilio Botero de Pasto capturan a \u2018Brayan\u2019 uno de los m\u00e1s buscados | P\u00e1gina10\",\"isPartOf\":{\"@id\":\"https:\/\/pagina10.com\/web\/#website\"},\"primaryImageOfPage\":{\"@id\":\"https:\/\/pagina10.com\/web\/en-el-barrio-emilio-botero-de-pasto-capturan-a-brayan-uno-de-los-mas-buscados\/#primaryimage\"},\"image\":{\"@id\":\"https:\/\/pagina10.com\/web\/en-el-barrio-emilio-botero-de-pasto-capturan-a-brayan-uno-de-los-mas-buscados\/#primaryimage\"},\"thumbnailUrl\":\"https:\/\/pagina10.com\/web\/wp-content\/uploads\/2022\/08\/WhatsApp-Image-2022-08-23-at-8.49.04-AM-e1661278258793.jpeg\",\"datePublished\":\"2022-08-23T18:11:36+00:00\",\"breadcrumb\":{\"@id\":\"https:\/\/pagina10.com\/web\/en-el-barrio-emilio-botero-de-pasto-capturan-a-brayan-uno-de-los-mas-buscados\/#breadcrumb\"},\"inLanguage\":\"es\",\"potentialAction\":[{\"@type\":\"ReadAction\",\"target\":[\"https:\/\/pagina10.com\/web\/en-el-barrio-emilio-botero-de-pasto-capturan-a-brayan-uno-de-los-mas-buscados\/\"]}]},{\"@type\":\"ImageObject\",\"inLanguage\":\"es\",\"@id\":\"https:\/\/pagina10.com\/web\/en-el-barrio-emilio-botero-de-pasto-capturan-a-brayan-uno-de-los-mas-buscados\/#primaryimage\",\"url\":\"https:\/\/pagina10.com\/web\/wp-content\/uploads\/2022\/08\/WhatsApp-Image-2022-08-23-at-8.49.04-AM-e1661278258793.jpeg\",\"contentUrl\":\"https:\/\/pagina10.com\/web\/wp-content\/uploads\/2022\/08\/WhatsApp-Image-2022-08-23-at-8.49.04-AM-e1661278258793.jpeg\",\"width\":934,\"height\":576},{\"@type\":\"BreadcrumbList\",\"@id\":\"https:\/\/pagina10.com\/web\/en-el-barrio-emilio-botero-de-pasto-capturan-a-brayan-uno-de-los-mas-buscados\/#breadcrumb\",\"itemListElement\":[{\"@type\":\"ListItem\",\"position\":1,\"name\":\"Portada\",\"item\":\"https:\/\/pagina10.com\/web\/\"},{\"@type\":\"ListItem\",\"position\":2,\"name\":\"En el barrio Emilio Botero de Pasto capturan a \u2018Brayan\u2019 uno de los m\u00e1s buscados\"}]},{\"@type\":\"WebSite\",\"@id\":\"https:\/\/pagina10.com\/web\/#website\",\"url\":\"https:\/\/pagina10.com\/web\/\",\"name\":\"P\u00e1gina10\",\"description\":\"Peri\u00f3dico Regional\",\"publisher\":{\"@id\":\"https:\/\/pagina10.com\/web\/#organization\"},\"alternateName\":\"P\u00e1gina10 Peri\u00f3dico Regional\",\"potentialAction\":[{\"@type\":\"SearchAction\",\"target\":{\"@type\":\"EntryPoint\",\"urlTemplate\":\"https:\/\/pagina10.com\/web\/?s={search_term_string}\"},\"query-input\":{\"@type\":\"PropertyValueSpecification\",\"valueRequired\":true,\"valueName\":\"search_term_string\"}}],\"inLanguage\":\"es\"},{\"@type\":\"Organization\",\"@id\":\"https:\/\/pagina10.com\/web\/#organization\",\"name\":\"P\u00e1gina10\",\"alternateName\":\"P\u00e1gina10 Peri\u00f3dico Regional\",\"url\":\"https:\/\/pagina10.com\/web\/\",\"logo\":{\"@type\":\"ImageObject\",\"inLanguage\":\"es\",\"@id\":\"https:\/\/pagina10.com\/web\/#\/schema\/logo\/image\/\",\"url\":\"https:\/\/pagina10.com\/web\/wp-content\/uploads\/2024\/01\/40-pagina-10-periodico-regional-pasto.jpg\",\"contentUrl\":\"https:\/\/pagina10.com\/web\/wp-content\/uploads\/2024\/01\/40-pagina-10-periodico-regional-pasto.jpg\",\"width\":1280,\"height\":720,\"caption\":\"P\u00e1gina10\"},\"image\":{\"@id\":\"https:\/\/pagina10.com\/web\/#\/schema\/logo\/image\/\"},\"sameAs\":[\"https:\/\/www.facebook.com\/pag10com\",\"https:\/\/x.com\/Pag10com\",\"https:\/\/www.instagram.com\/pagina10col\/\",\"https:\/\/youtube.com\/channel\/pag10\",\"https:\/\/www.tiktok.com\/@p10col\"]},{\"@type\":\"Person\",\"@id\":\"https:\/\/pagina10.com\/web\/#\/schema\/person\/2efc4a090d25b667d3bc796798a3a81b\",\"name\":\"P\u00e1gina 10\",\"description\":\"P\u00e1gina 10 es un peri\u00f3dico regional que nace en Colombia, en el departamento de Nari\u00f1o, con un enfoque global, fundamentado en cuatro pilares esenciales: la libertad, el pluralismo, la inclusi\u00f3n y la independencia. P\u00e1gina 10 hace referencia a Nari\u00f1o como el d\u00e9cimo departamento creado en Colombia, despu\u00e9s de un proceso pol\u00edtico liderado por actores y actrices regionales con el fin de obtener la independencia y autonom\u00eda de nuestros territorios. Con la creaci\u00f3n de P\u00e1gina 10 se pretende abrir un escenario para el dialogo, la reflexi\u00f3n y el debate que se extienda a otras geograf\u00edas de Am\u00e9rica Latina y del planeta, en una apuesta por transformar colectivamente los desaf\u00edos de un mundo contempor\u00e1neo, m\u00e1s all\u00e1 de las fronteras impuestas.\",\"url\":\"https:\/\/pagina10.com\/web\/author\/pdiezadmin\/\"}]}<\/script>\n<!-- \/ Yoast SEO plugin. -->","yoast_head_json":{"title":"En el barrio Emilio Botero de Pasto capturan a \u2018Brayan\u2019 uno de los m\u00e1s buscados | P\u00e1gina10","robots":{"index":"index","follow":"follow","max-snippet":"max-snippet:-1","max-image-preview":"max-image-preview:large","max-video-preview":"max-video-preview:-1"},"canonical":"https:\/\/pagina10.com\/web\/en-el-barrio-emilio-botero-de-pasto-capturan-a-brayan-uno-de-los-mas-buscados\/","og_locale":"es_ES","og_type":"article","og_title":"En el barrio Emilio Botero de Pasto capturan a \u2018Brayan\u2019 uno de los m\u00e1s buscados | P\u00e1gina10","og_description":"Una llamada hecha a la Polic\u00eda sirvi\u00f3 para capturar a uno de los m\u00e1s buscados por el delito de hurto en los barrios surorientales. Se trata de alias \u2018Brayan\u2019 quien ten\u00eda varios ingresos a la Fiscal\u00eda acusado de hurto simple agravado consumado y hurto agravado desde el 2014. Residentes del barrio Emilio Botero fueron los [&hellip;]","og_url":"https:\/\/pagina10.com\/web\/en-el-barrio-emilio-botero-de-pasto-capturan-a-brayan-uno-de-los-mas-buscados\/","og_site_name":"P\u00e1gina10","article_publisher":"https:\/\/www.facebook.com\/pag10com","article_published_time":"2022-08-23T18:11:36+00:00","og_image":[{"width":934,"height":576,"url":"https:\/\/pagina10.com\/web\/wp-content\/uploads\/2022\/08\/WhatsApp-Image-2022-08-23-at-8.49.04-AM-e1661278258793.jpeg","type":"image\/jpeg"}],"author":"P\u00e1gina 10","twitter_card":"summary_large_image","twitter_creator":"@Pag10com","twitter_site":"@Pag10com","twitter_misc":{"Escrito por":"P\u00e1gina 10","Tiempo de lectura":"1 minuto"},"schema":{"@context":"https:\/\/schema.org","@graph":[{"@type":"Article","@id":"https:\/\/pagina10.com\/web\/en-el-barrio-emilio-botero-de-pasto-capturan-a-brayan-uno-de-los-mas-buscados\/#article","isPartOf":{"@id":"https:\/\/pagina10.com\/web\/en-el-barrio-emilio-botero-de-pasto-capturan-a-brayan-uno-de-los-mas-buscados\/"},"author":{"name":"P\u00e1gina 10","@id":"https:\/\/pagina10.com\/web\/#\/schema\/person\/2efc4a090d25b667d3bc796798a3a81b"},"headline":"En el barrio Emilio Botero de Pasto capturan a \u2018Brayan\u2019 uno de los m\u00e1s buscados","datePublished":"2022-08-23T18:11:36+00:00","mainEntityOfPage":{"@id":"https:\/\/pagina10.com\/web\/en-el-barrio-emilio-botero-de-pasto-capturan-a-brayan-uno-de-los-mas-buscados\/"},"wordCount":169,"commentCount":0,"publisher":{"@id":"https:\/\/pagina10.com\/web\/#organization"},"image":{"@id":"https:\/\/pagina10.com\/web\/en-el-barrio-emilio-botero-de-pasto-capturan-a-brayan-uno-de-los-mas-buscados\/#primaryimage"},"thumbnailUrl":"https:\/\/pagina10.com\/web\/wp-content\/uploads\/2022\/08\/WhatsApp-Image-2022-08-23-at-8.49.04-AM-e1661278258793.jpeg","articleSection":["Judicial"],"inLanguage":"es","potentialAction":[{"@type":"CommentAction","name":"Comment","target":["https:\/\/pagina10.com\/web\/en-el-barrio-emilio-botero-de-pasto-capturan-a-brayan-uno-de-los-mas-buscados\/#respond"]}]},{"@type":"WebPage","@id":"https:\/\/pagina10.com\/web\/en-el-barrio-emilio-botero-de-pasto-capturan-a-brayan-uno-de-los-mas-buscados\/","url":"https:\/\/pagina10.com\/web\/en-el-barrio-emilio-botero-de-pasto-capturan-a-brayan-uno-de-los-mas-buscados\/","name":"En el barrio Emilio Botero de Pasto capturan a \u2018Brayan\u2019 uno de los m\u00e1s buscados | P\u00e1gina10","isPartOf":{"@id":"https:\/\/pagina10.com\/web\/#website"},"primaryImageOfPage":{"@id":"https:\/\/pagina10.com\/web\/en-el-barrio-emilio-botero-de-pasto-capturan-a-brayan-uno-de-los-mas-buscados\/#primaryimage"},"image":{"@id":"https:\/\/pagina10.com\/web\/en-el-barrio-emilio-botero-de-pasto-capturan-a-brayan-uno-de-los-mas-buscados\/#primaryimage"},"thumbnailUrl":"https:\/\/pagina10.com\/web\/wp-content\/uploads\/2022\/08\/WhatsApp-Image-2022-08-23-at-8.49.04-AM-e1661278258793.jpeg","datePublished":"2022-08-23T18:11:36+00:00","breadcrumb":{"@id":"https:\/\/pagina10.com\/web\/en-el-barrio-emilio-botero-de-pasto-capturan-a-brayan-uno-de-los-mas-buscados\/#breadcrumb"},"inLanguage":"es","potentialAction":[{"@type":"ReadAction","target":["https:\/\/pagina10.com\/web\/en-el-barrio-emilio-botero-de-pasto-capturan-a-brayan-uno-de-los-mas-buscados\/"]}]},{"@type":"ImageObject","inLanguage":"es","@id":"https:\/\/pagina10.com\/web\/en-el-barrio-emilio-botero-de-pasto-capturan-a-brayan-uno-de-los-mas-buscados\/#primaryimage","url":"https:\/\/pagina10.com\/web\/wp-content\/uploads\/2022\/08\/WhatsApp-Image-2022-08-23-at-8.49.04-AM-e1661278258793.jpeg","contentUrl":"https:\/\/pagina10.com\/web\/wp-content\/uploads\/2022\/08\/WhatsApp-Image-2022-08-23-at-8.49.04-AM-e1661278258793.jpeg","width":934,"height":576},{"@type":"BreadcrumbList","@id":"https:\/\/pagina10.com\/web\/en-el-barrio-emilio-botero-de-pasto-capturan-a-brayan-uno-de-los-mas-buscados\/#breadcrumb","itemListElement":[{"@type":"ListItem","position":1,"name":"Portada","item":"https:\/\/pagina10.com\/web\/"},{"@type":"ListItem","position":2,"name":"En el barrio Emilio Botero de Pasto capturan a \u2018Brayan\u2019 uno de los m\u00e1s buscados"}]},{"@type":"WebSite","@id":"https:\/\/pagina10.com\/web\/#website","url":"https:\/\/pagina10.com\/web\/","name":"P\u00e1gina10","description":"Peri\u00f3dico Regional","publisher":{"@id":"https:\/\/pagina10.com\/web\/#organization"},"alternateName":"P\u00e1gina10 Peri\u00f3dico Regional","potentialAction":[{"@type":"SearchAction","target":{"@type":"EntryPoint","urlTemplate":"https:\/\/pagina10.com\/web\/?s={search_term_string}"},"query-input":{"@type":"PropertyValueSpecification","valueRequired":true,"valueName":"search_term_string"}}],"inLanguage":"es"},{"@type":"Organization","@id":"https:\/\/pagina10.com\/web\/#organization","name":"P\u00e1gina10","alternateName":"P\u00e1gina10 Peri\u00f3dico Regional","url":"https:\/\/pagina10.com\/web\/","logo":{"@type":"ImageObject","inLanguage":"es","@id":"https:\/\/pagina10.com\/web\/#\/schema\/logo\/image\/","url":"https:\/\/pagina10.com\/web\/wp-content\/uploads\/2024\/01\/40-pagina-10-periodico-regional-pasto.jpg","contentUrl":"https:\/\/pagina10.com\/web\/wp-content\/uploads\/2024\/01\/40-pagina-10-periodico-regional-pasto.jpg","width":1280,"height":720,"caption":"P\u00e1gina10"},"image":{"@id":"https:\/\/pagina10.com\/web\/#\/schema\/logo\/image\/"},"sameAs":["https:\/\/www.facebook.com\/pag10com","https:\/\/x.com\/Pag10com","https:\/\/www.instagram.com\/pagina10col\/","https:\/\/youtube.com\/channel\/pag10","https:\/\/www.tiktok.com\/@p10col"]},{"@type":"Person","@id":"https:\/\/pagina10.com\/web\/#\/schema\/person\/2efc4a090d25b667d3bc796798a3a81b","name":"P\u00e1gina 10","description":"P\u00e1gina 10 es un peri\u00f3dico regional que nace en Colombia, en el departamento de Nari\u00f1o, con un enfoque global, fundamentado en cuatro pilares esenciales: la libertad, el pluralismo, la inclusi\u00f3n y la independencia. P\u00e1gina 10 hace referencia a Nari\u00f1o como el d\u00e9cimo departamento creado en Colombia, despu\u00e9s de un proceso pol\u00edtico liderado por actores y actrices regionales con el fin de obtener la independencia y autonom\u00eda de nuestros territorios. Con la creaci\u00f3n de P\u00e1gina 10 se pretende abrir un escenario para el dialogo, la reflexi\u00f3n y el debate que se extienda a otras geograf\u00edas de Am\u00e9rica Latina y del planeta, en una apuesta por transformar colectivamente los desaf\u00edos de un mundo contempor\u00e1neo, m\u00e1s all\u00e1 de las fronteras impuestas.","url":"https:\/\/pagina10.com\/web\/author\/pdiezadmin\/"}]}},"_links":{"self":[{"href":"https:\/\/pagina10.com\/web\/wp-json\/wp\/v2\/posts\/61228","targetHints":{"allow":["GET"]}}],"collection":[{"href":"https:\/\/pagina10.com\/web\/wp-json\/wp\/v2\/posts"}],"about":[{"href":"https:\/\/pagina10.com\/web\/wp-json\/wp\/v2\/types\/post"}],"author":[{"embeddable":true,"href":"https:\/\/pagina10.com\/web\/wp-json\/wp\/v2\/users\/1"}],"replies":[{"embeddable":true,"href":"https:\/\/pagina10.com\/web\/wp-json\/wp\/v2\/comments?post=61228"}],"version-history":[{"count":1,"href":"https:\/\/pagina10.com\/web\/wp-json\/wp\/v2\/posts\/61228\/revisions"}],"predecessor-version":[{"id":61232,"href":"https:\/\/pagina10.com\/web\/wp-json\/wp\/v2\/posts\/61228\/revisions\/61232"}],"wp:featuredmedia":[{"embeddable":true,"href":"https:\/\/pagina10.com\/web\/wp-json\/wp\/v2\/media\/61230"}],"wp:attachment":[{"href":"https:\/\/pagina10.com\/web\/wp-json\/wp\/v2\/media?parent=61228"}],"wp:term":[{"taxonomy":"category","embeddable":true,"href":"https:\/\/pagina10.com\/web\/wp-json\/wp\/v2\/categories?post=61228"},{"taxonomy":"post_tag","embeddable":true,"href":"https:\/\/pagina10.com\/web\/wp-json\/wp\/v2\/tags?post=61228"}],"curies":[{"name":"wp","href":"https:\/\/api.w.org\/{rel}","templated":true}]}}