{"id":61240,"date":"2022-08-23T17:26:01","date_gmt":"2022-08-23T22:26:01","guid":{"rendered":"https:\/\/pagina10.com\/web\/?p=61240"},"modified":"2022-08-23T17:26:01","modified_gmt":"2022-08-23T22:26:01","slug":"tragedia-en-taminango-joven-choco-carro-recolector-de-basura-y-fallecio","status":"publish","type":"post","link":"https:\/\/pagina10.com\/web\/tragedia-en-taminango-joven-choco-carro-recolector-de-basura-y-fallecio\/","title":{"rendered":"Tragedia en Taminango, joven choc\u00f3 carro recolector de basura y falleci\u00f3"},"content":{"rendered":"<p style=\"text-align: justify;\">Como Angie Riascos fue identificada la joven que falleci\u00f3 esta ma\u00f1ana en un accidente de tr\u00e1nsito ocurrido en el municipio de Taminango, Nari\u00f1o. Seg\u00fan versiones de testigos, la v\u00edctima conduc\u00eda una motocicleta acompa\u00f1ada de otra persona cuando impact\u00f3 un carro recolector de basura.<\/p>\n<p style=\"text-align: justify;\">El siniestro se registr\u00f3 en el sector conocido como Paso Feo de la v\u00eda que conduce de Panoya a la cabecera municipal. Riascos sufri\u00f3 la peor parte de la colisi\u00f3n lo que le produjo la muerte, mientras que el estado de salud de la otra persona y su identidad a\u00fan es desconocido.<\/p>\n<p style=\"text-align: justify;\">Las autoridades adelantan la correspondiente investigaci\u00f3n para determinar las causas del accidente. Se analiza si hubo una imprudencia por parte de algunos de los conductores, lo que pudo haber provocado el choque. En este sentido, se determinar\u00e1 si el veh\u00edculo recolector estaba mal estacionado, si hubo un presunto exceso de velocidad o una falta de pericia.<\/p>\n","protected":false},"excerpt":{"rendered":"<p>Como Angie Riascos fue identificada la joven que falleci\u00f3 esta ma\u00f1ana en un accidente de tr\u00e1nsito ocurrido en el municipio de Taminango, Nari\u00f1o. Seg\u00fan versiones de testigos, la v\u00edctima conduc\u00eda una motocicleta acompa\u00f1ada de otra persona cuando impact\u00f3 un carro recolector de basura. El siniestro se registr\u00f3 en el sector conocido como Paso Feo de [&hellip;]<\/p>\n","protected":false},"author":1,"featured_media":61241,"comment_status":"open","ping_status":"open","sticky":false,"template":"","format":"standard","meta":{"footnotes":""},"categories":[61],"tags":[],"class_list":["post-61240","post","type-post","status-publish","format-standard","has-post-thumbnail","hentry","category-judicial"],"yoast_head":"<!-- This site is optimized with the Yoast SEO plugin v27.1.1 - https:\/\/yoast.com\/product\/yoast-seo-wordpress\/ -->\n<title>Tragedia en Taminango, joven choc\u00f3 carro recolector de basura y falleci\u00f3 | P\u00e1gina10<\/title>\n<meta name=\"robots\" content=\"index, follow, max-snippet:-1, max-image-preview:large, max-video-preview:-1\" \/>\n<link rel=\"canonical\" href=\"https:\/\/pagina10.com\/web\/tragedia-en-taminango-joven-choco-carro-recolector-de-basura-y-fallecio\/\" \/>\n<meta property=\"og:locale\" content=\"es_ES\" \/>\n<meta property=\"og:type\" content=\"article\" \/>\n<meta property=\"og:title\" content=\"Tragedia en Taminango, joven choc\u00f3 carro recolector de basura y falleci\u00f3 | P\u00e1gina10\" \/>\n<meta property=\"og:description\" content=\"Como Angie Riascos fue identificada la joven que falleci\u00f3 esta ma\u00f1ana en un accidente de tr\u00e1nsito ocurrido en el municipio de Taminango, Nari\u00f1o. Seg\u00fan versiones de testigos, la v\u00edctima conduc\u00eda una motocicleta acompa\u00f1ada de otra persona cuando impact\u00f3 un carro recolector de basura. El siniestro se registr\u00f3 en el sector conocido como Paso Feo de [&hellip;]\" \/>\n<meta property=\"og:url\" content=\"https:\/\/pagina10.com\/web\/tragedia-en-taminango-joven-choco-carro-recolector-de-basura-y-fallecio\/\" \/>\n<meta property=\"og:site_name\" content=\"P\u00e1gina10\" \/>\n<meta property=\"article:publisher\" content=\"https:\/\/www.facebook.com\/pag10com\" \/>\n<meta property=\"article:published_time\" content=\"2022-08-23T22:26:01+00:00\" \/>\n<meta property=\"og:image\" content=\"https:\/\/pagina10.com\/web\/wp-content\/uploads\/2022\/08\/300583411_5915682528460853_8608318859492551977_n-e1661293552888.jpg\" \/>\n\t<meta property=\"og:image:width\" content=\"630\" \/>\n\t<meta property=\"og:image:height\" content=\"479\" \/>\n\t<meta property=\"og:image:type\" content=\"image\/jpeg\" \/>\n<meta name=\"author\" content=\"P\u00e1gina 10\" \/>\n<meta name=\"twitter:card\" content=\"summary_large_image\" \/>\n<meta name=\"twitter:creator\" content=\"@Pag10com\" \/>\n<meta name=\"twitter:site\" content=\"@Pag10com\" \/>\n<meta name=\"twitter:label1\" content=\"Escrito por\" \/>\n\t<meta name=\"twitter:data1\" content=\"P\u00e1gina 10\" \/>\n\t<meta name=\"twitter:label2\" content=\"Tiempo de lectura\" \/>\n\t<meta name=\"twitter:data2\" content=\"1 minuto\" \/>\n<script type=\"application\/ld+json\" class=\"yoast-schema-graph\">{\"@context\":\"https:\/\/schema.org\",\"@graph\":[{\"@type\":\"Article\",\"@id\":\"https:\/\/pagina10.com\/web\/tragedia-en-taminango-joven-choco-carro-recolector-de-basura-y-fallecio\/#article\",\"isPartOf\":{\"@id\":\"https:\/\/pagina10.com\/web\/tragedia-en-taminango-joven-choco-carro-recolector-de-basura-y-fallecio\/\"},\"author\":{\"name\":\"P\u00e1gina 10\",\"@id\":\"https:\/\/pagina10.com\/web\/#\/schema\/person\/2efc4a090d25b667d3bc796798a3a81b\"},\"headline\":\"Tragedia en Taminango, joven choc\u00f3 carro recolector de basura y falleci\u00f3\",\"datePublished\":\"2022-08-23T22:26:01+00:00\",\"mainEntityOfPage\":{\"@id\":\"https:\/\/pagina10.com\/web\/tragedia-en-taminango-joven-choco-carro-recolector-de-basura-y-fallecio\/\"},\"wordCount\":174,\"commentCount\":0,\"publisher\":{\"@id\":\"https:\/\/pagina10.com\/web\/#organization\"},\"image\":{\"@id\":\"https:\/\/pagina10.com\/web\/tragedia-en-taminango-joven-choco-carro-recolector-de-basura-y-fallecio\/#primaryimage\"},\"thumbnailUrl\":\"https:\/\/pagina10.com\/web\/wp-content\/uploads\/2022\/08\/300583411_5915682528460853_8608318859492551977_n-e1661293552888.jpg\",\"articleSection\":[\"Judicial\"],\"inLanguage\":\"es\",\"potentialAction\":[{\"@type\":\"CommentAction\",\"name\":\"Comment\",\"target\":[\"https:\/\/pagina10.com\/web\/tragedia-en-taminango-joven-choco-carro-recolector-de-basura-y-fallecio\/#respond\"]}]},{\"@type\":\"WebPage\",\"@id\":\"https:\/\/pagina10.com\/web\/tragedia-en-taminango-joven-choco-carro-recolector-de-basura-y-fallecio\/\",\"url\":\"https:\/\/pagina10.com\/web\/tragedia-en-taminango-joven-choco-carro-recolector-de-basura-y-fallecio\/\",\"name\":\"Tragedia en Taminango, joven choc\u00f3 carro recolector de basura y falleci\u00f3 | P\u00e1gina10\",\"isPartOf\":{\"@id\":\"https:\/\/pagina10.com\/web\/#website\"},\"primaryImageOfPage\":{\"@id\":\"https:\/\/pagina10.com\/web\/tragedia-en-taminango-joven-choco-carro-recolector-de-basura-y-fallecio\/#primaryimage\"},\"image\":{\"@id\":\"https:\/\/pagina10.com\/web\/tragedia-en-taminango-joven-choco-carro-recolector-de-basura-y-fallecio\/#primaryimage\"},\"thumbnailUrl\":\"https:\/\/pagina10.com\/web\/wp-content\/uploads\/2022\/08\/300583411_5915682528460853_8608318859492551977_n-e1661293552888.jpg\",\"datePublished\":\"2022-08-23T22:26:01+00:00\",\"breadcrumb\":{\"@id\":\"https:\/\/pagina10.com\/web\/tragedia-en-taminango-joven-choco-carro-recolector-de-basura-y-fallecio\/#breadcrumb\"},\"inLanguage\":\"es\",\"potentialAction\":[{\"@type\":\"ReadAction\",\"target\":[\"https:\/\/pagina10.com\/web\/tragedia-en-taminango-joven-choco-carro-recolector-de-basura-y-fallecio\/\"]}]},{\"@type\":\"ImageObject\",\"inLanguage\":\"es\",\"@id\":\"https:\/\/pagina10.com\/web\/tragedia-en-taminango-joven-choco-carro-recolector-de-basura-y-fallecio\/#primaryimage\",\"url\":\"https:\/\/pagina10.com\/web\/wp-content\/uploads\/2022\/08\/300583411_5915682528460853_8608318859492551977_n-e1661293552888.jpg\",\"contentUrl\":\"https:\/\/pagina10.com\/web\/wp-content\/uploads\/2022\/08\/300583411_5915682528460853_8608318859492551977_n-e1661293552888.jpg\",\"width\":630,\"height\":479},{\"@type\":\"BreadcrumbList\",\"@id\":\"https:\/\/pagina10.com\/web\/tragedia-en-taminango-joven-choco-carro-recolector-de-basura-y-fallecio\/#breadcrumb\",\"itemListElement\":[{\"@type\":\"ListItem\",\"position\":1,\"name\":\"Portada\",\"item\":\"https:\/\/pagina10.com\/web\/\"},{\"@type\":\"ListItem\",\"position\":2,\"name\":\"Tragedia en Taminango, joven choc\u00f3 carro recolector de basura y falleci\u00f3\"}]},{\"@type\":\"WebSite\",\"@id\":\"https:\/\/pagina10.com\/web\/#website\",\"url\":\"https:\/\/pagina10.com\/web\/\",\"name\":\"P\u00e1gina10\",\"description\":\"Peri\u00f3dico Regional\",\"publisher\":{\"@id\":\"https:\/\/pagina10.com\/web\/#organization\"},\"alternateName\":\"P\u00e1gina10 Peri\u00f3dico Regional\",\"potentialAction\":[{\"@type\":\"SearchAction\",\"target\":{\"@type\":\"EntryPoint\",\"urlTemplate\":\"https:\/\/pagina10.com\/web\/?s={search_term_string}\"},\"query-input\":{\"@type\":\"PropertyValueSpecification\",\"valueRequired\":true,\"valueName\":\"search_term_string\"}}],\"inLanguage\":\"es\"},{\"@type\":\"Organization\",\"@id\":\"https:\/\/pagina10.com\/web\/#organization\",\"name\":\"P\u00e1gina10\",\"alternateName\":\"P\u00e1gina10 Peri\u00f3dico Regional\",\"url\":\"https:\/\/pagina10.com\/web\/\",\"logo\":{\"@type\":\"ImageObject\",\"inLanguage\":\"es\",\"@id\":\"https:\/\/pagina10.com\/web\/#\/schema\/logo\/image\/\",\"url\":\"https:\/\/pagina10.com\/web\/wp-content\/uploads\/2024\/01\/40-pagina-10-periodico-regional-pasto.jpg\",\"contentUrl\":\"https:\/\/pagina10.com\/web\/wp-content\/uploads\/2024\/01\/40-pagina-10-periodico-regional-pasto.jpg\",\"width\":1280,\"height\":720,\"caption\":\"P\u00e1gina10\"},\"image\":{\"@id\":\"https:\/\/pagina10.com\/web\/#\/schema\/logo\/image\/\"},\"sameAs\":[\"https:\/\/www.facebook.com\/pag10com\",\"https:\/\/x.com\/Pag10com\",\"https:\/\/www.instagram.com\/pagina10col\/\",\"https:\/\/youtube.com\/channel\/pag10\",\"https:\/\/www.tiktok.com\/@p10col\"]},{\"@type\":\"Person\",\"@id\":\"https:\/\/pagina10.com\/web\/#\/schema\/person\/2efc4a090d25b667d3bc796798a3a81b\",\"name\":\"P\u00e1gina 10\",\"description\":\"P\u00e1gina 10 es un peri\u00f3dico regional que nace en Colombia, en el departamento de Nari\u00f1o, con un enfoque global, fundamentado en cuatro pilares esenciales: la libertad, el pluralismo, la inclusi\u00f3n y la independencia. P\u00e1gina 10 hace referencia a Nari\u00f1o como el d\u00e9cimo departamento creado en Colombia, despu\u00e9s de un proceso pol\u00edtico liderado por actores y actrices regionales con el fin de obtener la independencia y autonom\u00eda de nuestros territorios. Con la creaci\u00f3n de P\u00e1gina 10 se pretende abrir un escenario para el dialogo, la reflexi\u00f3n y el debate que se extienda a otras geograf\u00edas de Am\u00e9rica Latina y del planeta, en una apuesta por transformar colectivamente los desaf\u00edos de un mundo contempor\u00e1neo, m\u00e1s all\u00e1 de las fronteras impuestas.\",\"url\":\"https:\/\/pagina10.com\/web\/author\/pdiezadmin\/\"}]}<\/script>\n<!-- \/ Yoast SEO plugin. -->","yoast_head_json":{"title":"Tragedia en Taminango, joven choc\u00f3 carro recolector de basura y falleci\u00f3 | P\u00e1gina10","robots":{"index":"index","follow":"follow","max-snippet":"max-snippet:-1","max-image-preview":"max-image-preview:large","max-video-preview":"max-video-preview:-1"},"canonical":"https:\/\/pagina10.com\/web\/tragedia-en-taminango-joven-choco-carro-recolector-de-basura-y-fallecio\/","og_locale":"es_ES","og_type":"article","og_title":"Tragedia en Taminango, joven choc\u00f3 carro recolector de basura y falleci\u00f3 | P\u00e1gina10","og_description":"Como Angie Riascos fue identificada la joven que falleci\u00f3 esta ma\u00f1ana en un accidente de tr\u00e1nsito ocurrido en el municipio de Taminango, Nari\u00f1o. Seg\u00fan versiones de testigos, la v\u00edctima conduc\u00eda una motocicleta acompa\u00f1ada de otra persona cuando impact\u00f3 un carro recolector de basura. El siniestro se registr\u00f3 en el sector conocido como Paso Feo de [&hellip;]","og_url":"https:\/\/pagina10.com\/web\/tragedia-en-taminango-joven-choco-carro-recolector-de-basura-y-fallecio\/","og_site_name":"P\u00e1gina10","article_publisher":"https:\/\/www.facebook.com\/pag10com","article_published_time":"2022-08-23T22:26:01+00:00","og_image":[{"width":630,"height":479,"url":"https:\/\/pagina10.com\/web\/wp-content\/uploads\/2022\/08\/300583411_5915682528460853_8608318859492551977_n-e1661293552888.jpg","type":"image\/jpeg"}],"author":"P\u00e1gina 10","twitter_card":"summary_large_image","twitter_creator":"@Pag10com","twitter_site":"@Pag10com","twitter_misc":{"Escrito por":"P\u00e1gina 10","Tiempo de lectura":"1 minuto"},"schema":{"@context":"https:\/\/schema.org","@graph":[{"@type":"Article","@id":"https:\/\/pagina10.com\/web\/tragedia-en-taminango-joven-choco-carro-recolector-de-basura-y-fallecio\/#article","isPartOf":{"@id":"https:\/\/pagina10.com\/web\/tragedia-en-taminango-joven-choco-carro-recolector-de-basura-y-fallecio\/"},"author":{"name":"P\u00e1gina 10","@id":"https:\/\/pagina10.com\/web\/#\/schema\/person\/2efc4a090d25b667d3bc796798a3a81b"},"headline":"Tragedia en Taminango, joven choc\u00f3 carro recolector de basura y falleci\u00f3","datePublished":"2022-08-23T22:26:01+00:00","mainEntityOfPage":{"@id":"https:\/\/pagina10.com\/web\/tragedia-en-taminango-joven-choco-carro-recolector-de-basura-y-fallecio\/"},"wordCount":174,"commentCount":0,"publisher":{"@id":"https:\/\/pagina10.com\/web\/#organization"},"image":{"@id":"https:\/\/pagina10.com\/web\/tragedia-en-taminango-joven-choco-carro-recolector-de-basura-y-fallecio\/#primaryimage"},"thumbnailUrl":"https:\/\/pagina10.com\/web\/wp-content\/uploads\/2022\/08\/300583411_5915682528460853_8608318859492551977_n-e1661293552888.jpg","articleSection":["Judicial"],"inLanguage":"es","potentialAction":[{"@type":"CommentAction","name":"Comment","target":["https:\/\/pagina10.com\/web\/tragedia-en-taminango-joven-choco-carro-recolector-de-basura-y-fallecio\/#respond"]}]},{"@type":"WebPage","@id":"https:\/\/pagina10.com\/web\/tragedia-en-taminango-joven-choco-carro-recolector-de-basura-y-fallecio\/","url":"https:\/\/pagina10.com\/web\/tragedia-en-taminango-joven-choco-carro-recolector-de-basura-y-fallecio\/","name":"Tragedia en Taminango, joven choc\u00f3 carro recolector de basura y falleci\u00f3 | P\u00e1gina10","isPartOf":{"@id":"https:\/\/pagina10.com\/web\/#website"},"primaryImageOfPage":{"@id":"https:\/\/pagina10.com\/web\/tragedia-en-taminango-joven-choco-carro-recolector-de-basura-y-fallecio\/#primaryimage"},"image":{"@id":"https:\/\/pagina10.com\/web\/tragedia-en-taminango-joven-choco-carro-recolector-de-basura-y-fallecio\/#primaryimage"},"thumbnailUrl":"https:\/\/pagina10.com\/web\/wp-content\/uploads\/2022\/08\/300583411_5915682528460853_8608318859492551977_n-e1661293552888.jpg","datePublished":"2022-08-23T22:26:01+00:00","breadcrumb":{"@id":"https:\/\/pagina10.com\/web\/tragedia-en-taminango-joven-choco-carro-recolector-de-basura-y-fallecio\/#breadcrumb"},"inLanguage":"es","potentialAction":[{"@type":"ReadAction","target":["https:\/\/pagina10.com\/web\/tragedia-en-taminango-joven-choco-carro-recolector-de-basura-y-fallecio\/"]}]},{"@type":"ImageObject","inLanguage":"es","@id":"https:\/\/pagina10.com\/web\/tragedia-en-taminango-joven-choco-carro-recolector-de-basura-y-fallecio\/#primaryimage","url":"https:\/\/pagina10.com\/web\/wp-content\/uploads\/2022\/08\/300583411_5915682528460853_8608318859492551977_n-e1661293552888.jpg","contentUrl":"https:\/\/pagina10.com\/web\/wp-content\/uploads\/2022\/08\/300583411_5915682528460853_8608318859492551977_n-e1661293552888.jpg","width":630,"height":479},{"@type":"BreadcrumbList","@id":"https:\/\/pagina10.com\/web\/tragedia-en-taminango-joven-choco-carro-recolector-de-basura-y-fallecio\/#breadcrumb","itemListElement":[{"@type":"ListItem","position":1,"name":"Portada","item":"https:\/\/pagina10.com\/web\/"},{"@type":"ListItem","position":2,"name":"Tragedia en Taminango, joven choc\u00f3 carro recolector de basura y falleci\u00f3"}]},{"@type":"WebSite","@id":"https:\/\/pagina10.com\/web\/#website","url":"https:\/\/pagina10.com\/web\/","name":"P\u00e1gina10","description":"Peri\u00f3dico Regional","publisher":{"@id":"https:\/\/pagina10.com\/web\/#organization"},"alternateName":"P\u00e1gina10 Peri\u00f3dico Regional","potentialAction":[{"@type":"SearchAction","target":{"@type":"EntryPoint","urlTemplate":"https:\/\/pagina10.com\/web\/?s={search_term_string}"},"query-input":{"@type":"PropertyValueSpecification","valueRequired":true,"valueName":"search_term_string"}}],"inLanguage":"es"},{"@type":"Organization","@id":"https:\/\/pagina10.com\/web\/#organization","name":"P\u00e1gina10","alternateName":"P\u00e1gina10 Peri\u00f3dico Regional","url":"https:\/\/pagina10.com\/web\/","logo":{"@type":"ImageObject","inLanguage":"es","@id":"https:\/\/pagina10.com\/web\/#\/schema\/logo\/image\/","url":"https:\/\/pagina10.com\/web\/wp-content\/uploads\/2024\/01\/40-pagina-10-periodico-regional-pasto.jpg","contentUrl":"https:\/\/pagina10.com\/web\/wp-content\/uploads\/2024\/01\/40-pagina-10-periodico-regional-pasto.jpg","width":1280,"height":720,"caption":"P\u00e1gina10"},"image":{"@id":"https:\/\/pagina10.com\/web\/#\/schema\/logo\/image\/"},"sameAs":["https:\/\/www.facebook.com\/pag10com","https:\/\/x.com\/Pag10com","https:\/\/www.instagram.com\/pagina10col\/","https:\/\/youtube.com\/channel\/pag10","https:\/\/www.tiktok.com\/@p10col"]},{"@type":"Person","@id":"https:\/\/pagina10.com\/web\/#\/schema\/person\/2efc4a090d25b667d3bc796798a3a81b","name":"P\u00e1gina 10","description":"P\u00e1gina 10 es un peri\u00f3dico regional que nace en Colombia, en el departamento de Nari\u00f1o, con un enfoque global, fundamentado en cuatro pilares esenciales: la libertad, el pluralismo, la inclusi\u00f3n y la independencia. P\u00e1gina 10 hace referencia a Nari\u00f1o como el d\u00e9cimo departamento creado en Colombia, despu\u00e9s de un proceso pol\u00edtico liderado por actores y actrices regionales con el fin de obtener la independencia y autonom\u00eda de nuestros territorios. Con la creaci\u00f3n de P\u00e1gina 10 se pretende abrir un escenario para el dialogo, la reflexi\u00f3n y el debate que se extienda a otras geograf\u00edas de Am\u00e9rica Latina y del planeta, en una apuesta por transformar colectivamente los desaf\u00edos de un mundo contempor\u00e1neo, m\u00e1s all\u00e1 de las fronteras impuestas.","url":"https:\/\/pagina10.com\/web\/author\/pdiezadmin\/"}]}},"_links":{"self":[{"href":"https:\/\/pagina10.com\/web\/wp-json\/wp\/v2\/posts\/61240","targetHints":{"allow":["GET"]}}],"collection":[{"href":"https:\/\/pagina10.com\/web\/wp-json\/wp\/v2\/posts"}],"about":[{"href":"https:\/\/pagina10.com\/web\/wp-json\/wp\/v2\/types\/post"}],"author":[{"embeddable":true,"href":"https:\/\/pagina10.com\/web\/wp-json\/wp\/v2\/users\/1"}],"replies":[{"embeddable":true,"href":"https:\/\/pagina10.com\/web\/wp-json\/wp\/v2\/comments?post=61240"}],"version-history":[{"count":1,"href":"https:\/\/pagina10.com\/web\/wp-json\/wp\/v2\/posts\/61240\/revisions"}],"predecessor-version":[{"id":61242,"href":"https:\/\/pagina10.com\/web\/wp-json\/wp\/v2\/posts\/61240\/revisions\/61242"}],"wp:featuredmedia":[{"embeddable":true,"href":"https:\/\/pagina10.com\/web\/wp-json\/wp\/v2\/media\/61241"}],"wp:attachment":[{"href":"https:\/\/pagina10.com\/web\/wp-json\/wp\/v2\/media?parent=61240"}],"wp:term":[{"taxonomy":"category","embeddable":true,"href":"https:\/\/pagina10.com\/web\/wp-json\/wp\/v2\/categories?post=61240"},{"taxonomy":"post_tag","embeddable":true,"href":"https:\/\/pagina10.com\/web\/wp-json\/wp\/v2\/tags?post=61240"}],"curies":[{"name":"wp","href":"https:\/\/api.w.org\/{rel}","templated":true}]}}