{"id":61259,"date":"2022-08-24T22:40:53","date_gmt":"2022-08-25T03:40:53","guid":{"rendered":"https:\/\/pagina10.com\/web\/?p=61259"},"modified":"2022-08-24T22:40:53","modified_gmt":"2022-08-25T03:40:53","slug":"en-pasto-la-jep-escuchara-a-cabecilla-de-la-columna-movil-mariscal-sucre-de-las-extintas-farc","status":"publish","type":"post","link":"https:\/\/pagina10.com\/web\/en-pasto-la-jep-escuchara-a-cabecilla-de-la-columna-movil-mariscal-sucre-de-las-extintas-farc\/","title":{"rendered":"En Pasto la JEP escuchar\u00e1 a cabecilla de la Columna M\u00f3vil Mariscal Sucre de las extintas Farc"},"content":{"rendered":"<p style=\"text-align: justify;\">Este 25 y 26 de agosto, la Sala de Reconocimiento de Verdad, de Responsabilidad y de Determinaci\u00f3n de los Hechos y Conductas de la JEP realizar\u00e1 en Pasto una nueva diligencia de construcci\u00f3n dial\u00f3gica de la verdad con comparecientes de la Columna M\u00f3vil Mariscal Sucre, entre ellos el excomandante \u00c9dgar L\u00f3pez G\u00f3mez &#8216;Pacho Chino&#8217; y v\u00edctimas acreditadas en el Caso 02, que investiga y prioriza la situaci\u00f3n territorial de Ricaurte, Tumaco y Barbacoas, en Nari\u00f1o.<\/p>\n<p style=\"text-align: justify;\">El macrocaso 02, a trav\u00e9s de una estrategia progresiva de diligencias de construcci\u00f3n dial\u00f3gica de la verdad, ha convocado a tres unidades de las extintas Farc-EP (las columnas m\u00f3viles Mariscal Sucre y Daniel Aldana, y el Frente 29), a realizar de forma colectiva el esclarecimiento de las demandas de verdad, en particular, sobre la ubicaci\u00f3n de fosas comunes y minas antipersonal, personas desaparecidas, violencia sexual, asesinatos y masacres.<\/p>\n<p style=\"text-align: justify;\">Cabe mencionar que en mayo la JEP recibi\u00f3 el esclarecimiento a las demandas de verdad de las v\u00edctimas por parte de los excomandantes de la Columna M\u00f3vil Daniel Aldana: Luis Eduardo Carvajal, &#8216;Rambo&#8217; o &#8216;Gustavo&#8217;; Jos\u00e9 Geidin Castro Chillambo, &#8216;El Doctor&#8217;; y el compareciente Diego Alberto Gonz\u00e1lez Castillo &#8216;El Pollo&#8217;.<\/p>\n<p style=\"text-align: justify;\">El primero fue extraditado a Estados Unidos y los otros comparecientes est\u00e1n privados de la libertad en el establecimiento penitenciario y carcelario &#8216;La Picota&#8217;. En esta diligencia participaron victimas acreditadas en el Caso 02, desde Tumaco, Pasto y Cali.<\/p>\n","protected":false},"excerpt":{"rendered":"<p>Este 25 y 26 de agosto, la Sala de Reconocimiento de Verdad, de Responsabilidad y de Determinaci\u00f3n de los Hechos y Conductas de la JEP realizar\u00e1 en Pasto una nueva diligencia de construcci\u00f3n dial\u00f3gica de la verdad con comparecientes de la Columna M\u00f3vil Mariscal Sucre, entre ellos el excomandante \u00c9dgar L\u00f3pez G\u00f3mez &#8216;Pacho Chino&#8217; y [&hellip;]<\/p>\n","protected":false},"author":1,"featured_media":61260,"comment_status":"open","ping_status":"open","sticky":false,"template":"","format":"standard","meta":{"footnotes":""},"categories":[61],"tags":[],"class_list":["post-61259","post","type-post","status-publish","format-standard","has-post-thumbnail","hentry","category-judicial"],"yoast_head":"<!-- This site is optimized with the Yoast SEO plugin v27.1.1 - https:\/\/yoast.com\/product\/yoast-seo-wordpress\/ -->\n<title>En Pasto la JEP escuchar\u00e1 a cabecilla de la Columna M\u00f3vil Mariscal Sucre de las extintas Farc | P\u00e1gina10<\/title>\n<meta name=\"robots\" content=\"index, follow, max-snippet:-1, max-image-preview:large, max-video-preview:-1\" \/>\n<link rel=\"canonical\" href=\"https:\/\/pagina10.com\/web\/en-pasto-la-jep-escuchara-a-cabecilla-de-la-columna-movil-mariscal-sucre-de-las-extintas-farc\/\" \/>\n<meta property=\"og:locale\" content=\"es_ES\" \/>\n<meta property=\"og:type\" content=\"article\" \/>\n<meta property=\"og:title\" content=\"En Pasto la JEP escuchar\u00e1 a cabecilla de la Columna M\u00f3vil Mariscal Sucre de las extintas Farc | P\u00e1gina10\" \/>\n<meta property=\"og:description\" content=\"Este 25 y 26 de agosto, la Sala de Reconocimiento de Verdad, de Responsabilidad y de Determinaci\u00f3n de los Hechos y Conductas de la JEP realizar\u00e1 en Pasto una nueva diligencia de construcci\u00f3n dial\u00f3gica de la verdad con comparecientes de la Columna M\u00f3vil Mariscal Sucre, entre ellos el excomandante \u00c9dgar L\u00f3pez G\u00f3mez &#8216;Pacho Chino&#8217; y [&hellip;]\" \/>\n<meta property=\"og:url\" content=\"https:\/\/pagina10.com\/web\/en-pasto-la-jep-escuchara-a-cabecilla-de-la-columna-movil-mariscal-sucre-de-las-extintas-farc\/\" \/>\n<meta property=\"og:site_name\" content=\"P\u00e1gina10\" \/>\n<meta property=\"article:publisher\" content=\"https:\/\/www.facebook.com\/pag10com\" \/>\n<meta property=\"article:published_time\" content=\"2022-08-25T03:40:53+00:00\" \/>\n<meta property=\"og:image\" content=\"https:\/\/pagina10.com\/web\/wp-content\/uploads\/2022\/08\/jep-720.png\" \/>\n\t<meta property=\"og:image:width\" content=\"1080\" \/>\n\t<meta property=\"og:image:height\" content=\"720\" \/>\n\t<meta property=\"og:image:type\" content=\"image\/png\" \/>\n<meta name=\"author\" content=\"P\u00e1gina 10\" \/>\n<meta name=\"twitter:card\" content=\"summary_large_image\" \/>\n<meta name=\"twitter:creator\" content=\"@Pag10com\" \/>\n<meta name=\"twitter:site\" content=\"@Pag10com\" \/>\n<meta name=\"twitter:label1\" content=\"Escrito por\" \/>\n\t<meta name=\"twitter:data1\" content=\"P\u00e1gina 10\" \/>\n\t<meta name=\"twitter:label2\" content=\"Tiempo de lectura\" \/>\n\t<meta name=\"twitter:data2\" content=\"1 minuto\" \/>\n<script type=\"application\/ld+json\" class=\"yoast-schema-graph\">{\"@context\":\"https:\/\/schema.org\",\"@graph\":[{\"@type\":\"Article\",\"@id\":\"https:\/\/pagina10.com\/web\/en-pasto-la-jep-escuchara-a-cabecilla-de-la-columna-movil-mariscal-sucre-de-las-extintas-farc\/#article\",\"isPartOf\":{\"@id\":\"https:\/\/pagina10.com\/web\/en-pasto-la-jep-escuchara-a-cabecilla-de-la-columna-movil-mariscal-sucre-de-las-extintas-farc\/\"},\"author\":{\"name\":\"P\u00e1gina 10\",\"@id\":\"https:\/\/pagina10.com\/web\/#\/schema\/person\/2efc4a090d25b667d3bc796798a3a81b\"},\"headline\":\"En Pasto la JEP escuchar\u00e1 a cabecilla de la Columna M\u00f3vil Mariscal Sucre de las extintas Farc\",\"datePublished\":\"2022-08-25T03:40:53+00:00\",\"mainEntityOfPage\":{\"@id\":\"https:\/\/pagina10.com\/web\/en-pasto-la-jep-escuchara-a-cabecilla-de-la-columna-movil-mariscal-sucre-de-las-extintas-farc\/\"},\"wordCount\":262,\"commentCount\":0,\"publisher\":{\"@id\":\"https:\/\/pagina10.com\/web\/#organization\"},\"image\":{\"@id\":\"https:\/\/pagina10.com\/web\/en-pasto-la-jep-escuchara-a-cabecilla-de-la-columna-movil-mariscal-sucre-de-las-extintas-farc\/#primaryimage\"},\"thumbnailUrl\":\"https:\/\/pagina10.com\/web\/wp-content\/uploads\/2022\/08\/jep-720.png\",\"articleSection\":[\"Judicial\"],\"inLanguage\":\"es\",\"potentialAction\":[{\"@type\":\"CommentAction\",\"name\":\"Comment\",\"target\":[\"https:\/\/pagina10.com\/web\/en-pasto-la-jep-escuchara-a-cabecilla-de-la-columna-movil-mariscal-sucre-de-las-extintas-farc\/#respond\"]}]},{\"@type\":\"WebPage\",\"@id\":\"https:\/\/pagina10.com\/web\/en-pasto-la-jep-escuchara-a-cabecilla-de-la-columna-movil-mariscal-sucre-de-las-extintas-farc\/\",\"url\":\"https:\/\/pagina10.com\/web\/en-pasto-la-jep-escuchara-a-cabecilla-de-la-columna-movil-mariscal-sucre-de-las-extintas-farc\/\",\"name\":\"En Pasto la JEP escuchar\u00e1 a cabecilla de la Columna M\u00f3vil Mariscal Sucre de las extintas Farc | P\u00e1gina10\",\"isPartOf\":{\"@id\":\"https:\/\/pagina10.com\/web\/#website\"},\"primaryImageOfPage\":{\"@id\":\"https:\/\/pagina10.com\/web\/en-pasto-la-jep-escuchara-a-cabecilla-de-la-columna-movil-mariscal-sucre-de-las-extintas-farc\/#primaryimage\"},\"image\":{\"@id\":\"https:\/\/pagina10.com\/web\/en-pasto-la-jep-escuchara-a-cabecilla-de-la-columna-movil-mariscal-sucre-de-las-extintas-farc\/#primaryimage\"},\"thumbnailUrl\":\"https:\/\/pagina10.com\/web\/wp-content\/uploads\/2022\/08\/jep-720.png\",\"datePublished\":\"2022-08-25T03:40:53+00:00\",\"breadcrumb\":{\"@id\":\"https:\/\/pagina10.com\/web\/en-pasto-la-jep-escuchara-a-cabecilla-de-la-columna-movil-mariscal-sucre-de-las-extintas-farc\/#breadcrumb\"},\"inLanguage\":\"es\",\"potentialAction\":[{\"@type\":\"ReadAction\",\"target\":[\"https:\/\/pagina10.com\/web\/en-pasto-la-jep-escuchara-a-cabecilla-de-la-columna-movil-mariscal-sucre-de-las-extintas-farc\/\"]}]},{\"@type\":\"ImageObject\",\"inLanguage\":\"es\",\"@id\":\"https:\/\/pagina10.com\/web\/en-pasto-la-jep-escuchara-a-cabecilla-de-la-columna-movil-mariscal-sucre-de-las-extintas-farc\/#primaryimage\",\"url\":\"https:\/\/pagina10.com\/web\/wp-content\/uploads\/2022\/08\/jep-720.png\",\"contentUrl\":\"https:\/\/pagina10.com\/web\/wp-content\/uploads\/2022\/08\/jep-720.png\",\"width\":1080,\"height\":720},{\"@type\":\"BreadcrumbList\",\"@id\":\"https:\/\/pagina10.com\/web\/en-pasto-la-jep-escuchara-a-cabecilla-de-la-columna-movil-mariscal-sucre-de-las-extintas-farc\/#breadcrumb\",\"itemListElement\":[{\"@type\":\"ListItem\",\"position\":1,\"name\":\"Portada\",\"item\":\"https:\/\/pagina10.com\/web\/\"},{\"@type\":\"ListItem\",\"position\":2,\"name\":\"En Pasto la JEP escuchar\u00e1 a cabecilla de la Columna M\u00f3vil Mariscal Sucre de las extintas Farc\"}]},{\"@type\":\"WebSite\",\"@id\":\"https:\/\/pagina10.com\/web\/#website\",\"url\":\"https:\/\/pagina10.com\/web\/\",\"name\":\"P\u00e1gina10\",\"description\":\"Peri\u00f3dico Regional\",\"publisher\":{\"@id\":\"https:\/\/pagina10.com\/web\/#organization\"},\"alternateName\":\"P\u00e1gina10 Peri\u00f3dico Regional\",\"potentialAction\":[{\"@type\":\"SearchAction\",\"target\":{\"@type\":\"EntryPoint\",\"urlTemplate\":\"https:\/\/pagina10.com\/web\/?s={search_term_string}\"},\"query-input\":{\"@type\":\"PropertyValueSpecification\",\"valueRequired\":true,\"valueName\":\"search_term_string\"}}],\"inLanguage\":\"es\"},{\"@type\":\"Organization\",\"@id\":\"https:\/\/pagina10.com\/web\/#organization\",\"name\":\"P\u00e1gina10\",\"alternateName\":\"P\u00e1gina10 Peri\u00f3dico Regional\",\"url\":\"https:\/\/pagina10.com\/web\/\",\"logo\":{\"@type\":\"ImageObject\",\"inLanguage\":\"es\",\"@id\":\"https:\/\/pagina10.com\/web\/#\/schema\/logo\/image\/\",\"url\":\"https:\/\/pagina10.com\/web\/wp-content\/uploads\/2024\/01\/40-pagina-10-periodico-regional-pasto.jpg\",\"contentUrl\":\"https:\/\/pagina10.com\/web\/wp-content\/uploads\/2024\/01\/40-pagina-10-periodico-regional-pasto.jpg\",\"width\":1280,\"height\":720,\"caption\":\"P\u00e1gina10\"},\"image\":{\"@id\":\"https:\/\/pagina10.com\/web\/#\/schema\/logo\/image\/\"},\"sameAs\":[\"https:\/\/www.facebook.com\/pag10com\",\"https:\/\/x.com\/Pag10com\",\"https:\/\/www.instagram.com\/pagina10col\/\",\"https:\/\/youtube.com\/channel\/pag10\",\"https:\/\/www.tiktok.com\/@p10col\"]},{\"@type\":\"Person\",\"@id\":\"https:\/\/pagina10.com\/web\/#\/schema\/person\/2efc4a090d25b667d3bc796798a3a81b\",\"name\":\"P\u00e1gina 10\",\"description\":\"P\u00e1gina 10 es un peri\u00f3dico regional que nace en Colombia, en el departamento de Nari\u00f1o, con un enfoque global, fundamentado en cuatro pilares esenciales: la libertad, el pluralismo, la inclusi\u00f3n y la independencia. P\u00e1gina 10 hace referencia a Nari\u00f1o como el d\u00e9cimo departamento creado en Colombia, despu\u00e9s de un proceso pol\u00edtico liderado por actores y actrices regionales con el fin de obtener la independencia y autonom\u00eda de nuestros territorios. Con la creaci\u00f3n de P\u00e1gina 10 se pretende abrir un escenario para el dialogo, la reflexi\u00f3n y el debate que se extienda a otras geograf\u00edas de Am\u00e9rica Latina y del planeta, en una apuesta por transformar colectivamente los desaf\u00edos de un mundo contempor\u00e1neo, m\u00e1s all\u00e1 de las fronteras impuestas.\",\"url\":\"https:\/\/pagina10.com\/web\/author\/pdiezadmin\/\"}]}<\/script>\n<!-- \/ Yoast SEO plugin. -->","yoast_head_json":{"title":"En Pasto la JEP escuchar\u00e1 a cabecilla de la Columna M\u00f3vil Mariscal Sucre de las extintas Farc | P\u00e1gina10","robots":{"index":"index","follow":"follow","max-snippet":"max-snippet:-1","max-image-preview":"max-image-preview:large","max-video-preview":"max-video-preview:-1"},"canonical":"https:\/\/pagina10.com\/web\/en-pasto-la-jep-escuchara-a-cabecilla-de-la-columna-movil-mariscal-sucre-de-las-extintas-farc\/","og_locale":"es_ES","og_type":"article","og_title":"En Pasto la JEP escuchar\u00e1 a cabecilla de la Columna M\u00f3vil Mariscal Sucre de las extintas Farc | P\u00e1gina10","og_description":"Este 25 y 26 de agosto, la Sala de Reconocimiento de Verdad, de Responsabilidad y de Determinaci\u00f3n de los Hechos y Conductas de la JEP realizar\u00e1 en Pasto una nueva diligencia de construcci\u00f3n dial\u00f3gica de la verdad con comparecientes de la Columna M\u00f3vil Mariscal Sucre, entre ellos el excomandante \u00c9dgar L\u00f3pez G\u00f3mez &#8216;Pacho Chino&#8217; y [&hellip;]","og_url":"https:\/\/pagina10.com\/web\/en-pasto-la-jep-escuchara-a-cabecilla-de-la-columna-movil-mariscal-sucre-de-las-extintas-farc\/","og_site_name":"P\u00e1gina10","article_publisher":"https:\/\/www.facebook.com\/pag10com","article_published_time":"2022-08-25T03:40:53+00:00","og_image":[{"width":1080,"height":720,"url":"https:\/\/pagina10.com\/web\/wp-content\/uploads\/2022\/08\/jep-720.png","type":"image\/png"}],"author":"P\u00e1gina 10","twitter_card":"summary_large_image","twitter_creator":"@Pag10com","twitter_site":"@Pag10com","twitter_misc":{"Escrito por":"P\u00e1gina 10","Tiempo de lectura":"1 minuto"},"schema":{"@context":"https:\/\/schema.org","@graph":[{"@type":"Article","@id":"https:\/\/pagina10.com\/web\/en-pasto-la-jep-escuchara-a-cabecilla-de-la-columna-movil-mariscal-sucre-de-las-extintas-farc\/#article","isPartOf":{"@id":"https:\/\/pagina10.com\/web\/en-pasto-la-jep-escuchara-a-cabecilla-de-la-columna-movil-mariscal-sucre-de-las-extintas-farc\/"},"author":{"name":"P\u00e1gina 10","@id":"https:\/\/pagina10.com\/web\/#\/schema\/person\/2efc4a090d25b667d3bc796798a3a81b"},"headline":"En Pasto la JEP escuchar\u00e1 a cabecilla de la Columna M\u00f3vil Mariscal Sucre de las extintas Farc","datePublished":"2022-08-25T03:40:53+00:00","mainEntityOfPage":{"@id":"https:\/\/pagina10.com\/web\/en-pasto-la-jep-escuchara-a-cabecilla-de-la-columna-movil-mariscal-sucre-de-las-extintas-farc\/"},"wordCount":262,"commentCount":0,"publisher":{"@id":"https:\/\/pagina10.com\/web\/#organization"},"image":{"@id":"https:\/\/pagina10.com\/web\/en-pasto-la-jep-escuchara-a-cabecilla-de-la-columna-movil-mariscal-sucre-de-las-extintas-farc\/#primaryimage"},"thumbnailUrl":"https:\/\/pagina10.com\/web\/wp-content\/uploads\/2022\/08\/jep-720.png","articleSection":["Judicial"],"inLanguage":"es","potentialAction":[{"@type":"CommentAction","name":"Comment","target":["https:\/\/pagina10.com\/web\/en-pasto-la-jep-escuchara-a-cabecilla-de-la-columna-movil-mariscal-sucre-de-las-extintas-farc\/#respond"]}]},{"@type":"WebPage","@id":"https:\/\/pagina10.com\/web\/en-pasto-la-jep-escuchara-a-cabecilla-de-la-columna-movil-mariscal-sucre-de-las-extintas-farc\/","url":"https:\/\/pagina10.com\/web\/en-pasto-la-jep-escuchara-a-cabecilla-de-la-columna-movil-mariscal-sucre-de-las-extintas-farc\/","name":"En Pasto la JEP escuchar\u00e1 a cabecilla de la Columna M\u00f3vil Mariscal Sucre de las extintas Farc | P\u00e1gina10","isPartOf":{"@id":"https:\/\/pagina10.com\/web\/#website"},"primaryImageOfPage":{"@id":"https:\/\/pagina10.com\/web\/en-pasto-la-jep-escuchara-a-cabecilla-de-la-columna-movil-mariscal-sucre-de-las-extintas-farc\/#primaryimage"},"image":{"@id":"https:\/\/pagina10.com\/web\/en-pasto-la-jep-escuchara-a-cabecilla-de-la-columna-movil-mariscal-sucre-de-las-extintas-farc\/#primaryimage"},"thumbnailUrl":"https:\/\/pagina10.com\/web\/wp-content\/uploads\/2022\/08\/jep-720.png","datePublished":"2022-08-25T03:40:53+00:00","breadcrumb":{"@id":"https:\/\/pagina10.com\/web\/en-pasto-la-jep-escuchara-a-cabecilla-de-la-columna-movil-mariscal-sucre-de-las-extintas-farc\/#breadcrumb"},"inLanguage":"es","potentialAction":[{"@type":"ReadAction","target":["https:\/\/pagina10.com\/web\/en-pasto-la-jep-escuchara-a-cabecilla-de-la-columna-movil-mariscal-sucre-de-las-extintas-farc\/"]}]},{"@type":"ImageObject","inLanguage":"es","@id":"https:\/\/pagina10.com\/web\/en-pasto-la-jep-escuchara-a-cabecilla-de-la-columna-movil-mariscal-sucre-de-las-extintas-farc\/#primaryimage","url":"https:\/\/pagina10.com\/web\/wp-content\/uploads\/2022\/08\/jep-720.png","contentUrl":"https:\/\/pagina10.com\/web\/wp-content\/uploads\/2022\/08\/jep-720.png","width":1080,"height":720},{"@type":"BreadcrumbList","@id":"https:\/\/pagina10.com\/web\/en-pasto-la-jep-escuchara-a-cabecilla-de-la-columna-movil-mariscal-sucre-de-las-extintas-farc\/#breadcrumb","itemListElement":[{"@type":"ListItem","position":1,"name":"Portada","item":"https:\/\/pagina10.com\/web\/"},{"@type":"ListItem","position":2,"name":"En Pasto la JEP escuchar\u00e1 a cabecilla de la Columna M\u00f3vil Mariscal Sucre de las extintas Farc"}]},{"@type":"WebSite","@id":"https:\/\/pagina10.com\/web\/#website","url":"https:\/\/pagina10.com\/web\/","name":"P\u00e1gina10","description":"Peri\u00f3dico Regional","publisher":{"@id":"https:\/\/pagina10.com\/web\/#organization"},"alternateName":"P\u00e1gina10 Peri\u00f3dico Regional","potentialAction":[{"@type":"SearchAction","target":{"@type":"EntryPoint","urlTemplate":"https:\/\/pagina10.com\/web\/?s={search_term_string}"},"query-input":{"@type":"PropertyValueSpecification","valueRequired":true,"valueName":"search_term_string"}}],"inLanguage":"es"},{"@type":"Organization","@id":"https:\/\/pagina10.com\/web\/#organization","name":"P\u00e1gina10","alternateName":"P\u00e1gina10 Peri\u00f3dico Regional","url":"https:\/\/pagina10.com\/web\/","logo":{"@type":"ImageObject","inLanguage":"es","@id":"https:\/\/pagina10.com\/web\/#\/schema\/logo\/image\/","url":"https:\/\/pagina10.com\/web\/wp-content\/uploads\/2024\/01\/40-pagina-10-periodico-regional-pasto.jpg","contentUrl":"https:\/\/pagina10.com\/web\/wp-content\/uploads\/2024\/01\/40-pagina-10-periodico-regional-pasto.jpg","width":1280,"height":720,"caption":"P\u00e1gina10"},"image":{"@id":"https:\/\/pagina10.com\/web\/#\/schema\/logo\/image\/"},"sameAs":["https:\/\/www.facebook.com\/pag10com","https:\/\/x.com\/Pag10com","https:\/\/www.instagram.com\/pagina10col\/","https:\/\/youtube.com\/channel\/pag10","https:\/\/www.tiktok.com\/@p10col"]},{"@type":"Person","@id":"https:\/\/pagina10.com\/web\/#\/schema\/person\/2efc4a090d25b667d3bc796798a3a81b","name":"P\u00e1gina 10","description":"P\u00e1gina 10 es un peri\u00f3dico regional que nace en Colombia, en el departamento de Nari\u00f1o, con un enfoque global, fundamentado en cuatro pilares esenciales: la libertad, el pluralismo, la inclusi\u00f3n y la independencia. P\u00e1gina 10 hace referencia a Nari\u00f1o como el d\u00e9cimo departamento creado en Colombia, despu\u00e9s de un proceso pol\u00edtico liderado por actores y actrices regionales con el fin de obtener la independencia y autonom\u00eda de nuestros territorios. Con la creaci\u00f3n de P\u00e1gina 10 se pretende abrir un escenario para el dialogo, la reflexi\u00f3n y el debate que se extienda a otras geograf\u00edas de Am\u00e9rica Latina y del planeta, en una apuesta por transformar colectivamente los desaf\u00edos de un mundo contempor\u00e1neo, m\u00e1s all\u00e1 de las fronteras impuestas.","url":"https:\/\/pagina10.com\/web\/author\/pdiezadmin\/"}]}},"_links":{"self":[{"href":"https:\/\/pagina10.com\/web\/wp-json\/wp\/v2\/posts\/61259","targetHints":{"allow":["GET"]}}],"collection":[{"href":"https:\/\/pagina10.com\/web\/wp-json\/wp\/v2\/posts"}],"about":[{"href":"https:\/\/pagina10.com\/web\/wp-json\/wp\/v2\/types\/post"}],"author":[{"embeddable":true,"href":"https:\/\/pagina10.com\/web\/wp-json\/wp\/v2\/users\/1"}],"replies":[{"embeddable":true,"href":"https:\/\/pagina10.com\/web\/wp-json\/wp\/v2\/comments?post=61259"}],"version-history":[{"count":1,"href":"https:\/\/pagina10.com\/web\/wp-json\/wp\/v2\/posts\/61259\/revisions"}],"predecessor-version":[{"id":61261,"href":"https:\/\/pagina10.com\/web\/wp-json\/wp\/v2\/posts\/61259\/revisions\/61261"}],"wp:featuredmedia":[{"embeddable":true,"href":"https:\/\/pagina10.com\/web\/wp-json\/wp\/v2\/media\/61260"}],"wp:attachment":[{"href":"https:\/\/pagina10.com\/web\/wp-json\/wp\/v2\/media?parent=61259"}],"wp:term":[{"taxonomy":"category","embeddable":true,"href":"https:\/\/pagina10.com\/web\/wp-json\/wp\/v2\/categories?post=61259"},{"taxonomy":"post_tag","embeddable":true,"href":"https:\/\/pagina10.com\/web\/wp-json\/wp\/v2\/tags?post=61259"}],"curies":[{"name":"wp","href":"https:\/\/api.w.org\/{rel}","templated":true}]}}