{"id":61278,"date":"2022-08-25T15:57:10","date_gmt":"2022-08-25T20:57:10","guid":{"rendered":"https:\/\/pagina10.com\/web\/?p=61278"},"modified":"2022-08-26T08:28:23","modified_gmt":"2022-08-26T13:28:23","slug":"estudiantes-de-la-udenar-denuncian-malos-manejos-administrativos-y-piden-retirar-a-varios-funcionarios","status":"publish","type":"post","link":"https:\/\/pagina10.com\/web\/estudiantes-de-la-udenar-denuncian-malos-manejos-administrativos-y-piden-retirar-a-varios-funcionarios\/","title":{"rendered":"Estudiantes de la Udenar denuncian malos manejos administrativos y piden retirar a varios funcionarios"},"content":{"rendered":"<p style=\"text-align: justify;\">Estudiantes de la Universidad de Nari\u00f1o denunciaron en las \u00faltimas horas lo que consideran malos manejos administrativos por parte de la rectora Martha Sof\u00eda Gonzales. Seg\u00fan integrantes de esa instituci\u00f3n, esto ha provocado \u201cun grave detrimento de la calidad educativa, inestabilidad laboral del estamento trabajador, ausencia del componente practico en la formaci\u00f3n de las y los nuevos profesionales y reducci\u00f3n en los beneficios de bienestar universitario\u201d.<\/p>\n<p style=\"text-align: justify;\">Adem\u00e1s, manifestaron su descontento por \u201cla creciente burocracia producto de la necesidad de cumplir exigencias clientelares\u201d, lo que seg\u00fan ellos \u201cha hecho insostenible la mala gesti\u00f3n\u201d. A\u00f1adieron que aquellos que han denunciado las irregularidades \u201chan sido perseguidos por la administraci\u00f3n o han buscado acallarse con otro tipo de beneficio\u201d.<\/p>\n<p style=\"text-align: justify;\">Igualmente, pidieron la renuncia del secretario general Jimmy Benavides de quien aseguran \u201chay denuncias de acoso laboral y sexual\u201d. As\u00ed mismo, de Rolando Chamorro director de Bienestar Universitario y de Hernando Portilla, vicerrector administrativo.<\/p>\n<p style=\"text-align: justify;\">Finalmente, reclaman una reubicaci\u00f3n de las instalaciones de la Polic\u00eda Metropolitana de Pasto indicando que la presencia de la instituci\u00f3n en el lugar \u201cpone en peligro la autonom\u00eda universitaria\u201d.<\/p>\n<p style=\"text-align: justify;\">Frente a estos hechos, la rectora de la Universidad de Nari\u00f1o emiti\u00f3 un pronunciamiento donde expres\u00f3: \u201cmantenemos el compromiso de trabajo y de di\u00e1logo, no es cierto que se hayan disminuido las becas de alimentaci\u00f3n, ni los subsidios de vivienda por el contrario se incrementaron en el a\u00f1o 2022\u201d. En cuanto a las denuncias contra algunos funcionarios, precis\u00f3 que no se ha recibido quejas de acoso laboral frente a miembros de la universidad\u201d.<\/p>\n","protected":false},"excerpt":{"rendered":"<p>Estudiantes de la Universidad de Nari\u00f1o denunciaron en las \u00faltimas horas lo que consideran malos manejos administrativos por parte de la rectora Martha Sof\u00eda Gonzales. Seg\u00fan integrantes de esa instituci\u00f3n, esto ha provocado \u201cun grave detrimento de la calidad educativa, inestabilidad laboral del estamento trabajador, ausencia del componente practico en la formaci\u00f3n de las y [&hellip;]<\/p>\n","protected":false},"author":1,"featured_media":54799,"comment_status":"open","ping_status":"open","sticky":false,"template":"","format":"standard","meta":{"footnotes":""},"categories":[82,1528],"tags":[],"class_list":["post-61278","post","type-post","status-publish","format-standard","has-post-thumbnail","hentry","category-ciudad-2","category-titulares"],"yoast_head":"<!-- This site is optimized with the Yoast SEO plugin v27.1.1 - https:\/\/yoast.com\/product\/yoast-seo-wordpress\/ -->\n<title>Estudiantes de la Udenar denuncian malos manejos administrativos y piden retirar a varios funcionarios | P\u00e1gina10<\/title>\n<meta name=\"robots\" content=\"index, follow, max-snippet:-1, max-image-preview:large, max-video-preview:-1\" \/>\n<link rel=\"canonical\" href=\"https:\/\/pagina10.com\/web\/estudiantes-de-la-udenar-denuncian-malos-manejos-administrativos-y-piden-retirar-a-varios-funcionarios\/\" \/>\n<meta property=\"og:locale\" content=\"es_ES\" \/>\n<meta property=\"og:type\" content=\"article\" \/>\n<meta property=\"og:title\" content=\"Estudiantes de la Udenar denuncian malos manejos administrativos y piden retirar a varios funcionarios | P\u00e1gina10\" \/>\n<meta property=\"og:description\" content=\"Estudiantes de la Universidad de Nari\u00f1o denunciaron en las \u00faltimas horas lo que consideran malos manejos administrativos por parte de la rectora Martha Sof\u00eda Gonzales. Seg\u00fan integrantes de esa instituci\u00f3n, esto ha provocado \u201cun grave detrimento de la calidad educativa, inestabilidad laboral del estamento trabajador, ausencia del componente practico en la formaci\u00f3n de las y [&hellip;]\" \/>\n<meta property=\"og:url\" content=\"https:\/\/pagina10.com\/web\/estudiantes-de-la-udenar-denuncian-malos-manejos-administrativos-y-piden-retirar-a-varios-funcionarios\/\" \/>\n<meta property=\"og:site_name\" content=\"P\u00e1gina10\" \/>\n<meta property=\"article:publisher\" content=\"https:\/\/www.facebook.com\/pag10com\" \/>\n<meta property=\"article:published_time\" content=\"2022-08-25T20:57:10+00:00\" \/>\n<meta property=\"article:modified_time\" content=\"2022-08-26T13:28:23+00:00\" \/>\n<meta property=\"og:image\" content=\"https:\/\/pagina10.com\/web\/wp-content\/uploads\/2021\/08\/rectora-universidad-de-narino-martha-sofia-gonzalez-udenar-periodico.jpg\" \/>\n\t<meta property=\"og:image:width\" content=\"1200\" \/>\n\t<meta property=\"og:image:height\" content=\"931\" \/>\n\t<meta property=\"og:image:type\" content=\"image\/jpeg\" \/>\n<meta name=\"author\" content=\"P\u00e1gina 10\" \/>\n<meta name=\"twitter:card\" content=\"summary_large_image\" \/>\n<meta name=\"twitter:creator\" content=\"@Pag10com\" \/>\n<meta name=\"twitter:site\" content=\"@Pag10com\" \/>\n<meta name=\"twitter:label1\" content=\"Escrito por\" \/>\n\t<meta name=\"twitter:data1\" content=\"P\u00e1gina 10\" \/>\n\t<meta name=\"twitter:label2\" content=\"Tiempo de lectura\" \/>\n\t<meta name=\"twitter:data2\" content=\"1 minuto\" \/>\n<script type=\"application\/ld+json\" class=\"yoast-schema-graph\">{\"@context\":\"https:\/\/schema.org\",\"@graph\":[{\"@type\":\"Article\",\"@id\":\"https:\/\/pagina10.com\/web\/estudiantes-de-la-udenar-denuncian-malos-manejos-administrativos-y-piden-retirar-a-varios-funcionarios\/#article\",\"isPartOf\":{\"@id\":\"https:\/\/pagina10.com\/web\/estudiantes-de-la-udenar-denuncian-malos-manejos-administrativos-y-piden-retirar-a-varios-funcionarios\/\"},\"author\":{\"name\":\"P\u00e1gina 10\",\"@id\":\"https:\/\/pagina10.com\/web\/#\/schema\/person\/2efc4a090d25b667d3bc796798a3a81b\"},\"headline\":\"Estudiantes de la Udenar denuncian malos manejos administrativos y piden retirar a varios funcionarios\",\"datePublished\":\"2022-08-25T20:57:10+00:00\",\"dateModified\":\"2022-08-26T13:28:23+00:00\",\"mainEntityOfPage\":{\"@id\":\"https:\/\/pagina10.com\/web\/estudiantes-de-la-udenar-denuncian-malos-manejos-administrativos-y-piden-retirar-a-varios-funcionarios\/\"},\"wordCount\":283,\"commentCount\":0,\"publisher\":{\"@id\":\"https:\/\/pagina10.com\/web\/#organization\"},\"image\":{\"@id\":\"https:\/\/pagina10.com\/web\/estudiantes-de-la-udenar-denuncian-malos-manejos-administrativos-y-piden-retirar-a-varios-funcionarios\/#primaryimage\"},\"thumbnailUrl\":\"https:\/\/pagina10.com\/web\/wp-content\/uploads\/2021\/08\/rectora-universidad-de-narino-martha-sofia-gonzalez-udenar-periodico.jpg\",\"articleSection\":[\"Ciudad\",\"Titulares\"],\"inLanguage\":\"es\",\"potentialAction\":[{\"@type\":\"CommentAction\",\"name\":\"Comment\",\"target\":[\"https:\/\/pagina10.com\/web\/estudiantes-de-la-udenar-denuncian-malos-manejos-administrativos-y-piden-retirar-a-varios-funcionarios\/#respond\"]}]},{\"@type\":\"WebPage\",\"@id\":\"https:\/\/pagina10.com\/web\/estudiantes-de-la-udenar-denuncian-malos-manejos-administrativos-y-piden-retirar-a-varios-funcionarios\/\",\"url\":\"https:\/\/pagina10.com\/web\/estudiantes-de-la-udenar-denuncian-malos-manejos-administrativos-y-piden-retirar-a-varios-funcionarios\/\",\"name\":\"Estudiantes de la Udenar denuncian malos manejos administrativos y piden retirar a varios funcionarios | P\u00e1gina10\",\"isPartOf\":{\"@id\":\"https:\/\/pagina10.com\/web\/#website\"},\"primaryImageOfPage\":{\"@id\":\"https:\/\/pagina10.com\/web\/estudiantes-de-la-udenar-denuncian-malos-manejos-administrativos-y-piden-retirar-a-varios-funcionarios\/#primaryimage\"},\"image\":{\"@id\":\"https:\/\/pagina10.com\/web\/estudiantes-de-la-udenar-denuncian-malos-manejos-administrativos-y-piden-retirar-a-varios-funcionarios\/#primaryimage\"},\"thumbnailUrl\":\"https:\/\/pagina10.com\/web\/wp-content\/uploads\/2021\/08\/rectora-universidad-de-narino-martha-sofia-gonzalez-udenar-periodico.jpg\",\"datePublished\":\"2022-08-25T20:57:10+00:00\",\"dateModified\":\"2022-08-26T13:28:23+00:00\",\"breadcrumb\":{\"@id\":\"https:\/\/pagina10.com\/web\/estudiantes-de-la-udenar-denuncian-malos-manejos-administrativos-y-piden-retirar-a-varios-funcionarios\/#breadcrumb\"},\"inLanguage\":\"es\",\"potentialAction\":[{\"@type\":\"ReadAction\",\"target\":[\"https:\/\/pagina10.com\/web\/estudiantes-de-la-udenar-denuncian-malos-manejos-administrativos-y-piden-retirar-a-varios-funcionarios\/\"]}]},{\"@type\":\"ImageObject\",\"inLanguage\":\"es\",\"@id\":\"https:\/\/pagina10.com\/web\/estudiantes-de-la-udenar-denuncian-malos-manejos-administrativos-y-piden-retirar-a-varios-funcionarios\/#primaryimage\",\"url\":\"https:\/\/pagina10.com\/web\/wp-content\/uploads\/2021\/08\/rectora-universidad-de-narino-martha-sofia-gonzalez-udenar-periodico.jpg\",\"contentUrl\":\"https:\/\/pagina10.com\/web\/wp-content\/uploads\/2021\/08\/rectora-universidad-de-narino-martha-sofia-gonzalez-udenar-periodico.jpg\",\"width\":1200,\"height\":931},{\"@type\":\"BreadcrumbList\",\"@id\":\"https:\/\/pagina10.com\/web\/estudiantes-de-la-udenar-denuncian-malos-manejos-administrativos-y-piden-retirar-a-varios-funcionarios\/#breadcrumb\",\"itemListElement\":[{\"@type\":\"ListItem\",\"position\":1,\"name\":\"Portada\",\"item\":\"https:\/\/pagina10.com\/web\/\"},{\"@type\":\"ListItem\",\"position\":2,\"name\":\"Estudiantes de la Udenar denuncian malos manejos administrativos y piden retirar a varios funcionarios\"}]},{\"@type\":\"WebSite\",\"@id\":\"https:\/\/pagina10.com\/web\/#website\",\"url\":\"https:\/\/pagina10.com\/web\/\",\"name\":\"P\u00e1gina10\",\"description\":\"Peri\u00f3dico Regional\",\"publisher\":{\"@id\":\"https:\/\/pagina10.com\/web\/#organization\"},\"alternateName\":\"P\u00e1gina10 Peri\u00f3dico Regional\",\"potentialAction\":[{\"@type\":\"SearchAction\",\"target\":{\"@type\":\"EntryPoint\",\"urlTemplate\":\"https:\/\/pagina10.com\/web\/?s={search_term_string}\"},\"query-input\":{\"@type\":\"PropertyValueSpecification\",\"valueRequired\":true,\"valueName\":\"search_term_string\"}}],\"inLanguage\":\"es\"},{\"@type\":\"Organization\",\"@id\":\"https:\/\/pagina10.com\/web\/#organization\",\"name\":\"P\u00e1gina10\",\"alternateName\":\"P\u00e1gina10 Peri\u00f3dico Regional\",\"url\":\"https:\/\/pagina10.com\/web\/\",\"logo\":{\"@type\":\"ImageObject\",\"inLanguage\":\"es\",\"@id\":\"https:\/\/pagina10.com\/web\/#\/schema\/logo\/image\/\",\"url\":\"https:\/\/pagina10.com\/web\/wp-content\/uploads\/2024\/01\/40-pagina-10-periodico-regional-pasto.jpg\",\"contentUrl\":\"https:\/\/pagina10.com\/web\/wp-content\/uploads\/2024\/01\/40-pagina-10-periodico-regional-pasto.jpg\",\"width\":1280,\"height\":720,\"caption\":\"P\u00e1gina10\"},\"image\":{\"@id\":\"https:\/\/pagina10.com\/web\/#\/schema\/logo\/image\/\"},\"sameAs\":[\"https:\/\/www.facebook.com\/pag10com\",\"https:\/\/x.com\/Pag10com\",\"https:\/\/www.instagram.com\/pagina10col\/\",\"https:\/\/youtube.com\/channel\/pag10\",\"https:\/\/www.tiktok.com\/@p10col\"]},{\"@type\":\"Person\",\"@id\":\"https:\/\/pagina10.com\/web\/#\/schema\/person\/2efc4a090d25b667d3bc796798a3a81b\",\"name\":\"P\u00e1gina 10\",\"description\":\"P\u00e1gina 10 es un peri\u00f3dico regional que nace en Colombia, en el departamento de Nari\u00f1o, con un enfoque global, fundamentado en cuatro pilares esenciales: la libertad, el pluralismo, la inclusi\u00f3n y la independencia. P\u00e1gina 10 hace referencia a Nari\u00f1o como el d\u00e9cimo departamento creado en Colombia, despu\u00e9s de un proceso pol\u00edtico liderado por actores y actrices regionales con el fin de obtener la independencia y autonom\u00eda de nuestros territorios. Con la creaci\u00f3n de P\u00e1gina 10 se pretende abrir un escenario para el dialogo, la reflexi\u00f3n y el debate que se extienda a otras geograf\u00edas de Am\u00e9rica Latina y del planeta, en una apuesta por transformar colectivamente los desaf\u00edos de un mundo contempor\u00e1neo, m\u00e1s all\u00e1 de las fronteras impuestas.\",\"url\":\"https:\/\/pagina10.com\/web\/author\/pdiezadmin\/\"}]}<\/script>\n<!-- \/ Yoast SEO plugin. -->","yoast_head_json":{"title":"Estudiantes de la Udenar denuncian malos manejos administrativos y piden retirar a varios funcionarios | P\u00e1gina10","robots":{"index":"index","follow":"follow","max-snippet":"max-snippet:-1","max-image-preview":"max-image-preview:large","max-video-preview":"max-video-preview:-1"},"canonical":"https:\/\/pagina10.com\/web\/estudiantes-de-la-udenar-denuncian-malos-manejos-administrativos-y-piden-retirar-a-varios-funcionarios\/","og_locale":"es_ES","og_type":"article","og_title":"Estudiantes de la Udenar denuncian malos manejos administrativos y piden retirar a varios funcionarios | P\u00e1gina10","og_description":"Estudiantes de la Universidad de Nari\u00f1o denunciaron en las \u00faltimas horas lo que consideran malos manejos administrativos por parte de la rectora Martha Sof\u00eda Gonzales. Seg\u00fan integrantes de esa instituci\u00f3n, esto ha provocado \u201cun grave detrimento de la calidad educativa, inestabilidad laboral del estamento trabajador, ausencia del componente practico en la formaci\u00f3n de las y [&hellip;]","og_url":"https:\/\/pagina10.com\/web\/estudiantes-de-la-udenar-denuncian-malos-manejos-administrativos-y-piden-retirar-a-varios-funcionarios\/","og_site_name":"P\u00e1gina10","article_publisher":"https:\/\/www.facebook.com\/pag10com","article_published_time":"2022-08-25T20:57:10+00:00","article_modified_time":"2022-08-26T13:28:23+00:00","og_image":[{"width":1200,"height":931,"url":"https:\/\/pagina10.com\/web\/wp-content\/uploads\/2021\/08\/rectora-universidad-de-narino-martha-sofia-gonzalez-udenar-periodico.jpg","type":"image\/jpeg"}],"author":"P\u00e1gina 10","twitter_card":"summary_large_image","twitter_creator":"@Pag10com","twitter_site":"@Pag10com","twitter_misc":{"Escrito por":"P\u00e1gina 10","Tiempo de lectura":"1 minuto"},"schema":{"@context":"https:\/\/schema.org","@graph":[{"@type":"Article","@id":"https:\/\/pagina10.com\/web\/estudiantes-de-la-udenar-denuncian-malos-manejos-administrativos-y-piden-retirar-a-varios-funcionarios\/#article","isPartOf":{"@id":"https:\/\/pagina10.com\/web\/estudiantes-de-la-udenar-denuncian-malos-manejos-administrativos-y-piden-retirar-a-varios-funcionarios\/"},"author":{"name":"P\u00e1gina 10","@id":"https:\/\/pagina10.com\/web\/#\/schema\/person\/2efc4a090d25b667d3bc796798a3a81b"},"headline":"Estudiantes de la Udenar denuncian malos manejos administrativos y piden retirar a varios funcionarios","datePublished":"2022-08-25T20:57:10+00:00","dateModified":"2022-08-26T13:28:23+00:00","mainEntityOfPage":{"@id":"https:\/\/pagina10.com\/web\/estudiantes-de-la-udenar-denuncian-malos-manejos-administrativos-y-piden-retirar-a-varios-funcionarios\/"},"wordCount":283,"commentCount":0,"publisher":{"@id":"https:\/\/pagina10.com\/web\/#organization"},"image":{"@id":"https:\/\/pagina10.com\/web\/estudiantes-de-la-udenar-denuncian-malos-manejos-administrativos-y-piden-retirar-a-varios-funcionarios\/#primaryimage"},"thumbnailUrl":"https:\/\/pagina10.com\/web\/wp-content\/uploads\/2021\/08\/rectora-universidad-de-narino-martha-sofia-gonzalez-udenar-periodico.jpg","articleSection":["Ciudad","Titulares"],"inLanguage":"es","potentialAction":[{"@type":"CommentAction","name":"Comment","target":["https:\/\/pagina10.com\/web\/estudiantes-de-la-udenar-denuncian-malos-manejos-administrativos-y-piden-retirar-a-varios-funcionarios\/#respond"]}]},{"@type":"WebPage","@id":"https:\/\/pagina10.com\/web\/estudiantes-de-la-udenar-denuncian-malos-manejos-administrativos-y-piden-retirar-a-varios-funcionarios\/","url":"https:\/\/pagina10.com\/web\/estudiantes-de-la-udenar-denuncian-malos-manejos-administrativos-y-piden-retirar-a-varios-funcionarios\/","name":"Estudiantes de la Udenar denuncian malos manejos administrativos y piden retirar a varios funcionarios | P\u00e1gina10","isPartOf":{"@id":"https:\/\/pagina10.com\/web\/#website"},"primaryImageOfPage":{"@id":"https:\/\/pagina10.com\/web\/estudiantes-de-la-udenar-denuncian-malos-manejos-administrativos-y-piden-retirar-a-varios-funcionarios\/#primaryimage"},"image":{"@id":"https:\/\/pagina10.com\/web\/estudiantes-de-la-udenar-denuncian-malos-manejos-administrativos-y-piden-retirar-a-varios-funcionarios\/#primaryimage"},"thumbnailUrl":"https:\/\/pagina10.com\/web\/wp-content\/uploads\/2021\/08\/rectora-universidad-de-narino-martha-sofia-gonzalez-udenar-periodico.jpg","datePublished":"2022-08-25T20:57:10+00:00","dateModified":"2022-08-26T13:28:23+00:00","breadcrumb":{"@id":"https:\/\/pagina10.com\/web\/estudiantes-de-la-udenar-denuncian-malos-manejos-administrativos-y-piden-retirar-a-varios-funcionarios\/#breadcrumb"},"inLanguage":"es","potentialAction":[{"@type":"ReadAction","target":["https:\/\/pagina10.com\/web\/estudiantes-de-la-udenar-denuncian-malos-manejos-administrativos-y-piden-retirar-a-varios-funcionarios\/"]}]},{"@type":"ImageObject","inLanguage":"es","@id":"https:\/\/pagina10.com\/web\/estudiantes-de-la-udenar-denuncian-malos-manejos-administrativos-y-piden-retirar-a-varios-funcionarios\/#primaryimage","url":"https:\/\/pagina10.com\/web\/wp-content\/uploads\/2021\/08\/rectora-universidad-de-narino-martha-sofia-gonzalez-udenar-periodico.jpg","contentUrl":"https:\/\/pagina10.com\/web\/wp-content\/uploads\/2021\/08\/rectora-universidad-de-narino-martha-sofia-gonzalez-udenar-periodico.jpg","width":1200,"height":931},{"@type":"BreadcrumbList","@id":"https:\/\/pagina10.com\/web\/estudiantes-de-la-udenar-denuncian-malos-manejos-administrativos-y-piden-retirar-a-varios-funcionarios\/#breadcrumb","itemListElement":[{"@type":"ListItem","position":1,"name":"Portada","item":"https:\/\/pagina10.com\/web\/"},{"@type":"ListItem","position":2,"name":"Estudiantes de la Udenar denuncian malos manejos administrativos y piden retirar a varios funcionarios"}]},{"@type":"WebSite","@id":"https:\/\/pagina10.com\/web\/#website","url":"https:\/\/pagina10.com\/web\/","name":"P\u00e1gina10","description":"Peri\u00f3dico Regional","publisher":{"@id":"https:\/\/pagina10.com\/web\/#organization"},"alternateName":"P\u00e1gina10 Peri\u00f3dico Regional","potentialAction":[{"@type":"SearchAction","target":{"@type":"EntryPoint","urlTemplate":"https:\/\/pagina10.com\/web\/?s={search_term_string}"},"query-input":{"@type":"PropertyValueSpecification","valueRequired":true,"valueName":"search_term_string"}}],"inLanguage":"es"},{"@type":"Organization","@id":"https:\/\/pagina10.com\/web\/#organization","name":"P\u00e1gina10","alternateName":"P\u00e1gina10 Peri\u00f3dico Regional","url":"https:\/\/pagina10.com\/web\/","logo":{"@type":"ImageObject","inLanguage":"es","@id":"https:\/\/pagina10.com\/web\/#\/schema\/logo\/image\/","url":"https:\/\/pagina10.com\/web\/wp-content\/uploads\/2024\/01\/40-pagina-10-periodico-regional-pasto.jpg","contentUrl":"https:\/\/pagina10.com\/web\/wp-content\/uploads\/2024\/01\/40-pagina-10-periodico-regional-pasto.jpg","width":1280,"height":720,"caption":"P\u00e1gina10"},"image":{"@id":"https:\/\/pagina10.com\/web\/#\/schema\/logo\/image\/"},"sameAs":["https:\/\/www.facebook.com\/pag10com","https:\/\/x.com\/Pag10com","https:\/\/www.instagram.com\/pagina10col\/","https:\/\/youtube.com\/channel\/pag10","https:\/\/www.tiktok.com\/@p10col"]},{"@type":"Person","@id":"https:\/\/pagina10.com\/web\/#\/schema\/person\/2efc4a090d25b667d3bc796798a3a81b","name":"P\u00e1gina 10","description":"P\u00e1gina 10 es un peri\u00f3dico regional que nace en Colombia, en el departamento de Nari\u00f1o, con un enfoque global, fundamentado en cuatro pilares esenciales: la libertad, el pluralismo, la inclusi\u00f3n y la independencia. P\u00e1gina 10 hace referencia a Nari\u00f1o como el d\u00e9cimo departamento creado en Colombia, despu\u00e9s de un proceso pol\u00edtico liderado por actores y actrices regionales con el fin de obtener la independencia y autonom\u00eda de nuestros territorios. Con la creaci\u00f3n de P\u00e1gina 10 se pretende abrir un escenario para el dialogo, la reflexi\u00f3n y el debate que se extienda a otras geograf\u00edas de Am\u00e9rica Latina y del planeta, en una apuesta por transformar colectivamente los desaf\u00edos de un mundo contempor\u00e1neo, m\u00e1s all\u00e1 de las fronteras impuestas.","url":"https:\/\/pagina10.com\/web\/author\/pdiezadmin\/"}]}},"_links":{"self":[{"href":"https:\/\/pagina10.com\/web\/wp-json\/wp\/v2\/posts\/61278","targetHints":{"allow":["GET"]}}],"collection":[{"href":"https:\/\/pagina10.com\/web\/wp-json\/wp\/v2\/posts"}],"about":[{"href":"https:\/\/pagina10.com\/web\/wp-json\/wp\/v2\/types\/post"}],"author":[{"embeddable":true,"href":"https:\/\/pagina10.com\/web\/wp-json\/wp\/v2\/users\/1"}],"replies":[{"embeddable":true,"href":"https:\/\/pagina10.com\/web\/wp-json\/wp\/v2\/comments?post=61278"}],"version-history":[{"count":3,"href":"https:\/\/pagina10.com\/web\/wp-json\/wp\/v2\/posts\/61278\/revisions"}],"predecessor-version":[{"id":61283,"href":"https:\/\/pagina10.com\/web\/wp-json\/wp\/v2\/posts\/61278\/revisions\/61283"}],"wp:featuredmedia":[{"embeddable":true,"href":"https:\/\/pagina10.com\/web\/wp-json\/wp\/v2\/media\/54799"}],"wp:attachment":[{"href":"https:\/\/pagina10.com\/web\/wp-json\/wp\/v2\/media?parent=61278"}],"wp:term":[{"taxonomy":"category","embeddable":true,"href":"https:\/\/pagina10.com\/web\/wp-json\/wp\/v2\/categories?post=61278"},{"taxonomy":"post_tag","embeddable":true,"href":"https:\/\/pagina10.com\/web\/wp-json\/wp\/v2\/tags?post=61278"}],"curies":[{"name":"wp","href":"https:\/\/api.w.org\/{rel}","templated":true}]}}