{"id":61285,"date":"2022-08-25T21:02:38","date_gmt":"2022-08-26T02:02:38","guid":{"rendered":"https:\/\/pagina10.com\/web\/?p=61285"},"modified":"2022-08-25T21:07:36","modified_gmt":"2022-08-26T02:07:36","slug":"en-tumaco-buscan-a-adolescente-desaparecida-desde-hace-cinco-dias","status":"publish","type":"post","link":"https:\/\/pagina10.com\/web\/en-tumaco-buscan-a-adolescente-desaparecida-desde-hace-cinco-dias\/","title":{"rendered":"En Tumaco buscan a adolescente desaparecida desde hace cinco d\u00edas"},"content":{"rendered":"<p>En un intento desesperado por llamar la atenci\u00f3n de las autoridades, los familiares y amigos de Yesica Suyanca Arizala Cuero, adolescente de 14 a\u00f1os quien lleva desparecida cinco d\u00edas, cerraron la v\u00eda que comunica al distrito especial de Tumaco con el municipio de Pasto.<\/p>\n<p>Sus allegados manifestaron que la \u00faltima vez fue vista en la vereda a la altura del kil\u00f3metro 38, jurisdicci\u00f3n del consejo comunitario Alto Mira y Frontera. \u201cLa ni\u00f1a vest\u00eda una falda de cuadros blancos y negros. Una blusa de tiras color verde y unas sandalias color negro\u201d, precisaron sus familiares.<\/p>\n<p>As\u00ed mismo, indicaron que tomaron v\u00edas de hecho con el fin de presionar a las autoridades para que adelanten acciones urgentes con el fin de encontrar a la menor de edad. Igualmente, habilitaron las l\u00edneas 3215825641, 3147464240 y 3147795964, para recibir cualquier informaci\u00f3n.<\/p>\n","protected":false},"excerpt":{"rendered":"<p>En un intento desesperado por llamar la atenci\u00f3n de las autoridades, los familiares y amigos de Yesica Suyanca Arizala Cuero, adolescente de 14 a\u00f1os quien lleva desparecida cinco d\u00edas, cerraron la v\u00eda que comunica al distrito especial de Tumaco con el municipio de Pasto. Sus allegados manifestaron que la \u00faltima vez fue vista en la [&hellip;]<\/p>\n","protected":false},"author":1,"featured_media":61294,"comment_status":"open","ping_status":"open","sticky":false,"template":"","format":"standard","meta":{"footnotes":""},"categories":[61],"tags":[],"class_list":["post-61285","post","type-post","status-publish","format-standard","has-post-thumbnail","hentry","category-judicial"],"yoast_head":"<!-- This site is optimized with the Yoast SEO plugin v27.1.1 - https:\/\/yoast.com\/product\/yoast-seo-wordpress\/ -->\n<title>En Tumaco buscan a adolescente desaparecida desde hace cinco d\u00edas | P\u00e1gina10<\/title>\n<meta name=\"robots\" content=\"index, follow, max-snippet:-1, max-image-preview:large, max-video-preview:-1\" \/>\n<link rel=\"canonical\" href=\"https:\/\/pagina10.com\/web\/en-tumaco-buscan-a-adolescente-desaparecida-desde-hace-cinco-dias\/\" \/>\n<meta property=\"og:locale\" content=\"es_ES\" \/>\n<meta property=\"og:type\" content=\"article\" \/>\n<meta property=\"og:title\" content=\"En Tumaco buscan a adolescente desaparecida desde hace cinco d\u00edas | P\u00e1gina10\" \/>\n<meta property=\"og:description\" content=\"En un intento desesperado por llamar la atenci\u00f3n de las autoridades, los familiares y amigos de Yesica Suyanca Arizala Cuero, adolescente de 14 a\u00f1os quien lleva desparecida cinco d\u00edas, cerraron la v\u00eda que comunica al distrito especial de Tumaco con el municipio de Pasto. Sus allegados manifestaron que la \u00faltima vez fue vista en la [&hellip;]\" \/>\n<meta property=\"og:url\" content=\"https:\/\/pagina10.com\/web\/en-tumaco-buscan-a-adolescente-desaparecida-desde-hace-cinco-dias\/\" \/>\n<meta property=\"og:site_name\" content=\"P\u00e1gina10\" \/>\n<meta property=\"article:publisher\" content=\"https:\/\/www.facebook.com\/pag10com\" \/>\n<meta property=\"article:published_time\" content=\"2022-08-26T02:02:38+00:00\" \/>\n<meta property=\"article:modified_time\" content=\"2022-08-26T02:07:36+00:00\" \/>\n<meta property=\"og:image\" content=\"https:\/\/pagina10.com\/web\/wp-content\/uploads\/2022\/08\/300873358_489838873144713_7076373785300820172_n-2.jpg\" \/>\n\t<meta property=\"og:image:width\" content=\"453\" \/>\n\t<meta property=\"og:image:height\" content=\"377\" \/>\n\t<meta property=\"og:image:type\" content=\"image\/jpeg\" \/>\n<meta name=\"author\" content=\"P\u00e1gina 10\" \/>\n<meta name=\"twitter:card\" content=\"summary_large_image\" \/>\n<meta name=\"twitter:creator\" content=\"@Pag10com\" \/>\n<meta name=\"twitter:site\" content=\"@Pag10com\" \/>\n<meta name=\"twitter:label1\" content=\"Escrito por\" \/>\n\t<meta name=\"twitter:data1\" content=\"P\u00e1gina 10\" \/>\n\t<meta name=\"twitter:label2\" content=\"Tiempo de lectura\" \/>\n\t<meta name=\"twitter:data2\" content=\"1 minuto\" \/>\n<script type=\"application\/ld+json\" class=\"yoast-schema-graph\">{\"@context\":\"https:\/\/schema.org\",\"@graph\":[{\"@type\":\"Article\",\"@id\":\"https:\/\/pagina10.com\/web\/en-tumaco-buscan-a-adolescente-desaparecida-desde-hace-cinco-dias\/#article\",\"isPartOf\":{\"@id\":\"https:\/\/pagina10.com\/web\/en-tumaco-buscan-a-adolescente-desaparecida-desde-hace-cinco-dias\/\"},\"author\":{\"name\":\"P\u00e1gina 10\",\"@id\":\"https:\/\/pagina10.com\/web\/#\/schema\/person\/2efc4a090d25b667d3bc796798a3a81b\"},\"headline\":\"En Tumaco buscan a adolescente desaparecida desde hace cinco d\u00edas\",\"datePublished\":\"2022-08-26T02:02:38+00:00\",\"dateModified\":\"2022-08-26T02:07:36+00:00\",\"mainEntityOfPage\":{\"@id\":\"https:\/\/pagina10.com\/web\/en-tumaco-buscan-a-adolescente-desaparecida-desde-hace-cinco-dias\/\"},\"wordCount\":154,\"commentCount\":0,\"publisher\":{\"@id\":\"https:\/\/pagina10.com\/web\/#organization\"},\"image\":{\"@id\":\"https:\/\/pagina10.com\/web\/en-tumaco-buscan-a-adolescente-desaparecida-desde-hace-cinco-dias\/#primaryimage\"},\"thumbnailUrl\":\"https:\/\/pagina10.com\/web\/wp-content\/uploads\/2022\/08\/300873358_489838873144713_7076373785300820172_n-2.jpg\",\"articleSection\":[\"Judicial\"],\"inLanguage\":\"es\",\"potentialAction\":[{\"@type\":\"CommentAction\",\"name\":\"Comment\",\"target\":[\"https:\/\/pagina10.com\/web\/en-tumaco-buscan-a-adolescente-desaparecida-desde-hace-cinco-dias\/#respond\"]}]},{\"@type\":\"WebPage\",\"@id\":\"https:\/\/pagina10.com\/web\/en-tumaco-buscan-a-adolescente-desaparecida-desde-hace-cinco-dias\/\",\"url\":\"https:\/\/pagina10.com\/web\/en-tumaco-buscan-a-adolescente-desaparecida-desde-hace-cinco-dias\/\",\"name\":\"En Tumaco buscan a adolescente desaparecida desde hace cinco d\u00edas | P\u00e1gina10\",\"isPartOf\":{\"@id\":\"https:\/\/pagina10.com\/web\/#website\"},\"primaryImageOfPage\":{\"@id\":\"https:\/\/pagina10.com\/web\/en-tumaco-buscan-a-adolescente-desaparecida-desde-hace-cinco-dias\/#primaryimage\"},\"image\":{\"@id\":\"https:\/\/pagina10.com\/web\/en-tumaco-buscan-a-adolescente-desaparecida-desde-hace-cinco-dias\/#primaryimage\"},\"thumbnailUrl\":\"https:\/\/pagina10.com\/web\/wp-content\/uploads\/2022\/08\/300873358_489838873144713_7076373785300820172_n-2.jpg\",\"datePublished\":\"2022-08-26T02:02:38+00:00\",\"dateModified\":\"2022-08-26T02:07:36+00:00\",\"breadcrumb\":{\"@id\":\"https:\/\/pagina10.com\/web\/en-tumaco-buscan-a-adolescente-desaparecida-desde-hace-cinco-dias\/#breadcrumb\"},\"inLanguage\":\"es\",\"potentialAction\":[{\"@type\":\"ReadAction\",\"target\":[\"https:\/\/pagina10.com\/web\/en-tumaco-buscan-a-adolescente-desaparecida-desde-hace-cinco-dias\/\"]}]},{\"@type\":\"ImageObject\",\"inLanguage\":\"es\",\"@id\":\"https:\/\/pagina10.com\/web\/en-tumaco-buscan-a-adolescente-desaparecida-desde-hace-cinco-dias\/#primaryimage\",\"url\":\"https:\/\/pagina10.com\/web\/wp-content\/uploads\/2022\/08\/300873358_489838873144713_7076373785300820172_n-2.jpg\",\"contentUrl\":\"https:\/\/pagina10.com\/web\/wp-content\/uploads\/2022\/08\/300873358_489838873144713_7076373785300820172_n-2.jpg\",\"width\":453,\"height\":377},{\"@type\":\"BreadcrumbList\",\"@id\":\"https:\/\/pagina10.com\/web\/en-tumaco-buscan-a-adolescente-desaparecida-desde-hace-cinco-dias\/#breadcrumb\",\"itemListElement\":[{\"@type\":\"ListItem\",\"position\":1,\"name\":\"Portada\",\"item\":\"https:\/\/pagina10.com\/web\/\"},{\"@type\":\"ListItem\",\"position\":2,\"name\":\"En Tumaco buscan a adolescente desaparecida desde hace cinco d\u00edas\"}]},{\"@type\":\"WebSite\",\"@id\":\"https:\/\/pagina10.com\/web\/#website\",\"url\":\"https:\/\/pagina10.com\/web\/\",\"name\":\"P\u00e1gina10\",\"description\":\"Peri\u00f3dico Regional\",\"publisher\":{\"@id\":\"https:\/\/pagina10.com\/web\/#organization\"},\"alternateName\":\"P\u00e1gina10 Peri\u00f3dico Regional\",\"potentialAction\":[{\"@type\":\"SearchAction\",\"target\":{\"@type\":\"EntryPoint\",\"urlTemplate\":\"https:\/\/pagina10.com\/web\/?s={search_term_string}\"},\"query-input\":{\"@type\":\"PropertyValueSpecification\",\"valueRequired\":true,\"valueName\":\"search_term_string\"}}],\"inLanguage\":\"es\"},{\"@type\":\"Organization\",\"@id\":\"https:\/\/pagina10.com\/web\/#organization\",\"name\":\"P\u00e1gina10\",\"alternateName\":\"P\u00e1gina10 Peri\u00f3dico Regional\",\"url\":\"https:\/\/pagina10.com\/web\/\",\"logo\":{\"@type\":\"ImageObject\",\"inLanguage\":\"es\",\"@id\":\"https:\/\/pagina10.com\/web\/#\/schema\/logo\/image\/\",\"url\":\"https:\/\/pagina10.com\/web\/wp-content\/uploads\/2024\/01\/40-pagina-10-periodico-regional-pasto.jpg\",\"contentUrl\":\"https:\/\/pagina10.com\/web\/wp-content\/uploads\/2024\/01\/40-pagina-10-periodico-regional-pasto.jpg\",\"width\":1280,\"height\":720,\"caption\":\"P\u00e1gina10\"},\"image\":{\"@id\":\"https:\/\/pagina10.com\/web\/#\/schema\/logo\/image\/\"},\"sameAs\":[\"https:\/\/www.facebook.com\/pag10com\",\"https:\/\/x.com\/Pag10com\",\"https:\/\/www.instagram.com\/pagina10col\/\",\"https:\/\/youtube.com\/channel\/pag10\",\"https:\/\/www.tiktok.com\/@p10col\"]},{\"@type\":\"Person\",\"@id\":\"https:\/\/pagina10.com\/web\/#\/schema\/person\/2efc4a090d25b667d3bc796798a3a81b\",\"name\":\"P\u00e1gina 10\",\"description\":\"P\u00e1gina 10 es un peri\u00f3dico regional que nace en Colombia, en el departamento de Nari\u00f1o, con un enfoque global, fundamentado en cuatro pilares esenciales: la libertad, el pluralismo, la inclusi\u00f3n y la independencia. P\u00e1gina 10 hace referencia a Nari\u00f1o como el d\u00e9cimo departamento creado en Colombia, despu\u00e9s de un proceso pol\u00edtico liderado por actores y actrices regionales con el fin de obtener la independencia y autonom\u00eda de nuestros territorios. Con la creaci\u00f3n de P\u00e1gina 10 se pretende abrir un escenario para el dialogo, la reflexi\u00f3n y el debate que se extienda a otras geograf\u00edas de Am\u00e9rica Latina y del planeta, en una apuesta por transformar colectivamente los desaf\u00edos de un mundo contempor\u00e1neo, m\u00e1s all\u00e1 de las fronteras impuestas.\",\"url\":\"https:\/\/pagina10.com\/web\/author\/pdiezadmin\/\"}]}<\/script>\n<!-- \/ Yoast SEO plugin. -->","yoast_head_json":{"title":"En Tumaco buscan a adolescente desaparecida desde hace cinco d\u00edas | P\u00e1gina10","robots":{"index":"index","follow":"follow","max-snippet":"max-snippet:-1","max-image-preview":"max-image-preview:large","max-video-preview":"max-video-preview:-1"},"canonical":"https:\/\/pagina10.com\/web\/en-tumaco-buscan-a-adolescente-desaparecida-desde-hace-cinco-dias\/","og_locale":"es_ES","og_type":"article","og_title":"En Tumaco buscan a adolescente desaparecida desde hace cinco d\u00edas | P\u00e1gina10","og_description":"En un intento desesperado por llamar la atenci\u00f3n de las autoridades, los familiares y amigos de Yesica Suyanca Arizala Cuero, adolescente de 14 a\u00f1os quien lleva desparecida cinco d\u00edas, cerraron la v\u00eda que comunica al distrito especial de Tumaco con el municipio de Pasto. Sus allegados manifestaron que la \u00faltima vez fue vista en la [&hellip;]","og_url":"https:\/\/pagina10.com\/web\/en-tumaco-buscan-a-adolescente-desaparecida-desde-hace-cinco-dias\/","og_site_name":"P\u00e1gina10","article_publisher":"https:\/\/www.facebook.com\/pag10com","article_published_time":"2022-08-26T02:02:38+00:00","article_modified_time":"2022-08-26T02:07:36+00:00","og_image":[{"width":453,"height":377,"url":"https:\/\/pagina10.com\/web\/wp-content\/uploads\/2022\/08\/300873358_489838873144713_7076373785300820172_n-2.jpg","type":"image\/jpeg"}],"author":"P\u00e1gina 10","twitter_card":"summary_large_image","twitter_creator":"@Pag10com","twitter_site":"@Pag10com","twitter_misc":{"Escrito por":"P\u00e1gina 10","Tiempo de lectura":"1 minuto"},"schema":{"@context":"https:\/\/schema.org","@graph":[{"@type":"Article","@id":"https:\/\/pagina10.com\/web\/en-tumaco-buscan-a-adolescente-desaparecida-desde-hace-cinco-dias\/#article","isPartOf":{"@id":"https:\/\/pagina10.com\/web\/en-tumaco-buscan-a-adolescente-desaparecida-desde-hace-cinco-dias\/"},"author":{"name":"P\u00e1gina 10","@id":"https:\/\/pagina10.com\/web\/#\/schema\/person\/2efc4a090d25b667d3bc796798a3a81b"},"headline":"En Tumaco buscan a adolescente desaparecida desde hace cinco d\u00edas","datePublished":"2022-08-26T02:02:38+00:00","dateModified":"2022-08-26T02:07:36+00:00","mainEntityOfPage":{"@id":"https:\/\/pagina10.com\/web\/en-tumaco-buscan-a-adolescente-desaparecida-desde-hace-cinco-dias\/"},"wordCount":154,"commentCount":0,"publisher":{"@id":"https:\/\/pagina10.com\/web\/#organization"},"image":{"@id":"https:\/\/pagina10.com\/web\/en-tumaco-buscan-a-adolescente-desaparecida-desde-hace-cinco-dias\/#primaryimage"},"thumbnailUrl":"https:\/\/pagina10.com\/web\/wp-content\/uploads\/2022\/08\/300873358_489838873144713_7076373785300820172_n-2.jpg","articleSection":["Judicial"],"inLanguage":"es","potentialAction":[{"@type":"CommentAction","name":"Comment","target":["https:\/\/pagina10.com\/web\/en-tumaco-buscan-a-adolescente-desaparecida-desde-hace-cinco-dias\/#respond"]}]},{"@type":"WebPage","@id":"https:\/\/pagina10.com\/web\/en-tumaco-buscan-a-adolescente-desaparecida-desde-hace-cinco-dias\/","url":"https:\/\/pagina10.com\/web\/en-tumaco-buscan-a-adolescente-desaparecida-desde-hace-cinco-dias\/","name":"En Tumaco buscan a adolescente desaparecida desde hace cinco d\u00edas | P\u00e1gina10","isPartOf":{"@id":"https:\/\/pagina10.com\/web\/#website"},"primaryImageOfPage":{"@id":"https:\/\/pagina10.com\/web\/en-tumaco-buscan-a-adolescente-desaparecida-desde-hace-cinco-dias\/#primaryimage"},"image":{"@id":"https:\/\/pagina10.com\/web\/en-tumaco-buscan-a-adolescente-desaparecida-desde-hace-cinco-dias\/#primaryimage"},"thumbnailUrl":"https:\/\/pagina10.com\/web\/wp-content\/uploads\/2022\/08\/300873358_489838873144713_7076373785300820172_n-2.jpg","datePublished":"2022-08-26T02:02:38+00:00","dateModified":"2022-08-26T02:07:36+00:00","breadcrumb":{"@id":"https:\/\/pagina10.com\/web\/en-tumaco-buscan-a-adolescente-desaparecida-desde-hace-cinco-dias\/#breadcrumb"},"inLanguage":"es","potentialAction":[{"@type":"ReadAction","target":["https:\/\/pagina10.com\/web\/en-tumaco-buscan-a-adolescente-desaparecida-desde-hace-cinco-dias\/"]}]},{"@type":"ImageObject","inLanguage":"es","@id":"https:\/\/pagina10.com\/web\/en-tumaco-buscan-a-adolescente-desaparecida-desde-hace-cinco-dias\/#primaryimage","url":"https:\/\/pagina10.com\/web\/wp-content\/uploads\/2022\/08\/300873358_489838873144713_7076373785300820172_n-2.jpg","contentUrl":"https:\/\/pagina10.com\/web\/wp-content\/uploads\/2022\/08\/300873358_489838873144713_7076373785300820172_n-2.jpg","width":453,"height":377},{"@type":"BreadcrumbList","@id":"https:\/\/pagina10.com\/web\/en-tumaco-buscan-a-adolescente-desaparecida-desde-hace-cinco-dias\/#breadcrumb","itemListElement":[{"@type":"ListItem","position":1,"name":"Portada","item":"https:\/\/pagina10.com\/web\/"},{"@type":"ListItem","position":2,"name":"En Tumaco buscan a adolescente desaparecida desde hace cinco d\u00edas"}]},{"@type":"WebSite","@id":"https:\/\/pagina10.com\/web\/#website","url":"https:\/\/pagina10.com\/web\/","name":"P\u00e1gina10","description":"Peri\u00f3dico Regional","publisher":{"@id":"https:\/\/pagina10.com\/web\/#organization"},"alternateName":"P\u00e1gina10 Peri\u00f3dico Regional","potentialAction":[{"@type":"SearchAction","target":{"@type":"EntryPoint","urlTemplate":"https:\/\/pagina10.com\/web\/?s={search_term_string}"},"query-input":{"@type":"PropertyValueSpecification","valueRequired":true,"valueName":"search_term_string"}}],"inLanguage":"es"},{"@type":"Organization","@id":"https:\/\/pagina10.com\/web\/#organization","name":"P\u00e1gina10","alternateName":"P\u00e1gina10 Peri\u00f3dico Regional","url":"https:\/\/pagina10.com\/web\/","logo":{"@type":"ImageObject","inLanguage":"es","@id":"https:\/\/pagina10.com\/web\/#\/schema\/logo\/image\/","url":"https:\/\/pagina10.com\/web\/wp-content\/uploads\/2024\/01\/40-pagina-10-periodico-regional-pasto.jpg","contentUrl":"https:\/\/pagina10.com\/web\/wp-content\/uploads\/2024\/01\/40-pagina-10-periodico-regional-pasto.jpg","width":1280,"height":720,"caption":"P\u00e1gina10"},"image":{"@id":"https:\/\/pagina10.com\/web\/#\/schema\/logo\/image\/"},"sameAs":["https:\/\/www.facebook.com\/pag10com","https:\/\/x.com\/Pag10com","https:\/\/www.instagram.com\/pagina10col\/","https:\/\/youtube.com\/channel\/pag10","https:\/\/www.tiktok.com\/@p10col"]},{"@type":"Person","@id":"https:\/\/pagina10.com\/web\/#\/schema\/person\/2efc4a090d25b667d3bc796798a3a81b","name":"P\u00e1gina 10","description":"P\u00e1gina 10 es un peri\u00f3dico regional que nace en Colombia, en el departamento de Nari\u00f1o, con un enfoque global, fundamentado en cuatro pilares esenciales: la libertad, el pluralismo, la inclusi\u00f3n y la independencia. P\u00e1gina 10 hace referencia a Nari\u00f1o como el d\u00e9cimo departamento creado en Colombia, despu\u00e9s de un proceso pol\u00edtico liderado por actores y actrices regionales con el fin de obtener la independencia y autonom\u00eda de nuestros territorios. Con la creaci\u00f3n de P\u00e1gina 10 se pretende abrir un escenario para el dialogo, la reflexi\u00f3n y el debate que se extienda a otras geograf\u00edas de Am\u00e9rica Latina y del planeta, en una apuesta por transformar colectivamente los desaf\u00edos de un mundo contempor\u00e1neo, m\u00e1s all\u00e1 de las fronteras impuestas.","url":"https:\/\/pagina10.com\/web\/author\/pdiezadmin\/"}]}},"_links":{"self":[{"href":"https:\/\/pagina10.com\/web\/wp-json\/wp\/v2\/posts\/61285","targetHints":{"allow":["GET"]}}],"collection":[{"href":"https:\/\/pagina10.com\/web\/wp-json\/wp\/v2\/posts"}],"about":[{"href":"https:\/\/pagina10.com\/web\/wp-json\/wp\/v2\/types\/post"}],"author":[{"embeddable":true,"href":"https:\/\/pagina10.com\/web\/wp-json\/wp\/v2\/users\/1"}],"replies":[{"embeddable":true,"href":"https:\/\/pagina10.com\/web\/wp-json\/wp\/v2\/comments?post=61285"}],"version-history":[{"count":4,"href":"https:\/\/pagina10.com\/web\/wp-json\/wp\/v2\/posts\/61285\/revisions"}],"predecessor-version":[{"id":61293,"href":"https:\/\/pagina10.com\/web\/wp-json\/wp\/v2\/posts\/61285\/revisions\/61293"}],"wp:featuredmedia":[{"embeddable":true,"href":"https:\/\/pagina10.com\/web\/wp-json\/wp\/v2\/media\/61294"}],"wp:attachment":[{"href":"https:\/\/pagina10.com\/web\/wp-json\/wp\/v2\/media?parent=61285"}],"wp:term":[{"taxonomy":"category","embeddable":true,"href":"https:\/\/pagina10.com\/web\/wp-json\/wp\/v2\/categories?post=61285"},{"taxonomy":"post_tag","embeddable":true,"href":"https:\/\/pagina10.com\/web\/wp-json\/wp\/v2\/tags?post=61285"}],"curies":[{"name":"wp","href":"https:\/\/api.w.org\/{rel}","templated":true}]}}