{"id":61298,"date":"2022-08-26T12:43:31","date_gmt":"2022-08-26T17:43:31","guid":{"rendered":"https:\/\/pagina10.com\/web\/?p=61298"},"modified":"2022-08-26T12:43:31","modified_gmt":"2022-08-26T17:43:31","slug":"alcalde-de-alban-pide-investigar-irregularidades-en-construccion-de-300-viviendas-para-damnificados-por-ola-invernal","status":"publish","type":"post","link":"https:\/\/pagina10.com\/web\/alcalde-de-alban-pide-investigar-irregularidades-en-construccion-de-300-viviendas-para-damnificados-por-ola-invernal\/","title":{"rendered":"Alcalde de Alb\u00e1n pide investigar irregularidades en construcci\u00f3n de 300 viviendas para damnificados por ola invernal"},"content":{"rendered":"<p style=\"text-align: justify;\">Saulo Moreno, alcalde de Alb\u00e1n en el norte de Nari\u00f1o, pidi\u00f3 a los organismos de control investigar a donde fueron a parar los m\u00e1s de $22 mil millones que fueron designados para la construcci\u00f3n de 300 viviendas por parte de Comfenalco Valle y el Consorcio Sarco Publi-obras.<\/p>\n<p style=\"text-align: justify;\">Seg\u00fan el mandatario, las familias afectadas esperan recibir sus nuevos hogares desde el 2010. Sin embargo, nadie les da respuesta alguna sobre el avance de la obra. Moreno hizo un llamado a las autoridades para que adelanten acciones concretas que permitan conocer el porqu\u00e9 de dicho incumplimiento.<\/p>\n<p style=\"text-align: justify;\">\u201cSon familias de escasos recursos las que necesitan una nueva vivienda, pero nadie nos da respuesta. Esperamos que los entes de control asuman esta situaci\u00f3n y que no se dilaten m\u00e1s el proceso de ejecuci\u00f3n de las obras. Las v\u00edctimas de la ola invernal no aguantan m\u00e1s\u201d, se\u00f1al\u00f3 el mandatario.<\/p>\n","protected":false},"excerpt":{"rendered":"<p>Saulo Moreno, alcalde de Alb\u00e1n en el norte de Nari\u00f1o, pidi\u00f3 a los organismos de control investigar a donde fueron a parar los m\u00e1s de $22 mil millones que fueron designados para la construcci\u00f3n de 300 viviendas por parte de Comfenalco Valle y el Consorcio Sarco Publi-obras. Seg\u00fan el mandatario, las familias afectadas esperan recibir [&hellip;]<\/p>\n","protected":false},"author":1,"featured_media":61299,"comment_status":"open","ping_status":"open","sticky":false,"template":"","format":"standard","meta":{"footnotes":""},"categories":[53],"tags":[],"class_list":["post-61298","post","type-post","status-publish","format-standard","has-post-thumbnail","hentry","category-regiones"],"yoast_head":"<!-- This site is optimized with the Yoast SEO plugin v27.1.1 - https:\/\/yoast.com\/product\/yoast-seo-wordpress\/ -->\n<title>Alcalde de Alb\u00e1n pide investigar irregularidades en construcci\u00f3n de 300 viviendas para damnificados por ola invernal | P\u00e1gina10<\/title>\n<meta name=\"robots\" content=\"index, follow, max-snippet:-1, max-image-preview:large, max-video-preview:-1\" \/>\n<link rel=\"canonical\" href=\"https:\/\/pagina10.com\/web\/alcalde-de-alban-pide-investigar-irregularidades-en-construccion-de-300-viviendas-para-damnificados-por-ola-invernal\/\" \/>\n<meta property=\"og:locale\" content=\"es_ES\" \/>\n<meta property=\"og:type\" content=\"article\" \/>\n<meta property=\"og:title\" content=\"Alcalde de Alb\u00e1n pide investigar irregularidades en construcci\u00f3n de 300 viviendas para damnificados por ola invernal | P\u00e1gina10\" \/>\n<meta property=\"og:description\" content=\"Saulo Moreno, alcalde de Alb\u00e1n en el norte de Nari\u00f1o, pidi\u00f3 a los organismos de control investigar a donde fueron a parar los m\u00e1s de $22 mil millones que fueron designados para la construcci\u00f3n de 300 viviendas por parte de Comfenalco Valle y el Consorcio Sarco Publi-obras. Seg\u00fan el mandatario, las familias afectadas esperan recibir [&hellip;]\" \/>\n<meta property=\"og:url\" content=\"https:\/\/pagina10.com\/web\/alcalde-de-alban-pide-investigar-irregularidades-en-construccion-de-300-viviendas-para-damnificados-por-ola-invernal\/\" \/>\n<meta property=\"og:site_name\" content=\"P\u00e1gina10\" \/>\n<meta property=\"article:publisher\" content=\"https:\/\/www.facebook.com\/pag10com\" \/>\n<meta property=\"article:published_time\" content=\"2022-08-26T17:43:31+00:00\" \/>\n<meta property=\"og:image\" content=\"https:\/\/pagina10.com\/web\/wp-content\/uploads\/2022\/08\/Alban-Alcaldia.jpg\" \/>\n\t<meta property=\"og:image:width\" content=\"800\" \/>\n\t<meta property=\"og:image:height\" content=\"600\" \/>\n\t<meta property=\"og:image:type\" content=\"image\/jpeg\" \/>\n<meta name=\"author\" content=\"P\u00e1gina 10\" \/>\n<meta name=\"twitter:card\" content=\"summary_large_image\" \/>\n<meta name=\"twitter:creator\" content=\"@Pag10com\" \/>\n<meta name=\"twitter:site\" content=\"@Pag10com\" \/>\n<meta name=\"twitter:label1\" content=\"Escrito por\" \/>\n\t<meta name=\"twitter:data1\" content=\"P\u00e1gina 10\" \/>\n\t<meta name=\"twitter:label2\" content=\"Tiempo de lectura\" \/>\n\t<meta name=\"twitter:data2\" content=\"1 minuto\" \/>\n<script type=\"application\/ld+json\" class=\"yoast-schema-graph\">{\"@context\":\"https:\/\/schema.org\",\"@graph\":[{\"@type\":\"Article\",\"@id\":\"https:\/\/pagina10.com\/web\/alcalde-de-alban-pide-investigar-irregularidades-en-construccion-de-300-viviendas-para-damnificados-por-ola-invernal\/#article\",\"isPartOf\":{\"@id\":\"https:\/\/pagina10.com\/web\/alcalde-de-alban-pide-investigar-irregularidades-en-construccion-de-300-viviendas-para-damnificados-por-ola-invernal\/\"},\"author\":{\"name\":\"P\u00e1gina 10\",\"@id\":\"https:\/\/pagina10.com\/web\/#\/schema\/person\/2efc4a090d25b667d3bc796798a3a81b\"},\"headline\":\"Alcalde de Alb\u00e1n pide investigar irregularidades en construcci\u00f3n de 300 viviendas para damnificados por ola invernal\",\"datePublished\":\"2022-08-26T17:43:31+00:00\",\"mainEntityOfPage\":{\"@id\":\"https:\/\/pagina10.com\/web\/alcalde-de-alban-pide-investigar-irregularidades-en-construccion-de-300-viviendas-para-damnificados-por-ola-invernal\/\"},\"wordCount\":169,\"commentCount\":0,\"publisher\":{\"@id\":\"https:\/\/pagina10.com\/web\/#organization\"},\"image\":{\"@id\":\"https:\/\/pagina10.com\/web\/alcalde-de-alban-pide-investigar-irregularidades-en-construccion-de-300-viviendas-para-damnificados-por-ola-invernal\/#primaryimage\"},\"thumbnailUrl\":\"https:\/\/pagina10.com\/web\/wp-content\/uploads\/2022\/08\/Alban-Alcaldia.jpg\",\"articleSection\":[\"Regiones\"],\"inLanguage\":\"es\",\"potentialAction\":[{\"@type\":\"CommentAction\",\"name\":\"Comment\",\"target\":[\"https:\/\/pagina10.com\/web\/alcalde-de-alban-pide-investigar-irregularidades-en-construccion-de-300-viviendas-para-damnificados-por-ola-invernal\/#respond\"]}]},{\"@type\":\"WebPage\",\"@id\":\"https:\/\/pagina10.com\/web\/alcalde-de-alban-pide-investigar-irregularidades-en-construccion-de-300-viviendas-para-damnificados-por-ola-invernal\/\",\"url\":\"https:\/\/pagina10.com\/web\/alcalde-de-alban-pide-investigar-irregularidades-en-construccion-de-300-viviendas-para-damnificados-por-ola-invernal\/\",\"name\":\"Alcalde de Alb\u00e1n pide investigar irregularidades en construcci\u00f3n de 300 viviendas para damnificados por ola invernal | P\u00e1gina10\",\"isPartOf\":{\"@id\":\"https:\/\/pagina10.com\/web\/#website\"},\"primaryImageOfPage\":{\"@id\":\"https:\/\/pagina10.com\/web\/alcalde-de-alban-pide-investigar-irregularidades-en-construccion-de-300-viviendas-para-damnificados-por-ola-invernal\/#primaryimage\"},\"image\":{\"@id\":\"https:\/\/pagina10.com\/web\/alcalde-de-alban-pide-investigar-irregularidades-en-construccion-de-300-viviendas-para-damnificados-por-ola-invernal\/#primaryimage\"},\"thumbnailUrl\":\"https:\/\/pagina10.com\/web\/wp-content\/uploads\/2022\/08\/Alban-Alcaldia.jpg\",\"datePublished\":\"2022-08-26T17:43:31+00:00\",\"breadcrumb\":{\"@id\":\"https:\/\/pagina10.com\/web\/alcalde-de-alban-pide-investigar-irregularidades-en-construccion-de-300-viviendas-para-damnificados-por-ola-invernal\/#breadcrumb\"},\"inLanguage\":\"es\",\"potentialAction\":[{\"@type\":\"ReadAction\",\"target\":[\"https:\/\/pagina10.com\/web\/alcalde-de-alban-pide-investigar-irregularidades-en-construccion-de-300-viviendas-para-damnificados-por-ola-invernal\/\"]}]},{\"@type\":\"ImageObject\",\"inLanguage\":\"es\",\"@id\":\"https:\/\/pagina10.com\/web\/alcalde-de-alban-pide-investigar-irregularidades-en-construccion-de-300-viviendas-para-damnificados-por-ola-invernal\/#primaryimage\",\"url\":\"https:\/\/pagina10.com\/web\/wp-content\/uploads\/2022\/08\/Alban-Alcaldia.jpg\",\"contentUrl\":\"https:\/\/pagina10.com\/web\/wp-content\/uploads\/2022\/08\/Alban-Alcaldia.jpg\",\"width\":800,\"height\":600},{\"@type\":\"BreadcrumbList\",\"@id\":\"https:\/\/pagina10.com\/web\/alcalde-de-alban-pide-investigar-irregularidades-en-construccion-de-300-viviendas-para-damnificados-por-ola-invernal\/#breadcrumb\",\"itemListElement\":[{\"@type\":\"ListItem\",\"position\":1,\"name\":\"Portada\",\"item\":\"https:\/\/pagina10.com\/web\/\"},{\"@type\":\"ListItem\",\"position\":2,\"name\":\"Alcalde de Alb\u00e1n pide investigar irregularidades en construcci\u00f3n de 300 viviendas para damnificados por ola invernal\"}]},{\"@type\":\"WebSite\",\"@id\":\"https:\/\/pagina10.com\/web\/#website\",\"url\":\"https:\/\/pagina10.com\/web\/\",\"name\":\"P\u00e1gina10\",\"description\":\"Peri\u00f3dico Regional\",\"publisher\":{\"@id\":\"https:\/\/pagina10.com\/web\/#organization\"},\"alternateName\":\"P\u00e1gina10 Peri\u00f3dico Regional\",\"potentialAction\":[{\"@type\":\"SearchAction\",\"target\":{\"@type\":\"EntryPoint\",\"urlTemplate\":\"https:\/\/pagina10.com\/web\/?s={search_term_string}\"},\"query-input\":{\"@type\":\"PropertyValueSpecification\",\"valueRequired\":true,\"valueName\":\"search_term_string\"}}],\"inLanguage\":\"es\"},{\"@type\":\"Organization\",\"@id\":\"https:\/\/pagina10.com\/web\/#organization\",\"name\":\"P\u00e1gina10\",\"alternateName\":\"P\u00e1gina10 Peri\u00f3dico Regional\",\"url\":\"https:\/\/pagina10.com\/web\/\",\"logo\":{\"@type\":\"ImageObject\",\"inLanguage\":\"es\",\"@id\":\"https:\/\/pagina10.com\/web\/#\/schema\/logo\/image\/\",\"url\":\"https:\/\/pagina10.com\/web\/wp-content\/uploads\/2024\/01\/40-pagina-10-periodico-regional-pasto.jpg\",\"contentUrl\":\"https:\/\/pagina10.com\/web\/wp-content\/uploads\/2024\/01\/40-pagina-10-periodico-regional-pasto.jpg\",\"width\":1280,\"height\":720,\"caption\":\"P\u00e1gina10\"},\"image\":{\"@id\":\"https:\/\/pagina10.com\/web\/#\/schema\/logo\/image\/\"},\"sameAs\":[\"https:\/\/www.facebook.com\/pag10com\",\"https:\/\/x.com\/Pag10com\",\"https:\/\/www.instagram.com\/pagina10col\/\",\"https:\/\/youtube.com\/channel\/pag10\",\"https:\/\/www.tiktok.com\/@p10col\"]},{\"@type\":\"Person\",\"@id\":\"https:\/\/pagina10.com\/web\/#\/schema\/person\/2efc4a090d25b667d3bc796798a3a81b\",\"name\":\"P\u00e1gina 10\",\"description\":\"P\u00e1gina 10 es un peri\u00f3dico regional que nace en Colombia, en el departamento de Nari\u00f1o, con un enfoque global, fundamentado en cuatro pilares esenciales: la libertad, el pluralismo, la inclusi\u00f3n y la independencia. P\u00e1gina 10 hace referencia a Nari\u00f1o como el d\u00e9cimo departamento creado en Colombia, despu\u00e9s de un proceso pol\u00edtico liderado por actores y actrices regionales con el fin de obtener la independencia y autonom\u00eda de nuestros territorios. Con la creaci\u00f3n de P\u00e1gina 10 se pretende abrir un escenario para el dialogo, la reflexi\u00f3n y el debate que se extienda a otras geograf\u00edas de Am\u00e9rica Latina y del planeta, en una apuesta por transformar colectivamente los desaf\u00edos de un mundo contempor\u00e1neo, m\u00e1s all\u00e1 de las fronteras impuestas.\",\"url\":\"https:\/\/pagina10.com\/web\/author\/pdiezadmin\/\"}]}<\/script>\n<!-- \/ Yoast SEO plugin. -->","yoast_head_json":{"title":"Alcalde de Alb\u00e1n pide investigar irregularidades en construcci\u00f3n de 300 viviendas para damnificados por ola invernal | P\u00e1gina10","robots":{"index":"index","follow":"follow","max-snippet":"max-snippet:-1","max-image-preview":"max-image-preview:large","max-video-preview":"max-video-preview:-1"},"canonical":"https:\/\/pagina10.com\/web\/alcalde-de-alban-pide-investigar-irregularidades-en-construccion-de-300-viviendas-para-damnificados-por-ola-invernal\/","og_locale":"es_ES","og_type":"article","og_title":"Alcalde de Alb\u00e1n pide investigar irregularidades en construcci\u00f3n de 300 viviendas para damnificados por ola invernal | P\u00e1gina10","og_description":"Saulo Moreno, alcalde de Alb\u00e1n en el norte de Nari\u00f1o, pidi\u00f3 a los organismos de control investigar a donde fueron a parar los m\u00e1s de $22 mil millones que fueron designados para la construcci\u00f3n de 300 viviendas por parte de Comfenalco Valle y el Consorcio Sarco Publi-obras. Seg\u00fan el mandatario, las familias afectadas esperan recibir [&hellip;]","og_url":"https:\/\/pagina10.com\/web\/alcalde-de-alban-pide-investigar-irregularidades-en-construccion-de-300-viviendas-para-damnificados-por-ola-invernal\/","og_site_name":"P\u00e1gina10","article_publisher":"https:\/\/www.facebook.com\/pag10com","article_published_time":"2022-08-26T17:43:31+00:00","og_image":[{"width":800,"height":600,"url":"https:\/\/pagina10.com\/web\/wp-content\/uploads\/2022\/08\/Alban-Alcaldia.jpg","type":"image\/jpeg"}],"author":"P\u00e1gina 10","twitter_card":"summary_large_image","twitter_creator":"@Pag10com","twitter_site":"@Pag10com","twitter_misc":{"Escrito por":"P\u00e1gina 10","Tiempo de lectura":"1 minuto"},"schema":{"@context":"https:\/\/schema.org","@graph":[{"@type":"Article","@id":"https:\/\/pagina10.com\/web\/alcalde-de-alban-pide-investigar-irregularidades-en-construccion-de-300-viviendas-para-damnificados-por-ola-invernal\/#article","isPartOf":{"@id":"https:\/\/pagina10.com\/web\/alcalde-de-alban-pide-investigar-irregularidades-en-construccion-de-300-viviendas-para-damnificados-por-ola-invernal\/"},"author":{"name":"P\u00e1gina 10","@id":"https:\/\/pagina10.com\/web\/#\/schema\/person\/2efc4a090d25b667d3bc796798a3a81b"},"headline":"Alcalde de Alb\u00e1n pide investigar irregularidades en construcci\u00f3n de 300 viviendas para damnificados por ola invernal","datePublished":"2022-08-26T17:43:31+00:00","mainEntityOfPage":{"@id":"https:\/\/pagina10.com\/web\/alcalde-de-alban-pide-investigar-irregularidades-en-construccion-de-300-viviendas-para-damnificados-por-ola-invernal\/"},"wordCount":169,"commentCount":0,"publisher":{"@id":"https:\/\/pagina10.com\/web\/#organization"},"image":{"@id":"https:\/\/pagina10.com\/web\/alcalde-de-alban-pide-investigar-irregularidades-en-construccion-de-300-viviendas-para-damnificados-por-ola-invernal\/#primaryimage"},"thumbnailUrl":"https:\/\/pagina10.com\/web\/wp-content\/uploads\/2022\/08\/Alban-Alcaldia.jpg","articleSection":["Regiones"],"inLanguage":"es","potentialAction":[{"@type":"CommentAction","name":"Comment","target":["https:\/\/pagina10.com\/web\/alcalde-de-alban-pide-investigar-irregularidades-en-construccion-de-300-viviendas-para-damnificados-por-ola-invernal\/#respond"]}]},{"@type":"WebPage","@id":"https:\/\/pagina10.com\/web\/alcalde-de-alban-pide-investigar-irregularidades-en-construccion-de-300-viviendas-para-damnificados-por-ola-invernal\/","url":"https:\/\/pagina10.com\/web\/alcalde-de-alban-pide-investigar-irregularidades-en-construccion-de-300-viviendas-para-damnificados-por-ola-invernal\/","name":"Alcalde de Alb\u00e1n pide investigar irregularidades en construcci\u00f3n de 300 viviendas para damnificados por ola invernal | P\u00e1gina10","isPartOf":{"@id":"https:\/\/pagina10.com\/web\/#website"},"primaryImageOfPage":{"@id":"https:\/\/pagina10.com\/web\/alcalde-de-alban-pide-investigar-irregularidades-en-construccion-de-300-viviendas-para-damnificados-por-ola-invernal\/#primaryimage"},"image":{"@id":"https:\/\/pagina10.com\/web\/alcalde-de-alban-pide-investigar-irregularidades-en-construccion-de-300-viviendas-para-damnificados-por-ola-invernal\/#primaryimage"},"thumbnailUrl":"https:\/\/pagina10.com\/web\/wp-content\/uploads\/2022\/08\/Alban-Alcaldia.jpg","datePublished":"2022-08-26T17:43:31+00:00","breadcrumb":{"@id":"https:\/\/pagina10.com\/web\/alcalde-de-alban-pide-investigar-irregularidades-en-construccion-de-300-viviendas-para-damnificados-por-ola-invernal\/#breadcrumb"},"inLanguage":"es","potentialAction":[{"@type":"ReadAction","target":["https:\/\/pagina10.com\/web\/alcalde-de-alban-pide-investigar-irregularidades-en-construccion-de-300-viviendas-para-damnificados-por-ola-invernal\/"]}]},{"@type":"ImageObject","inLanguage":"es","@id":"https:\/\/pagina10.com\/web\/alcalde-de-alban-pide-investigar-irregularidades-en-construccion-de-300-viviendas-para-damnificados-por-ola-invernal\/#primaryimage","url":"https:\/\/pagina10.com\/web\/wp-content\/uploads\/2022\/08\/Alban-Alcaldia.jpg","contentUrl":"https:\/\/pagina10.com\/web\/wp-content\/uploads\/2022\/08\/Alban-Alcaldia.jpg","width":800,"height":600},{"@type":"BreadcrumbList","@id":"https:\/\/pagina10.com\/web\/alcalde-de-alban-pide-investigar-irregularidades-en-construccion-de-300-viviendas-para-damnificados-por-ola-invernal\/#breadcrumb","itemListElement":[{"@type":"ListItem","position":1,"name":"Portada","item":"https:\/\/pagina10.com\/web\/"},{"@type":"ListItem","position":2,"name":"Alcalde de Alb\u00e1n pide investigar irregularidades en construcci\u00f3n de 300 viviendas para damnificados por ola invernal"}]},{"@type":"WebSite","@id":"https:\/\/pagina10.com\/web\/#website","url":"https:\/\/pagina10.com\/web\/","name":"P\u00e1gina10","description":"Peri\u00f3dico Regional","publisher":{"@id":"https:\/\/pagina10.com\/web\/#organization"},"alternateName":"P\u00e1gina10 Peri\u00f3dico Regional","potentialAction":[{"@type":"SearchAction","target":{"@type":"EntryPoint","urlTemplate":"https:\/\/pagina10.com\/web\/?s={search_term_string}"},"query-input":{"@type":"PropertyValueSpecification","valueRequired":true,"valueName":"search_term_string"}}],"inLanguage":"es"},{"@type":"Organization","@id":"https:\/\/pagina10.com\/web\/#organization","name":"P\u00e1gina10","alternateName":"P\u00e1gina10 Peri\u00f3dico Regional","url":"https:\/\/pagina10.com\/web\/","logo":{"@type":"ImageObject","inLanguage":"es","@id":"https:\/\/pagina10.com\/web\/#\/schema\/logo\/image\/","url":"https:\/\/pagina10.com\/web\/wp-content\/uploads\/2024\/01\/40-pagina-10-periodico-regional-pasto.jpg","contentUrl":"https:\/\/pagina10.com\/web\/wp-content\/uploads\/2024\/01\/40-pagina-10-periodico-regional-pasto.jpg","width":1280,"height":720,"caption":"P\u00e1gina10"},"image":{"@id":"https:\/\/pagina10.com\/web\/#\/schema\/logo\/image\/"},"sameAs":["https:\/\/www.facebook.com\/pag10com","https:\/\/x.com\/Pag10com","https:\/\/www.instagram.com\/pagina10col\/","https:\/\/youtube.com\/channel\/pag10","https:\/\/www.tiktok.com\/@p10col"]},{"@type":"Person","@id":"https:\/\/pagina10.com\/web\/#\/schema\/person\/2efc4a090d25b667d3bc796798a3a81b","name":"P\u00e1gina 10","description":"P\u00e1gina 10 es un peri\u00f3dico regional que nace en Colombia, en el departamento de Nari\u00f1o, con un enfoque global, fundamentado en cuatro pilares esenciales: la libertad, el pluralismo, la inclusi\u00f3n y la independencia. P\u00e1gina 10 hace referencia a Nari\u00f1o como el d\u00e9cimo departamento creado en Colombia, despu\u00e9s de un proceso pol\u00edtico liderado por actores y actrices regionales con el fin de obtener la independencia y autonom\u00eda de nuestros territorios. Con la creaci\u00f3n de P\u00e1gina 10 se pretende abrir un escenario para el dialogo, la reflexi\u00f3n y el debate que se extienda a otras geograf\u00edas de Am\u00e9rica Latina y del planeta, en una apuesta por transformar colectivamente los desaf\u00edos de un mundo contempor\u00e1neo, m\u00e1s all\u00e1 de las fronteras impuestas.","url":"https:\/\/pagina10.com\/web\/author\/pdiezadmin\/"}]}},"_links":{"self":[{"href":"https:\/\/pagina10.com\/web\/wp-json\/wp\/v2\/posts\/61298","targetHints":{"allow":["GET"]}}],"collection":[{"href":"https:\/\/pagina10.com\/web\/wp-json\/wp\/v2\/posts"}],"about":[{"href":"https:\/\/pagina10.com\/web\/wp-json\/wp\/v2\/types\/post"}],"author":[{"embeddable":true,"href":"https:\/\/pagina10.com\/web\/wp-json\/wp\/v2\/users\/1"}],"replies":[{"embeddable":true,"href":"https:\/\/pagina10.com\/web\/wp-json\/wp\/v2\/comments?post=61298"}],"version-history":[{"count":1,"href":"https:\/\/pagina10.com\/web\/wp-json\/wp\/v2\/posts\/61298\/revisions"}],"predecessor-version":[{"id":61300,"href":"https:\/\/pagina10.com\/web\/wp-json\/wp\/v2\/posts\/61298\/revisions\/61300"}],"wp:featuredmedia":[{"embeddable":true,"href":"https:\/\/pagina10.com\/web\/wp-json\/wp\/v2\/media\/61299"}],"wp:attachment":[{"href":"https:\/\/pagina10.com\/web\/wp-json\/wp\/v2\/media?parent=61298"}],"wp:term":[{"taxonomy":"category","embeddable":true,"href":"https:\/\/pagina10.com\/web\/wp-json\/wp\/v2\/categories?post=61298"},{"taxonomy":"post_tag","embeddable":true,"href":"https:\/\/pagina10.com\/web\/wp-json\/wp\/v2\/tags?post=61298"}],"curies":[{"name":"wp","href":"https:\/\/api.w.org\/{rel}","templated":true}]}}