{"id":61304,"date":"2022-08-26T14:38:23","date_gmt":"2022-08-26T19:38:23","guid":{"rendered":"https:\/\/pagina10.com\/web\/?p=61304"},"modified":"2022-08-26T14:38:23","modified_gmt":"2022-08-26T19:38:23","slug":"el-ovni-que-colisiono-en-pasto","status":"publish","type":"post","link":"https:\/\/pagina10.com\/web\/el-ovni-que-colisiono-en-pasto\/","title":{"rendered":"El OVNI que colision\u00f3 en Pasto"},"content":{"rendered":"<div>\n<div dir=\"auto\" style=\"text-align: justify;\">En mayo de 1956 los moradores de Aranda, en la ciudad de Pasto, departamento de Nari\u00f1o, sintieron a las ocho y treinta de la noche aproximadamente siete u ocho estallidos en las inmediaciones del cementerio Nuestra Se\u00f1ora de El Carmen. Nubes de color azul intenso. Uno de los testigos comenta que \u201cel espacio se cubri\u00f3 con una espesa nube de humo azul tan intensamente brillante que tuvo que aplicarse en los ojos un pa\u00f1uelo h\u00famedo. Los restos hallados por el se\u00f1or Luna fueron entregados a la Polic\u00eda con el fin de establecer su origen. Las gentes de Aranda se hallan intrigadas con el extra\u00f1o suceso y esperan ansiosas conocer las causas del fen\u00f3meno\u201d.<\/div>\n<div dir=\"auto\" style=\"text-align: justify;\"><a tabindex=\"0\" role=\"link\" href=\"https:\/\/l.facebook.com\/l.php?u=https%3A%2F%2Fyoutu.be%2Flyxa_4w4hA8%3Ffbclid%3DIwAR2vEPnNjSlmSjVka2OHLKMRsCEpDAtx88pHlmZQiTGBm7MWYeMWKwQd9E0&amp;h=AT16FP2d4S-j5xCsob80hY_sVlL52TQbNg5OVQ6ADD6XuSjxEDxHuGTUS2H0xsczGqZiE8d_H4R8VU1DwtKeFPTTkDbE2DWjzgVOKNffbHCBfw82IKRSs9_09UTiAZXAcFezn6s&amp;__tn__=-UK-R&amp;c[0]=AT3OWbpyuehV22jYqlRosrAUShxxizZM_gB3SVdAI6nCdI3s4hsJm43QmLpS5INviQ_1VldEPEvF5kBqmA6whW6Etha3R4CBLbfmqE8dCX-1JTET4AtwXHmZIxy8eeS2vGMWuXddL8NUqkcJW0nlbNOckiHFzDgsqwahGyy1N7cJn8338ALjjw\" target=\"_blank\" rel=\"nofollow noopener\">https:\/\/youtu.be\/lyxa_4w4hA8<\/a><\/div>\n<\/div>\n<div style=\"text-align: justify;\">\n<div dir=\"auto\">Este caso se conoce como El Caso Aranda y fue clasificado durante muchos a\u00f1os. Diversos informes permitieron conocer el extra\u00f1o caso por uf\u00f3logos o estudiosos del fen\u00f3meno OVNI en Colombia que no dudaron en considerar este hecho como el Roswell colombiano. Existen documentos autorizados y fidedignos que permiten comprobar la veracidad de lo acontecido en esa noche de 1956 en la Ciudad de Pasto y concretamente en el Cementerio de Aranda: \u201cEn un informe detallado, elaborado por autoridades militares de Colombia, dice claramente que un objeto volador no identificado se estrell\u00f3 en el cementerio de la ciudad de Pasto, departamento de Nari\u00f1o, en el a\u00f1o 1956. Entonces, los restos fueron debidamente transportados y ocultados por el Servicio de Inteligencia de dicha naci\u00f3n. Dicho informe tambi\u00e9n expone que, al poco tiempo, arribaron equipos especiales de inteligencia de la Fuerza A\u00e9rea estadounidense para encargarse por completo del asunto, clasificando el archivo como Project 10073 y de uso exclusivo de la Central de Inteligencia A\u00e9rea de la base Wright Patterson, localizada en Dayton, Ohio, al mando del Coronel G.W Crabbe. Actualmente, se le conoce como el Caso Aranda\u201d.<\/div>\n<\/div>\n<div style=\"text-align: justify;\">\n<div dir=\"auto\">Por lo inusual del asunto y por tratarse de un tema de inter\u00e9s p\u00fablico, son muchos los medios period\u00edsticos que cubren la informaci\u00f3n, uno de ellos es el peri\u00f3dico &#8220;El intermedio\u201d que el 7 de julio 1956 y en primera p\u00e1gina daba a conocer el hecho de la siguiente manera:<\/div>\n<\/div>\n<div style=\"text-align: justify;\">\n<div dir=\"auto\">\u201c\u00bfPlatillos voladores?<\/div>\n<\/div>\n<div style=\"text-align: justify;\">\n<div dir=\"auto\">Extra\u00f1o objeto hizo una explosi\u00f3n sobre el cementerio de Aranda. Un hombre que trabaja en el cementerio, cuyo nombre es Luna, trajo piezas de metal que se recuperaron tras una serie de explosiones. Dijo que el objeto era como una nube azul y tan brillante que tuvo que protegerse los ojos. Las piezas que encontr\u00f3 fueron entregadas al SIC\u201d.<\/div>\n<\/div>\n<div style=\"text-align: justify;\">\n<div dir=\"auto\">Ante la desclasificaci\u00f3n de muchos archivos por parte de autoridades norteamericanas se ha suscitado una ola de informes e investigaciones que nos han permitido seguir de cerca este inusual accidente de un OVNI en Colombia y concretamente en la ciudad de Pasto. Se hace imposible transcribir o dar a conocer las reacciones de muchos de ellos, citamos solamente uno de estos: \u201cEn el cementerio ubicado en Aranda, oriente de Pasto, se habr\u00eda chocado un ovni, hecho que solo fue revelado despu\u00e9s de 60 a\u00f1os. Fue catalogado como expediente de naturaleza desconocida. El Departamento de Defensa de Estados Unidos recientemente desclasific\u00f3 algunos de los archivos secretos mejor guardados de la Fuerza A\u00e9rea de ese pa\u00eds. Los documentos oficiales de avistamientos de objetos voladores no identificados en todo el continente americano, entre 1950 y 1970, entre estos se encuentran varios casos registrados en Colombia, y uno en particular en Pasto. Este informe del 6 de julio de 1956, elaborado por militares colombianos, dice que se estrell\u00f3 un aparato desconocido en el cementerio de Pasto, Nari\u00f1o, y que los restos fueron llevados a las instalaciones del entonces Servicio de Inteligencia Colombiano. El caso Aranda \u2013 Colombia del 6 de junio de 1956 fue catalogado por la U.S Air Force, dentro del archivo Project 10073, expedientes de naturaleza desconocida de inter\u00e9s militar. La orden de investigar este suceso de car\u00e1cter desconocido en la ciudad de Pasto fue impartida por el Comando Central de Inteligencia A\u00e9rea de la base Wright Patterson, Dayton Ohio, bajo el control del Coronel G.W Crabbe. \u00c9sta es la misma base a\u00e9rea que ha sido vinculada a la existencia del Hangar 18 del cual se ha dicho por parte de ponderados ex-militares funciona como \u00e1rea de custodia para los restos de varias naves extraterrestres estrelladas en nuestro planeta y los cuerpos de algunos de sus ocupantes, entre ellos los supuestos restos del Accidente de Roswell\u201d.<\/div>\n<\/div>\n<div style=\"text-align: justify;\">\n<div dir=\"auto\">De acuerdo a estos documentos y de archivos desclasificados no \u00fanicamente se recogieron piezas extra\u00f1as de este Objeto Volador no Identificado, sino que tambi\u00e9n se capturaron alien\u00edgenas, raz\u00f3n por la cual la reacci\u00f3n de las autoridades militares colombianas y norteamericanas fue inmediata tomando control del lugar y de las evidencias, que, por cierto, fueron abundantes y de innegable existencia. Uno de los testigos, quiz\u00e1 el principal, manifiesta que recogi\u00f3 muchas muestras del platillo volador y las llev\u00f3 a su casa. Algo similar ocurri\u00f3 en Roswell, hasta que las autoridades lograron contener la presencia de los curiosos y apoderarse de los restos; para evitar especulaciones desvirtuaron todo acontecimiento, desprestigiando y ridiculizando a testigos. Caso id\u00e9ntico al citado de Roswell donde se trat\u00f3 de explicar por parte de las autoridades que todo fue una simple equivocaci\u00f3n y se trataba de un globo meteorol\u00f3gico.<\/div>\n<\/div>\n<div style=\"text-align: justify;\">\n<div dir=\"auto\">Como ya lo expresamos, fueron muchos los medios de comunicaci\u00f3n que dieron cuenta del fen\u00f3meno OVNI en la ciudad de Pasto, se citan lugares, presencia de autoridades, emisoras y peri\u00f3dicos y el hallazgo de restos extra\u00f1os y de material no existente en la Tierra: \u201cUno de los medios de prensa nacional m\u00e1s le\u00eddos de esa \u00e9poca en Colombia, era el peri\u00f3dico \u201cEl Intermedio\u201d, mismo que para el 7 de julio de 1956, public\u00f3 en primera p\u00e1gina una noticia con un titular que a la letra dec\u00eda:<\/div>\n<\/div>\n<div style=\"text-align: justify;\">\n<div dir=\"auto\">\u00bfPlatillos voladores?<\/div>\n<\/div>\n<div style=\"text-align: justify;\">\n<div dir=\"auto\">\u201cEXTRA\u00d1O OBJETO HIZO EXPLOSI\u00d3N SOBRE EL CEMENTERIO DE ARANDA\u00bb<\/div>\n<\/div>\n<div style=\"text-align: justify;\">\n<div dir=\"auto\">Las leyendas modernas sobre la existencia de \u201cPlatillos Voladores\u201d, cobraron hoy gran actualidad. En efecto, un se\u00f1or de apellido Luna, quien presta sus servicios en el cementerio de Nuestra Se\u00f1ora del Carmen, en la ciudad de Pasto, se present\u00f3 ayer a la Emisora Ecos de Pasto llevando extra\u00f1os trozos met\u00e1licos, restos al parecer, de un artefacto b\u00e9lico. Las part\u00edculas fueron recogidas en el campo santo, ubicado en Aranda, a eso de las 8 y 30 de la noche despu\u00e9s de ser escuchadas ocho violentas y ensordecedoras explosiones.<\/div>\n<div dir=\"auto\">Dice el se\u00f1or Luna que el espacio se cubri\u00f3 con una espesa nube de humo azul tan intensamente brillante que tuvo que aplicarse en los ojos un pa\u00f1uelo h\u00famedo. Los restos hallados por el se\u00f1or Luna fueron entregados a la Polic\u00eda con el fin de establecer su origen. Las gentes de Aranda se hallan intrigadas con el extra\u00f1o suceso y esperan ansiosas conocer las causas del fen\u00f3meno\u201d.<\/div>\n<\/div>\n<div style=\"text-align: justify;\">\n<div dir=\"auto\">Para los curiosos y seguidores de este tipo de noticias anexo link de un informe en el cual se puede leer de primera fuente los documentos desclasificados y los pormenores de este ROSWELL PASTUSO que a m\u00e1s de uno tiene con los pelos de punta. Esperamos la reacci\u00f3n de algunos de los testigos que, seguramente, han callado durante muchos a\u00f1os su testimonio por temor a parecer orates o seres extraviados mentalmente. La desclasificaci\u00f3n de estos archivos permite abordar este hecho desde una \u00f3ptica diferente y cient\u00edfica.<\/div>\n<\/div>\n<div>\n<div dir=\"auto\" style=\"text-align: justify;\"><a tabindex=\"0\" role=\"link\" href=\"https:\/\/roswellpastuso.blogspot.com\/2019\/01\/documento-desclasificado-usa-caso-ovni.html?fbclid=IwAR3x5e60qt13LTB0i0ImEIyMwH_s88dJoFkj1sHgl9MqtS4NW7kuKb_t6FY\" target=\"_blank\" rel=\"nofollow noopener\">http:\/\/roswellpastuso.blogspot.com\/&#8230;\/documento&#8230;<\/a><\/div>\n<\/div>\n","protected":false},"excerpt":{"rendered":"<p>En mayo de 1956 los moradores de Aranda, en la ciudad de Pasto, departamento de Nari\u00f1o, sintieron a las ocho y treinta de la noche aproximadamente siete u ocho estallidos en las inmediaciones del cementerio Nuestra Se\u00f1ora de El Carmen. Nubes de color azul intenso. Uno de los testigos comenta que \u201cel espacio se cubri\u00f3 [&hellip;]<\/p>\n","protected":false},"author":46,"featured_media":61306,"comment_status":"open","ping_status":"open","sticky":false,"template":"","format":"standard","meta":{"footnotes":""},"categories":[53],"tags":[],"class_list":["post-61304","post","type-post","status-publish","format-standard","has-post-thumbnail","hentry","category-regiones"],"yoast_head":"<!-- This site is optimized with the Yoast SEO plugin v27.1.1 - https:\/\/yoast.com\/product\/yoast-seo-wordpress\/ -->\n<title>El OVNI que colision\u00f3 en Pasto | P\u00e1gina10<\/title>\n<meta name=\"robots\" content=\"index, follow, max-snippet:-1, max-image-preview:large, max-video-preview:-1\" \/>\n<link rel=\"canonical\" href=\"https:\/\/pagina10.com\/web\/el-ovni-que-colisiono-en-pasto\/\" \/>\n<meta property=\"og:locale\" content=\"es_ES\" \/>\n<meta property=\"og:type\" content=\"article\" \/>\n<meta property=\"og:title\" content=\"El OVNI que colision\u00f3 en Pasto | P\u00e1gina10\" \/>\n<meta property=\"og:description\" content=\"En mayo de 1956 los moradores de Aranda, en la ciudad de Pasto, departamento de Nari\u00f1o, sintieron a las ocho y treinta de la noche aproximadamente siete u ocho estallidos en las inmediaciones del cementerio Nuestra Se\u00f1ora de El Carmen. Nubes de color azul intenso. Uno de los testigos comenta que \u201cel espacio se cubri\u00f3 [&hellip;]\" \/>\n<meta property=\"og:url\" content=\"https:\/\/pagina10.com\/web\/el-ovni-que-colisiono-en-pasto\/\" \/>\n<meta property=\"og:site_name\" content=\"P\u00e1gina10\" \/>\n<meta property=\"article:publisher\" content=\"https:\/\/www.facebook.com\/pag10com\" \/>\n<meta property=\"article:published_time\" content=\"2022-08-26T19:38:23+00:00\" \/>\n<meta property=\"og:image\" content=\"https:\/\/pagina10.com\/web\/wp-content\/uploads\/2022\/08\/Captura-de-Pantalla-2022-08-26-a-las-2.37.45-p.-m..png\" \/>\n\t<meta property=\"og:image:width\" content=\"1022\" \/>\n\t<meta property=\"og:image:height\" content=\"507\" \/>\n\t<meta property=\"og:image:type\" content=\"image\/png\" \/>\n<meta name=\"author\" content=\"Pablo Emilio Obando Acosta\" \/>\n<meta name=\"twitter:card\" content=\"summary_large_image\" \/>\n<meta name=\"twitter:creator\" content=\"@Pag10com\" \/>\n<meta name=\"twitter:site\" content=\"@Pag10com\" \/>\n<meta name=\"twitter:label1\" content=\"Escrito por\" \/>\n\t<meta name=\"twitter:data1\" content=\"Pablo Emilio Obando Acosta\" \/>\n\t<meta name=\"twitter:label2\" content=\"Tiempo de lectura\" \/>\n\t<meta name=\"twitter:data2\" content=\"6 minutos\" \/>\n<script type=\"application\/ld+json\" class=\"yoast-schema-graph\">{\"@context\":\"https:\/\/schema.org\",\"@graph\":[{\"@type\":\"Article\",\"@id\":\"https:\/\/pagina10.com\/web\/el-ovni-que-colisiono-en-pasto\/#article\",\"isPartOf\":{\"@id\":\"https:\/\/pagina10.com\/web\/el-ovni-que-colisiono-en-pasto\/\"},\"author\":{\"name\":\"Pablo Emilio Obando Acosta\",\"@id\":\"https:\/\/pagina10.com\/web\/#\/schema\/person\/3d3687c9f037834284853a963ee45123\"},\"headline\":\"El OVNI que colision\u00f3 en Pasto\",\"datePublished\":\"2022-08-26T19:38:23+00:00\",\"mainEntityOfPage\":{\"@id\":\"https:\/\/pagina10.com\/web\/el-ovni-que-colisiono-en-pasto\/\"},\"wordCount\":1276,\"commentCount\":0,\"publisher\":{\"@id\":\"https:\/\/pagina10.com\/web\/#organization\"},\"image\":{\"@id\":\"https:\/\/pagina10.com\/web\/el-ovni-que-colisiono-en-pasto\/#primaryimage\"},\"thumbnailUrl\":\"https:\/\/pagina10.com\/web\/wp-content\/uploads\/2022\/08\/Captura-de-Pantalla-2022-08-26-a-las-2.37.45-p.-m..png\",\"articleSection\":[\"Regiones\"],\"inLanguage\":\"es\",\"potentialAction\":[{\"@type\":\"CommentAction\",\"name\":\"Comment\",\"target\":[\"https:\/\/pagina10.com\/web\/el-ovni-que-colisiono-en-pasto\/#respond\"]}]},{\"@type\":\"WebPage\",\"@id\":\"https:\/\/pagina10.com\/web\/el-ovni-que-colisiono-en-pasto\/\",\"url\":\"https:\/\/pagina10.com\/web\/el-ovni-que-colisiono-en-pasto\/\",\"name\":\"El OVNI que colision\u00f3 en Pasto | P\u00e1gina10\",\"isPartOf\":{\"@id\":\"https:\/\/pagina10.com\/web\/#website\"},\"primaryImageOfPage\":{\"@id\":\"https:\/\/pagina10.com\/web\/el-ovni-que-colisiono-en-pasto\/#primaryimage\"},\"image\":{\"@id\":\"https:\/\/pagina10.com\/web\/el-ovni-que-colisiono-en-pasto\/#primaryimage\"},\"thumbnailUrl\":\"https:\/\/pagina10.com\/web\/wp-content\/uploads\/2022\/08\/Captura-de-Pantalla-2022-08-26-a-las-2.37.45-p.-m..png\",\"datePublished\":\"2022-08-26T19:38:23+00:00\",\"breadcrumb\":{\"@id\":\"https:\/\/pagina10.com\/web\/el-ovni-que-colisiono-en-pasto\/#breadcrumb\"},\"inLanguage\":\"es\",\"potentialAction\":[{\"@type\":\"ReadAction\",\"target\":[\"https:\/\/pagina10.com\/web\/el-ovni-que-colisiono-en-pasto\/\"]}]},{\"@type\":\"ImageObject\",\"inLanguage\":\"es\",\"@id\":\"https:\/\/pagina10.com\/web\/el-ovni-que-colisiono-en-pasto\/#primaryimage\",\"url\":\"https:\/\/pagina10.com\/web\/wp-content\/uploads\/2022\/08\/Captura-de-Pantalla-2022-08-26-a-las-2.37.45-p.-m..png\",\"contentUrl\":\"https:\/\/pagina10.com\/web\/wp-content\/uploads\/2022\/08\/Captura-de-Pantalla-2022-08-26-a-las-2.37.45-p.-m..png\",\"width\":1022,\"height\":507},{\"@type\":\"BreadcrumbList\",\"@id\":\"https:\/\/pagina10.com\/web\/el-ovni-que-colisiono-en-pasto\/#breadcrumb\",\"itemListElement\":[{\"@type\":\"ListItem\",\"position\":1,\"name\":\"Portada\",\"item\":\"https:\/\/pagina10.com\/web\/\"},{\"@type\":\"ListItem\",\"position\":2,\"name\":\"El OVNI que colision\u00f3 en Pasto\"}]},{\"@type\":\"WebSite\",\"@id\":\"https:\/\/pagina10.com\/web\/#website\",\"url\":\"https:\/\/pagina10.com\/web\/\",\"name\":\"P\u00e1gina10\",\"description\":\"Peri\u00f3dico Regional\",\"publisher\":{\"@id\":\"https:\/\/pagina10.com\/web\/#organization\"},\"alternateName\":\"P\u00e1gina10 Peri\u00f3dico Regional\",\"potentialAction\":[{\"@type\":\"SearchAction\",\"target\":{\"@type\":\"EntryPoint\",\"urlTemplate\":\"https:\/\/pagina10.com\/web\/?s={search_term_string}\"},\"query-input\":{\"@type\":\"PropertyValueSpecification\",\"valueRequired\":true,\"valueName\":\"search_term_string\"}}],\"inLanguage\":\"es\"},{\"@type\":\"Organization\",\"@id\":\"https:\/\/pagina10.com\/web\/#organization\",\"name\":\"P\u00e1gina10\",\"alternateName\":\"P\u00e1gina10 Peri\u00f3dico Regional\",\"url\":\"https:\/\/pagina10.com\/web\/\",\"logo\":{\"@type\":\"ImageObject\",\"inLanguage\":\"es\",\"@id\":\"https:\/\/pagina10.com\/web\/#\/schema\/logo\/image\/\",\"url\":\"https:\/\/pagina10.com\/web\/wp-content\/uploads\/2024\/01\/40-pagina-10-periodico-regional-pasto.jpg\",\"contentUrl\":\"https:\/\/pagina10.com\/web\/wp-content\/uploads\/2024\/01\/40-pagina-10-periodico-regional-pasto.jpg\",\"width\":1280,\"height\":720,\"caption\":\"P\u00e1gina10\"},\"image\":{\"@id\":\"https:\/\/pagina10.com\/web\/#\/schema\/logo\/image\/\"},\"sameAs\":[\"https:\/\/www.facebook.com\/pag10com\",\"https:\/\/x.com\/Pag10com\",\"https:\/\/www.instagram.com\/pagina10col\/\",\"https:\/\/youtube.com\/channel\/pag10\",\"https:\/\/www.tiktok.com\/@p10col\"]},{\"@type\":\"Person\",\"@id\":\"https:\/\/pagina10.com\/web\/#\/schema\/person\/3d3687c9f037834284853a963ee45123\",\"name\":\"Pablo Emilio Obando Acosta\",\"description\":\"PABLO EMILIO OBANDO ACOSTA Nace en el a\u00f1o de 1965. Bachiller acad\u00e9mico Modalidad Humanidades del INEM de Pasto. En 1989 culmina sus estudios universitarios en la Universidad de Nari\u00f1o obteniendo el t\u00edtulo de Licenciado en Ciencias Sociales \u2013 \u00e9nfasis Ciencias de la Educaci\u00f3n \u2013Jornada nocturna-. Especialista en Literatura latinoamericana y colaborador de importantes medios de comunicaci\u00f3n escritos de nuestra regi\u00f3n y del pa\u00eds: El Tiempo.com, Semana.com, Dinero, Diario Del Sur, El Espectador.com, entre otros, Sus escritos se conocen y han obtenido reconocimientos en Chile, Uruguay, Paraguay, Espa\u00f1a y Alemania. En el a\u00f1o 2000 obtiene el reconocimiento CORREO DEL SUR como el personaje c\u00edvico del a\u00f1o por su f\u00e9rrea defensa de la dignidad pastense al protestar con su documento \u201cUn pueblo ante la historia\u201d por el trato despectivo de algunos medios de comunicaci\u00f3n. Las reacciones no se hacen esperar en peri\u00f3dicos de circulaci\u00f3n regional y nacional como El Tiempo, El Espectador y El Pa\u00eds. Ha obtenido m\u00faltiples medallas y condecoraciones por su labor period\u00edstica y cultural: Medalla al merito Guillermo Edmundo Ch\u00e1vez \u2013 mejor escritor del departamento de Nari\u00f1o 2005 \u2013 Fundaci\u00f3n Gabriel Garc\u00eda M\u00e1rquez. Mejor Columnista del departamento de Nari\u00f1o \u2013 a\u00f1os 1991 \u2013 1993 \u2013 1996 \u2013 2001 \u2013 2006 Fundaci\u00f3n Cultural Correo del Sur. Personaje C\u00edvico del Departamento de Nari\u00f1o a\u00f1o 2000. Medalla \u00c1lvaro Javier Jurado Calvache a\u00f1o 2007 \u2013 Centro Educativo PROFESA \u2013 defensor poblaci\u00f3n vulnerable del municipio de Pasto. Mejor cuentista del departamento de Nari\u00f1o \u2013 a\u00f1os 1989 \u2013 2004 \u2013 2005. Cronista m\u00e1s destacado del departamento de Nari\u00f1o \u2013 a\u00f1o 2001. Finalista VI Concurso Internacional de Cuento \u2013 Prensa Nueva \u2013 a\u00f1o 1991. Primer puesto Concurso nacional de cuento \u2013 Contralor\u00eda general de la Rep\u00fablica \u2013 a\u00f1o 1992. Primer Lugar Concurso Municipal de Periodismo \u201cSilvio Le\u00f3n Espa\u00f1a\u201d \u2013 2009. . Reconocimiento Concejo municipal de Pasto, por su labor c\u00edvica y educativa. Sus obras y escritos se conocen en varios pa\u00edses de Latinoam\u00e9rica y de Colombia. Es autor de una docena de textos y m\u00e1s de un millar de columnas de opini\u00f3n que han generado pol\u00e9mica en el contexto nacional y latinoamericano: Testimonio de una insurrecci\u00f3n ciudadana \u2013 2011. El doctor Mierda. Un pueblo ante la historia. La filosof\u00eda de la gallina. Del amor por la Tierra... y otros textos. Diario de un maestro de escuela. Apuntes para una nueva historia Nuevos apuntes \u2013 Tomas Hidalgo Calvache. El problema de los cristianos. La utilidad del poeta. \u00bfTe acuerdas Mariana...? Corona F\u00fanebre \u2013 Tomas Hidalgo Calvache. En formato digital ha editado los siguientes t\u00edtulos: - La nueva filosof\u00eda de la gallina. - Tomas Hidalgo Calvache - Apuntes. - Educar con valor. Figura en varias antolog\u00edas de autores nari\u00f1enses y en una latinoamericana. Sobre \u00e9l han escrito elogiosamente intelectuales de la talla de Otto Morales Ben\u00edtez, Edgar Bastidas Urresty, Juan Augusto Ortiz cabrera, Carlos Santamar\u00eda, Javier Rodrizales, Miguel Garz\u00f3n Arteaga, Fausto Molina, Jorge Arturo Bravo y otros tantos que ser\u00eda dif\u00edcil nombrar en esta peque\u00f1a cr\u00f3nica sobre Pablo Emilio Obando Acosta.\",\"url\":\"https:\/\/pagina10.com\/web\/author\/pobando\/\"}]}<\/script>\n<!-- \/ Yoast SEO plugin. -->","yoast_head_json":{"title":"El OVNI que colision\u00f3 en Pasto | P\u00e1gina10","robots":{"index":"index","follow":"follow","max-snippet":"max-snippet:-1","max-image-preview":"max-image-preview:large","max-video-preview":"max-video-preview:-1"},"canonical":"https:\/\/pagina10.com\/web\/el-ovni-que-colisiono-en-pasto\/","og_locale":"es_ES","og_type":"article","og_title":"El OVNI que colision\u00f3 en Pasto | P\u00e1gina10","og_description":"En mayo de 1956 los moradores de Aranda, en la ciudad de Pasto, departamento de Nari\u00f1o, sintieron a las ocho y treinta de la noche aproximadamente siete u ocho estallidos en las inmediaciones del cementerio Nuestra Se\u00f1ora de El Carmen. Nubes de color azul intenso. Uno de los testigos comenta que \u201cel espacio se cubri\u00f3 [&hellip;]","og_url":"https:\/\/pagina10.com\/web\/el-ovni-que-colisiono-en-pasto\/","og_site_name":"P\u00e1gina10","article_publisher":"https:\/\/www.facebook.com\/pag10com","article_published_time":"2022-08-26T19:38:23+00:00","og_image":[{"width":1022,"height":507,"url":"https:\/\/pagina10.com\/web\/wp-content\/uploads\/2022\/08\/Captura-de-Pantalla-2022-08-26-a-las-2.37.45-p.-m..png","type":"image\/png"}],"author":"Pablo Emilio Obando Acosta","twitter_card":"summary_large_image","twitter_creator":"@Pag10com","twitter_site":"@Pag10com","twitter_misc":{"Escrito por":"Pablo Emilio Obando Acosta","Tiempo de lectura":"6 minutos"},"schema":{"@context":"https:\/\/schema.org","@graph":[{"@type":"Article","@id":"https:\/\/pagina10.com\/web\/el-ovni-que-colisiono-en-pasto\/#article","isPartOf":{"@id":"https:\/\/pagina10.com\/web\/el-ovni-que-colisiono-en-pasto\/"},"author":{"name":"Pablo Emilio Obando Acosta","@id":"https:\/\/pagina10.com\/web\/#\/schema\/person\/3d3687c9f037834284853a963ee45123"},"headline":"El OVNI que colision\u00f3 en Pasto","datePublished":"2022-08-26T19:38:23+00:00","mainEntityOfPage":{"@id":"https:\/\/pagina10.com\/web\/el-ovni-que-colisiono-en-pasto\/"},"wordCount":1276,"commentCount":0,"publisher":{"@id":"https:\/\/pagina10.com\/web\/#organization"},"image":{"@id":"https:\/\/pagina10.com\/web\/el-ovni-que-colisiono-en-pasto\/#primaryimage"},"thumbnailUrl":"https:\/\/pagina10.com\/web\/wp-content\/uploads\/2022\/08\/Captura-de-Pantalla-2022-08-26-a-las-2.37.45-p.-m..png","articleSection":["Regiones"],"inLanguage":"es","potentialAction":[{"@type":"CommentAction","name":"Comment","target":["https:\/\/pagina10.com\/web\/el-ovni-que-colisiono-en-pasto\/#respond"]}]},{"@type":"WebPage","@id":"https:\/\/pagina10.com\/web\/el-ovni-que-colisiono-en-pasto\/","url":"https:\/\/pagina10.com\/web\/el-ovni-que-colisiono-en-pasto\/","name":"El OVNI que colision\u00f3 en Pasto | P\u00e1gina10","isPartOf":{"@id":"https:\/\/pagina10.com\/web\/#website"},"primaryImageOfPage":{"@id":"https:\/\/pagina10.com\/web\/el-ovni-que-colisiono-en-pasto\/#primaryimage"},"image":{"@id":"https:\/\/pagina10.com\/web\/el-ovni-que-colisiono-en-pasto\/#primaryimage"},"thumbnailUrl":"https:\/\/pagina10.com\/web\/wp-content\/uploads\/2022\/08\/Captura-de-Pantalla-2022-08-26-a-las-2.37.45-p.-m..png","datePublished":"2022-08-26T19:38:23+00:00","breadcrumb":{"@id":"https:\/\/pagina10.com\/web\/el-ovni-que-colisiono-en-pasto\/#breadcrumb"},"inLanguage":"es","potentialAction":[{"@type":"ReadAction","target":["https:\/\/pagina10.com\/web\/el-ovni-que-colisiono-en-pasto\/"]}]},{"@type":"ImageObject","inLanguage":"es","@id":"https:\/\/pagina10.com\/web\/el-ovni-que-colisiono-en-pasto\/#primaryimage","url":"https:\/\/pagina10.com\/web\/wp-content\/uploads\/2022\/08\/Captura-de-Pantalla-2022-08-26-a-las-2.37.45-p.-m..png","contentUrl":"https:\/\/pagina10.com\/web\/wp-content\/uploads\/2022\/08\/Captura-de-Pantalla-2022-08-26-a-las-2.37.45-p.-m..png","width":1022,"height":507},{"@type":"BreadcrumbList","@id":"https:\/\/pagina10.com\/web\/el-ovni-que-colisiono-en-pasto\/#breadcrumb","itemListElement":[{"@type":"ListItem","position":1,"name":"Portada","item":"https:\/\/pagina10.com\/web\/"},{"@type":"ListItem","position":2,"name":"El OVNI que colision\u00f3 en Pasto"}]},{"@type":"WebSite","@id":"https:\/\/pagina10.com\/web\/#website","url":"https:\/\/pagina10.com\/web\/","name":"P\u00e1gina10","description":"Peri\u00f3dico Regional","publisher":{"@id":"https:\/\/pagina10.com\/web\/#organization"},"alternateName":"P\u00e1gina10 Peri\u00f3dico Regional","potentialAction":[{"@type":"SearchAction","target":{"@type":"EntryPoint","urlTemplate":"https:\/\/pagina10.com\/web\/?s={search_term_string}"},"query-input":{"@type":"PropertyValueSpecification","valueRequired":true,"valueName":"search_term_string"}}],"inLanguage":"es"},{"@type":"Organization","@id":"https:\/\/pagina10.com\/web\/#organization","name":"P\u00e1gina10","alternateName":"P\u00e1gina10 Peri\u00f3dico Regional","url":"https:\/\/pagina10.com\/web\/","logo":{"@type":"ImageObject","inLanguage":"es","@id":"https:\/\/pagina10.com\/web\/#\/schema\/logo\/image\/","url":"https:\/\/pagina10.com\/web\/wp-content\/uploads\/2024\/01\/40-pagina-10-periodico-regional-pasto.jpg","contentUrl":"https:\/\/pagina10.com\/web\/wp-content\/uploads\/2024\/01\/40-pagina-10-periodico-regional-pasto.jpg","width":1280,"height":720,"caption":"P\u00e1gina10"},"image":{"@id":"https:\/\/pagina10.com\/web\/#\/schema\/logo\/image\/"},"sameAs":["https:\/\/www.facebook.com\/pag10com","https:\/\/x.com\/Pag10com","https:\/\/www.instagram.com\/pagina10col\/","https:\/\/youtube.com\/channel\/pag10","https:\/\/www.tiktok.com\/@p10col"]},{"@type":"Person","@id":"https:\/\/pagina10.com\/web\/#\/schema\/person\/3d3687c9f037834284853a963ee45123","name":"Pablo Emilio Obando Acosta","description":"PABLO EMILIO OBANDO ACOSTA Nace en el a\u00f1o de 1965. Bachiller acad\u00e9mico Modalidad Humanidades del INEM de Pasto. En 1989 culmina sus estudios universitarios en la Universidad de Nari\u00f1o obteniendo el t\u00edtulo de Licenciado en Ciencias Sociales \u2013 \u00e9nfasis Ciencias de la Educaci\u00f3n \u2013Jornada nocturna-. Especialista en Literatura latinoamericana y colaborador de importantes medios de comunicaci\u00f3n escritos de nuestra regi\u00f3n y del pa\u00eds: El Tiempo.com, Semana.com, Dinero, Diario Del Sur, El Espectador.com, entre otros, Sus escritos se conocen y han obtenido reconocimientos en Chile, Uruguay, Paraguay, Espa\u00f1a y Alemania. En el a\u00f1o 2000 obtiene el reconocimiento CORREO DEL SUR como el personaje c\u00edvico del a\u00f1o por su f\u00e9rrea defensa de la dignidad pastense al protestar con su documento \u201cUn pueblo ante la historia\u201d por el trato despectivo de algunos medios de comunicaci\u00f3n. Las reacciones no se hacen esperar en peri\u00f3dicos de circulaci\u00f3n regional y nacional como El Tiempo, El Espectador y El Pa\u00eds. Ha obtenido m\u00faltiples medallas y condecoraciones por su labor period\u00edstica y cultural: Medalla al merito Guillermo Edmundo Ch\u00e1vez \u2013 mejor escritor del departamento de Nari\u00f1o 2005 \u2013 Fundaci\u00f3n Gabriel Garc\u00eda M\u00e1rquez. Mejor Columnista del departamento de Nari\u00f1o \u2013 a\u00f1os 1991 \u2013 1993 \u2013 1996 \u2013 2001 \u2013 2006 Fundaci\u00f3n Cultural Correo del Sur. Personaje C\u00edvico del Departamento de Nari\u00f1o a\u00f1o 2000. Medalla \u00c1lvaro Javier Jurado Calvache a\u00f1o 2007 \u2013 Centro Educativo PROFESA \u2013 defensor poblaci\u00f3n vulnerable del municipio de Pasto. Mejor cuentista del departamento de Nari\u00f1o \u2013 a\u00f1os 1989 \u2013 2004 \u2013 2005. Cronista m\u00e1s destacado del departamento de Nari\u00f1o \u2013 a\u00f1o 2001. Finalista VI Concurso Internacional de Cuento \u2013 Prensa Nueva \u2013 a\u00f1o 1991. Primer puesto Concurso nacional de cuento \u2013 Contralor\u00eda general de la Rep\u00fablica \u2013 a\u00f1o 1992. Primer Lugar Concurso Municipal de Periodismo \u201cSilvio Le\u00f3n Espa\u00f1a\u201d \u2013 2009. . Reconocimiento Concejo municipal de Pasto, por su labor c\u00edvica y educativa. Sus obras y escritos se conocen en varios pa\u00edses de Latinoam\u00e9rica y de Colombia. Es autor de una docena de textos y m\u00e1s de un millar de columnas de opini\u00f3n que han generado pol\u00e9mica en el contexto nacional y latinoamericano: Testimonio de una insurrecci\u00f3n ciudadana \u2013 2011. El doctor Mierda. Un pueblo ante la historia. La filosof\u00eda de la gallina. Del amor por la Tierra... y otros textos. Diario de un maestro de escuela. Apuntes para una nueva historia Nuevos apuntes \u2013 Tomas Hidalgo Calvache. El problema de los cristianos. La utilidad del poeta. \u00bfTe acuerdas Mariana...? Corona F\u00fanebre \u2013 Tomas Hidalgo Calvache. En formato digital ha editado los siguientes t\u00edtulos: - La nueva filosof\u00eda de la gallina. - Tomas Hidalgo Calvache - Apuntes. - Educar con valor. Figura en varias antolog\u00edas de autores nari\u00f1enses y en una latinoamericana. Sobre \u00e9l han escrito elogiosamente intelectuales de la talla de Otto Morales Ben\u00edtez, Edgar Bastidas Urresty, Juan Augusto Ortiz cabrera, Carlos Santamar\u00eda, Javier Rodrizales, Miguel Garz\u00f3n Arteaga, Fausto Molina, Jorge Arturo Bravo y otros tantos que ser\u00eda dif\u00edcil nombrar en esta peque\u00f1a cr\u00f3nica sobre Pablo Emilio Obando Acosta.","url":"https:\/\/pagina10.com\/web\/author\/pobando\/"}]}},"_links":{"self":[{"href":"https:\/\/pagina10.com\/web\/wp-json\/wp\/v2\/posts\/61304","targetHints":{"allow":["GET"]}}],"collection":[{"href":"https:\/\/pagina10.com\/web\/wp-json\/wp\/v2\/posts"}],"about":[{"href":"https:\/\/pagina10.com\/web\/wp-json\/wp\/v2\/types\/post"}],"author":[{"embeddable":true,"href":"https:\/\/pagina10.com\/web\/wp-json\/wp\/v2\/users\/46"}],"replies":[{"embeddable":true,"href":"https:\/\/pagina10.com\/web\/wp-json\/wp\/v2\/comments?post=61304"}],"version-history":[{"count":1,"href":"https:\/\/pagina10.com\/web\/wp-json\/wp\/v2\/posts\/61304\/revisions"}],"predecessor-version":[{"id":61307,"href":"https:\/\/pagina10.com\/web\/wp-json\/wp\/v2\/posts\/61304\/revisions\/61307"}],"wp:featuredmedia":[{"embeddable":true,"href":"https:\/\/pagina10.com\/web\/wp-json\/wp\/v2\/media\/61306"}],"wp:attachment":[{"href":"https:\/\/pagina10.com\/web\/wp-json\/wp\/v2\/media?parent=61304"}],"wp:term":[{"taxonomy":"category","embeddable":true,"href":"https:\/\/pagina10.com\/web\/wp-json\/wp\/v2\/categories?post=61304"},{"taxonomy":"post_tag","embeddable":true,"href":"https:\/\/pagina10.com\/web\/wp-json\/wp\/v2\/tags?post=61304"}],"curies":[{"name":"wp","href":"https:\/\/api.w.org\/{rel}","templated":true}]}}