{"id":61310,"date":"2022-08-26T17:04:54","date_gmt":"2022-08-26T22:04:54","guid":{"rendered":"https:\/\/pagina10.com\/web\/?p=61310"},"modified":"2022-08-26T17:04:54","modified_gmt":"2022-08-26T22:04:54","slug":"jep-cito-a-dos-oficiales-del-ejercito-que-se-habrian-aliado-con-paramilitares-en-narino","status":"publish","type":"post","link":"https:\/\/pagina10.com\/web\/jep-cito-a-dos-oficiales-del-ejercito-que-se-habrian-aliado-con-paramilitares-en-narino\/","title":{"rendered":"JEP cit\u00f3 a dos oficiales del Ej\u00e9rcito que se habr\u00edan aliado con paramilitares en Nari\u00f1o"},"content":{"rendered":"<p style=\"text-align: justify;\">La Jurisdicci\u00f3n Especial para la Paz (JEP) cit\u00f3 al actual subinspector del Ej\u00e9rcito Nacional, Jos\u00e9 David V\u00e1squez y al excomandante del Batall\u00f3n Boyac\u00e1 Luis Cuellar, quienes habr\u00edan tenido nexos con grupos paramilitares para combatir a la guerrilla en varios municipios de Nari\u00f1o.<\/p>\n<p style=\"text-align: justify;\">Frente al primero, la Sala de Reconocimiento de la JEP lo cit\u00f3 a audiencia el pr\u00f3ximo 14 de septiembre donde deber\u00e1 indicar si ten\u00eda conocimiento o responsabilidad frente a los presuntos v\u00ednculos entre el Grupo Mecanizado de Caballer\u00eda general Jos\u00e9 Mar\u00eda C\u00f3rdoba de Ipiales y el Bloque libertadores del Sur de las Autodefensas Unidas de Colombia, AUC.<\/p>\n<p style=\"text-align: justify;\">En este sentido, se contemplan testimonios de las v\u00edctimas y de un oficial retirado de esa unidad, que dar\u00eda cuenta de esas alianzas a partir de las cuales se cometieron algunos hechos irregulares en los municipios de Tumaco, Ricaurte, Barbacoas e Ipiales, adem\u00e1s de evitar operaciones o capturas en contra de los paramilitares pese a saber que operaban en el sector.<\/p>\n<p style=\"text-align: justify;\">Por otra parte, el excomandante del Batall\u00f3n Boyac\u00e1 con sede en Pasto, Luis Cuellar, deber\u00e1 responder las acusaciones existentes en su contra por posibles v\u00ednculos con el Bloque Libertadores del Sur de las Autodefensas Unidas de Colombia.<\/p>\n<p style=\"text-align: justify;\">Seg\u00fan la acusaci\u00f3n la unidad del Ej\u00e9rcito a su mando en colaboraci\u00f3n con los paramilitares habr\u00eda cometido varios cr\u00edmenes de civiles para hacerlos pasar como bajas en combate. Adem\u00e1s, se pretende establecer si se ejecutaron operaciones conjuntas para enfrentar a la guerrilla en los mencionados municipios.<\/p>\n","protected":false},"excerpt":{"rendered":"<p>La Jurisdicci\u00f3n Especial para la Paz (JEP) cit\u00f3 al actual subinspector del Ej\u00e9rcito Nacional, Jos\u00e9 David V\u00e1squez y al excomandante del Batall\u00f3n Boyac\u00e1 Luis Cuellar, quienes habr\u00edan tenido nexos con grupos paramilitares para combatir a la guerrilla en varios municipios de Nari\u00f1o. Frente al primero, la Sala de Reconocimiento de la JEP lo cit\u00f3 a [&hellip;]<\/p>\n","protected":false},"author":1,"featured_media":61312,"comment_status":"open","ping_status":"open","sticky":false,"template":"","format":"standard","meta":{"footnotes":""},"categories":[61],"tags":[],"class_list":["post-61310","post","type-post","status-publish","format-standard","has-post-thumbnail","hentry","category-judicial"],"yoast_head":"<!-- This site is optimized with the Yoast SEO plugin v27.1.1 - https:\/\/yoast.com\/product\/yoast-seo-wordpress\/ -->\n<title>JEP cit\u00f3 a dos oficiales del Ej\u00e9rcito que se habr\u00edan aliado con paramilitares en Nari\u00f1o | P\u00e1gina10<\/title>\n<meta name=\"robots\" content=\"index, follow, max-snippet:-1, max-image-preview:large, max-video-preview:-1\" \/>\n<link rel=\"canonical\" href=\"https:\/\/pagina10.com\/web\/jep-cito-a-dos-oficiales-del-ejercito-que-se-habrian-aliado-con-paramilitares-en-narino\/\" \/>\n<meta property=\"og:locale\" content=\"es_ES\" \/>\n<meta property=\"og:type\" content=\"article\" \/>\n<meta property=\"og:title\" content=\"JEP cit\u00f3 a dos oficiales del Ej\u00e9rcito que se habr\u00edan aliado con paramilitares en Nari\u00f1o | P\u00e1gina10\" \/>\n<meta property=\"og:description\" content=\"La Jurisdicci\u00f3n Especial para la Paz (JEP) cit\u00f3 al actual subinspector del Ej\u00e9rcito Nacional, Jos\u00e9 David V\u00e1squez y al excomandante del Batall\u00f3n Boyac\u00e1 Luis Cuellar, quienes habr\u00edan tenido nexos con grupos paramilitares para combatir a la guerrilla en varios municipios de Nari\u00f1o. Frente al primero, la Sala de Reconocimiento de la JEP lo cit\u00f3 a [&hellip;]\" \/>\n<meta property=\"og:url\" content=\"https:\/\/pagina10.com\/web\/jep-cito-a-dos-oficiales-del-ejercito-que-se-habrian-aliado-con-paramilitares-en-narino\/\" \/>\n<meta property=\"og:site_name\" content=\"P\u00e1gina10\" \/>\n<meta property=\"article:publisher\" content=\"https:\/\/www.facebook.com\/pag10com\" \/>\n<meta property=\"article:published_time\" content=\"2022-08-26T22:04:54+00:00\" \/>\n<meta property=\"og:image\" content=\"https:\/\/pagina10.com\/web\/wp-content\/uploads\/2022\/08\/descarga-2-4.jpg\" \/>\n\t<meta property=\"og:image:width\" content=\"650\" \/>\n\t<meta property=\"og:image:height\" content=\"466\" \/>\n\t<meta property=\"og:image:type\" content=\"image\/jpeg\" \/>\n<meta name=\"author\" content=\"P\u00e1gina 10\" \/>\n<meta name=\"twitter:card\" content=\"summary_large_image\" \/>\n<meta name=\"twitter:creator\" content=\"@Pag10com\" \/>\n<meta name=\"twitter:site\" content=\"@Pag10com\" \/>\n<meta name=\"twitter:label1\" content=\"Escrito por\" \/>\n\t<meta name=\"twitter:data1\" content=\"P\u00e1gina 10\" \/>\n\t<meta name=\"twitter:label2\" content=\"Tiempo de lectura\" \/>\n\t<meta name=\"twitter:data2\" content=\"1 minuto\" \/>\n<script type=\"application\/ld+json\" class=\"yoast-schema-graph\">{\"@context\":\"https:\/\/schema.org\",\"@graph\":[{\"@type\":\"Article\",\"@id\":\"https:\/\/pagina10.com\/web\/jep-cito-a-dos-oficiales-del-ejercito-que-se-habrian-aliado-con-paramilitares-en-narino\/#article\",\"isPartOf\":{\"@id\":\"https:\/\/pagina10.com\/web\/jep-cito-a-dos-oficiales-del-ejercito-que-se-habrian-aliado-con-paramilitares-en-narino\/\"},\"author\":{\"name\":\"P\u00e1gina 10\",\"@id\":\"https:\/\/pagina10.com\/web\/#\/schema\/person\/2efc4a090d25b667d3bc796798a3a81b\"},\"headline\":\"JEP cit\u00f3 a dos oficiales del Ej\u00e9rcito que se habr\u00edan aliado con paramilitares en Nari\u00f1o\",\"datePublished\":\"2022-08-26T22:04:54+00:00\",\"mainEntityOfPage\":{\"@id\":\"https:\/\/pagina10.com\/web\/jep-cito-a-dos-oficiales-del-ejercito-que-se-habrian-aliado-con-paramilitares-en-narino\/\"},\"wordCount\":284,\"commentCount\":0,\"publisher\":{\"@id\":\"https:\/\/pagina10.com\/web\/#organization\"},\"image\":{\"@id\":\"https:\/\/pagina10.com\/web\/jep-cito-a-dos-oficiales-del-ejercito-que-se-habrian-aliado-con-paramilitares-en-narino\/#primaryimage\"},\"thumbnailUrl\":\"https:\/\/pagina10.com\/web\/wp-content\/uploads\/2022\/08\/descarga-2-4.jpg\",\"articleSection\":[\"Judicial\"],\"inLanguage\":\"es\",\"potentialAction\":[{\"@type\":\"CommentAction\",\"name\":\"Comment\",\"target\":[\"https:\/\/pagina10.com\/web\/jep-cito-a-dos-oficiales-del-ejercito-que-se-habrian-aliado-con-paramilitares-en-narino\/#respond\"]}]},{\"@type\":\"WebPage\",\"@id\":\"https:\/\/pagina10.com\/web\/jep-cito-a-dos-oficiales-del-ejercito-que-se-habrian-aliado-con-paramilitares-en-narino\/\",\"url\":\"https:\/\/pagina10.com\/web\/jep-cito-a-dos-oficiales-del-ejercito-que-se-habrian-aliado-con-paramilitares-en-narino\/\",\"name\":\"JEP cit\u00f3 a dos oficiales del Ej\u00e9rcito que se habr\u00edan aliado con paramilitares en Nari\u00f1o | P\u00e1gina10\",\"isPartOf\":{\"@id\":\"https:\/\/pagina10.com\/web\/#website\"},\"primaryImageOfPage\":{\"@id\":\"https:\/\/pagina10.com\/web\/jep-cito-a-dos-oficiales-del-ejercito-que-se-habrian-aliado-con-paramilitares-en-narino\/#primaryimage\"},\"image\":{\"@id\":\"https:\/\/pagina10.com\/web\/jep-cito-a-dos-oficiales-del-ejercito-que-se-habrian-aliado-con-paramilitares-en-narino\/#primaryimage\"},\"thumbnailUrl\":\"https:\/\/pagina10.com\/web\/wp-content\/uploads\/2022\/08\/descarga-2-4.jpg\",\"datePublished\":\"2022-08-26T22:04:54+00:00\",\"breadcrumb\":{\"@id\":\"https:\/\/pagina10.com\/web\/jep-cito-a-dos-oficiales-del-ejercito-que-se-habrian-aliado-con-paramilitares-en-narino\/#breadcrumb\"},\"inLanguage\":\"es\",\"potentialAction\":[{\"@type\":\"ReadAction\",\"target\":[\"https:\/\/pagina10.com\/web\/jep-cito-a-dos-oficiales-del-ejercito-que-se-habrian-aliado-con-paramilitares-en-narino\/\"]}]},{\"@type\":\"ImageObject\",\"inLanguage\":\"es\",\"@id\":\"https:\/\/pagina10.com\/web\/jep-cito-a-dos-oficiales-del-ejercito-que-se-habrian-aliado-con-paramilitares-en-narino\/#primaryimage\",\"url\":\"https:\/\/pagina10.com\/web\/wp-content\/uploads\/2022\/08\/descarga-2-4.jpg\",\"contentUrl\":\"https:\/\/pagina10.com\/web\/wp-content\/uploads\/2022\/08\/descarga-2-4.jpg\",\"width\":650,\"height\":466},{\"@type\":\"BreadcrumbList\",\"@id\":\"https:\/\/pagina10.com\/web\/jep-cito-a-dos-oficiales-del-ejercito-que-se-habrian-aliado-con-paramilitares-en-narino\/#breadcrumb\",\"itemListElement\":[{\"@type\":\"ListItem\",\"position\":1,\"name\":\"Portada\",\"item\":\"https:\/\/pagina10.com\/web\/\"},{\"@type\":\"ListItem\",\"position\":2,\"name\":\"JEP cit\u00f3 a dos oficiales del Ej\u00e9rcito que se habr\u00edan aliado con paramilitares en Nari\u00f1o\"}]},{\"@type\":\"WebSite\",\"@id\":\"https:\/\/pagina10.com\/web\/#website\",\"url\":\"https:\/\/pagina10.com\/web\/\",\"name\":\"P\u00e1gina10\",\"description\":\"Peri\u00f3dico Regional\",\"publisher\":{\"@id\":\"https:\/\/pagina10.com\/web\/#organization\"},\"alternateName\":\"P\u00e1gina10 Peri\u00f3dico Regional\",\"potentialAction\":[{\"@type\":\"SearchAction\",\"target\":{\"@type\":\"EntryPoint\",\"urlTemplate\":\"https:\/\/pagina10.com\/web\/?s={search_term_string}\"},\"query-input\":{\"@type\":\"PropertyValueSpecification\",\"valueRequired\":true,\"valueName\":\"search_term_string\"}}],\"inLanguage\":\"es\"},{\"@type\":\"Organization\",\"@id\":\"https:\/\/pagina10.com\/web\/#organization\",\"name\":\"P\u00e1gina10\",\"alternateName\":\"P\u00e1gina10 Peri\u00f3dico Regional\",\"url\":\"https:\/\/pagina10.com\/web\/\",\"logo\":{\"@type\":\"ImageObject\",\"inLanguage\":\"es\",\"@id\":\"https:\/\/pagina10.com\/web\/#\/schema\/logo\/image\/\",\"url\":\"https:\/\/pagina10.com\/web\/wp-content\/uploads\/2024\/01\/40-pagina-10-periodico-regional-pasto.jpg\",\"contentUrl\":\"https:\/\/pagina10.com\/web\/wp-content\/uploads\/2024\/01\/40-pagina-10-periodico-regional-pasto.jpg\",\"width\":1280,\"height\":720,\"caption\":\"P\u00e1gina10\"},\"image\":{\"@id\":\"https:\/\/pagina10.com\/web\/#\/schema\/logo\/image\/\"},\"sameAs\":[\"https:\/\/www.facebook.com\/pag10com\",\"https:\/\/x.com\/Pag10com\",\"https:\/\/www.instagram.com\/pagina10col\/\",\"https:\/\/youtube.com\/channel\/pag10\",\"https:\/\/www.tiktok.com\/@p10col\"]},{\"@type\":\"Person\",\"@id\":\"https:\/\/pagina10.com\/web\/#\/schema\/person\/2efc4a090d25b667d3bc796798a3a81b\",\"name\":\"P\u00e1gina 10\",\"description\":\"P\u00e1gina 10 es un peri\u00f3dico regional que nace en Colombia, en el departamento de Nari\u00f1o, con un enfoque global, fundamentado en cuatro pilares esenciales: la libertad, el pluralismo, la inclusi\u00f3n y la independencia. P\u00e1gina 10 hace referencia a Nari\u00f1o como el d\u00e9cimo departamento creado en Colombia, despu\u00e9s de un proceso pol\u00edtico liderado por actores y actrices regionales con el fin de obtener la independencia y autonom\u00eda de nuestros territorios. Con la creaci\u00f3n de P\u00e1gina 10 se pretende abrir un escenario para el dialogo, la reflexi\u00f3n y el debate que se extienda a otras geograf\u00edas de Am\u00e9rica Latina y del planeta, en una apuesta por transformar colectivamente los desaf\u00edos de un mundo contempor\u00e1neo, m\u00e1s all\u00e1 de las fronteras impuestas.\",\"url\":\"https:\/\/pagina10.com\/web\/author\/pdiezadmin\/\"}]}<\/script>\n<!-- \/ Yoast SEO plugin. -->","yoast_head_json":{"title":"JEP cit\u00f3 a dos oficiales del Ej\u00e9rcito que se habr\u00edan aliado con paramilitares en Nari\u00f1o | P\u00e1gina10","robots":{"index":"index","follow":"follow","max-snippet":"max-snippet:-1","max-image-preview":"max-image-preview:large","max-video-preview":"max-video-preview:-1"},"canonical":"https:\/\/pagina10.com\/web\/jep-cito-a-dos-oficiales-del-ejercito-que-se-habrian-aliado-con-paramilitares-en-narino\/","og_locale":"es_ES","og_type":"article","og_title":"JEP cit\u00f3 a dos oficiales del Ej\u00e9rcito que se habr\u00edan aliado con paramilitares en Nari\u00f1o | P\u00e1gina10","og_description":"La Jurisdicci\u00f3n Especial para la Paz (JEP) cit\u00f3 al actual subinspector del Ej\u00e9rcito Nacional, Jos\u00e9 David V\u00e1squez y al excomandante del Batall\u00f3n Boyac\u00e1 Luis Cuellar, quienes habr\u00edan tenido nexos con grupos paramilitares para combatir a la guerrilla en varios municipios de Nari\u00f1o. Frente al primero, la Sala de Reconocimiento de la JEP lo cit\u00f3 a [&hellip;]","og_url":"https:\/\/pagina10.com\/web\/jep-cito-a-dos-oficiales-del-ejercito-que-se-habrian-aliado-con-paramilitares-en-narino\/","og_site_name":"P\u00e1gina10","article_publisher":"https:\/\/www.facebook.com\/pag10com","article_published_time":"2022-08-26T22:04:54+00:00","og_image":[{"width":650,"height":466,"url":"https:\/\/pagina10.com\/web\/wp-content\/uploads\/2022\/08\/descarga-2-4.jpg","type":"image\/jpeg"}],"author":"P\u00e1gina 10","twitter_card":"summary_large_image","twitter_creator":"@Pag10com","twitter_site":"@Pag10com","twitter_misc":{"Escrito por":"P\u00e1gina 10","Tiempo de lectura":"1 minuto"},"schema":{"@context":"https:\/\/schema.org","@graph":[{"@type":"Article","@id":"https:\/\/pagina10.com\/web\/jep-cito-a-dos-oficiales-del-ejercito-que-se-habrian-aliado-con-paramilitares-en-narino\/#article","isPartOf":{"@id":"https:\/\/pagina10.com\/web\/jep-cito-a-dos-oficiales-del-ejercito-que-se-habrian-aliado-con-paramilitares-en-narino\/"},"author":{"name":"P\u00e1gina 10","@id":"https:\/\/pagina10.com\/web\/#\/schema\/person\/2efc4a090d25b667d3bc796798a3a81b"},"headline":"JEP cit\u00f3 a dos oficiales del Ej\u00e9rcito que se habr\u00edan aliado con paramilitares en Nari\u00f1o","datePublished":"2022-08-26T22:04:54+00:00","mainEntityOfPage":{"@id":"https:\/\/pagina10.com\/web\/jep-cito-a-dos-oficiales-del-ejercito-que-se-habrian-aliado-con-paramilitares-en-narino\/"},"wordCount":284,"commentCount":0,"publisher":{"@id":"https:\/\/pagina10.com\/web\/#organization"},"image":{"@id":"https:\/\/pagina10.com\/web\/jep-cito-a-dos-oficiales-del-ejercito-que-se-habrian-aliado-con-paramilitares-en-narino\/#primaryimage"},"thumbnailUrl":"https:\/\/pagina10.com\/web\/wp-content\/uploads\/2022\/08\/descarga-2-4.jpg","articleSection":["Judicial"],"inLanguage":"es","potentialAction":[{"@type":"CommentAction","name":"Comment","target":["https:\/\/pagina10.com\/web\/jep-cito-a-dos-oficiales-del-ejercito-que-se-habrian-aliado-con-paramilitares-en-narino\/#respond"]}]},{"@type":"WebPage","@id":"https:\/\/pagina10.com\/web\/jep-cito-a-dos-oficiales-del-ejercito-que-se-habrian-aliado-con-paramilitares-en-narino\/","url":"https:\/\/pagina10.com\/web\/jep-cito-a-dos-oficiales-del-ejercito-que-se-habrian-aliado-con-paramilitares-en-narino\/","name":"JEP cit\u00f3 a dos oficiales del Ej\u00e9rcito que se habr\u00edan aliado con paramilitares en Nari\u00f1o | P\u00e1gina10","isPartOf":{"@id":"https:\/\/pagina10.com\/web\/#website"},"primaryImageOfPage":{"@id":"https:\/\/pagina10.com\/web\/jep-cito-a-dos-oficiales-del-ejercito-que-se-habrian-aliado-con-paramilitares-en-narino\/#primaryimage"},"image":{"@id":"https:\/\/pagina10.com\/web\/jep-cito-a-dos-oficiales-del-ejercito-que-se-habrian-aliado-con-paramilitares-en-narino\/#primaryimage"},"thumbnailUrl":"https:\/\/pagina10.com\/web\/wp-content\/uploads\/2022\/08\/descarga-2-4.jpg","datePublished":"2022-08-26T22:04:54+00:00","breadcrumb":{"@id":"https:\/\/pagina10.com\/web\/jep-cito-a-dos-oficiales-del-ejercito-que-se-habrian-aliado-con-paramilitares-en-narino\/#breadcrumb"},"inLanguage":"es","potentialAction":[{"@type":"ReadAction","target":["https:\/\/pagina10.com\/web\/jep-cito-a-dos-oficiales-del-ejercito-que-se-habrian-aliado-con-paramilitares-en-narino\/"]}]},{"@type":"ImageObject","inLanguage":"es","@id":"https:\/\/pagina10.com\/web\/jep-cito-a-dos-oficiales-del-ejercito-que-se-habrian-aliado-con-paramilitares-en-narino\/#primaryimage","url":"https:\/\/pagina10.com\/web\/wp-content\/uploads\/2022\/08\/descarga-2-4.jpg","contentUrl":"https:\/\/pagina10.com\/web\/wp-content\/uploads\/2022\/08\/descarga-2-4.jpg","width":650,"height":466},{"@type":"BreadcrumbList","@id":"https:\/\/pagina10.com\/web\/jep-cito-a-dos-oficiales-del-ejercito-que-se-habrian-aliado-con-paramilitares-en-narino\/#breadcrumb","itemListElement":[{"@type":"ListItem","position":1,"name":"Portada","item":"https:\/\/pagina10.com\/web\/"},{"@type":"ListItem","position":2,"name":"JEP cit\u00f3 a dos oficiales del Ej\u00e9rcito que se habr\u00edan aliado con paramilitares en Nari\u00f1o"}]},{"@type":"WebSite","@id":"https:\/\/pagina10.com\/web\/#website","url":"https:\/\/pagina10.com\/web\/","name":"P\u00e1gina10","description":"Peri\u00f3dico Regional","publisher":{"@id":"https:\/\/pagina10.com\/web\/#organization"},"alternateName":"P\u00e1gina10 Peri\u00f3dico Regional","potentialAction":[{"@type":"SearchAction","target":{"@type":"EntryPoint","urlTemplate":"https:\/\/pagina10.com\/web\/?s={search_term_string}"},"query-input":{"@type":"PropertyValueSpecification","valueRequired":true,"valueName":"search_term_string"}}],"inLanguage":"es"},{"@type":"Organization","@id":"https:\/\/pagina10.com\/web\/#organization","name":"P\u00e1gina10","alternateName":"P\u00e1gina10 Peri\u00f3dico Regional","url":"https:\/\/pagina10.com\/web\/","logo":{"@type":"ImageObject","inLanguage":"es","@id":"https:\/\/pagina10.com\/web\/#\/schema\/logo\/image\/","url":"https:\/\/pagina10.com\/web\/wp-content\/uploads\/2024\/01\/40-pagina-10-periodico-regional-pasto.jpg","contentUrl":"https:\/\/pagina10.com\/web\/wp-content\/uploads\/2024\/01\/40-pagina-10-periodico-regional-pasto.jpg","width":1280,"height":720,"caption":"P\u00e1gina10"},"image":{"@id":"https:\/\/pagina10.com\/web\/#\/schema\/logo\/image\/"},"sameAs":["https:\/\/www.facebook.com\/pag10com","https:\/\/x.com\/Pag10com","https:\/\/www.instagram.com\/pagina10col\/","https:\/\/youtube.com\/channel\/pag10","https:\/\/www.tiktok.com\/@p10col"]},{"@type":"Person","@id":"https:\/\/pagina10.com\/web\/#\/schema\/person\/2efc4a090d25b667d3bc796798a3a81b","name":"P\u00e1gina 10","description":"P\u00e1gina 10 es un peri\u00f3dico regional que nace en Colombia, en el departamento de Nari\u00f1o, con un enfoque global, fundamentado en cuatro pilares esenciales: la libertad, el pluralismo, la inclusi\u00f3n y la independencia. P\u00e1gina 10 hace referencia a Nari\u00f1o como el d\u00e9cimo departamento creado en Colombia, despu\u00e9s de un proceso pol\u00edtico liderado por actores y actrices regionales con el fin de obtener la independencia y autonom\u00eda de nuestros territorios. Con la creaci\u00f3n de P\u00e1gina 10 se pretende abrir un escenario para el dialogo, la reflexi\u00f3n y el debate que se extienda a otras geograf\u00edas de Am\u00e9rica Latina y del planeta, en una apuesta por transformar colectivamente los desaf\u00edos de un mundo contempor\u00e1neo, m\u00e1s all\u00e1 de las fronteras impuestas.","url":"https:\/\/pagina10.com\/web\/author\/pdiezadmin\/"}]}},"_links":{"self":[{"href":"https:\/\/pagina10.com\/web\/wp-json\/wp\/v2\/posts\/61310","targetHints":{"allow":["GET"]}}],"collection":[{"href":"https:\/\/pagina10.com\/web\/wp-json\/wp\/v2\/posts"}],"about":[{"href":"https:\/\/pagina10.com\/web\/wp-json\/wp\/v2\/types\/post"}],"author":[{"embeddable":true,"href":"https:\/\/pagina10.com\/web\/wp-json\/wp\/v2\/users\/1"}],"replies":[{"embeddable":true,"href":"https:\/\/pagina10.com\/web\/wp-json\/wp\/v2\/comments?post=61310"}],"version-history":[{"count":1,"href":"https:\/\/pagina10.com\/web\/wp-json\/wp\/v2\/posts\/61310\/revisions"}],"predecessor-version":[{"id":61313,"href":"https:\/\/pagina10.com\/web\/wp-json\/wp\/v2\/posts\/61310\/revisions\/61313"}],"wp:featuredmedia":[{"embeddable":true,"href":"https:\/\/pagina10.com\/web\/wp-json\/wp\/v2\/media\/61312"}],"wp:attachment":[{"href":"https:\/\/pagina10.com\/web\/wp-json\/wp\/v2\/media?parent=61310"}],"wp:term":[{"taxonomy":"category","embeddable":true,"href":"https:\/\/pagina10.com\/web\/wp-json\/wp\/v2\/categories?post=61310"},{"taxonomy":"post_tag","embeddable":true,"href":"https:\/\/pagina10.com\/web\/wp-json\/wp\/v2\/tags?post=61310"}],"curies":[{"name":"wp","href":"https:\/\/api.w.org\/{rel}","templated":true}]}}