{"id":61371,"date":"2022-08-29T18:02:51","date_gmt":"2022-08-29T23:02:51","guid":{"rendered":"https:\/\/pagina10.com\/web\/?p=61371"},"modified":"2022-08-29T19:05:57","modified_gmt":"2022-08-30T00:05:57","slug":"por-crimenes-de-indigenas-congresistas-piden-a-presidente-petro-instalar-puesto-de-mando-unificado","status":"publish","type":"post","link":"https:\/\/pagina10.com\/web\/por-crimenes-de-indigenas-congresistas-piden-a-presidente-petro-instalar-puesto-de-mando-unificado\/","title":{"rendered":"Por cr\u00edmenes de ind\u00edgenas, congresistas piden a presidente Petro instalar Puesto de Mando Unificado"},"content":{"rendered":"<p style=\"text-align: justify;\">Al asesinato de tres comuneros del pueblo de los Pastos registrado el viernes 26 de agosto en zona rural del municipio de Cumbal, se conoci\u00f3 la denuncia sobre la masacre de seis integrantes de las comunidades ind\u00edgenas Aw\u00e1 y Nasa.<\/p>\n<p style=\"text-align: justify;\">Seg\u00fan comunicado de la Red de Derechos Humanos de Putumayo, Baja Bota Caucana y Cofan\u00eda Jardines de Sucumb\u00edos de Ipiales, el pasado 14 de agosto las v\u00edctimas fueron secuestradas por el grupo \u2018Comandos de Frontera\u2019.<\/p>\n<p style=\"text-align: justify;\">Posteriormente, el 23 de agosto fueron masacrados los seis ind\u00edgenas identificados como Bautista Ortiz y su hijo, Yobani Ortiz Cabezas, quienes pertenec\u00edan al Resguardo Gran S\u00e1balo Unipa del municipio de Ipiales, sus cuerpos fueron hallados en los municipios del Valle del Guamuez y Orito en el Putumayo.<\/p>\n<p style=\"text-align: justify;\">Las otras v\u00edctimas identificadas como Humberto Bastos Illo y Miguel Bastos Illo, de 39 y 33 a\u00f1os, pertenecientes a la etnia Nasa; Manuel Anderson Villacorte Pascal y Jhon Fredy Villacorte Pascal, pertenecientes al pueblo Aw\u00e1, quienes resid\u00edan en la vereda la Argentina, de Ipiales, fueron encontradas en la vereda Brisas del Palmar.<\/p>\n<p style=\"text-align: justify;\">Ante estos hechos y el constante incremento de violencia registrado en el departamento de Nari\u00f1o, el representante a la c\u00e1mara Erick Velazco y el senador \u00a0Polivio Rosales solicitaron al presidente Gustavo Petro adelantar un Puesto de Mando Unificado con el fin de adelantar acciones que permitan garantizar la \u201cprotecci\u00f3n de los l\u00edderes sociales, proteger el territorio y salvaguardar la vida y la cultura de nuestras comunidades\u201d.<\/p>\n","protected":false},"excerpt":{"rendered":"<p>Al asesinato de tres comuneros del pueblo de los Pastos registrado el viernes 26 de agosto en zona rural del municipio de Cumbal, se conoci\u00f3 la denuncia sobre la masacre de seis integrantes de las comunidades ind\u00edgenas Aw\u00e1 y Nasa. Seg\u00fan comunicado de la Red de Derechos Humanos de Putumayo, Baja Bota Caucana y Cofan\u00eda [&hellip;]<\/p>\n","protected":false},"author":1,"featured_media":61372,"comment_status":"open","ping_status":"open","sticky":false,"template":"","format":"standard","meta":{"footnotes":""},"categories":[61],"tags":[],"class_list":["post-61371","post","type-post","status-publish","format-standard","has-post-thumbnail","hentry","category-judicial"],"yoast_head":"<!-- This site is optimized with the Yoast SEO plugin v27.1.1 - https:\/\/yoast.com\/product\/yoast-seo-wordpress\/ -->\n<title>Por cr\u00edmenes de ind\u00edgenas, congresistas piden a presidente Petro instalar Puesto de Mando Unificado | P\u00e1gina10<\/title>\n<meta name=\"robots\" content=\"index, follow, max-snippet:-1, max-image-preview:large, max-video-preview:-1\" \/>\n<link rel=\"canonical\" href=\"https:\/\/pagina10.com\/web\/por-crimenes-de-indigenas-congresistas-piden-a-presidente-petro-instalar-puesto-de-mando-unificado\/\" \/>\n<meta property=\"og:locale\" content=\"es_ES\" \/>\n<meta property=\"og:type\" content=\"article\" \/>\n<meta property=\"og:title\" content=\"Por cr\u00edmenes de ind\u00edgenas, congresistas piden a presidente Petro instalar Puesto de Mando Unificado | P\u00e1gina10\" \/>\n<meta property=\"og:description\" content=\"Al asesinato de tres comuneros del pueblo de los Pastos registrado el viernes 26 de agosto en zona rural del municipio de Cumbal, se conoci\u00f3 la denuncia sobre la masacre de seis integrantes de las comunidades ind\u00edgenas Aw\u00e1 y Nasa. Seg\u00fan comunicado de la Red de Derechos Humanos de Putumayo, Baja Bota Caucana y Cofan\u00eda [&hellip;]\" \/>\n<meta property=\"og:url\" content=\"https:\/\/pagina10.com\/web\/por-crimenes-de-indigenas-congresistas-piden-a-presidente-petro-instalar-puesto-de-mando-unificado\/\" \/>\n<meta property=\"og:site_name\" content=\"P\u00e1gina10\" \/>\n<meta property=\"article:publisher\" content=\"https:\/\/www.facebook.com\/pag10com\" \/>\n<meta property=\"article:published_time\" content=\"2022-08-29T23:02:51+00:00\" \/>\n<meta property=\"article:modified_time\" content=\"2022-08-30T00:05:57+00:00\" \/>\n<meta property=\"og:image\" content=\"https:\/\/pagina10.com\/web\/wp-content\/uploads\/2022\/08\/940c42a8-4484-483a-ad9f-2102e7cfefac-e1661814160432.jpg\" \/>\n\t<meta property=\"og:image:width\" content=\"600\" \/>\n\t<meta property=\"og:image:height\" content=\"313\" \/>\n\t<meta property=\"og:image:type\" content=\"image\/jpeg\" \/>\n<meta name=\"author\" content=\"P\u00e1gina 10\" \/>\n<meta name=\"twitter:card\" content=\"summary_large_image\" \/>\n<meta name=\"twitter:creator\" content=\"@Pag10com\" \/>\n<meta name=\"twitter:site\" content=\"@Pag10com\" \/>\n<meta name=\"twitter:label1\" content=\"Escrito por\" \/>\n\t<meta name=\"twitter:data1\" content=\"P\u00e1gina 10\" \/>\n\t<meta name=\"twitter:label2\" content=\"Tiempo de lectura\" \/>\n\t<meta name=\"twitter:data2\" content=\"1 minuto\" \/>\n<script type=\"application\/ld+json\" class=\"yoast-schema-graph\">{\"@context\":\"https:\/\/schema.org\",\"@graph\":[{\"@type\":\"Article\",\"@id\":\"https:\/\/pagina10.com\/web\/por-crimenes-de-indigenas-congresistas-piden-a-presidente-petro-instalar-puesto-de-mando-unificado\/#article\",\"isPartOf\":{\"@id\":\"https:\/\/pagina10.com\/web\/por-crimenes-de-indigenas-congresistas-piden-a-presidente-petro-instalar-puesto-de-mando-unificado\/\"},\"author\":{\"name\":\"P\u00e1gina 10\",\"@id\":\"https:\/\/pagina10.com\/web\/#\/schema\/person\/2efc4a090d25b667d3bc796798a3a81b\"},\"headline\":\"Por cr\u00edmenes de ind\u00edgenas, congresistas piden a presidente Petro instalar Puesto de Mando Unificado\",\"datePublished\":\"2022-08-29T23:02:51+00:00\",\"dateModified\":\"2022-08-30T00:05:57+00:00\",\"mainEntityOfPage\":{\"@id\":\"https:\/\/pagina10.com\/web\/por-crimenes-de-indigenas-congresistas-piden-a-presidente-petro-instalar-puesto-de-mando-unificado\/\"},\"wordCount\":266,\"commentCount\":0,\"publisher\":{\"@id\":\"https:\/\/pagina10.com\/web\/#organization\"},\"image\":{\"@id\":\"https:\/\/pagina10.com\/web\/por-crimenes-de-indigenas-congresistas-piden-a-presidente-petro-instalar-puesto-de-mando-unificado\/#primaryimage\"},\"thumbnailUrl\":\"https:\/\/pagina10.com\/web\/wp-content\/uploads\/2022\/08\/940c42a8-4484-483a-ad9f-2102e7cfefac-e1661814160432.jpg\",\"articleSection\":[\"Judicial\"],\"inLanguage\":\"es\",\"potentialAction\":[{\"@type\":\"CommentAction\",\"name\":\"Comment\",\"target\":[\"https:\/\/pagina10.com\/web\/por-crimenes-de-indigenas-congresistas-piden-a-presidente-petro-instalar-puesto-de-mando-unificado\/#respond\"]}]},{\"@type\":\"WebPage\",\"@id\":\"https:\/\/pagina10.com\/web\/por-crimenes-de-indigenas-congresistas-piden-a-presidente-petro-instalar-puesto-de-mando-unificado\/\",\"url\":\"https:\/\/pagina10.com\/web\/por-crimenes-de-indigenas-congresistas-piden-a-presidente-petro-instalar-puesto-de-mando-unificado\/\",\"name\":\"Por cr\u00edmenes de ind\u00edgenas, congresistas piden a presidente Petro instalar Puesto de Mando Unificado | P\u00e1gina10\",\"isPartOf\":{\"@id\":\"https:\/\/pagina10.com\/web\/#website\"},\"primaryImageOfPage\":{\"@id\":\"https:\/\/pagina10.com\/web\/por-crimenes-de-indigenas-congresistas-piden-a-presidente-petro-instalar-puesto-de-mando-unificado\/#primaryimage\"},\"image\":{\"@id\":\"https:\/\/pagina10.com\/web\/por-crimenes-de-indigenas-congresistas-piden-a-presidente-petro-instalar-puesto-de-mando-unificado\/#primaryimage\"},\"thumbnailUrl\":\"https:\/\/pagina10.com\/web\/wp-content\/uploads\/2022\/08\/940c42a8-4484-483a-ad9f-2102e7cfefac-e1661814160432.jpg\",\"datePublished\":\"2022-08-29T23:02:51+00:00\",\"dateModified\":\"2022-08-30T00:05:57+00:00\",\"breadcrumb\":{\"@id\":\"https:\/\/pagina10.com\/web\/por-crimenes-de-indigenas-congresistas-piden-a-presidente-petro-instalar-puesto-de-mando-unificado\/#breadcrumb\"},\"inLanguage\":\"es\",\"potentialAction\":[{\"@type\":\"ReadAction\",\"target\":[\"https:\/\/pagina10.com\/web\/por-crimenes-de-indigenas-congresistas-piden-a-presidente-petro-instalar-puesto-de-mando-unificado\/\"]}]},{\"@type\":\"ImageObject\",\"inLanguage\":\"es\",\"@id\":\"https:\/\/pagina10.com\/web\/por-crimenes-de-indigenas-congresistas-piden-a-presidente-petro-instalar-puesto-de-mando-unificado\/#primaryimage\",\"url\":\"https:\/\/pagina10.com\/web\/wp-content\/uploads\/2022\/08\/940c42a8-4484-483a-ad9f-2102e7cfefac-e1661814160432.jpg\",\"contentUrl\":\"https:\/\/pagina10.com\/web\/wp-content\/uploads\/2022\/08\/940c42a8-4484-483a-ad9f-2102e7cfefac-e1661814160432.jpg\",\"width\":600,\"height\":313,\"caption\":\"Imagen de referencia\"},{\"@type\":\"BreadcrumbList\",\"@id\":\"https:\/\/pagina10.com\/web\/por-crimenes-de-indigenas-congresistas-piden-a-presidente-petro-instalar-puesto-de-mando-unificado\/#breadcrumb\",\"itemListElement\":[{\"@type\":\"ListItem\",\"position\":1,\"name\":\"Portada\",\"item\":\"https:\/\/pagina10.com\/web\/\"},{\"@type\":\"ListItem\",\"position\":2,\"name\":\"Por cr\u00edmenes de ind\u00edgenas, congresistas piden a presidente Petro instalar Puesto de Mando Unificado\"}]},{\"@type\":\"WebSite\",\"@id\":\"https:\/\/pagina10.com\/web\/#website\",\"url\":\"https:\/\/pagina10.com\/web\/\",\"name\":\"P\u00e1gina10\",\"description\":\"Peri\u00f3dico Regional\",\"publisher\":{\"@id\":\"https:\/\/pagina10.com\/web\/#organization\"},\"alternateName\":\"P\u00e1gina10 Peri\u00f3dico Regional\",\"potentialAction\":[{\"@type\":\"SearchAction\",\"target\":{\"@type\":\"EntryPoint\",\"urlTemplate\":\"https:\/\/pagina10.com\/web\/?s={search_term_string}\"},\"query-input\":{\"@type\":\"PropertyValueSpecification\",\"valueRequired\":true,\"valueName\":\"search_term_string\"}}],\"inLanguage\":\"es\"},{\"@type\":\"Organization\",\"@id\":\"https:\/\/pagina10.com\/web\/#organization\",\"name\":\"P\u00e1gina10\",\"alternateName\":\"P\u00e1gina10 Peri\u00f3dico Regional\",\"url\":\"https:\/\/pagina10.com\/web\/\",\"logo\":{\"@type\":\"ImageObject\",\"inLanguage\":\"es\",\"@id\":\"https:\/\/pagina10.com\/web\/#\/schema\/logo\/image\/\",\"url\":\"https:\/\/pagina10.com\/web\/wp-content\/uploads\/2024\/01\/40-pagina-10-periodico-regional-pasto.jpg\",\"contentUrl\":\"https:\/\/pagina10.com\/web\/wp-content\/uploads\/2024\/01\/40-pagina-10-periodico-regional-pasto.jpg\",\"width\":1280,\"height\":720,\"caption\":\"P\u00e1gina10\"},\"image\":{\"@id\":\"https:\/\/pagina10.com\/web\/#\/schema\/logo\/image\/\"},\"sameAs\":[\"https:\/\/www.facebook.com\/pag10com\",\"https:\/\/x.com\/Pag10com\",\"https:\/\/www.instagram.com\/pagina10col\/\",\"https:\/\/youtube.com\/channel\/pag10\",\"https:\/\/www.tiktok.com\/@p10col\"]},{\"@type\":\"Person\",\"@id\":\"https:\/\/pagina10.com\/web\/#\/schema\/person\/2efc4a090d25b667d3bc796798a3a81b\",\"name\":\"P\u00e1gina 10\",\"description\":\"P\u00e1gina 10 es un peri\u00f3dico regional que nace en Colombia, en el departamento de Nari\u00f1o, con un enfoque global, fundamentado en cuatro pilares esenciales: la libertad, el pluralismo, la inclusi\u00f3n y la independencia. P\u00e1gina 10 hace referencia a Nari\u00f1o como el d\u00e9cimo departamento creado en Colombia, despu\u00e9s de un proceso pol\u00edtico liderado por actores y actrices regionales con el fin de obtener la independencia y autonom\u00eda de nuestros territorios. Con la creaci\u00f3n de P\u00e1gina 10 se pretende abrir un escenario para el dialogo, la reflexi\u00f3n y el debate que se extienda a otras geograf\u00edas de Am\u00e9rica Latina y del planeta, en una apuesta por transformar colectivamente los desaf\u00edos de un mundo contempor\u00e1neo, m\u00e1s all\u00e1 de las fronteras impuestas.\",\"url\":\"https:\/\/pagina10.com\/web\/author\/pdiezadmin\/\"}]}<\/script>\n<!-- \/ Yoast SEO plugin. -->","yoast_head_json":{"title":"Por cr\u00edmenes de ind\u00edgenas, congresistas piden a presidente Petro instalar Puesto de Mando Unificado | P\u00e1gina10","robots":{"index":"index","follow":"follow","max-snippet":"max-snippet:-1","max-image-preview":"max-image-preview:large","max-video-preview":"max-video-preview:-1"},"canonical":"https:\/\/pagina10.com\/web\/por-crimenes-de-indigenas-congresistas-piden-a-presidente-petro-instalar-puesto-de-mando-unificado\/","og_locale":"es_ES","og_type":"article","og_title":"Por cr\u00edmenes de ind\u00edgenas, congresistas piden a presidente Petro instalar Puesto de Mando Unificado | P\u00e1gina10","og_description":"Al asesinato de tres comuneros del pueblo de los Pastos registrado el viernes 26 de agosto en zona rural del municipio de Cumbal, se conoci\u00f3 la denuncia sobre la masacre de seis integrantes de las comunidades ind\u00edgenas Aw\u00e1 y Nasa. Seg\u00fan comunicado de la Red de Derechos Humanos de Putumayo, Baja Bota Caucana y Cofan\u00eda [&hellip;]","og_url":"https:\/\/pagina10.com\/web\/por-crimenes-de-indigenas-congresistas-piden-a-presidente-petro-instalar-puesto-de-mando-unificado\/","og_site_name":"P\u00e1gina10","article_publisher":"https:\/\/www.facebook.com\/pag10com","article_published_time":"2022-08-29T23:02:51+00:00","article_modified_time":"2022-08-30T00:05:57+00:00","og_image":[{"width":600,"height":313,"url":"https:\/\/pagina10.com\/web\/wp-content\/uploads\/2022\/08\/940c42a8-4484-483a-ad9f-2102e7cfefac-e1661814160432.jpg","type":"image\/jpeg"}],"author":"P\u00e1gina 10","twitter_card":"summary_large_image","twitter_creator":"@Pag10com","twitter_site":"@Pag10com","twitter_misc":{"Escrito por":"P\u00e1gina 10","Tiempo de lectura":"1 minuto"},"schema":{"@context":"https:\/\/schema.org","@graph":[{"@type":"Article","@id":"https:\/\/pagina10.com\/web\/por-crimenes-de-indigenas-congresistas-piden-a-presidente-petro-instalar-puesto-de-mando-unificado\/#article","isPartOf":{"@id":"https:\/\/pagina10.com\/web\/por-crimenes-de-indigenas-congresistas-piden-a-presidente-petro-instalar-puesto-de-mando-unificado\/"},"author":{"name":"P\u00e1gina 10","@id":"https:\/\/pagina10.com\/web\/#\/schema\/person\/2efc4a090d25b667d3bc796798a3a81b"},"headline":"Por cr\u00edmenes de ind\u00edgenas, congresistas piden a presidente Petro instalar Puesto de Mando Unificado","datePublished":"2022-08-29T23:02:51+00:00","dateModified":"2022-08-30T00:05:57+00:00","mainEntityOfPage":{"@id":"https:\/\/pagina10.com\/web\/por-crimenes-de-indigenas-congresistas-piden-a-presidente-petro-instalar-puesto-de-mando-unificado\/"},"wordCount":266,"commentCount":0,"publisher":{"@id":"https:\/\/pagina10.com\/web\/#organization"},"image":{"@id":"https:\/\/pagina10.com\/web\/por-crimenes-de-indigenas-congresistas-piden-a-presidente-petro-instalar-puesto-de-mando-unificado\/#primaryimage"},"thumbnailUrl":"https:\/\/pagina10.com\/web\/wp-content\/uploads\/2022\/08\/940c42a8-4484-483a-ad9f-2102e7cfefac-e1661814160432.jpg","articleSection":["Judicial"],"inLanguage":"es","potentialAction":[{"@type":"CommentAction","name":"Comment","target":["https:\/\/pagina10.com\/web\/por-crimenes-de-indigenas-congresistas-piden-a-presidente-petro-instalar-puesto-de-mando-unificado\/#respond"]}]},{"@type":"WebPage","@id":"https:\/\/pagina10.com\/web\/por-crimenes-de-indigenas-congresistas-piden-a-presidente-petro-instalar-puesto-de-mando-unificado\/","url":"https:\/\/pagina10.com\/web\/por-crimenes-de-indigenas-congresistas-piden-a-presidente-petro-instalar-puesto-de-mando-unificado\/","name":"Por cr\u00edmenes de ind\u00edgenas, congresistas piden a presidente Petro instalar Puesto de Mando Unificado | P\u00e1gina10","isPartOf":{"@id":"https:\/\/pagina10.com\/web\/#website"},"primaryImageOfPage":{"@id":"https:\/\/pagina10.com\/web\/por-crimenes-de-indigenas-congresistas-piden-a-presidente-petro-instalar-puesto-de-mando-unificado\/#primaryimage"},"image":{"@id":"https:\/\/pagina10.com\/web\/por-crimenes-de-indigenas-congresistas-piden-a-presidente-petro-instalar-puesto-de-mando-unificado\/#primaryimage"},"thumbnailUrl":"https:\/\/pagina10.com\/web\/wp-content\/uploads\/2022\/08\/940c42a8-4484-483a-ad9f-2102e7cfefac-e1661814160432.jpg","datePublished":"2022-08-29T23:02:51+00:00","dateModified":"2022-08-30T00:05:57+00:00","breadcrumb":{"@id":"https:\/\/pagina10.com\/web\/por-crimenes-de-indigenas-congresistas-piden-a-presidente-petro-instalar-puesto-de-mando-unificado\/#breadcrumb"},"inLanguage":"es","potentialAction":[{"@type":"ReadAction","target":["https:\/\/pagina10.com\/web\/por-crimenes-de-indigenas-congresistas-piden-a-presidente-petro-instalar-puesto-de-mando-unificado\/"]}]},{"@type":"ImageObject","inLanguage":"es","@id":"https:\/\/pagina10.com\/web\/por-crimenes-de-indigenas-congresistas-piden-a-presidente-petro-instalar-puesto-de-mando-unificado\/#primaryimage","url":"https:\/\/pagina10.com\/web\/wp-content\/uploads\/2022\/08\/940c42a8-4484-483a-ad9f-2102e7cfefac-e1661814160432.jpg","contentUrl":"https:\/\/pagina10.com\/web\/wp-content\/uploads\/2022\/08\/940c42a8-4484-483a-ad9f-2102e7cfefac-e1661814160432.jpg","width":600,"height":313,"caption":"Imagen de referencia"},{"@type":"BreadcrumbList","@id":"https:\/\/pagina10.com\/web\/por-crimenes-de-indigenas-congresistas-piden-a-presidente-petro-instalar-puesto-de-mando-unificado\/#breadcrumb","itemListElement":[{"@type":"ListItem","position":1,"name":"Portada","item":"https:\/\/pagina10.com\/web\/"},{"@type":"ListItem","position":2,"name":"Por cr\u00edmenes de ind\u00edgenas, congresistas piden a presidente Petro instalar Puesto de Mando Unificado"}]},{"@type":"WebSite","@id":"https:\/\/pagina10.com\/web\/#website","url":"https:\/\/pagina10.com\/web\/","name":"P\u00e1gina10","description":"Peri\u00f3dico Regional","publisher":{"@id":"https:\/\/pagina10.com\/web\/#organization"},"alternateName":"P\u00e1gina10 Peri\u00f3dico Regional","potentialAction":[{"@type":"SearchAction","target":{"@type":"EntryPoint","urlTemplate":"https:\/\/pagina10.com\/web\/?s={search_term_string}"},"query-input":{"@type":"PropertyValueSpecification","valueRequired":true,"valueName":"search_term_string"}}],"inLanguage":"es"},{"@type":"Organization","@id":"https:\/\/pagina10.com\/web\/#organization","name":"P\u00e1gina10","alternateName":"P\u00e1gina10 Peri\u00f3dico Regional","url":"https:\/\/pagina10.com\/web\/","logo":{"@type":"ImageObject","inLanguage":"es","@id":"https:\/\/pagina10.com\/web\/#\/schema\/logo\/image\/","url":"https:\/\/pagina10.com\/web\/wp-content\/uploads\/2024\/01\/40-pagina-10-periodico-regional-pasto.jpg","contentUrl":"https:\/\/pagina10.com\/web\/wp-content\/uploads\/2024\/01\/40-pagina-10-periodico-regional-pasto.jpg","width":1280,"height":720,"caption":"P\u00e1gina10"},"image":{"@id":"https:\/\/pagina10.com\/web\/#\/schema\/logo\/image\/"},"sameAs":["https:\/\/www.facebook.com\/pag10com","https:\/\/x.com\/Pag10com","https:\/\/www.instagram.com\/pagina10col\/","https:\/\/youtube.com\/channel\/pag10","https:\/\/www.tiktok.com\/@p10col"]},{"@type":"Person","@id":"https:\/\/pagina10.com\/web\/#\/schema\/person\/2efc4a090d25b667d3bc796798a3a81b","name":"P\u00e1gina 10","description":"P\u00e1gina 10 es un peri\u00f3dico regional que nace en Colombia, en el departamento de Nari\u00f1o, con un enfoque global, fundamentado en cuatro pilares esenciales: la libertad, el pluralismo, la inclusi\u00f3n y la independencia. P\u00e1gina 10 hace referencia a Nari\u00f1o como el d\u00e9cimo departamento creado en Colombia, despu\u00e9s de un proceso pol\u00edtico liderado por actores y actrices regionales con el fin de obtener la independencia y autonom\u00eda de nuestros territorios. Con la creaci\u00f3n de P\u00e1gina 10 se pretende abrir un escenario para el dialogo, la reflexi\u00f3n y el debate que se extienda a otras geograf\u00edas de Am\u00e9rica Latina y del planeta, en una apuesta por transformar colectivamente los desaf\u00edos de un mundo contempor\u00e1neo, m\u00e1s all\u00e1 de las fronteras impuestas.","url":"https:\/\/pagina10.com\/web\/author\/pdiezadmin\/"}]}},"_links":{"self":[{"href":"https:\/\/pagina10.com\/web\/wp-json\/wp\/v2\/posts\/61371","targetHints":{"allow":["GET"]}}],"collection":[{"href":"https:\/\/pagina10.com\/web\/wp-json\/wp\/v2\/posts"}],"about":[{"href":"https:\/\/pagina10.com\/web\/wp-json\/wp\/v2\/types\/post"}],"author":[{"embeddable":true,"href":"https:\/\/pagina10.com\/web\/wp-json\/wp\/v2\/users\/1"}],"replies":[{"embeddable":true,"href":"https:\/\/pagina10.com\/web\/wp-json\/wp\/v2\/comments?post=61371"}],"version-history":[{"count":4,"href":"https:\/\/pagina10.com\/web\/wp-json\/wp\/v2\/posts\/61371\/revisions"}],"predecessor-version":[{"id":61376,"href":"https:\/\/pagina10.com\/web\/wp-json\/wp\/v2\/posts\/61371\/revisions\/61376"}],"wp:featuredmedia":[{"embeddable":true,"href":"https:\/\/pagina10.com\/web\/wp-json\/wp\/v2\/media\/61372"}],"wp:attachment":[{"href":"https:\/\/pagina10.com\/web\/wp-json\/wp\/v2\/media?parent=61371"}],"wp:term":[{"taxonomy":"category","embeddable":true,"href":"https:\/\/pagina10.com\/web\/wp-json\/wp\/v2\/categories?post=61371"},{"taxonomy":"post_tag","embeddable":true,"href":"https:\/\/pagina10.com\/web\/wp-json\/wp\/v2\/tags?post=61371"}],"curies":[{"name":"wp","href":"https:\/\/api.w.org\/{rel}","templated":true}]}}