{"id":61392,"date":"2022-08-31T16:05:50","date_gmt":"2022-08-31T21:05:50","guid":{"rendered":"https:\/\/pagina10.com\/web\/?p=61392"},"modified":"2022-08-31T16:06:08","modified_gmt":"2022-08-31T21:06:08","slug":"balance-social-2021-ucc","status":"publish","type":"post","link":"https:\/\/pagina10.com\/web\/balance-social-2021-ucc\/","title":{"rendered":"Balance Social 2021 UCC"},"content":{"rendered":"<p style=\"text-align: justify;\">Por d\u00e9cima vez, y de manera consecutiva la Universidad Cooperativa de Colombia presenta los resultados m\u00e1s relevantes de su gesti\u00f3n en el 2021.<\/p>\n<p style=\"text-align: justify;\">Temas como, acreditaci\u00f3n internacional, informe de autoevaluaci\u00f3n para Condiciones Institucionales, nuevos registros calificados para programas de posgrado, reconocimientos de sectores externos a estudiantes de medicina, la remodelaci\u00f3n de distintos ambientes pr\u00e1cticos de aprendizaje, la formulaci\u00f3n y ejecuci\u00f3n de diferentes proyectos en beneficio de la comunidad y el apoyo desde INDESCO a iniciativas productivas y de cooperativismo, fueron entre otros, algunos de los temas m\u00e1s destacados de la Rendici\u00f3n de Cuentas que se desarroll\u00f3 el 30 de agosto en el hotel Cuellars. El evento, en el cual se dieron cita m\u00e1s de 150 invitados, entre personalidades del sector gobierno, directivas de universidades, integrantes de diferentes gremios, periodistas y dem\u00e1s aliados estrat\u00e9gicos, se destac\u00f3 la Responsabilidad Social de la Universidad y su aporte a los Objetivos de Desarrollo Sostenible, su alianza con organizaciones del sector p\u00fablico y privado que impacta de manera significativa en el bienestar, desarrollo y calidad de vida de los habitantes de la regi\u00f3n a trav\u00e9s de buenas pr\u00e1cticas, acad\u00e9micas, investigativas, ambientales, sociales y culturales.<\/p>\n<p style=\"text-align: justify;\">La Universidad Cooperativa de Colombia, se ha trazado camino hacia la excelencia para entregar en las regiones educaci\u00f3n pertinente y de calidad, es por ello que durante el 2021 en el campus Pasto se recibe la visita de pares para Acreditaci\u00f3n Internacional en Alta Calidad del Programa de Odontolog\u00eda, bajo el mecanismo ARCU-SUR, cuyo objetivo es garantizar el nivel acad\u00e9mico y cient\u00edfico de los programas de pregrado impartidos por instituciones de educaci\u00f3n superior, el cual se eval\u00faa como resultado de un acuerdo entre los Ministerios de Educaci\u00f3n de Argentina, Brasil, Paraguay, Colombia, Uruguay, Bolivia y Chile.<\/p>\n<p style=\"text-align: justify;\">Adem\u00e1s, presenta los documentos necesarios para que el Ministerio de Educaci\u00f3n verifique que la Universidad cuenta con las caracter\u00edsticas pertinentes para facilitar y promover el desarrollo de las labores formativas, acad\u00e9micas, docentes, cient\u00edficas. De mano de la calidad se adecuan y remodelan de manera constante, espacios para experimentar, so\u00f1ar y aprender, con el fin de replicar escenarios de pr\u00e1ctica, lo m\u00e1s cercanos a la realidad, para que los estudiantes potencien sus competencias y habilidades encaminados a un mejor ejercicio de su profesi\u00f3n, es as\u00ed como se remodela uno de los Ambientes Pr\u00e1cticos de Aprendizaje de los programas de la salud, convirti\u00e9ndolo en el primer Centro de Simulaci\u00f3n Cl\u00ednica del suroccidente del pa\u00eds y la Cl\u00ednica Odontol\u00f3gica con el fin garantizar una atenci\u00f3n segura de los pacientes, adem\u00e1s de cumplir con la normatividad vigente, emitida por el Ministerio de Salud y Protecci\u00f3n Social.<\/p>\n<p style=\"text-align: justify;\">Teniendo en cuenta las expectativas y necesidades de los profesionalesse planean nuevos posgrados, por lo cual se presentan los requisitos y se recibe la visita de por parte del Ministerio de Educaci\u00f3n Nacional para registro calificado de la Especializaci\u00f3n en Medicina Interna la cual, es hoy una realidad. De otra parte, la Universidad aporta en el desarrollo competitivo y econ\u00f3mico del departamento de Nari\u00f1o, a trav\u00e9s de proyectos productivos financiados con recursos del Sistema General de Regal\u00edas como Caf\u00e9 X Punto, que tiene como objetivo aumentar el nivel de implementaci\u00f3n de tecnolog\u00edas innovadoras aplicadas a procesos de producci\u00f3n de caf\u00e9s especiales, su ejecuci\u00f3n tendr\u00e1 un valor de $3.057 millones y se desarrollar\u00e1 en los municipios de Tabl\u00f3n de G\u00f3mez y Buesaco, beneficiando a 1500 caficultores y Fermenta Caf\u00e9, proyecto que beneficiar\u00e1 a m\u00e1s de 800 personas pertenecientes a las asociaciones de caficultores y caficultores no asociados, de los municipios de La Uni\u00f3n, Arboleda, Buesaco y Nari\u00f1o.<\/p>\n<p style=\"text-align: justify;\">La Universidad como parte de su ADN solidario fortalece sectores productivos especialmente el sector social y solidario, aportando a impactos y efectos positivos en el desarrollo econ\u00f3mico, ambiental, tecnol\u00f3gico, social y cultural, es as\u00ed como el Municipio de la Florida se consolida como primer Territorio Solidario del campus Pasto, consecuencia del convenio interinstitucional entre la Universidad y la Alcald\u00eda Municipal, asimismo, Pasto tambi\u00e9n se concreta como Territorio Solidario, dada la cercan\u00eda geogr\u00e1fica y el n\u00famero de pr\u00e1cticas de proyecci\u00f3n social desarrolladas, principalmente en la cabecera municipal, del mismo modo, la Fundaci\u00f3n Grupo Social en alianza con INDESCO desarrollaron el modelo de gobernanza Mercado Local de Productoras del Corredor Oriental de Pasto, el cual vincula 53 mujeres de los corregimientos de San Fernando, La Laguna, Mocondino, Cabrera y del Municipio de Pasto.<\/p>\n<p style=\"text-align: justify;\">Este proceso de econom\u00eda social y solidaria organizado para la comercializaci\u00f3n de productos locales posibilita la implementaci\u00f3n y fortalecimiento de la administraci\u00f3n, la responsabilidad social, cultural, ambiental y econ\u00f3mica. De esta forma a\u00f1o tras a\u00f1o la Universidad Cooperativa de Colombia destaca ante estudiantes, profesores, administrativos y el sector externo su gesti\u00f3n<\/p>\n","protected":false},"excerpt":{"rendered":"<p>Por d\u00e9cima vez, y de manera consecutiva la Universidad Cooperativa de Colombia presenta los resultados m\u00e1s relevantes de su gesti\u00f3n en el 2021. Temas como, acreditaci\u00f3n internacional, informe de autoevaluaci\u00f3n para Condiciones Institucionales, nuevos registros calificados para programas de posgrado, reconocimientos de sectores externos a estudiantes de medicina, la remodelaci\u00f3n de distintos ambientes pr\u00e1cticos de [&hellip;]<\/p>\n","protected":false},"author":1,"featured_media":61393,"comment_status":"open","ping_status":"open","sticky":false,"template":"","format":"standard","meta":{"footnotes":""},"categories":[1549,1528],"tags":[],"class_list":["post-61392","post","type-post","status-publish","format-standard","has-post-thumbnail","hentry","category-educacion-innovacion-3","category-titulares"],"yoast_head":"<!-- This site is optimized with the Yoast SEO plugin v27.1.1 - https:\/\/yoast.com\/product\/yoast-seo-wordpress\/ -->\n<title>Balance Social 2021 UCC | P\u00e1gina10<\/title>\n<meta name=\"robots\" content=\"index, follow, max-snippet:-1, max-image-preview:large, max-video-preview:-1\" \/>\n<link rel=\"canonical\" href=\"https:\/\/pagina10.com\/web\/balance-social-2021-ucc\/\" \/>\n<meta property=\"og:locale\" content=\"es_ES\" \/>\n<meta property=\"og:type\" content=\"article\" \/>\n<meta property=\"og:title\" content=\"Balance Social 2021 UCC | P\u00e1gina10\" \/>\n<meta property=\"og:description\" content=\"Por d\u00e9cima vez, y de manera consecutiva la Universidad Cooperativa de Colombia presenta los resultados m\u00e1s relevantes de su gesti\u00f3n en el 2021. Temas como, acreditaci\u00f3n internacional, informe de autoevaluaci\u00f3n para Condiciones Institucionales, nuevos registros calificados para programas de posgrado, reconocimientos de sectores externos a estudiantes de medicina, la remodelaci\u00f3n de distintos ambientes pr\u00e1cticos de [&hellip;]\" \/>\n<meta property=\"og:url\" content=\"https:\/\/pagina10.com\/web\/balance-social-2021-ucc\/\" \/>\n<meta property=\"og:site_name\" content=\"P\u00e1gina10\" \/>\n<meta property=\"article:publisher\" content=\"https:\/\/www.facebook.com\/pag10com\" \/>\n<meta property=\"article:published_time\" content=\"2022-08-31T21:05:50+00:00\" \/>\n<meta property=\"article:modified_time\" content=\"2022-08-31T21:06:08+00:00\" \/>\n<meta property=\"og:image\" content=\"https:\/\/pagina10.com\/web\/wp-content\/uploads\/2022\/08\/Captura-de-Pantalla-2022-08-31-a-las-4.04.46-p.-m..png\" \/>\n\t<meta property=\"og:image:width\" content=\"590\" \/>\n\t<meta property=\"og:image:height\" content=\"347\" \/>\n\t<meta property=\"og:image:type\" content=\"image\/png\" \/>\n<meta name=\"author\" content=\"P\u00e1gina 10\" \/>\n<meta name=\"twitter:card\" content=\"summary_large_image\" \/>\n<meta name=\"twitter:creator\" content=\"@Pag10com\" \/>\n<meta name=\"twitter:site\" content=\"@Pag10com\" \/>\n<meta name=\"twitter:label1\" content=\"Escrito por\" \/>\n\t<meta name=\"twitter:data1\" content=\"P\u00e1gina 10\" \/>\n\t<meta name=\"twitter:label2\" content=\"Tiempo de lectura\" \/>\n\t<meta name=\"twitter:data2\" content=\"4 minutos\" \/>\n<script type=\"application\/ld+json\" class=\"yoast-schema-graph\">{\"@context\":\"https:\/\/schema.org\",\"@graph\":[{\"@type\":\"Article\",\"@id\":\"https:\/\/pagina10.com\/web\/balance-social-2021-ucc\/#article\",\"isPartOf\":{\"@id\":\"https:\/\/pagina10.com\/web\/balance-social-2021-ucc\/\"},\"author\":{\"name\":\"P\u00e1gina 10\",\"@id\":\"https:\/\/pagina10.com\/web\/#\/schema\/person\/2efc4a090d25b667d3bc796798a3a81b\"},\"headline\":\"Balance Social 2021 UCC\",\"datePublished\":\"2022-08-31T21:05:50+00:00\",\"dateModified\":\"2022-08-31T21:06:08+00:00\",\"mainEntityOfPage\":{\"@id\":\"https:\/\/pagina10.com\/web\/balance-social-2021-ucc\/\"},\"wordCount\":840,\"commentCount\":0,\"publisher\":{\"@id\":\"https:\/\/pagina10.com\/web\/#organization\"},\"image\":{\"@id\":\"https:\/\/pagina10.com\/web\/balance-social-2021-ucc\/#primaryimage\"},\"thumbnailUrl\":\"https:\/\/pagina10.com\/web\/wp-content\/uploads\/2022\/08\/Captura-de-Pantalla-2022-08-31-a-las-4.04.46-p.-m..png\",\"articleSection\":[\"Educaci\u00f3n\",\"Titulares\"],\"inLanguage\":\"es\",\"potentialAction\":[{\"@type\":\"CommentAction\",\"name\":\"Comment\",\"target\":[\"https:\/\/pagina10.com\/web\/balance-social-2021-ucc\/#respond\"]}]},{\"@type\":\"WebPage\",\"@id\":\"https:\/\/pagina10.com\/web\/balance-social-2021-ucc\/\",\"url\":\"https:\/\/pagina10.com\/web\/balance-social-2021-ucc\/\",\"name\":\"Balance Social 2021 UCC | P\u00e1gina10\",\"isPartOf\":{\"@id\":\"https:\/\/pagina10.com\/web\/#website\"},\"primaryImageOfPage\":{\"@id\":\"https:\/\/pagina10.com\/web\/balance-social-2021-ucc\/#primaryimage\"},\"image\":{\"@id\":\"https:\/\/pagina10.com\/web\/balance-social-2021-ucc\/#primaryimage\"},\"thumbnailUrl\":\"https:\/\/pagina10.com\/web\/wp-content\/uploads\/2022\/08\/Captura-de-Pantalla-2022-08-31-a-las-4.04.46-p.-m..png\",\"datePublished\":\"2022-08-31T21:05:50+00:00\",\"dateModified\":\"2022-08-31T21:06:08+00:00\",\"breadcrumb\":{\"@id\":\"https:\/\/pagina10.com\/web\/balance-social-2021-ucc\/#breadcrumb\"},\"inLanguage\":\"es\",\"potentialAction\":[{\"@type\":\"ReadAction\",\"target\":[\"https:\/\/pagina10.com\/web\/balance-social-2021-ucc\/\"]}]},{\"@type\":\"ImageObject\",\"inLanguage\":\"es\",\"@id\":\"https:\/\/pagina10.com\/web\/balance-social-2021-ucc\/#primaryimage\",\"url\":\"https:\/\/pagina10.com\/web\/wp-content\/uploads\/2022\/08\/Captura-de-Pantalla-2022-08-31-a-las-4.04.46-p.-m..png\",\"contentUrl\":\"https:\/\/pagina10.com\/web\/wp-content\/uploads\/2022\/08\/Captura-de-Pantalla-2022-08-31-a-las-4.04.46-p.-m..png\",\"width\":590,\"height\":347},{\"@type\":\"BreadcrumbList\",\"@id\":\"https:\/\/pagina10.com\/web\/balance-social-2021-ucc\/#breadcrumb\",\"itemListElement\":[{\"@type\":\"ListItem\",\"position\":1,\"name\":\"Portada\",\"item\":\"https:\/\/pagina10.com\/web\/\"},{\"@type\":\"ListItem\",\"position\":2,\"name\":\"Balance Social 2021 UCC\"}]},{\"@type\":\"WebSite\",\"@id\":\"https:\/\/pagina10.com\/web\/#website\",\"url\":\"https:\/\/pagina10.com\/web\/\",\"name\":\"P\u00e1gina10\",\"description\":\"Peri\u00f3dico Regional\",\"publisher\":{\"@id\":\"https:\/\/pagina10.com\/web\/#organization\"},\"alternateName\":\"P\u00e1gina10 Peri\u00f3dico Regional\",\"potentialAction\":[{\"@type\":\"SearchAction\",\"target\":{\"@type\":\"EntryPoint\",\"urlTemplate\":\"https:\/\/pagina10.com\/web\/?s={search_term_string}\"},\"query-input\":{\"@type\":\"PropertyValueSpecification\",\"valueRequired\":true,\"valueName\":\"search_term_string\"}}],\"inLanguage\":\"es\"},{\"@type\":\"Organization\",\"@id\":\"https:\/\/pagina10.com\/web\/#organization\",\"name\":\"P\u00e1gina10\",\"alternateName\":\"P\u00e1gina10 Peri\u00f3dico Regional\",\"url\":\"https:\/\/pagina10.com\/web\/\",\"logo\":{\"@type\":\"ImageObject\",\"inLanguage\":\"es\",\"@id\":\"https:\/\/pagina10.com\/web\/#\/schema\/logo\/image\/\",\"url\":\"https:\/\/pagina10.com\/web\/wp-content\/uploads\/2024\/01\/40-pagina-10-periodico-regional-pasto.jpg\",\"contentUrl\":\"https:\/\/pagina10.com\/web\/wp-content\/uploads\/2024\/01\/40-pagina-10-periodico-regional-pasto.jpg\",\"width\":1280,\"height\":720,\"caption\":\"P\u00e1gina10\"},\"image\":{\"@id\":\"https:\/\/pagina10.com\/web\/#\/schema\/logo\/image\/\"},\"sameAs\":[\"https:\/\/www.facebook.com\/pag10com\",\"https:\/\/x.com\/Pag10com\",\"https:\/\/www.instagram.com\/pagina10col\/\",\"https:\/\/youtube.com\/channel\/pag10\",\"https:\/\/www.tiktok.com\/@p10col\"]},{\"@type\":\"Person\",\"@id\":\"https:\/\/pagina10.com\/web\/#\/schema\/person\/2efc4a090d25b667d3bc796798a3a81b\",\"name\":\"P\u00e1gina 10\",\"description\":\"P\u00e1gina 10 es un peri\u00f3dico regional que nace en Colombia, en el departamento de Nari\u00f1o, con un enfoque global, fundamentado en cuatro pilares esenciales: la libertad, el pluralismo, la inclusi\u00f3n y la independencia. P\u00e1gina 10 hace referencia a Nari\u00f1o como el d\u00e9cimo departamento creado en Colombia, despu\u00e9s de un proceso pol\u00edtico liderado por actores y actrices regionales con el fin de obtener la independencia y autonom\u00eda de nuestros territorios. Con la creaci\u00f3n de P\u00e1gina 10 se pretende abrir un escenario para el dialogo, la reflexi\u00f3n y el debate que se extienda a otras geograf\u00edas de Am\u00e9rica Latina y del planeta, en una apuesta por transformar colectivamente los desaf\u00edos de un mundo contempor\u00e1neo, m\u00e1s all\u00e1 de las fronteras impuestas.\",\"url\":\"https:\/\/pagina10.com\/web\/author\/pdiezadmin\/\"}]}<\/script>\n<!-- \/ Yoast SEO plugin. -->","yoast_head_json":{"title":"Balance Social 2021 UCC | P\u00e1gina10","robots":{"index":"index","follow":"follow","max-snippet":"max-snippet:-1","max-image-preview":"max-image-preview:large","max-video-preview":"max-video-preview:-1"},"canonical":"https:\/\/pagina10.com\/web\/balance-social-2021-ucc\/","og_locale":"es_ES","og_type":"article","og_title":"Balance Social 2021 UCC | P\u00e1gina10","og_description":"Por d\u00e9cima vez, y de manera consecutiva la Universidad Cooperativa de Colombia presenta los resultados m\u00e1s relevantes de su gesti\u00f3n en el 2021. Temas como, acreditaci\u00f3n internacional, informe de autoevaluaci\u00f3n para Condiciones Institucionales, nuevos registros calificados para programas de posgrado, reconocimientos de sectores externos a estudiantes de medicina, la remodelaci\u00f3n de distintos ambientes pr\u00e1cticos de [&hellip;]","og_url":"https:\/\/pagina10.com\/web\/balance-social-2021-ucc\/","og_site_name":"P\u00e1gina10","article_publisher":"https:\/\/www.facebook.com\/pag10com","article_published_time":"2022-08-31T21:05:50+00:00","article_modified_time":"2022-08-31T21:06:08+00:00","og_image":[{"width":590,"height":347,"url":"https:\/\/pagina10.com\/web\/wp-content\/uploads\/2022\/08\/Captura-de-Pantalla-2022-08-31-a-las-4.04.46-p.-m..png","type":"image\/png"}],"author":"P\u00e1gina 10","twitter_card":"summary_large_image","twitter_creator":"@Pag10com","twitter_site":"@Pag10com","twitter_misc":{"Escrito por":"P\u00e1gina 10","Tiempo de lectura":"4 minutos"},"schema":{"@context":"https:\/\/schema.org","@graph":[{"@type":"Article","@id":"https:\/\/pagina10.com\/web\/balance-social-2021-ucc\/#article","isPartOf":{"@id":"https:\/\/pagina10.com\/web\/balance-social-2021-ucc\/"},"author":{"name":"P\u00e1gina 10","@id":"https:\/\/pagina10.com\/web\/#\/schema\/person\/2efc4a090d25b667d3bc796798a3a81b"},"headline":"Balance Social 2021 UCC","datePublished":"2022-08-31T21:05:50+00:00","dateModified":"2022-08-31T21:06:08+00:00","mainEntityOfPage":{"@id":"https:\/\/pagina10.com\/web\/balance-social-2021-ucc\/"},"wordCount":840,"commentCount":0,"publisher":{"@id":"https:\/\/pagina10.com\/web\/#organization"},"image":{"@id":"https:\/\/pagina10.com\/web\/balance-social-2021-ucc\/#primaryimage"},"thumbnailUrl":"https:\/\/pagina10.com\/web\/wp-content\/uploads\/2022\/08\/Captura-de-Pantalla-2022-08-31-a-las-4.04.46-p.-m..png","articleSection":["Educaci\u00f3n","Titulares"],"inLanguage":"es","potentialAction":[{"@type":"CommentAction","name":"Comment","target":["https:\/\/pagina10.com\/web\/balance-social-2021-ucc\/#respond"]}]},{"@type":"WebPage","@id":"https:\/\/pagina10.com\/web\/balance-social-2021-ucc\/","url":"https:\/\/pagina10.com\/web\/balance-social-2021-ucc\/","name":"Balance Social 2021 UCC | P\u00e1gina10","isPartOf":{"@id":"https:\/\/pagina10.com\/web\/#website"},"primaryImageOfPage":{"@id":"https:\/\/pagina10.com\/web\/balance-social-2021-ucc\/#primaryimage"},"image":{"@id":"https:\/\/pagina10.com\/web\/balance-social-2021-ucc\/#primaryimage"},"thumbnailUrl":"https:\/\/pagina10.com\/web\/wp-content\/uploads\/2022\/08\/Captura-de-Pantalla-2022-08-31-a-las-4.04.46-p.-m..png","datePublished":"2022-08-31T21:05:50+00:00","dateModified":"2022-08-31T21:06:08+00:00","breadcrumb":{"@id":"https:\/\/pagina10.com\/web\/balance-social-2021-ucc\/#breadcrumb"},"inLanguage":"es","potentialAction":[{"@type":"ReadAction","target":["https:\/\/pagina10.com\/web\/balance-social-2021-ucc\/"]}]},{"@type":"ImageObject","inLanguage":"es","@id":"https:\/\/pagina10.com\/web\/balance-social-2021-ucc\/#primaryimage","url":"https:\/\/pagina10.com\/web\/wp-content\/uploads\/2022\/08\/Captura-de-Pantalla-2022-08-31-a-las-4.04.46-p.-m..png","contentUrl":"https:\/\/pagina10.com\/web\/wp-content\/uploads\/2022\/08\/Captura-de-Pantalla-2022-08-31-a-las-4.04.46-p.-m..png","width":590,"height":347},{"@type":"BreadcrumbList","@id":"https:\/\/pagina10.com\/web\/balance-social-2021-ucc\/#breadcrumb","itemListElement":[{"@type":"ListItem","position":1,"name":"Portada","item":"https:\/\/pagina10.com\/web\/"},{"@type":"ListItem","position":2,"name":"Balance Social 2021 UCC"}]},{"@type":"WebSite","@id":"https:\/\/pagina10.com\/web\/#website","url":"https:\/\/pagina10.com\/web\/","name":"P\u00e1gina10","description":"Peri\u00f3dico Regional","publisher":{"@id":"https:\/\/pagina10.com\/web\/#organization"},"alternateName":"P\u00e1gina10 Peri\u00f3dico Regional","potentialAction":[{"@type":"SearchAction","target":{"@type":"EntryPoint","urlTemplate":"https:\/\/pagina10.com\/web\/?s={search_term_string}"},"query-input":{"@type":"PropertyValueSpecification","valueRequired":true,"valueName":"search_term_string"}}],"inLanguage":"es"},{"@type":"Organization","@id":"https:\/\/pagina10.com\/web\/#organization","name":"P\u00e1gina10","alternateName":"P\u00e1gina10 Peri\u00f3dico Regional","url":"https:\/\/pagina10.com\/web\/","logo":{"@type":"ImageObject","inLanguage":"es","@id":"https:\/\/pagina10.com\/web\/#\/schema\/logo\/image\/","url":"https:\/\/pagina10.com\/web\/wp-content\/uploads\/2024\/01\/40-pagina-10-periodico-regional-pasto.jpg","contentUrl":"https:\/\/pagina10.com\/web\/wp-content\/uploads\/2024\/01\/40-pagina-10-periodico-regional-pasto.jpg","width":1280,"height":720,"caption":"P\u00e1gina10"},"image":{"@id":"https:\/\/pagina10.com\/web\/#\/schema\/logo\/image\/"},"sameAs":["https:\/\/www.facebook.com\/pag10com","https:\/\/x.com\/Pag10com","https:\/\/www.instagram.com\/pagina10col\/","https:\/\/youtube.com\/channel\/pag10","https:\/\/www.tiktok.com\/@p10col"]},{"@type":"Person","@id":"https:\/\/pagina10.com\/web\/#\/schema\/person\/2efc4a090d25b667d3bc796798a3a81b","name":"P\u00e1gina 10","description":"P\u00e1gina 10 es un peri\u00f3dico regional que nace en Colombia, en el departamento de Nari\u00f1o, con un enfoque global, fundamentado en cuatro pilares esenciales: la libertad, el pluralismo, la inclusi\u00f3n y la independencia. P\u00e1gina 10 hace referencia a Nari\u00f1o como el d\u00e9cimo departamento creado en Colombia, despu\u00e9s de un proceso pol\u00edtico liderado por actores y actrices regionales con el fin de obtener la independencia y autonom\u00eda de nuestros territorios. Con la creaci\u00f3n de P\u00e1gina 10 se pretende abrir un escenario para el dialogo, la reflexi\u00f3n y el debate que se extienda a otras geograf\u00edas de Am\u00e9rica Latina y del planeta, en una apuesta por transformar colectivamente los desaf\u00edos de un mundo contempor\u00e1neo, m\u00e1s all\u00e1 de las fronteras impuestas.","url":"https:\/\/pagina10.com\/web\/author\/pdiezadmin\/"}]}},"_links":{"self":[{"href":"https:\/\/pagina10.com\/web\/wp-json\/wp\/v2\/posts\/61392","targetHints":{"allow":["GET"]}}],"collection":[{"href":"https:\/\/pagina10.com\/web\/wp-json\/wp\/v2\/posts"}],"about":[{"href":"https:\/\/pagina10.com\/web\/wp-json\/wp\/v2\/types\/post"}],"author":[{"embeddable":true,"href":"https:\/\/pagina10.com\/web\/wp-json\/wp\/v2\/users\/1"}],"replies":[{"embeddable":true,"href":"https:\/\/pagina10.com\/web\/wp-json\/wp\/v2\/comments?post=61392"}],"version-history":[{"count":1,"href":"https:\/\/pagina10.com\/web\/wp-json\/wp\/v2\/posts\/61392\/revisions"}],"predecessor-version":[{"id":61394,"href":"https:\/\/pagina10.com\/web\/wp-json\/wp\/v2\/posts\/61392\/revisions\/61394"}],"wp:featuredmedia":[{"embeddable":true,"href":"https:\/\/pagina10.com\/web\/wp-json\/wp\/v2\/media\/61393"}],"wp:attachment":[{"href":"https:\/\/pagina10.com\/web\/wp-json\/wp\/v2\/media?parent=61392"}],"wp:term":[{"taxonomy":"category","embeddable":true,"href":"https:\/\/pagina10.com\/web\/wp-json\/wp\/v2\/categories?post=61392"},{"taxonomy":"post_tag","embeddable":true,"href":"https:\/\/pagina10.com\/web\/wp-json\/wp\/v2\/tags?post=61392"}],"curies":[{"name":"wp","href":"https:\/\/api.w.org\/{rel}","templated":true}]}}