{"id":61442,"date":"2022-09-03T21:45:03","date_gmt":"2022-09-04T02:45:03","guid":{"rendered":"https:\/\/pagina10.com\/web\/?p=61442"},"modified":"2022-09-03T21:45:03","modified_gmt":"2022-09-04T02:45:03","slug":"ministro-de-educacion-alejandro-gaviria-llego-a-pasto-para-conocer-la-situacion-educativa-en-el-territorio","status":"publish","type":"post","link":"https:\/\/pagina10.com\/web\/ministro-de-educacion-alejandro-gaviria-llego-a-pasto-para-conocer-la-situacion-educativa-en-el-territorio\/","title":{"rendered":"Ministro de educaci\u00f3n, Alejandro Gaviria, lleg\u00f3 a Pasto para conocer la situaci\u00f3n educativa en el territorio."},"content":{"rendered":"<p style=\"text-align: justify;\">El funcionario del Gobierno Nacional dio un mensaje esperanzador al afirmar que el municipio est\u00e1 priorizado para atender sus necesidades en materia educativa.<\/p>\n<p style=\"text-align: justify;\">Entrega de infraestructura educativa<\/p>\n<p style=\"text-align: justify;\">La agenda del Ministro de Educaci\u00f3n, Alejandro Gaviria, inici\u00f3 con la puesta en funcionamiento de la obra de ampliaci\u00f3n de la I.E.M. Nuestra Se\u00f1ora de Guadalupe, en el corregimiento de Catambuco, donde el Alcalde Germ\u00e1n Chamorro de la Rosa le entreg\u00f3 las llaves de la ciudad como s\u00edmbolo de confianza para trabajar en equipo en beneficio de la educaci\u00f3n de ni\u00f1os, ni\u00f1as y adolescentes del municipio.<\/p>\n<p style=\"text-align: justify;\">\u201cEntregamos la instituci\u00f3n No. 11, que tuvo una inversi\u00f3n de m\u00e1s de 3 mil millones de pesos y se suman a los m\u00e1s de 93 mil del convenio con el FFIE. En su primera visita a Pasto, el Ministro lleg\u00f3 con mucha esperanza y el mensaje de que, en equipo, trabajaremos por la calidad educativa del municipio\u201d, coment\u00f3 el Mandatario Local.<\/p>\n<p style=\"text-align: justify;\">Por su parte, la rectora de este plantel educativo, Rosa Cecilia Bustos, se mostr\u00f3 satisfecha con el resultado del proyecto: \u201cHemos entendido que, para educar a un ni\u00f1o, es necesario amarlo. Con ayuda de la Administraci\u00f3n Municipal, podemos ofrecer un ambiente protector a m\u00e1s de 1.400 estudiantes que viven en condiciones de vulnerabilidad y pobreza extrema\u201d.<\/p>\n<p style=\"text-align: justify;\">Reuni\u00f3n con rectores, personal administrativo y sindicatos de maestros<\/p>\n<p style=\"text-align: justify;\">Temas como las dificultades de la planta docente, dignificaci\u00f3n de salarios, deserci\u00f3n escolar y uniformidad de la jornada educativa, entre otros temas que afectan la formaci\u00f3n de ni\u00f1os, ni\u00f1as y adolescentes, fueron tratados en este encuentro.<\/p>\n<p style=\"text-align: justify;\">\u201cRepasamos varios temas que nos preocupan, tratando de hacer un balance entre las necesidades del municipio y las posibilidades que tenemos de avanzar con el presupuesto nacional 2023. Me voy cargado de optimismo y reitero que Pasto tendr\u00e1 prioridad en la asignaci\u00f3n de recursos para infraestructura educativa\u201d, afirm\u00f3 el Ministro de Educaci\u00f3n, Alejandro Gaviria.<\/p>\n<p style=\"text-align: justify;\">El funcionario, adem\u00e1s, reconoci\u00f3 las experiencias exitosas que ha implementado la Alcald\u00eda de Pasto, a trav\u00e9s de la Secretar\u00eda de Educaci\u00f3n, como la Red de Escuelas de Formaci\u00f3n Musical y la Escuela de Formaci\u00f3n Guardianes del Carnaval, ejercicios que se pueden replicar en el resto del pa\u00eds.<\/p>\n","protected":false},"excerpt":{"rendered":"<p>El funcionario del Gobierno Nacional dio un mensaje esperanzador al afirmar que el municipio est\u00e1 priorizado para atender sus necesidades en materia educativa. Entrega de infraestructura educativa La agenda del Ministro de Educaci\u00f3n, Alejandro Gaviria, inici\u00f3 con la puesta en funcionamiento de la obra de ampliaci\u00f3n de la I.E.M. Nuestra Se\u00f1ora de Guadalupe, en el [&hellip;]<\/p>\n","protected":false},"author":1,"featured_media":61443,"comment_status":"open","ping_status":"open","sticky":false,"template":"","format":"standard","meta":{"footnotes":""},"categories":[82],"tags":[],"class_list":["post-61442","post","type-post","status-publish","format-standard","has-post-thumbnail","hentry","category-ciudad-2"],"yoast_head":"<!-- This site is optimized with the Yoast SEO plugin v27.1.1 - https:\/\/yoast.com\/product\/yoast-seo-wordpress\/ -->\n<title>Ministro de educaci\u00f3n, Alejandro Gaviria, lleg\u00f3 a Pasto para conocer la situaci\u00f3n educativa en el territorio. | P\u00e1gina10<\/title>\n<meta name=\"robots\" content=\"index, follow, max-snippet:-1, max-image-preview:large, max-video-preview:-1\" \/>\n<link rel=\"canonical\" href=\"https:\/\/pagina10.com\/web\/ministro-de-educacion-alejandro-gaviria-llego-a-pasto-para-conocer-la-situacion-educativa-en-el-territorio\/\" \/>\n<meta property=\"og:locale\" content=\"es_ES\" \/>\n<meta property=\"og:type\" content=\"article\" \/>\n<meta property=\"og:title\" content=\"Ministro de educaci\u00f3n, Alejandro Gaviria, lleg\u00f3 a Pasto para conocer la situaci\u00f3n educativa en el territorio. | P\u00e1gina10\" \/>\n<meta property=\"og:description\" content=\"El funcionario del Gobierno Nacional dio un mensaje esperanzador al afirmar que el municipio est\u00e1 priorizado para atender sus necesidades en materia educativa. Entrega de infraestructura educativa La agenda del Ministro de Educaci\u00f3n, Alejandro Gaviria, inici\u00f3 con la puesta en funcionamiento de la obra de ampliaci\u00f3n de la I.E.M. Nuestra Se\u00f1ora de Guadalupe, en el [&hellip;]\" \/>\n<meta property=\"og:url\" content=\"https:\/\/pagina10.com\/web\/ministro-de-educacion-alejandro-gaviria-llego-a-pasto-para-conocer-la-situacion-educativa-en-el-territorio\/\" \/>\n<meta property=\"og:site_name\" content=\"P\u00e1gina10\" \/>\n<meta property=\"article:publisher\" content=\"https:\/\/www.facebook.com\/pag10com\" \/>\n<meta property=\"article:published_time\" content=\"2022-09-04T02:45:03+00:00\" \/>\n<meta property=\"og:image\" content=\"https:\/\/pagina10.com\/web\/wp-content\/uploads\/2022\/09\/WhatsApp-Image-2022-09-02-at-9.32.35-PM.jpeg\" \/>\n\t<meta property=\"og:image:width\" content=\"1280\" \/>\n\t<meta property=\"og:image:height\" content=\"855\" \/>\n\t<meta property=\"og:image:type\" content=\"image\/jpeg\" \/>\n<meta name=\"author\" content=\"P\u00e1gina 10\" \/>\n<meta name=\"twitter:card\" content=\"summary_large_image\" \/>\n<meta name=\"twitter:creator\" content=\"@Pag10com\" \/>\n<meta name=\"twitter:site\" content=\"@Pag10com\" \/>\n<meta name=\"twitter:label1\" content=\"Escrito por\" \/>\n\t<meta name=\"twitter:data1\" content=\"P\u00e1gina 10\" \/>\n\t<meta name=\"twitter:label2\" content=\"Tiempo de lectura\" \/>\n\t<meta name=\"twitter:data2\" content=\"2 minutos\" \/>\n<script type=\"application\/ld+json\" class=\"yoast-schema-graph\">{\"@context\":\"https:\/\/schema.org\",\"@graph\":[{\"@type\":\"Article\",\"@id\":\"https:\/\/pagina10.com\/web\/ministro-de-educacion-alejandro-gaviria-llego-a-pasto-para-conocer-la-situacion-educativa-en-el-territorio\/#article\",\"isPartOf\":{\"@id\":\"https:\/\/pagina10.com\/web\/ministro-de-educacion-alejandro-gaviria-llego-a-pasto-para-conocer-la-situacion-educativa-en-el-territorio\/\"},\"author\":{\"name\":\"P\u00e1gina 10\",\"@id\":\"https:\/\/pagina10.com\/web\/#\/schema\/person\/2efc4a090d25b667d3bc796798a3a81b\"},\"headline\":\"Ministro de educaci\u00f3n, Alejandro Gaviria, lleg\u00f3 a Pasto para conocer la situaci\u00f3n educativa en el territorio.\",\"datePublished\":\"2022-09-04T02:45:03+00:00\",\"mainEntityOfPage\":{\"@id\":\"https:\/\/pagina10.com\/web\/ministro-de-educacion-alejandro-gaviria-llego-a-pasto-para-conocer-la-situacion-educativa-en-el-territorio\/\"},\"wordCount\":402,\"commentCount\":0,\"publisher\":{\"@id\":\"https:\/\/pagina10.com\/web\/#organization\"},\"image\":{\"@id\":\"https:\/\/pagina10.com\/web\/ministro-de-educacion-alejandro-gaviria-llego-a-pasto-para-conocer-la-situacion-educativa-en-el-territorio\/#primaryimage\"},\"thumbnailUrl\":\"https:\/\/pagina10.com\/web\/wp-content\/uploads\/2022\/09\/WhatsApp-Image-2022-09-02-at-9.32.35-PM.jpeg\",\"articleSection\":[\"Ciudad\"],\"inLanguage\":\"es\",\"potentialAction\":[{\"@type\":\"CommentAction\",\"name\":\"Comment\",\"target\":[\"https:\/\/pagina10.com\/web\/ministro-de-educacion-alejandro-gaviria-llego-a-pasto-para-conocer-la-situacion-educativa-en-el-territorio\/#respond\"]}]},{\"@type\":\"WebPage\",\"@id\":\"https:\/\/pagina10.com\/web\/ministro-de-educacion-alejandro-gaviria-llego-a-pasto-para-conocer-la-situacion-educativa-en-el-territorio\/\",\"url\":\"https:\/\/pagina10.com\/web\/ministro-de-educacion-alejandro-gaviria-llego-a-pasto-para-conocer-la-situacion-educativa-en-el-territorio\/\",\"name\":\"Ministro de educaci\u00f3n, Alejandro Gaviria, lleg\u00f3 a Pasto para conocer la situaci\u00f3n educativa en el territorio. | P\u00e1gina10\",\"isPartOf\":{\"@id\":\"https:\/\/pagina10.com\/web\/#website\"},\"primaryImageOfPage\":{\"@id\":\"https:\/\/pagina10.com\/web\/ministro-de-educacion-alejandro-gaviria-llego-a-pasto-para-conocer-la-situacion-educativa-en-el-territorio\/#primaryimage\"},\"image\":{\"@id\":\"https:\/\/pagina10.com\/web\/ministro-de-educacion-alejandro-gaviria-llego-a-pasto-para-conocer-la-situacion-educativa-en-el-territorio\/#primaryimage\"},\"thumbnailUrl\":\"https:\/\/pagina10.com\/web\/wp-content\/uploads\/2022\/09\/WhatsApp-Image-2022-09-02-at-9.32.35-PM.jpeg\",\"datePublished\":\"2022-09-04T02:45:03+00:00\",\"breadcrumb\":{\"@id\":\"https:\/\/pagina10.com\/web\/ministro-de-educacion-alejandro-gaviria-llego-a-pasto-para-conocer-la-situacion-educativa-en-el-territorio\/#breadcrumb\"},\"inLanguage\":\"es\",\"potentialAction\":[{\"@type\":\"ReadAction\",\"target\":[\"https:\/\/pagina10.com\/web\/ministro-de-educacion-alejandro-gaviria-llego-a-pasto-para-conocer-la-situacion-educativa-en-el-territorio\/\"]}]},{\"@type\":\"ImageObject\",\"inLanguage\":\"es\",\"@id\":\"https:\/\/pagina10.com\/web\/ministro-de-educacion-alejandro-gaviria-llego-a-pasto-para-conocer-la-situacion-educativa-en-el-territorio\/#primaryimage\",\"url\":\"https:\/\/pagina10.com\/web\/wp-content\/uploads\/2022\/09\/WhatsApp-Image-2022-09-02-at-9.32.35-PM.jpeg\",\"contentUrl\":\"https:\/\/pagina10.com\/web\/wp-content\/uploads\/2022\/09\/WhatsApp-Image-2022-09-02-at-9.32.35-PM.jpeg\",\"width\":1280,\"height\":855},{\"@type\":\"BreadcrumbList\",\"@id\":\"https:\/\/pagina10.com\/web\/ministro-de-educacion-alejandro-gaviria-llego-a-pasto-para-conocer-la-situacion-educativa-en-el-territorio\/#breadcrumb\",\"itemListElement\":[{\"@type\":\"ListItem\",\"position\":1,\"name\":\"Portada\",\"item\":\"https:\/\/pagina10.com\/web\/\"},{\"@type\":\"ListItem\",\"position\":2,\"name\":\"Ministro de educaci\u00f3n, Alejandro Gaviria, lleg\u00f3 a Pasto para conocer la situaci\u00f3n educativa en el territorio.\"}]},{\"@type\":\"WebSite\",\"@id\":\"https:\/\/pagina10.com\/web\/#website\",\"url\":\"https:\/\/pagina10.com\/web\/\",\"name\":\"P\u00e1gina10\",\"description\":\"Peri\u00f3dico Regional\",\"publisher\":{\"@id\":\"https:\/\/pagina10.com\/web\/#organization\"},\"alternateName\":\"P\u00e1gina10 Peri\u00f3dico Regional\",\"potentialAction\":[{\"@type\":\"SearchAction\",\"target\":{\"@type\":\"EntryPoint\",\"urlTemplate\":\"https:\/\/pagina10.com\/web\/?s={search_term_string}\"},\"query-input\":{\"@type\":\"PropertyValueSpecification\",\"valueRequired\":true,\"valueName\":\"search_term_string\"}}],\"inLanguage\":\"es\"},{\"@type\":\"Organization\",\"@id\":\"https:\/\/pagina10.com\/web\/#organization\",\"name\":\"P\u00e1gina10\",\"alternateName\":\"P\u00e1gina10 Peri\u00f3dico Regional\",\"url\":\"https:\/\/pagina10.com\/web\/\",\"logo\":{\"@type\":\"ImageObject\",\"inLanguage\":\"es\",\"@id\":\"https:\/\/pagina10.com\/web\/#\/schema\/logo\/image\/\",\"url\":\"https:\/\/pagina10.com\/web\/wp-content\/uploads\/2024\/01\/40-pagina-10-periodico-regional-pasto.jpg\",\"contentUrl\":\"https:\/\/pagina10.com\/web\/wp-content\/uploads\/2024\/01\/40-pagina-10-periodico-regional-pasto.jpg\",\"width\":1280,\"height\":720,\"caption\":\"P\u00e1gina10\"},\"image\":{\"@id\":\"https:\/\/pagina10.com\/web\/#\/schema\/logo\/image\/\"},\"sameAs\":[\"https:\/\/www.facebook.com\/pag10com\",\"https:\/\/x.com\/Pag10com\",\"https:\/\/www.instagram.com\/pagina10col\/\",\"https:\/\/youtube.com\/channel\/pag10\",\"https:\/\/www.tiktok.com\/@p10col\"]},{\"@type\":\"Person\",\"@id\":\"https:\/\/pagina10.com\/web\/#\/schema\/person\/2efc4a090d25b667d3bc796798a3a81b\",\"name\":\"P\u00e1gina 10\",\"description\":\"P\u00e1gina 10 es un peri\u00f3dico regional que nace en Colombia, en el departamento de Nari\u00f1o, con un enfoque global, fundamentado en cuatro pilares esenciales: la libertad, el pluralismo, la inclusi\u00f3n y la independencia. P\u00e1gina 10 hace referencia a Nari\u00f1o como el d\u00e9cimo departamento creado en Colombia, despu\u00e9s de un proceso pol\u00edtico liderado por actores y actrices regionales con el fin de obtener la independencia y autonom\u00eda de nuestros territorios. Con la creaci\u00f3n de P\u00e1gina 10 se pretende abrir un escenario para el dialogo, la reflexi\u00f3n y el debate que se extienda a otras geograf\u00edas de Am\u00e9rica Latina y del planeta, en una apuesta por transformar colectivamente los desaf\u00edos de un mundo contempor\u00e1neo, m\u00e1s all\u00e1 de las fronteras impuestas.\",\"url\":\"https:\/\/pagina10.com\/web\/author\/pdiezadmin\/\"}]}<\/script>\n<!-- \/ Yoast SEO plugin. -->","yoast_head_json":{"title":"Ministro de educaci\u00f3n, Alejandro Gaviria, lleg\u00f3 a Pasto para conocer la situaci\u00f3n educativa en el territorio. | P\u00e1gina10","robots":{"index":"index","follow":"follow","max-snippet":"max-snippet:-1","max-image-preview":"max-image-preview:large","max-video-preview":"max-video-preview:-1"},"canonical":"https:\/\/pagina10.com\/web\/ministro-de-educacion-alejandro-gaviria-llego-a-pasto-para-conocer-la-situacion-educativa-en-el-territorio\/","og_locale":"es_ES","og_type":"article","og_title":"Ministro de educaci\u00f3n, Alejandro Gaviria, lleg\u00f3 a Pasto para conocer la situaci\u00f3n educativa en el territorio. | P\u00e1gina10","og_description":"El funcionario del Gobierno Nacional dio un mensaje esperanzador al afirmar que el municipio est\u00e1 priorizado para atender sus necesidades en materia educativa. Entrega de infraestructura educativa La agenda del Ministro de Educaci\u00f3n, Alejandro Gaviria, inici\u00f3 con la puesta en funcionamiento de la obra de ampliaci\u00f3n de la I.E.M. Nuestra Se\u00f1ora de Guadalupe, en el [&hellip;]","og_url":"https:\/\/pagina10.com\/web\/ministro-de-educacion-alejandro-gaviria-llego-a-pasto-para-conocer-la-situacion-educativa-en-el-territorio\/","og_site_name":"P\u00e1gina10","article_publisher":"https:\/\/www.facebook.com\/pag10com","article_published_time":"2022-09-04T02:45:03+00:00","og_image":[{"width":1280,"height":855,"url":"https:\/\/pagina10.com\/web\/wp-content\/uploads\/2022\/09\/WhatsApp-Image-2022-09-02-at-9.32.35-PM.jpeg","type":"image\/jpeg"}],"author":"P\u00e1gina 10","twitter_card":"summary_large_image","twitter_creator":"@Pag10com","twitter_site":"@Pag10com","twitter_misc":{"Escrito por":"P\u00e1gina 10","Tiempo de lectura":"2 minutos"},"schema":{"@context":"https:\/\/schema.org","@graph":[{"@type":"Article","@id":"https:\/\/pagina10.com\/web\/ministro-de-educacion-alejandro-gaviria-llego-a-pasto-para-conocer-la-situacion-educativa-en-el-territorio\/#article","isPartOf":{"@id":"https:\/\/pagina10.com\/web\/ministro-de-educacion-alejandro-gaviria-llego-a-pasto-para-conocer-la-situacion-educativa-en-el-territorio\/"},"author":{"name":"P\u00e1gina 10","@id":"https:\/\/pagina10.com\/web\/#\/schema\/person\/2efc4a090d25b667d3bc796798a3a81b"},"headline":"Ministro de educaci\u00f3n, Alejandro Gaviria, lleg\u00f3 a Pasto para conocer la situaci\u00f3n educativa en el territorio.","datePublished":"2022-09-04T02:45:03+00:00","mainEntityOfPage":{"@id":"https:\/\/pagina10.com\/web\/ministro-de-educacion-alejandro-gaviria-llego-a-pasto-para-conocer-la-situacion-educativa-en-el-territorio\/"},"wordCount":402,"commentCount":0,"publisher":{"@id":"https:\/\/pagina10.com\/web\/#organization"},"image":{"@id":"https:\/\/pagina10.com\/web\/ministro-de-educacion-alejandro-gaviria-llego-a-pasto-para-conocer-la-situacion-educativa-en-el-territorio\/#primaryimage"},"thumbnailUrl":"https:\/\/pagina10.com\/web\/wp-content\/uploads\/2022\/09\/WhatsApp-Image-2022-09-02-at-9.32.35-PM.jpeg","articleSection":["Ciudad"],"inLanguage":"es","potentialAction":[{"@type":"CommentAction","name":"Comment","target":["https:\/\/pagina10.com\/web\/ministro-de-educacion-alejandro-gaviria-llego-a-pasto-para-conocer-la-situacion-educativa-en-el-territorio\/#respond"]}]},{"@type":"WebPage","@id":"https:\/\/pagina10.com\/web\/ministro-de-educacion-alejandro-gaviria-llego-a-pasto-para-conocer-la-situacion-educativa-en-el-territorio\/","url":"https:\/\/pagina10.com\/web\/ministro-de-educacion-alejandro-gaviria-llego-a-pasto-para-conocer-la-situacion-educativa-en-el-territorio\/","name":"Ministro de educaci\u00f3n, Alejandro Gaviria, lleg\u00f3 a Pasto para conocer la situaci\u00f3n educativa en el territorio. | P\u00e1gina10","isPartOf":{"@id":"https:\/\/pagina10.com\/web\/#website"},"primaryImageOfPage":{"@id":"https:\/\/pagina10.com\/web\/ministro-de-educacion-alejandro-gaviria-llego-a-pasto-para-conocer-la-situacion-educativa-en-el-territorio\/#primaryimage"},"image":{"@id":"https:\/\/pagina10.com\/web\/ministro-de-educacion-alejandro-gaviria-llego-a-pasto-para-conocer-la-situacion-educativa-en-el-territorio\/#primaryimage"},"thumbnailUrl":"https:\/\/pagina10.com\/web\/wp-content\/uploads\/2022\/09\/WhatsApp-Image-2022-09-02-at-9.32.35-PM.jpeg","datePublished":"2022-09-04T02:45:03+00:00","breadcrumb":{"@id":"https:\/\/pagina10.com\/web\/ministro-de-educacion-alejandro-gaviria-llego-a-pasto-para-conocer-la-situacion-educativa-en-el-territorio\/#breadcrumb"},"inLanguage":"es","potentialAction":[{"@type":"ReadAction","target":["https:\/\/pagina10.com\/web\/ministro-de-educacion-alejandro-gaviria-llego-a-pasto-para-conocer-la-situacion-educativa-en-el-territorio\/"]}]},{"@type":"ImageObject","inLanguage":"es","@id":"https:\/\/pagina10.com\/web\/ministro-de-educacion-alejandro-gaviria-llego-a-pasto-para-conocer-la-situacion-educativa-en-el-territorio\/#primaryimage","url":"https:\/\/pagina10.com\/web\/wp-content\/uploads\/2022\/09\/WhatsApp-Image-2022-09-02-at-9.32.35-PM.jpeg","contentUrl":"https:\/\/pagina10.com\/web\/wp-content\/uploads\/2022\/09\/WhatsApp-Image-2022-09-02-at-9.32.35-PM.jpeg","width":1280,"height":855},{"@type":"BreadcrumbList","@id":"https:\/\/pagina10.com\/web\/ministro-de-educacion-alejandro-gaviria-llego-a-pasto-para-conocer-la-situacion-educativa-en-el-territorio\/#breadcrumb","itemListElement":[{"@type":"ListItem","position":1,"name":"Portada","item":"https:\/\/pagina10.com\/web\/"},{"@type":"ListItem","position":2,"name":"Ministro de educaci\u00f3n, Alejandro Gaviria, lleg\u00f3 a Pasto para conocer la situaci\u00f3n educativa en el territorio."}]},{"@type":"WebSite","@id":"https:\/\/pagina10.com\/web\/#website","url":"https:\/\/pagina10.com\/web\/","name":"P\u00e1gina10","description":"Peri\u00f3dico Regional","publisher":{"@id":"https:\/\/pagina10.com\/web\/#organization"},"alternateName":"P\u00e1gina10 Peri\u00f3dico Regional","potentialAction":[{"@type":"SearchAction","target":{"@type":"EntryPoint","urlTemplate":"https:\/\/pagina10.com\/web\/?s={search_term_string}"},"query-input":{"@type":"PropertyValueSpecification","valueRequired":true,"valueName":"search_term_string"}}],"inLanguage":"es"},{"@type":"Organization","@id":"https:\/\/pagina10.com\/web\/#organization","name":"P\u00e1gina10","alternateName":"P\u00e1gina10 Peri\u00f3dico Regional","url":"https:\/\/pagina10.com\/web\/","logo":{"@type":"ImageObject","inLanguage":"es","@id":"https:\/\/pagina10.com\/web\/#\/schema\/logo\/image\/","url":"https:\/\/pagina10.com\/web\/wp-content\/uploads\/2024\/01\/40-pagina-10-periodico-regional-pasto.jpg","contentUrl":"https:\/\/pagina10.com\/web\/wp-content\/uploads\/2024\/01\/40-pagina-10-periodico-regional-pasto.jpg","width":1280,"height":720,"caption":"P\u00e1gina10"},"image":{"@id":"https:\/\/pagina10.com\/web\/#\/schema\/logo\/image\/"},"sameAs":["https:\/\/www.facebook.com\/pag10com","https:\/\/x.com\/Pag10com","https:\/\/www.instagram.com\/pagina10col\/","https:\/\/youtube.com\/channel\/pag10","https:\/\/www.tiktok.com\/@p10col"]},{"@type":"Person","@id":"https:\/\/pagina10.com\/web\/#\/schema\/person\/2efc4a090d25b667d3bc796798a3a81b","name":"P\u00e1gina 10","description":"P\u00e1gina 10 es un peri\u00f3dico regional que nace en Colombia, en el departamento de Nari\u00f1o, con un enfoque global, fundamentado en cuatro pilares esenciales: la libertad, el pluralismo, la inclusi\u00f3n y la independencia. P\u00e1gina 10 hace referencia a Nari\u00f1o como el d\u00e9cimo departamento creado en Colombia, despu\u00e9s de un proceso pol\u00edtico liderado por actores y actrices regionales con el fin de obtener la independencia y autonom\u00eda de nuestros territorios. Con la creaci\u00f3n de P\u00e1gina 10 se pretende abrir un escenario para el dialogo, la reflexi\u00f3n y el debate que se extienda a otras geograf\u00edas de Am\u00e9rica Latina y del planeta, en una apuesta por transformar colectivamente los desaf\u00edos de un mundo contempor\u00e1neo, m\u00e1s all\u00e1 de las fronteras impuestas.","url":"https:\/\/pagina10.com\/web\/author\/pdiezadmin\/"}]}},"_links":{"self":[{"href":"https:\/\/pagina10.com\/web\/wp-json\/wp\/v2\/posts\/61442","targetHints":{"allow":["GET"]}}],"collection":[{"href":"https:\/\/pagina10.com\/web\/wp-json\/wp\/v2\/posts"}],"about":[{"href":"https:\/\/pagina10.com\/web\/wp-json\/wp\/v2\/types\/post"}],"author":[{"embeddable":true,"href":"https:\/\/pagina10.com\/web\/wp-json\/wp\/v2\/users\/1"}],"replies":[{"embeddable":true,"href":"https:\/\/pagina10.com\/web\/wp-json\/wp\/v2\/comments?post=61442"}],"version-history":[{"count":1,"href":"https:\/\/pagina10.com\/web\/wp-json\/wp\/v2\/posts\/61442\/revisions"}],"predecessor-version":[{"id":61444,"href":"https:\/\/pagina10.com\/web\/wp-json\/wp\/v2\/posts\/61442\/revisions\/61444"}],"wp:featuredmedia":[{"embeddable":true,"href":"https:\/\/pagina10.com\/web\/wp-json\/wp\/v2\/media\/61443"}],"wp:attachment":[{"href":"https:\/\/pagina10.com\/web\/wp-json\/wp\/v2\/media?parent=61442"}],"wp:term":[{"taxonomy":"category","embeddable":true,"href":"https:\/\/pagina10.com\/web\/wp-json\/wp\/v2\/categories?post=61442"},{"taxonomy":"post_tag","embeddable":true,"href":"https:\/\/pagina10.com\/web\/wp-json\/wp\/v2\/tags?post=61442"}],"curies":[{"name":"wp","href":"https:\/\/api.w.org\/{rel}","templated":true}]}}