{"id":6145,"date":"2014-01-15T03:21:30","date_gmt":"2014-01-15T03:21:30","guid":{"rendered":"https:\/\/pagina10.com\/web\/cabalgatas-en-caballitos-de-acero\/"},"modified":"2014-01-15T03:21:30","modified_gmt":"2014-01-15T03:21:30","slug":"cabalgatas-en-caballitos-de-acero","status":"publish","type":"post","link":"https:\/\/pagina10.com\/web\/cabalgatas-en-caballitos-de-acero\/","title":{"rendered":"Cabalgatas en \u2018caballitos de acero\u2019"},"content":{"rendered":"<p><img fetchpriority=\"high\" decoding=\"async\" class=\" size-full wp-image-6144\" src=\"https:\/\/pagina10.com\/web\/wp-content\/uploads\/2014\/01\/e7a476bdc2fad28deda2a3840a94f5f4.jpg\" alt=\"\" width=\"423\" height=\"266\" srcset=\"https:\/\/pagina10.com\/web\/wp-content\/uploads\/2014\/01\/e7a476bdc2fad28deda2a3840a94f5f4.jpg 423w, https:\/\/pagina10.com\/web\/wp-content\/uploads\/2014\/01\/e7a476bdc2fad28deda2a3840a94f5f4-300x189.jpg 300w\" sizes=\"(max-width: 423px) 100vw, 423px\" \/><\/p>\n<p style=\"text-align: justify;\">Surge como una gran alternativa la propuesta lanzada por un grupo de j\u00f3venes, de participar en el desfile del 2 de enero montando en bicicleta y luciendo atuendos caracter\u00edsticos de la celebraci\u00f3n, para de esta manera despertar sensibilidad en cuanto al maltrato que sufren los caballos en las cabalgatas que se vienen realizando en las fiestas populares de nuestro pa\u00eds.<\/p>\n<p>  <!--more-->  <\/p>\n<p style=\"text-align: justify;\">&nbsp;La convocatoria se la hizo a trav\u00e9s de las redes sociales a escazas horas de la realizaci\u00f3n del desfile de las colonias, donde tambi\u00e9n han venido participando los caballistas a pesar de la oposici\u00f3n de grupos ambientalistas y animalistas. No obstante, la respuesta fue favorable, pues a la cita asistieron decenas de ciclistas que, sin contar con la aprobaci\u00f3n de las directivas de Corpocarnaval ni formar parte del programa, recibieron la ovaci\u00f3n del p\u00fablico presente que lanzaba loas a los participantes.<\/p>\n<p style=\"text-align: justify;\">&nbsp;<\/p>\n<p style=\"text-align: justify;\">El entusiasmo fue tal que a partir de la presente versi\u00f3n del Carnaval de Negros y Blancos se constituye en una nueva manifestaci\u00f3nfestiva, que se prev\u00e9 sea masiva.<\/p>\n<p style=\"text-align: justify;\">&nbsp;<\/p>\n<p style=\"text-align: justify;\">Es una forma civilizada de hacer conciencia entre quienes se empecinan en continuar con la participaci\u00f3n de los caballistas en nuestras m\u00e1ximas festividades, teniendo en cuenta que este tipo de participaciones no forma parte de la tradici\u00f3n ni del contexto del Carnaval.<\/p>\n<p style=\"text-align: justify;\">&nbsp;<\/p>\n<p style=\"text-align: justify;\">Los caballos viven una situaci\u00f3n de estr\u00e9s al someterse a un ambiente ajeno a su naturaleza: las aglomeraciones, los colores, el ruido, los flashes de las c\u00e1maras, la m\u00fasica a alto volumen, la espuma de los aerosoles, el talco; sumado al consumo de licor por parte de los jinetes, situaci\u00f3n que hace que los equinos se sientan agredidos.<\/p>\n<p style=\"text-align: justify;\">&nbsp;<\/p>\n<p style=\"text-align: justify;\">Asimismo, los caballos est\u00e1n dotados de unos herrajes apropiados para los caminos de herradura y no para el pavimento, lo que hace que se los ponga en riesgo de deslizarse y sufrir contusiones.<\/p>\n<p style=\"text-align: justify;\">&nbsp;<\/p>\n<p style=\"text-align: justify;\">La experiencia vivida en la pasada Feria de Cali nos da la raz\u00f3n, cuando un caballo que participaba del evento relinch\u00f3 al sentir el impacto del destello de una c\u00e1mara fotogr\u00e1fica en sus ojos, con la consecuente ca\u00edda de una dama que lo montaba. Posteriormente la infortunada falleci\u00f3.<\/p>\n<p style=\"text-align: justify;\">&nbsp;<\/p>\n<p style=\"text-align: justify;\">Por su parte, el grupopromotor de la iniciativa, conformado por j\u00f3venes profesionales, sienten gran complacencia por la acogida y el respaldo de la ciudadan\u00eda por una serie de propuestas lanzadas para promover el uso de la bicicleta.En esta oportunidad la &nbsp;actividad corri\u00f3 por cuenta deEnbiciclate, Joanna Vallejo, Liz Obando, Alberto Insuasty, Welcome Pasto;Urcunina con Eduardo Gordillo y Trochas Pasto.<\/p>\n<p style=\"text-align: justify;\">&nbsp;<\/p>\n<p style=\"text-align: justify;\">Es la gran oportunidad para hacer pedagog\u00eda ciudadana en torno a la convivencia, el respeto por las normas y los derechos, ciudades amables, el valor que tenemos las personas, y, ante todo, hacerle entender a la gente que lo m\u00e1s importante somos las personas por encima de las m\u00e1quinas. Los veh\u00edculos automotores son para servicio de las personas; por lo tanto los conductores deben actuar con suma prudencia cuando ven a un peat\u00f3n o un ciclista en la v\u00eda, porque estos se encuentran en un estado de desventaja frente a los anteriores.<\/p>\n<p style=\"text-align: justify;\">&nbsp;<\/p>\n<p style=\"text-align: justify;\">De igual manera, la saturaci\u00f3n del parque automotor, expresado en autos y motos que tornan a la ciudad insostenible porque no hay espacio por donde transitar de manera fluida. Empeora la situaci\u00f3n cuando en un veh\u00edculo particular es usado por una sola persona.<\/p>\n<p style=\"text-align: justify;\">&nbsp;<\/p>\n<p style=\"text-align: justify;\">Razones de peso para apoyar las cabalgatas en los \u2018caballitos de acero\u2019 y no la de nuestros maltratados animales. Todo se hace dentro del m\u00e1s grande respeto, reiterando que se pretende ganar sensibilidad en la ciudadan\u00eda, y nunca prestarnos para acciones de choque o agresiones.<\/p>\n","protected":false},"excerpt":{"rendered":"<p>Surge como una gran alternativa la propuesta lanzada por un grupo de j\u00f3venes, de participar en el desfile del 2 de enero montando en bicicleta y luciendo atuendos caracter\u00edsticos de la celebraci\u00f3n, para de esta manera despertar sensibilidad en cuanto al maltrato que sufren los caballos en las cabalgatas que se vienen realizando en las [&hellip;]<\/p>\n","protected":false},"author":65,"featured_media":6144,"comment_status":"open","ping_status":"open","sticky":false,"template":"","format":"standard","meta":{"footnotes":""},"categories":[3],"tags":[],"class_list":["post-6145","post","type-post","status-publish","format-standard","has-post-thumbnail","hentry","category-opinion"],"yoast_head":"<!-- This site is optimized with the Yoast SEO plugin v27.1.1 - https:\/\/yoast.com\/product\/yoast-seo-wordpress\/ -->\n<title>Cabalgatas en \u2018caballitos de acero\u2019 | P\u00e1gina10<\/title>\n<meta name=\"robots\" content=\"index, follow, max-snippet:-1, max-image-preview:large, max-video-preview:-1\" \/>\n<link rel=\"canonical\" href=\"https:\/\/pagina10.com\/web\/cabalgatas-en-caballitos-de-acero\/\" \/>\n<meta property=\"og:locale\" content=\"es_ES\" \/>\n<meta property=\"og:type\" content=\"article\" \/>\n<meta property=\"og:title\" content=\"Cabalgatas en \u2018caballitos de acero\u2019 | P\u00e1gina10\" \/>\n<meta property=\"og:description\" content=\"Surge como una gran alternativa la propuesta lanzada por un grupo de j\u00f3venes, de participar en el desfile del 2 de enero montando en bicicleta y luciendo atuendos caracter\u00edsticos de la celebraci\u00f3n, para de esta manera despertar sensibilidad en cuanto al maltrato que sufren los caballos en las cabalgatas que se vienen realizando en las [&hellip;]\" \/>\n<meta property=\"og:url\" content=\"https:\/\/pagina10.com\/web\/cabalgatas-en-caballitos-de-acero\/\" \/>\n<meta property=\"og:site_name\" content=\"P\u00e1gina10\" \/>\n<meta property=\"article:publisher\" content=\"https:\/\/www.facebook.com\/pag10com\" \/>\n<meta property=\"article:published_time\" content=\"2014-01-15T03:21:30+00:00\" \/>\n<meta property=\"og:image\" content=\"https:\/\/pagina10.com\/web\/wp-content\/uploads\/2014\/01\/e7a476bdc2fad28deda2a3840a94f5f4.jpg\" \/>\n\t<meta property=\"og:image:width\" content=\"423\" \/>\n\t<meta property=\"og:image:height\" content=\"266\" \/>\n\t<meta property=\"og:image:type\" content=\"image\/jpeg\" \/>\n<meta name=\"author\" content=\"Anibal Ar\u00e9valo Rosero\" \/>\n<meta name=\"twitter:card\" content=\"summary_large_image\" \/>\n<meta name=\"twitter:creator\" content=\"@Pag10com\" \/>\n<meta name=\"twitter:site\" content=\"@Pag10com\" \/>\n<meta name=\"twitter:label1\" content=\"Escrito por\" \/>\n\t<meta name=\"twitter:data1\" content=\"Anibal Ar\u00e9valo Rosero\" \/>\n\t<meta name=\"twitter:label2\" content=\"Tiempo de lectura\" \/>\n\t<meta name=\"twitter:data2\" content=\"3 minutos\" \/>\n<script type=\"application\/ld+json\" class=\"yoast-schema-graph\">{\"@context\":\"https:\/\/schema.org\",\"@graph\":[{\"@type\":\"Article\",\"@id\":\"https:\/\/pagina10.com\/web\/cabalgatas-en-caballitos-de-acero\/#article\",\"isPartOf\":{\"@id\":\"https:\/\/pagina10.com\/web\/cabalgatas-en-caballitos-de-acero\/\"},\"author\":{\"name\":\"Anibal Ar\u00e9valo Rosero\",\"@id\":\"https:\/\/pagina10.com\/web\/#\/schema\/person\/9ec3e2b432363a195d2d01bf820c66fe\"},\"headline\":\"Cabalgatas en \u2018caballitos de acero\u2019\",\"datePublished\":\"2014-01-15T03:21:30+00:00\",\"mainEntityOfPage\":{\"@id\":\"https:\/\/pagina10.com\/web\/cabalgatas-en-caballitos-de-acero\/\"},\"wordCount\":645,\"commentCount\":0,\"publisher\":{\"@id\":\"https:\/\/pagina10.com\/web\/#organization\"},\"image\":{\"@id\":\"https:\/\/pagina10.com\/web\/cabalgatas-en-caballitos-de-acero\/#primaryimage\"},\"thumbnailUrl\":\"https:\/\/pagina10.com\/web\/wp-content\/uploads\/2014\/01\/e7a476bdc2fad28deda2a3840a94f5f4.jpg\",\"articleSection\":[\"Opini\u00f3n\"],\"inLanguage\":\"es\",\"potentialAction\":[{\"@type\":\"CommentAction\",\"name\":\"Comment\",\"target\":[\"https:\/\/pagina10.com\/web\/cabalgatas-en-caballitos-de-acero\/#respond\"]}]},{\"@type\":\"WebPage\",\"@id\":\"https:\/\/pagina10.com\/web\/cabalgatas-en-caballitos-de-acero\/\",\"url\":\"https:\/\/pagina10.com\/web\/cabalgatas-en-caballitos-de-acero\/\",\"name\":\"Cabalgatas en \u2018caballitos de acero\u2019 | P\u00e1gina10\",\"isPartOf\":{\"@id\":\"https:\/\/pagina10.com\/web\/#website\"},\"primaryImageOfPage\":{\"@id\":\"https:\/\/pagina10.com\/web\/cabalgatas-en-caballitos-de-acero\/#primaryimage\"},\"image\":{\"@id\":\"https:\/\/pagina10.com\/web\/cabalgatas-en-caballitos-de-acero\/#primaryimage\"},\"thumbnailUrl\":\"https:\/\/pagina10.com\/web\/wp-content\/uploads\/2014\/01\/e7a476bdc2fad28deda2a3840a94f5f4.jpg\",\"datePublished\":\"2014-01-15T03:21:30+00:00\",\"breadcrumb\":{\"@id\":\"https:\/\/pagina10.com\/web\/cabalgatas-en-caballitos-de-acero\/#breadcrumb\"},\"inLanguage\":\"es\",\"potentialAction\":[{\"@type\":\"ReadAction\",\"target\":[\"https:\/\/pagina10.com\/web\/cabalgatas-en-caballitos-de-acero\/\"]}]},{\"@type\":\"ImageObject\",\"inLanguage\":\"es\",\"@id\":\"https:\/\/pagina10.com\/web\/cabalgatas-en-caballitos-de-acero\/#primaryimage\",\"url\":\"https:\/\/pagina10.com\/web\/wp-content\/uploads\/2014\/01\/e7a476bdc2fad28deda2a3840a94f5f4.jpg\",\"contentUrl\":\"https:\/\/pagina10.com\/web\/wp-content\/uploads\/2014\/01\/e7a476bdc2fad28deda2a3840a94f5f4.jpg\",\"width\":423,\"height\":266},{\"@type\":\"BreadcrumbList\",\"@id\":\"https:\/\/pagina10.com\/web\/cabalgatas-en-caballitos-de-acero\/#breadcrumb\",\"itemListElement\":[{\"@type\":\"ListItem\",\"position\":1,\"name\":\"Portada\",\"item\":\"https:\/\/pagina10.com\/web\/\"},{\"@type\":\"ListItem\",\"position\":2,\"name\":\"Cabalgatas en \u2018caballitos de acero\u2019\"}]},{\"@type\":\"WebSite\",\"@id\":\"https:\/\/pagina10.com\/web\/#website\",\"url\":\"https:\/\/pagina10.com\/web\/\",\"name\":\"P\u00e1gina10\",\"description\":\"Peri\u00f3dico Regional\",\"publisher\":{\"@id\":\"https:\/\/pagina10.com\/web\/#organization\"},\"alternateName\":\"P\u00e1gina10 Peri\u00f3dico Regional\",\"potentialAction\":[{\"@type\":\"SearchAction\",\"target\":{\"@type\":\"EntryPoint\",\"urlTemplate\":\"https:\/\/pagina10.com\/web\/?s={search_term_string}\"},\"query-input\":{\"@type\":\"PropertyValueSpecification\",\"valueRequired\":true,\"valueName\":\"search_term_string\"}}],\"inLanguage\":\"es\"},{\"@type\":\"Organization\",\"@id\":\"https:\/\/pagina10.com\/web\/#organization\",\"name\":\"P\u00e1gina10\",\"alternateName\":\"P\u00e1gina10 Peri\u00f3dico Regional\",\"url\":\"https:\/\/pagina10.com\/web\/\",\"logo\":{\"@type\":\"ImageObject\",\"inLanguage\":\"es\",\"@id\":\"https:\/\/pagina10.com\/web\/#\/schema\/logo\/image\/\",\"url\":\"https:\/\/pagina10.com\/web\/wp-content\/uploads\/2024\/01\/40-pagina-10-periodico-regional-pasto.jpg\",\"contentUrl\":\"https:\/\/pagina10.com\/web\/wp-content\/uploads\/2024\/01\/40-pagina-10-periodico-regional-pasto.jpg\",\"width\":1280,\"height\":720,\"caption\":\"P\u00e1gina10\"},\"image\":{\"@id\":\"https:\/\/pagina10.com\/web\/#\/schema\/logo\/image\/\"},\"sameAs\":[\"https:\/\/www.facebook.com\/pag10com\",\"https:\/\/x.com\/Pag10com\",\"https:\/\/www.instagram.com\/pagina10col\/\",\"https:\/\/youtube.com\/channel\/pag10\",\"https:\/\/www.tiktok.com\/@p10col\"]},{\"@type\":\"Person\",\"@id\":\"https:\/\/pagina10.com\/web\/#\/schema\/person\/9ec3e2b432363a195d2d01bf820c66fe\",\"name\":\"Anibal Ar\u00e9valo Rosero\",\"description\":\"An\u00edbal Ar\u00e9valo Rosero a trav\u00e9s de su vida ha realizado diversas actividades tendientes a reivindicar al ser humano en su conciencia plena. Durante su vida ha hecho teatro, a escrito poes\u00eda y en sus tiempos de universitario realiz\u00f3 varias publicaciones entre las que se recuerda la revista Quinde. Junto con otros compa\u00f1eros fund\u00f3 el Taller Cultural El Cueche, equipo con el que se hicieron varias publicaciones. De este mismo grupo hay que resaltar que se hizo un trabajo pionero en la difusi\u00f3n de la m\u00fasica andina, latinoamericana y del caribe. Despu\u00e9s de terminar sus estudios de biolog\u00eda en la Universidad de Nari\u00f1o entr\u00f3 a laborar en emisoras de la ciudad de Pasto como en RCN, donde se desempe\u00f1aba como locutor de planta. Dirigi\u00f3 programas en la extinta Ondas del Mayo, en varias oportunidades; tambi\u00e9n en Ecos de Pasto. Fue colaborador de el Noticias RCN y dirigi\u00f3 el programa Simana al D\u00eda, del Sindicato del Magisterio de Nari\u00f1o, en dos \u00e9pocas. En el a\u00f1o de 1992 funda el Comit\u00e9 de Solidaridad con Cuba Jos\u00e9 Mart\u00ed, cuyo objetivo era divulgar la realidad cubana y expresar apoyo moral, pol\u00edtico y material al pa\u00eds caribe\u00f1o. Ante la mala interpretaci\u00f3n que la gente le daba a este tipo de acciones, se decide promover viajes de solidad a Cuba para participar en la Brigada Latinoamericana de Trabajo Voluntario, en el Festival Cuba Vive y, de manera especia,l en el 14 Festival Mundial de la Juventud y los Estudiantes, que se desarroll\u00f3 en la isla en el a\u00f1o de 1997. Con esta experiencia impulsa el turismo al pa\u00eds caribe\u00f1o con el resultado de que miles de personas han participado de las excursiones organizadas por Ar\u00e9valo Rosero. Asimismo ha venido impulsando las Brigadas de Salud en Cuba, tendiente a llevar pacientes de c\u00e1ncer a ese destino con el fin de que reciban atenci\u00f3n m\u00e9dica, teniendo en cuenta que la experiencia cubana en el tema ha sido bastante favorable. Veinte a\u00f1os despu\u00e9s de estas nutritivas experiencias, le permiten impulsar excursiones adem\u00e1s a M\u00e9xico, Machu Picchu, Argentina, Ecuador, Panam\u00e1 y Tierra Santa. En cuanto al desempe\u00f1o period\u00edstico, adem\u00e1s de los medios radiales y de televisi\u00f3n, en los canales de la universidades de Nari\u00f1o y Mariana, se ha desempe\u00f1ado como columnista en Diario del Sur durante 6 a\u00f1os y en algunos medios virtuales. Tambi\u00e9n es colaborador de el Diario del Cauca. Considera que la pr\u00e1ctica de la lectura es beber de la fuente nutricia que permite apropiarse de manera consciente del ejercicio de la democracia; y la posibilidad de escribir y ser le\u00eddo, acceder al poder, por que considera la palabra como el mayor instrumento de acci\u00f3n cuando est\u00e1 bien encamina al leg\u00edtimo servicio social. En la actualidad adem\u00e1s de so\u00f1ar con viajar por el mundo se desempe\u00f1a como docente del departamento de ciencias de Inem Luis Delf\u00edn Insuasty de Pasto. Correo: Esta direcci\u00f3n de correo electr\u00f3nico est\u00e1 protegida contra spambots. Usted necesita tener Javascript activado para poder verla.\\\" target=\\\"_blank\\\" style=\\\"color: #1155cc; text-align: justify; font-family: arial, sans-serif; font-size: 13px; line-height: normal;\\\"&gt;fundacionecosofia@gmail.com\",\"url\":\"https:\/\/pagina10.com\/web\/author\/anibal\/\"}]}<\/script>\n<!-- \/ Yoast SEO plugin. -->","yoast_head_json":{"title":"Cabalgatas en \u2018caballitos de acero\u2019 | P\u00e1gina10","robots":{"index":"index","follow":"follow","max-snippet":"max-snippet:-1","max-image-preview":"max-image-preview:large","max-video-preview":"max-video-preview:-1"},"canonical":"https:\/\/pagina10.com\/web\/cabalgatas-en-caballitos-de-acero\/","og_locale":"es_ES","og_type":"article","og_title":"Cabalgatas en \u2018caballitos de acero\u2019 | P\u00e1gina10","og_description":"Surge como una gran alternativa la propuesta lanzada por un grupo de j\u00f3venes, de participar en el desfile del 2 de enero montando en bicicleta y luciendo atuendos caracter\u00edsticos de la celebraci\u00f3n, para de esta manera despertar sensibilidad en cuanto al maltrato que sufren los caballos en las cabalgatas que se vienen realizando en las [&hellip;]","og_url":"https:\/\/pagina10.com\/web\/cabalgatas-en-caballitos-de-acero\/","og_site_name":"P\u00e1gina10","article_publisher":"https:\/\/www.facebook.com\/pag10com","article_published_time":"2014-01-15T03:21:30+00:00","og_image":[{"width":423,"height":266,"url":"https:\/\/pagina10.com\/web\/wp-content\/uploads\/2014\/01\/e7a476bdc2fad28deda2a3840a94f5f4.jpg","type":"image\/jpeg"}],"author":"Anibal Ar\u00e9valo Rosero","twitter_card":"summary_large_image","twitter_creator":"@Pag10com","twitter_site":"@Pag10com","twitter_misc":{"Escrito por":"Anibal Ar\u00e9valo Rosero","Tiempo de lectura":"3 minutos"},"schema":{"@context":"https:\/\/schema.org","@graph":[{"@type":"Article","@id":"https:\/\/pagina10.com\/web\/cabalgatas-en-caballitos-de-acero\/#article","isPartOf":{"@id":"https:\/\/pagina10.com\/web\/cabalgatas-en-caballitos-de-acero\/"},"author":{"name":"Anibal Ar\u00e9valo Rosero","@id":"https:\/\/pagina10.com\/web\/#\/schema\/person\/9ec3e2b432363a195d2d01bf820c66fe"},"headline":"Cabalgatas en \u2018caballitos de acero\u2019","datePublished":"2014-01-15T03:21:30+00:00","mainEntityOfPage":{"@id":"https:\/\/pagina10.com\/web\/cabalgatas-en-caballitos-de-acero\/"},"wordCount":645,"commentCount":0,"publisher":{"@id":"https:\/\/pagina10.com\/web\/#organization"},"image":{"@id":"https:\/\/pagina10.com\/web\/cabalgatas-en-caballitos-de-acero\/#primaryimage"},"thumbnailUrl":"https:\/\/pagina10.com\/web\/wp-content\/uploads\/2014\/01\/e7a476bdc2fad28deda2a3840a94f5f4.jpg","articleSection":["Opini\u00f3n"],"inLanguage":"es","potentialAction":[{"@type":"CommentAction","name":"Comment","target":["https:\/\/pagina10.com\/web\/cabalgatas-en-caballitos-de-acero\/#respond"]}]},{"@type":"WebPage","@id":"https:\/\/pagina10.com\/web\/cabalgatas-en-caballitos-de-acero\/","url":"https:\/\/pagina10.com\/web\/cabalgatas-en-caballitos-de-acero\/","name":"Cabalgatas en \u2018caballitos de acero\u2019 | P\u00e1gina10","isPartOf":{"@id":"https:\/\/pagina10.com\/web\/#website"},"primaryImageOfPage":{"@id":"https:\/\/pagina10.com\/web\/cabalgatas-en-caballitos-de-acero\/#primaryimage"},"image":{"@id":"https:\/\/pagina10.com\/web\/cabalgatas-en-caballitos-de-acero\/#primaryimage"},"thumbnailUrl":"https:\/\/pagina10.com\/web\/wp-content\/uploads\/2014\/01\/e7a476bdc2fad28deda2a3840a94f5f4.jpg","datePublished":"2014-01-15T03:21:30+00:00","breadcrumb":{"@id":"https:\/\/pagina10.com\/web\/cabalgatas-en-caballitos-de-acero\/#breadcrumb"},"inLanguage":"es","potentialAction":[{"@type":"ReadAction","target":["https:\/\/pagina10.com\/web\/cabalgatas-en-caballitos-de-acero\/"]}]},{"@type":"ImageObject","inLanguage":"es","@id":"https:\/\/pagina10.com\/web\/cabalgatas-en-caballitos-de-acero\/#primaryimage","url":"https:\/\/pagina10.com\/web\/wp-content\/uploads\/2014\/01\/e7a476bdc2fad28deda2a3840a94f5f4.jpg","contentUrl":"https:\/\/pagina10.com\/web\/wp-content\/uploads\/2014\/01\/e7a476bdc2fad28deda2a3840a94f5f4.jpg","width":423,"height":266},{"@type":"BreadcrumbList","@id":"https:\/\/pagina10.com\/web\/cabalgatas-en-caballitos-de-acero\/#breadcrumb","itemListElement":[{"@type":"ListItem","position":1,"name":"Portada","item":"https:\/\/pagina10.com\/web\/"},{"@type":"ListItem","position":2,"name":"Cabalgatas en \u2018caballitos de acero\u2019"}]},{"@type":"WebSite","@id":"https:\/\/pagina10.com\/web\/#website","url":"https:\/\/pagina10.com\/web\/","name":"P\u00e1gina10","description":"Peri\u00f3dico Regional","publisher":{"@id":"https:\/\/pagina10.com\/web\/#organization"},"alternateName":"P\u00e1gina10 Peri\u00f3dico Regional","potentialAction":[{"@type":"SearchAction","target":{"@type":"EntryPoint","urlTemplate":"https:\/\/pagina10.com\/web\/?s={search_term_string}"},"query-input":{"@type":"PropertyValueSpecification","valueRequired":true,"valueName":"search_term_string"}}],"inLanguage":"es"},{"@type":"Organization","@id":"https:\/\/pagina10.com\/web\/#organization","name":"P\u00e1gina10","alternateName":"P\u00e1gina10 Peri\u00f3dico Regional","url":"https:\/\/pagina10.com\/web\/","logo":{"@type":"ImageObject","inLanguage":"es","@id":"https:\/\/pagina10.com\/web\/#\/schema\/logo\/image\/","url":"https:\/\/pagina10.com\/web\/wp-content\/uploads\/2024\/01\/40-pagina-10-periodico-regional-pasto.jpg","contentUrl":"https:\/\/pagina10.com\/web\/wp-content\/uploads\/2024\/01\/40-pagina-10-periodico-regional-pasto.jpg","width":1280,"height":720,"caption":"P\u00e1gina10"},"image":{"@id":"https:\/\/pagina10.com\/web\/#\/schema\/logo\/image\/"},"sameAs":["https:\/\/www.facebook.com\/pag10com","https:\/\/x.com\/Pag10com","https:\/\/www.instagram.com\/pagina10col\/","https:\/\/youtube.com\/channel\/pag10","https:\/\/www.tiktok.com\/@p10col"]},{"@type":"Person","@id":"https:\/\/pagina10.com\/web\/#\/schema\/person\/9ec3e2b432363a195d2d01bf820c66fe","name":"Anibal Ar\u00e9valo Rosero","description":"An\u00edbal Ar\u00e9valo Rosero a trav\u00e9s de su vida ha realizado diversas actividades tendientes a reivindicar al ser humano en su conciencia plena. Durante su vida ha hecho teatro, a escrito poes\u00eda y en sus tiempos de universitario realiz\u00f3 varias publicaciones entre las que se recuerda la revista Quinde. Junto con otros compa\u00f1eros fund\u00f3 el Taller Cultural El Cueche, equipo con el que se hicieron varias publicaciones. De este mismo grupo hay que resaltar que se hizo un trabajo pionero en la difusi\u00f3n de la m\u00fasica andina, latinoamericana y del caribe. Despu\u00e9s de terminar sus estudios de biolog\u00eda en la Universidad de Nari\u00f1o entr\u00f3 a laborar en emisoras de la ciudad de Pasto como en RCN, donde se desempe\u00f1aba como locutor de planta. Dirigi\u00f3 programas en la extinta Ondas del Mayo, en varias oportunidades; tambi\u00e9n en Ecos de Pasto. Fue colaborador de el Noticias RCN y dirigi\u00f3 el programa Simana al D\u00eda, del Sindicato del Magisterio de Nari\u00f1o, en dos \u00e9pocas. En el a\u00f1o de 1992 funda el Comit\u00e9 de Solidaridad con Cuba Jos\u00e9 Mart\u00ed, cuyo objetivo era divulgar la realidad cubana y expresar apoyo moral, pol\u00edtico y material al pa\u00eds caribe\u00f1o. Ante la mala interpretaci\u00f3n que la gente le daba a este tipo de acciones, se decide promover viajes de solidad a Cuba para participar en la Brigada Latinoamericana de Trabajo Voluntario, en el Festival Cuba Vive y, de manera especia,l en el 14 Festival Mundial de la Juventud y los Estudiantes, que se desarroll\u00f3 en la isla en el a\u00f1o de 1997. Con esta experiencia impulsa el turismo al pa\u00eds caribe\u00f1o con el resultado de que miles de personas han participado de las excursiones organizadas por Ar\u00e9valo Rosero. Asimismo ha venido impulsando las Brigadas de Salud en Cuba, tendiente a llevar pacientes de c\u00e1ncer a ese destino con el fin de que reciban atenci\u00f3n m\u00e9dica, teniendo en cuenta que la experiencia cubana en el tema ha sido bastante favorable. Veinte a\u00f1os despu\u00e9s de estas nutritivas experiencias, le permiten impulsar excursiones adem\u00e1s a M\u00e9xico, Machu Picchu, Argentina, Ecuador, Panam\u00e1 y Tierra Santa. En cuanto al desempe\u00f1o period\u00edstico, adem\u00e1s de los medios radiales y de televisi\u00f3n, en los canales de la universidades de Nari\u00f1o y Mariana, se ha desempe\u00f1ado como columnista en Diario del Sur durante 6 a\u00f1os y en algunos medios virtuales. Tambi\u00e9n es colaborador de el Diario del Cauca. Considera que la pr\u00e1ctica de la lectura es beber de la fuente nutricia que permite apropiarse de manera consciente del ejercicio de la democracia; y la posibilidad de escribir y ser le\u00eddo, acceder al poder, por que considera la palabra como el mayor instrumento de acci\u00f3n cuando est\u00e1 bien encamina al leg\u00edtimo servicio social. En la actualidad adem\u00e1s de so\u00f1ar con viajar por el mundo se desempe\u00f1a como docente del departamento de ciencias de Inem Luis Delf\u00edn Insuasty de Pasto. Correo: Esta direcci\u00f3n de correo electr\u00f3nico est\u00e1 protegida contra spambots. Usted necesita tener Javascript activado para poder verla.\" target=\"_blank\" style=\"color: #1155cc; text-align: justify; font-family: arial, sans-serif; font-size: 13px; line-height: normal;\"&gt;fundacionecosofia@gmail.com","url":"https:\/\/pagina10.com\/web\/author\/anibal\/"}]}},"_links":{"self":[{"href":"https:\/\/pagina10.com\/web\/wp-json\/wp\/v2\/posts\/6145","targetHints":{"allow":["GET"]}}],"collection":[{"href":"https:\/\/pagina10.com\/web\/wp-json\/wp\/v2\/posts"}],"about":[{"href":"https:\/\/pagina10.com\/web\/wp-json\/wp\/v2\/types\/post"}],"author":[{"embeddable":true,"href":"https:\/\/pagina10.com\/web\/wp-json\/wp\/v2\/users\/65"}],"replies":[{"embeddable":true,"href":"https:\/\/pagina10.com\/web\/wp-json\/wp\/v2\/comments?post=6145"}],"version-history":[{"count":0,"href":"https:\/\/pagina10.com\/web\/wp-json\/wp\/v2\/posts\/6145\/revisions"}],"wp:featuredmedia":[{"embeddable":true,"href":"https:\/\/pagina10.com\/web\/wp-json\/wp\/v2\/media\/6144"}],"wp:attachment":[{"href":"https:\/\/pagina10.com\/web\/wp-json\/wp\/v2\/media?parent=6145"}],"wp:term":[{"taxonomy":"category","embeddable":true,"href":"https:\/\/pagina10.com\/web\/wp-json\/wp\/v2\/categories?post=6145"},{"taxonomy":"post_tag","embeddable":true,"href":"https:\/\/pagina10.com\/web\/wp-json\/wp\/v2\/tags?post=6145"}],"curies":[{"name":"wp","href":"https:\/\/api.w.org\/{rel}","templated":true}]}}