{"id":61470,"date":"2022-09-05T12:20:11","date_gmt":"2022-09-05T17:20:11","guid":{"rendered":"https:\/\/pagina10.com\/web\/?p=61470"},"modified":"2022-09-05T12:20:11","modified_gmt":"2022-09-05T17:20:11","slug":"incautan-tres-toneladas-de-coca-en-el-noreste-de-tumaco","status":"publish","type":"post","link":"https:\/\/pagina10.com\/web\/incautan-tres-toneladas-de-coca-en-el-noreste-de-tumaco\/","title":{"rendered":"Incautan tres toneladas de coca en el noreste de Tumaco"},"content":{"rendered":"<p style=\"text-align: justify;\">Durante el desarrollo de una operaci\u00f3n conjunta y coordinada entre la Armada de Colombia, la Fuerza A\u00e9rea Colombiana y la Fiscal\u00eda General de la Naci\u00f3n, fue incautado en el pac\u00edfico sur nari\u00f1ense un semisumergible en el que se transportaban 3.1 toneladas de clorhidrato de coca\u00edna que tendr\u00edan como destino Centroam\u00e9rica.<\/p>\n<p style=\"text-align: justify;\">Una Unidad de Reacci\u00f3n R\u00e1pida de la Estaci\u00f3n de Guardacostas que adelantaba labores de control y seguridad mar\u00edtima, logr\u00f3 detectar el semisumergible navegando a flor de agua, a 45 millas n\u00e1uticas al noreste de Tumaco.<\/p>\n<p style=\"text-align: justify;\">Los tres hombres que tripulaban el artefacto naval ilegal realizaron caso omiso a las voces de la autoridad, emprendiendo la huida; sin embargo, minutos m\u00e1s tarde los uniformados lograron su interdicci\u00f3n.<\/p>\n<p style=\"text-align: justify;\">El semisumergible fue trasladado hasta la Estaci\u00f3n de Guardacostas de Tumaco para su inspecci\u00f3n. Los tres sujetos, junto al alcaloide, el semisumergible y el material incautado, fueron puestos a disposici\u00f3n de la autoridad competente.<\/p>\n<p style=\"text-align: justify;\">Se presume que el cargamento pertenecer\u00eda al grupo armado organizado residual Bloque Occidental \u2018Alfonso Cano\u2019 de las disidencias de las Farc, cuyo cabecilla es alias Allende. Este es el segundo semisumergible de caracter\u00edsticas similares que es incautado este a\u00f1o en el pac\u00edfico nari\u00f1ense navegando con alcaloides. Para su construcci\u00f3n las organizaciones narcotraficantes invierten cerca de 900.000 d\u00f3lares.<\/p>\n","protected":false},"excerpt":{"rendered":"<p>Durante el desarrollo de una operaci\u00f3n conjunta y coordinada entre la Armada de Colombia, la Fuerza A\u00e9rea Colombiana y la Fiscal\u00eda General de la Naci\u00f3n, fue incautado en el pac\u00edfico sur nari\u00f1ense un semisumergible en el que se transportaban 3.1 toneladas de clorhidrato de coca\u00edna que tendr\u00edan como destino Centroam\u00e9rica. Una Unidad de Reacci\u00f3n R\u00e1pida [&hellip;]<\/p>\n","protected":false},"author":1,"featured_media":61471,"comment_status":"open","ping_status":"open","sticky":false,"template":"","format":"standard","meta":{"footnotes":""},"categories":[61],"tags":[],"class_list":["post-61470","post","type-post","status-publish","format-standard","has-post-thumbnail","hentry","category-judicial"],"yoast_head":"<!-- This site is optimized with the Yoast SEO plugin v27.1.1 - https:\/\/yoast.com\/product\/yoast-seo-wordpress\/ -->\n<title>Incautan tres toneladas de coca en el noreste de Tumaco | P\u00e1gina10<\/title>\n<meta name=\"robots\" content=\"index, follow, max-snippet:-1, max-image-preview:large, max-video-preview:-1\" \/>\n<link rel=\"canonical\" href=\"https:\/\/pagina10.com\/web\/incautan-tres-toneladas-de-coca-en-el-noreste-de-tumaco\/\" \/>\n<meta property=\"og:locale\" content=\"es_ES\" \/>\n<meta property=\"og:type\" content=\"article\" \/>\n<meta property=\"og:title\" content=\"Incautan tres toneladas de coca en el noreste de Tumaco | P\u00e1gina10\" \/>\n<meta property=\"og:description\" content=\"Durante el desarrollo de una operaci\u00f3n conjunta y coordinada entre la Armada de Colombia, la Fuerza A\u00e9rea Colombiana y la Fiscal\u00eda General de la Naci\u00f3n, fue incautado en el pac\u00edfico sur nari\u00f1ense un semisumergible en el que se transportaban 3.1 toneladas de clorhidrato de coca\u00edna que tendr\u00edan como destino Centroam\u00e9rica. Una Unidad de Reacci\u00f3n R\u00e1pida [&hellip;]\" \/>\n<meta property=\"og:url\" content=\"https:\/\/pagina10.com\/web\/incautan-tres-toneladas-de-coca-en-el-noreste-de-tumaco\/\" \/>\n<meta property=\"og:site_name\" content=\"P\u00e1gina10\" \/>\n<meta property=\"article:publisher\" content=\"https:\/\/www.facebook.com\/pag10com\" \/>\n<meta property=\"article:published_time\" content=\"2022-09-05T17:20:11+00:00\" \/>\n<meta property=\"og:image\" content=\"https:\/\/pagina10.com\/web\/wp-content\/uploads\/2022\/09\/Incautaron-3-toneladas-de-cocaina-que-iban-en-un-sumergible-6.jpg\" \/>\n\t<meta property=\"og:image:width\" content=\"1280\" \/>\n\t<meta property=\"og:image:height\" content=\"720\" \/>\n\t<meta property=\"og:image:type\" content=\"image\/jpeg\" \/>\n<meta name=\"author\" content=\"P\u00e1gina 10\" \/>\n<meta name=\"twitter:card\" content=\"summary_large_image\" \/>\n<meta name=\"twitter:creator\" content=\"@Pag10com\" \/>\n<meta name=\"twitter:site\" content=\"@Pag10com\" \/>\n<meta name=\"twitter:label1\" content=\"Escrito por\" \/>\n\t<meta name=\"twitter:data1\" content=\"P\u00e1gina 10\" \/>\n\t<meta name=\"twitter:label2\" content=\"Tiempo de lectura\" \/>\n\t<meta name=\"twitter:data2\" content=\"1 minuto\" \/>\n<script type=\"application\/ld+json\" class=\"yoast-schema-graph\">{\"@context\":\"https:\/\/schema.org\",\"@graph\":[{\"@type\":\"Article\",\"@id\":\"https:\/\/pagina10.com\/web\/incautan-tres-toneladas-de-coca-en-el-noreste-de-tumaco\/#article\",\"isPartOf\":{\"@id\":\"https:\/\/pagina10.com\/web\/incautan-tres-toneladas-de-coca-en-el-noreste-de-tumaco\/\"},\"author\":{\"name\":\"P\u00e1gina 10\",\"@id\":\"https:\/\/pagina10.com\/web\/#\/schema\/person\/2efc4a090d25b667d3bc796798a3a81b\"},\"headline\":\"Incautan tres toneladas de coca en el noreste de Tumaco\",\"datePublished\":\"2022-09-05T17:20:11+00:00\",\"mainEntityOfPage\":{\"@id\":\"https:\/\/pagina10.com\/web\/incautan-tres-toneladas-de-coca-en-el-noreste-de-tumaco\/\"},\"wordCount\":240,\"commentCount\":0,\"publisher\":{\"@id\":\"https:\/\/pagina10.com\/web\/#organization\"},\"image\":{\"@id\":\"https:\/\/pagina10.com\/web\/incautan-tres-toneladas-de-coca-en-el-noreste-de-tumaco\/#primaryimage\"},\"thumbnailUrl\":\"https:\/\/pagina10.com\/web\/wp-content\/uploads\/2022\/09\/Incautaron-3-toneladas-de-cocaina-que-iban-en-un-sumergible-6.jpg\",\"articleSection\":[\"Judicial\"],\"inLanguage\":\"es\",\"potentialAction\":[{\"@type\":\"CommentAction\",\"name\":\"Comment\",\"target\":[\"https:\/\/pagina10.com\/web\/incautan-tres-toneladas-de-coca-en-el-noreste-de-tumaco\/#respond\"]}]},{\"@type\":\"WebPage\",\"@id\":\"https:\/\/pagina10.com\/web\/incautan-tres-toneladas-de-coca-en-el-noreste-de-tumaco\/\",\"url\":\"https:\/\/pagina10.com\/web\/incautan-tres-toneladas-de-coca-en-el-noreste-de-tumaco\/\",\"name\":\"Incautan tres toneladas de coca en el noreste de Tumaco | P\u00e1gina10\",\"isPartOf\":{\"@id\":\"https:\/\/pagina10.com\/web\/#website\"},\"primaryImageOfPage\":{\"@id\":\"https:\/\/pagina10.com\/web\/incautan-tres-toneladas-de-coca-en-el-noreste-de-tumaco\/#primaryimage\"},\"image\":{\"@id\":\"https:\/\/pagina10.com\/web\/incautan-tres-toneladas-de-coca-en-el-noreste-de-tumaco\/#primaryimage\"},\"thumbnailUrl\":\"https:\/\/pagina10.com\/web\/wp-content\/uploads\/2022\/09\/Incautaron-3-toneladas-de-cocaina-que-iban-en-un-sumergible-6.jpg\",\"datePublished\":\"2022-09-05T17:20:11+00:00\",\"breadcrumb\":{\"@id\":\"https:\/\/pagina10.com\/web\/incautan-tres-toneladas-de-coca-en-el-noreste-de-tumaco\/#breadcrumb\"},\"inLanguage\":\"es\",\"potentialAction\":[{\"@type\":\"ReadAction\",\"target\":[\"https:\/\/pagina10.com\/web\/incautan-tres-toneladas-de-coca-en-el-noreste-de-tumaco\/\"]}]},{\"@type\":\"ImageObject\",\"inLanguage\":\"es\",\"@id\":\"https:\/\/pagina10.com\/web\/incautan-tres-toneladas-de-coca-en-el-noreste-de-tumaco\/#primaryimage\",\"url\":\"https:\/\/pagina10.com\/web\/wp-content\/uploads\/2022\/09\/Incautaron-3-toneladas-de-cocaina-que-iban-en-un-sumergible-6.jpg\",\"contentUrl\":\"https:\/\/pagina10.com\/web\/wp-content\/uploads\/2022\/09\/Incautaron-3-toneladas-de-cocaina-que-iban-en-un-sumergible-6.jpg\",\"width\":1280,\"height\":720},{\"@type\":\"BreadcrumbList\",\"@id\":\"https:\/\/pagina10.com\/web\/incautan-tres-toneladas-de-coca-en-el-noreste-de-tumaco\/#breadcrumb\",\"itemListElement\":[{\"@type\":\"ListItem\",\"position\":1,\"name\":\"Portada\",\"item\":\"https:\/\/pagina10.com\/web\/\"},{\"@type\":\"ListItem\",\"position\":2,\"name\":\"Incautan tres toneladas de coca en el noreste de Tumaco\"}]},{\"@type\":\"WebSite\",\"@id\":\"https:\/\/pagina10.com\/web\/#website\",\"url\":\"https:\/\/pagina10.com\/web\/\",\"name\":\"P\u00e1gina10\",\"description\":\"Peri\u00f3dico Regional\",\"publisher\":{\"@id\":\"https:\/\/pagina10.com\/web\/#organization\"},\"alternateName\":\"P\u00e1gina10 Peri\u00f3dico Regional\",\"potentialAction\":[{\"@type\":\"SearchAction\",\"target\":{\"@type\":\"EntryPoint\",\"urlTemplate\":\"https:\/\/pagina10.com\/web\/?s={search_term_string}\"},\"query-input\":{\"@type\":\"PropertyValueSpecification\",\"valueRequired\":true,\"valueName\":\"search_term_string\"}}],\"inLanguage\":\"es\"},{\"@type\":\"Organization\",\"@id\":\"https:\/\/pagina10.com\/web\/#organization\",\"name\":\"P\u00e1gina10\",\"alternateName\":\"P\u00e1gina10 Peri\u00f3dico Regional\",\"url\":\"https:\/\/pagina10.com\/web\/\",\"logo\":{\"@type\":\"ImageObject\",\"inLanguage\":\"es\",\"@id\":\"https:\/\/pagina10.com\/web\/#\/schema\/logo\/image\/\",\"url\":\"https:\/\/pagina10.com\/web\/wp-content\/uploads\/2024\/01\/40-pagina-10-periodico-regional-pasto.jpg\",\"contentUrl\":\"https:\/\/pagina10.com\/web\/wp-content\/uploads\/2024\/01\/40-pagina-10-periodico-regional-pasto.jpg\",\"width\":1280,\"height\":720,\"caption\":\"P\u00e1gina10\"},\"image\":{\"@id\":\"https:\/\/pagina10.com\/web\/#\/schema\/logo\/image\/\"},\"sameAs\":[\"https:\/\/www.facebook.com\/pag10com\",\"https:\/\/x.com\/Pag10com\",\"https:\/\/www.instagram.com\/pagina10col\/\",\"https:\/\/youtube.com\/channel\/pag10\",\"https:\/\/www.tiktok.com\/@p10col\"]},{\"@type\":\"Person\",\"@id\":\"https:\/\/pagina10.com\/web\/#\/schema\/person\/2efc4a090d25b667d3bc796798a3a81b\",\"name\":\"P\u00e1gina 10\",\"description\":\"P\u00e1gina 10 es un peri\u00f3dico regional que nace en Colombia, en el departamento de Nari\u00f1o, con un enfoque global, fundamentado en cuatro pilares esenciales: la libertad, el pluralismo, la inclusi\u00f3n y la independencia. P\u00e1gina 10 hace referencia a Nari\u00f1o como el d\u00e9cimo departamento creado en Colombia, despu\u00e9s de un proceso pol\u00edtico liderado por actores y actrices regionales con el fin de obtener la independencia y autonom\u00eda de nuestros territorios. Con la creaci\u00f3n de P\u00e1gina 10 se pretende abrir un escenario para el dialogo, la reflexi\u00f3n y el debate que se extienda a otras geograf\u00edas de Am\u00e9rica Latina y del planeta, en una apuesta por transformar colectivamente los desaf\u00edos de un mundo contempor\u00e1neo, m\u00e1s all\u00e1 de las fronteras impuestas.\",\"url\":\"https:\/\/pagina10.com\/web\/author\/pdiezadmin\/\"}]}<\/script>\n<!-- \/ Yoast SEO plugin. -->","yoast_head_json":{"title":"Incautan tres toneladas de coca en el noreste de Tumaco | P\u00e1gina10","robots":{"index":"index","follow":"follow","max-snippet":"max-snippet:-1","max-image-preview":"max-image-preview:large","max-video-preview":"max-video-preview:-1"},"canonical":"https:\/\/pagina10.com\/web\/incautan-tres-toneladas-de-coca-en-el-noreste-de-tumaco\/","og_locale":"es_ES","og_type":"article","og_title":"Incautan tres toneladas de coca en el noreste de Tumaco | P\u00e1gina10","og_description":"Durante el desarrollo de una operaci\u00f3n conjunta y coordinada entre la Armada de Colombia, la Fuerza A\u00e9rea Colombiana y la Fiscal\u00eda General de la Naci\u00f3n, fue incautado en el pac\u00edfico sur nari\u00f1ense un semisumergible en el que se transportaban 3.1 toneladas de clorhidrato de coca\u00edna que tendr\u00edan como destino Centroam\u00e9rica. Una Unidad de Reacci\u00f3n R\u00e1pida [&hellip;]","og_url":"https:\/\/pagina10.com\/web\/incautan-tres-toneladas-de-coca-en-el-noreste-de-tumaco\/","og_site_name":"P\u00e1gina10","article_publisher":"https:\/\/www.facebook.com\/pag10com","article_published_time":"2022-09-05T17:20:11+00:00","og_image":[{"width":1280,"height":720,"url":"https:\/\/pagina10.com\/web\/wp-content\/uploads\/2022\/09\/Incautaron-3-toneladas-de-cocaina-que-iban-en-un-sumergible-6.jpg","type":"image\/jpeg"}],"author":"P\u00e1gina 10","twitter_card":"summary_large_image","twitter_creator":"@Pag10com","twitter_site":"@Pag10com","twitter_misc":{"Escrito por":"P\u00e1gina 10","Tiempo de lectura":"1 minuto"},"schema":{"@context":"https:\/\/schema.org","@graph":[{"@type":"Article","@id":"https:\/\/pagina10.com\/web\/incautan-tres-toneladas-de-coca-en-el-noreste-de-tumaco\/#article","isPartOf":{"@id":"https:\/\/pagina10.com\/web\/incautan-tres-toneladas-de-coca-en-el-noreste-de-tumaco\/"},"author":{"name":"P\u00e1gina 10","@id":"https:\/\/pagina10.com\/web\/#\/schema\/person\/2efc4a090d25b667d3bc796798a3a81b"},"headline":"Incautan tres toneladas de coca en el noreste de Tumaco","datePublished":"2022-09-05T17:20:11+00:00","mainEntityOfPage":{"@id":"https:\/\/pagina10.com\/web\/incautan-tres-toneladas-de-coca-en-el-noreste-de-tumaco\/"},"wordCount":240,"commentCount":0,"publisher":{"@id":"https:\/\/pagina10.com\/web\/#organization"},"image":{"@id":"https:\/\/pagina10.com\/web\/incautan-tres-toneladas-de-coca-en-el-noreste-de-tumaco\/#primaryimage"},"thumbnailUrl":"https:\/\/pagina10.com\/web\/wp-content\/uploads\/2022\/09\/Incautaron-3-toneladas-de-cocaina-que-iban-en-un-sumergible-6.jpg","articleSection":["Judicial"],"inLanguage":"es","potentialAction":[{"@type":"CommentAction","name":"Comment","target":["https:\/\/pagina10.com\/web\/incautan-tres-toneladas-de-coca-en-el-noreste-de-tumaco\/#respond"]}]},{"@type":"WebPage","@id":"https:\/\/pagina10.com\/web\/incautan-tres-toneladas-de-coca-en-el-noreste-de-tumaco\/","url":"https:\/\/pagina10.com\/web\/incautan-tres-toneladas-de-coca-en-el-noreste-de-tumaco\/","name":"Incautan tres toneladas de coca en el noreste de Tumaco | P\u00e1gina10","isPartOf":{"@id":"https:\/\/pagina10.com\/web\/#website"},"primaryImageOfPage":{"@id":"https:\/\/pagina10.com\/web\/incautan-tres-toneladas-de-coca-en-el-noreste-de-tumaco\/#primaryimage"},"image":{"@id":"https:\/\/pagina10.com\/web\/incautan-tres-toneladas-de-coca-en-el-noreste-de-tumaco\/#primaryimage"},"thumbnailUrl":"https:\/\/pagina10.com\/web\/wp-content\/uploads\/2022\/09\/Incautaron-3-toneladas-de-cocaina-que-iban-en-un-sumergible-6.jpg","datePublished":"2022-09-05T17:20:11+00:00","breadcrumb":{"@id":"https:\/\/pagina10.com\/web\/incautan-tres-toneladas-de-coca-en-el-noreste-de-tumaco\/#breadcrumb"},"inLanguage":"es","potentialAction":[{"@type":"ReadAction","target":["https:\/\/pagina10.com\/web\/incautan-tres-toneladas-de-coca-en-el-noreste-de-tumaco\/"]}]},{"@type":"ImageObject","inLanguage":"es","@id":"https:\/\/pagina10.com\/web\/incautan-tres-toneladas-de-coca-en-el-noreste-de-tumaco\/#primaryimage","url":"https:\/\/pagina10.com\/web\/wp-content\/uploads\/2022\/09\/Incautaron-3-toneladas-de-cocaina-que-iban-en-un-sumergible-6.jpg","contentUrl":"https:\/\/pagina10.com\/web\/wp-content\/uploads\/2022\/09\/Incautaron-3-toneladas-de-cocaina-que-iban-en-un-sumergible-6.jpg","width":1280,"height":720},{"@type":"BreadcrumbList","@id":"https:\/\/pagina10.com\/web\/incautan-tres-toneladas-de-coca-en-el-noreste-de-tumaco\/#breadcrumb","itemListElement":[{"@type":"ListItem","position":1,"name":"Portada","item":"https:\/\/pagina10.com\/web\/"},{"@type":"ListItem","position":2,"name":"Incautan tres toneladas de coca en el noreste de Tumaco"}]},{"@type":"WebSite","@id":"https:\/\/pagina10.com\/web\/#website","url":"https:\/\/pagina10.com\/web\/","name":"P\u00e1gina10","description":"Peri\u00f3dico Regional","publisher":{"@id":"https:\/\/pagina10.com\/web\/#organization"},"alternateName":"P\u00e1gina10 Peri\u00f3dico Regional","potentialAction":[{"@type":"SearchAction","target":{"@type":"EntryPoint","urlTemplate":"https:\/\/pagina10.com\/web\/?s={search_term_string}"},"query-input":{"@type":"PropertyValueSpecification","valueRequired":true,"valueName":"search_term_string"}}],"inLanguage":"es"},{"@type":"Organization","@id":"https:\/\/pagina10.com\/web\/#organization","name":"P\u00e1gina10","alternateName":"P\u00e1gina10 Peri\u00f3dico Regional","url":"https:\/\/pagina10.com\/web\/","logo":{"@type":"ImageObject","inLanguage":"es","@id":"https:\/\/pagina10.com\/web\/#\/schema\/logo\/image\/","url":"https:\/\/pagina10.com\/web\/wp-content\/uploads\/2024\/01\/40-pagina-10-periodico-regional-pasto.jpg","contentUrl":"https:\/\/pagina10.com\/web\/wp-content\/uploads\/2024\/01\/40-pagina-10-periodico-regional-pasto.jpg","width":1280,"height":720,"caption":"P\u00e1gina10"},"image":{"@id":"https:\/\/pagina10.com\/web\/#\/schema\/logo\/image\/"},"sameAs":["https:\/\/www.facebook.com\/pag10com","https:\/\/x.com\/Pag10com","https:\/\/www.instagram.com\/pagina10col\/","https:\/\/youtube.com\/channel\/pag10","https:\/\/www.tiktok.com\/@p10col"]},{"@type":"Person","@id":"https:\/\/pagina10.com\/web\/#\/schema\/person\/2efc4a090d25b667d3bc796798a3a81b","name":"P\u00e1gina 10","description":"P\u00e1gina 10 es un peri\u00f3dico regional que nace en Colombia, en el departamento de Nari\u00f1o, con un enfoque global, fundamentado en cuatro pilares esenciales: la libertad, el pluralismo, la inclusi\u00f3n y la independencia. P\u00e1gina 10 hace referencia a Nari\u00f1o como el d\u00e9cimo departamento creado en Colombia, despu\u00e9s de un proceso pol\u00edtico liderado por actores y actrices regionales con el fin de obtener la independencia y autonom\u00eda de nuestros territorios. Con la creaci\u00f3n de P\u00e1gina 10 se pretende abrir un escenario para el dialogo, la reflexi\u00f3n y el debate que se extienda a otras geograf\u00edas de Am\u00e9rica Latina y del planeta, en una apuesta por transformar colectivamente los desaf\u00edos de un mundo contempor\u00e1neo, m\u00e1s all\u00e1 de las fronteras impuestas.","url":"https:\/\/pagina10.com\/web\/author\/pdiezadmin\/"}]}},"_links":{"self":[{"href":"https:\/\/pagina10.com\/web\/wp-json\/wp\/v2\/posts\/61470","targetHints":{"allow":["GET"]}}],"collection":[{"href":"https:\/\/pagina10.com\/web\/wp-json\/wp\/v2\/posts"}],"about":[{"href":"https:\/\/pagina10.com\/web\/wp-json\/wp\/v2\/types\/post"}],"author":[{"embeddable":true,"href":"https:\/\/pagina10.com\/web\/wp-json\/wp\/v2\/users\/1"}],"replies":[{"embeddable":true,"href":"https:\/\/pagina10.com\/web\/wp-json\/wp\/v2\/comments?post=61470"}],"version-history":[{"count":1,"href":"https:\/\/pagina10.com\/web\/wp-json\/wp\/v2\/posts\/61470\/revisions"}],"predecessor-version":[{"id":61472,"href":"https:\/\/pagina10.com\/web\/wp-json\/wp\/v2\/posts\/61470\/revisions\/61472"}],"wp:featuredmedia":[{"embeddable":true,"href":"https:\/\/pagina10.com\/web\/wp-json\/wp\/v2\/media\/61471"}],"wp:attachment":[{"href":"https:\/\/pagina10.com\/web\/wp-json\/wp\/v2\/media?parent=61470"}],"wp:term":[{"taxonomy":"category","embeddable":true,"href":"https:\/\/pagina10.com\/web\/wp-json\/wp\/v2\/categories?post=61470"},{"taxonomy":"post_tag","embeddable":true,"href":"https:\/\/pagina10.com\/web\/wp-json\/wp\/v2\/tags?post=61470"}],"curies":[{"name":"wp","href":"https:\/\/api.w.org\/{rel}","templated":true}]}}