{"id":61483,"date":"2022-09-05T20:52:01","date_gmt":"2022-09-06T01:52:01","guid":{"rendered":"https:\/\/pagina10.com\/web\/?p=61483"},"modified":"2022-09-05T20:53:15","modified_gmt":"2022-09-06T01:53:15","slug":"__trashed","status":"publish","type":"post","link":"https:\/\/pagina10.com\/web\/__trashed\/","title":{"rendered":"En Pasto conductor falleci\u00f3 luego de caer a un lavadero de autos en la v\u00eda Panamericana"},"content":{"rendered":"<p style=\"text-align: justify;\">El tr\u00e1gico accidente donde falleci\u00f3 Oscar Eduardo Narv\u00e1ez L\u00f3pez de 40 a\u00f1os, quien laboraba como conductor de un veh\u00edculo tipo Piaggio, ocurri\u00f3 la ma\u00f1ana del domingo en el barrio Niza.<\/p>\n<p style=\"text-align: justify;\">Seg\u00fan la informaci\u00f3n entregada por las autoridades, el hombre se desplazaba con direcci\u00f3n al barrio Caicedo Alto cuando de repente perdi\u00f3 el control del automotor cayendo desde la parte alta del sector a un lavadero de autos ubicado 30 metros abajo.<\/p>\n<p style=\"text-align: justify;\">Transe\u00fantes que en ese momento se movilizaban por el sitio, trataron de auxiliar a Narv\u00e1ez L\u00f3pez y de igual forma dieron aviso al servicio de emergencias. Despu\u00e9s de unos minutos arribaron a la zona param\u00e9dicos quienes confirmaron su deceso. Las autoridades tratan de establecer las circunstancias del accidente y para ello determinan si el veh\u00edculo sufri\u00f3 alguna falla mec\u00e1nica.<\/p>\n","protected":false},"excerpt":{"rendered":"<p>El tr\u00e1gico accidente donde falleci\u00f3 Oscar Eduardo Narv\u00e1ez L\u00f3pez de 40 a\u00f1os, quien laboraba como conductor de un veh\u00edculo tipo Piaggio, ocurri\u00f3 la ma\u00f1ana del domingo en el barrio Niza. Seg\u00fan la informaci\u00f3n entregada por las autoridades, el hombre se desplazaba con direcci\u00f3n al barrio Caicedo Alto cuando de repente perdi\u00f3 el control del automotor [&hellip;]<\/p>\n","protected":false},"author":1,"featured_media":61485,"comment_status":"open","ping_status":"open","sticky":false,"template":"","format":"standard","meta":{"footnotes":""},"categories":[61],"tags":[],"class_list":["post-61483","post","type-post","status-publish","format-standard","has-post-thumbnail","hentry","category-judicial"],"yoast_head":"<!-- This site is optimized with the Yoast SEO plugin v27.1.1 - https:\/\/yoast.com\/product\/yoast-seo-wordpress\/ -->\n<title>En Pasto conductor falleci\u00f3 luego de caer a un lavadero de autos en la v\u00eda Panamericana | P\u00e1gina10<\/title>\n<meta name=\"robots\" content=\"index, follow, max-snippet:-1, max-image-preview:large, max-video-preview:-1\" \/>\n<link rel=\"canonical\" href=\"https:\/\/pagina10.com\/web\/__trashed\/\" \/>\n<meta property=\"og:locale\" content=\"es_ES\" \/>\n<meta property=\"og:type\" content=\"article\" \/>\n<meta property=\"og:title\" content=\"En Pasto conductor falleci\u00f3 luego de caer a un lavadero de autos en la v\u00eda Panamericana | P\u00e1gina10\" \/>\n<meta property=\"og:description\" content=\"El tr\u00e1gico accidente donde falleci\u00f3 Oscar Eduardo Narv\u00e1ez L\u00f3pez de 40 a\u00f1os, quien laboraba como conductor de un veh\u00edculo tipo Piaggio, ocurri\u00f3 la ma\u00f1ana del domingo en el barrio Niza. Seg\u00fan la informaci\u00f3n entregada por las autoridades, el hombre se desplazaba con direcci\u00f3n al barrio Caicedo Alto cuando de repente perdi\u00f3 el control del automotor [&hellip;]\" \/>\n<meta property=\"og:url\" content=\"https:\/\/pagina10.com\/web\/__trashed\/\" \/>\n<meta property=\"og:site_name\" content=\"P\u00e1gina10\" \/>\n<meta property=\"article:publisher\" content=\"https:\/\/www.facebook.com\/pag10com\" \/>\n<meta property=\"article:published_time\" content=\"2022-09-06T01:52:01+00:00\" \/>\n<meta property=\"article:modified_time\" content=\"2022-09-06T01:53:15+00:00\" \/>\n<meta property=\"og:image\" content=\"https:\/\/pagina10.com\/web\/wp-content\/uploads\/2022\/09\/305072637_598453762004293_2659170840025960739_n-e1662429188281.jpg\" \/>\n\t<meta property=\"og:image:width\" content=\"921\" \/>\n\t<meta property=\"og:image:height\" content=\"716\" \/>\n\t<meta property=\"og:image:type\" content=\"image\/jpeg\" \/>\n<meta name=\"author\" content=\"P\u00e1gina 10\" \/>\n<meta name=\"twitter:card\" content=\"summary_large_image\" \/>\n<meta name=\"twitter:creator\" content=\"@Pag10com\" \/>\n<meta name=\"twitter:site\" content=\"@Pag10com\" \/>\n<meta name=\"twitter:label1\" content=\"Escrito por\" \/>\n\t<meta name=\"twitter:data1\" content=\"P\u00e1gina 10\" \/>\n\t<meta name=\"twitter:label2\" content=\"Tiempo de lectura\" \/>\n\t<meta name=\"twitter:data2\" content=\"1 minuto\" \/>\n<script type=\"application\/ld+json\" class=\"yoast-schema-graph\">{\"@context\":\"https:\/\/schema.org\",\"@graph\":[{\"@type\":\"Article\",\"@id\":\"https:\/\/pagina10.com\/web\/__trashed\/#article\",\"isPartOf\":{\"@id\":\"https:\/\/pagina10.com\/web\/__trashed\/\"},\"author\":{\"name\":\"P\u00e1gina 10\",\"@id\":\"https:\/\/pagina10.com\/web\/#\/schema\/person\/2efc4a090d25b667d3bc796798a3a81b\"},\"headline\":\"En Pasto conductor falleci\u00f3 luego de caer a un lavadero de autos en la v\u00eda Panamericana\",\"datePublished\":\"2022-09-06T01:52:01+00:00\",\"dateModified\":\"2022-09-06T01:53:15+00:00\",\"mainEntityOfPage\":{\"@id\":\"https:\/\/pagina10.com\/web\/__trashed\/\"},\"wordCount\":161,\"commentCount\":0,\"publisher\":{\"@id\":\"https:\/\/pagina10.com\/web\/#organization\"},\"image\":{\"@id\":\"https:\/\/pagina10.com\/web\/__trashed\/#primaryimage\"},\"thumbnailUrl\":\"https:\/\/pagina10.com\/web\/wp-content\/uploads\/2022\/09\/305072637_598453762004293_2659170840025960739_n-e1662429188281.jpg\",\"articleSection\":[\"Judicial\"],\"inLanguage\":\"es\",\"potentialAction\":[{\"@type\":\"CommentAction\",\"name\":\"Comment\",\"target\":[\"https:\/\/pagina10.com\/web\/__trashed\/#respond\"]}]},{\"@type\":\"WebPage\",\"@id\":\"https:\/\/pagina10.com\/web\/__trashed\/\",\"url\":\"https:\/\/pagina10.com\/web\/__trashed\/\",\"name\":\"En Pasto conductor falleci\u00f3 luego de caer a un lavadero de autos en la v\u00eda Panamericana | P\u00e1gina10\",\"isPartOf\":{\"@id\":\"https:\/\/pagina10.com\/web\/#website\"},\"primaryImageOfPage\":{\"@id\":\"https:\/\/pagina10.com\/web\/__trashed\/#primaryimage\"},\"image\":{\"@id\":\"https:\/\/pagina10.com\/web\/__trashed\/#primaryimage\"},\"thumbnailUrl\":\"https:\/\/pagina10.com\/web\/wp-content\/uploads\/2022\/09\/305072637_598453762004293_2659170840025960739_n-e1662429188281.jpg\",\"datePublished\":\"2022-09-06T01:52:01+00:00\",\"dateModified\":\"2022-09-06T01:53:15+00:00\",\"breadcrumb\":{\"@id\":\"https:\/\/pagina10.com\/web\/__trashed\/#breadcrumb\"},\"inLanguage\":\"es\",\"potentialAction\":[{\"@type\":\"ReadAction\",\"target\":[\"https:\/\/pagina10.com\/web\/__trashed\/\"]}]},{\"@type\":\"ImageObject\",\"inLanguage\":\"es\",\"@id\":\"https:\/\/pagina10.com\/web\/__trashed\/#primaryimage\",\"url\":\"https:\/\/pagina10.com\/web\/wp-content\/uploads\/2022\/09\/305072637_598453762004293_2659170840025960739_n-e1662429188281.jpg\",\"contentUrl\":\"https:\/\/pagina10.com\/web\/wp-content\/uploads\/2022\/09\/305072637_598453762004293_2659170840025960739_n-e1662429188281.jpg\",\"width\":921,\"height\":716},{\"@type\":\"BreadcrumbList\",\"@id\":\"https:\/\/pagina10.com\/web\/__trashed\/#breadcrumb\",\"itemListElement\":[{\"@type\":\"ListItem\",\"position\":1,\"name\":\"Portada\",\"item\":\"https:\/\/pagina10.com\/web\/\"},{\"@type\":\"ListItem\",\"position\":2,\"name\":\"En Pasto conductor falleci\u00f3 luego de caer a un lavadero de autos en la v\u00eda Panamericana\"}]},{\"@type\":\"WebSite\",\"@id\":\"https:\/\/pagina10.com\/web\/#website\",\"url\":\"https:\/\/pagina10.com\/web\/\",\"name\":\"P\u00e1gina10\",\"description\":\"Peri\u00f3dico Regional\",\"publisher\":{\"@id\":\"https:\/\/pagina10.com\/web\/#organization\"},\"alternateName\":\"P\u00e1gina10 Peri\u00f3dico Regional\",\"potentialAction\":[{\"@type\":\"SearchAction\",\"target\":{\"@type\":\"EntryPoint\",\"urlTemplate\":\"https:\/\/pagina10.com\/web\/?s={search_term_string}\"},\"query-input\":{\"@type\":\"PropertyValueSpecification\",\"valueRequired\":true,\"valueName\":\"search_term_string\"}}],\"inLanguage\":\"es\"},{\"@type\":\"Organization\",\"@id\":\"https:\/\/pagina10.com\/web\/#organization\",\"name\":\"P\u00e1gina10\",\"alternateName\":\"P\u00e1gina10 Peri\u00f3dico Regional\",\"url\":\"https:\/\/pagina10.com\/web\/\",\"logo\":{\"@type\":\"ImageObject\",\"inLanguage\":\"es\",\"@id\":\"https:\/\/pagina10.com\/web\/#\/schema\/logo\/image\/\",\"url\":\"https:\/\/pagina10.com\/web\/wp-content\/uploads\/2024\/01\/40-pagina-10-periodico-regional-pasto.jpg\",\"contentUrl\":\"https:\/\/pagina10.com\/web\/wp-content\/uploads\/2024\/01\/40-pagina-10-periodico-regional-pasto.jpg\",\"width\":1280,\"height\":720,\"caption\":\"P\u00e1gina10\"},\"image\":{\"@id\":\"https:\/\/pagina10.com\/web\/#\/schema\/logo\/image\/\"},\"sameAs\":[\"https:\/\/www.facebook.com\/pag10com\",\"https:\/\/x.com\/Pag10com\",\"https:\/\/www.instagram.com\/pagina10col\/\",\"https:\/\/youtube.com\/channel\/pag10\",\"https:\/\/www.tiktok.com\/@p10col\"]},{\"@type\":\"Person\",\"@id\":\"https:\/\/pagina10.com\/web\/#\/schema\/person\/2efc4a090d25b667d3bc796798a3a81b\",\"name\":\"P\u00e1gina 10\",\"description\":\"P\u00e1gina 10 es un peri\u00f3dico regional que nace en Colombia, en el departamento de Nari\u00f1o, con un enfoque global, fundamentado en cuatro pilares esenciales: la libertad, el pluralismo, la inclusi\u00f3n y la independencia. P\u00e1gina 10 hace referencia a Nari\u00f1o como el d\u00e9cimo departamento creado en Colombia, despu\u00e9s de un proceso pol\u00edtico liderado por actores y actrices regionales con el fin de obtener la independencia y autonom\u00eda de nuestros territorios. Con la creaci\u00f3n de P\u00e1gina 10 se pretende abrir un escenario para el dialogo, la reflexi\u00f3n y el debate que se extienda a otras geograf\u00edas de Am\u00e9rica Latina y del planeta, en una apuesta por transformar colectivamente los desaf\u00edos de un mundo contempor\u00e1neo, m\u00e1s all\u00e1 de las fronteras impuestas.\",\"url\":\"https:\/\/pagina10.com\/web\/author\/pdiezadmin\/\"}]}<\/script>\n<!-- \/ Yoast SEO plugin. -->","yoast_head_json":{"title":"En Pasto conductor falleci\u00f3 luego de caer a un lavadero de autos en la v\u00eda Panamericana | P\u00e1gina10","robots":{"index":"index","follow":"follow","max-snippet":"max-snippet:-1","max-image-preview":"max-image-preview:large","max-video-preview":"max-video-preview:-1"},"canonical":"https:\/\/pagina10.com\/web\/__trashed\/","og_locale":"es_ES","og_type":"article","og_title":"En Pasto conductor falleci\u00f3 luego de caer a un lavadero de autos en la v\u00eda Panamericana | P\u00e1gina10","og_description":"El tr\u00e1gico accidente donde falleci\u00f3 Oscar Eduardo Narv\u00e1ez L\u00f3pez de 40 a\u00f1os, quien laboraba como conductor de un veh\u00edculo tipo Piaggio, ocurri\u00f3 la ma\u00f1ana del domingo en el barrio Niza. Seg\u00fan la informaci\u00f3n entregada por las autoridades, el hombre se desplazaba con direcci\u00f3n al barrio Caicedo Alto cuando de repente perdi\u00f3 el control del automotor [&hellip;]","og_url":"https:\/\/pagina10.com\/web\/__trashed\/","og_site_name":"P\u00e1gina10","article_publisher":"https:\/\/www.facebook.com\/pag10com","article_published_time":"2022-09-06T01:52:01+00:00","article_modified_time":"2022-09-06T01:53:15+00:00","og_image":[{"width":921,"height":716,"url":"https:\/\/pagina10.com\/web\/wp-content\/uploads\/2022\/09\/305072637_598453762004293_2659170840025960739_n-e1662429188281.jpg","type":"image\/jpeg"}],"author":"P\u00e1gina 10","twitter_card":"summary_large_image","twitter_creator":"@Pag10com","twitter_site":"@Pag10com","twitter_misc":{"Escrito por":"P\u00e1gina 10","Tiempo de lectura":"1 minuto"},"schema":{"@context":"https:\/\/schema.org","@graph":[{"@type":"Article","@id":"https:\/\/pagina10.com\/web\/__trashed\/#article","isPartOf":{"@id":"https:\/\/pagina10.com\/web\/__trashed\/"},"author":{"name":"P\u00e1gina 10","@id":"https:\/\/pagina10.com\/web\/#\/schema\/person\/2efc4a090d25b667d3bc796798a3a81b"},"headline":"En Pasto conductor falleci\u00f3 luego de caer a un lavadero de autos en la v\u00eda Panamericana","datePublished":"2022-09-06T01:52:01+00:00","dateModified":"2022-09-06T01:53:15+00:00","mainEntityOfPage":{"@id":"https:\/\/pagina10.com\/web\/__trashed\/"},"wordCount":161,"commentCount":0,"publisher":{"@id":"https:\/\/pagina10.com\/web\/#organization"},"image":{"@id":"https:\/\/pagina10.com\/web\/__trashed\/#primaryimage"},"thumbnailUrl":"https:\/\/pagina10.com\/web\/wp-content\/uploads\/2022\/09\/305072637_598453762004293_2659170840025960739_n-e1662429188281.jpg","articleSection":["Judicial"],"inLanguage":"es","potentialAction":[{"@type":"CommentAction","name":"Comment","target":["https:\/\/pagina10.com\/web\/__trashed\/#respond"]}]},{"@type":"WebPage","@id":"https:\/\/pagina10.com\/web\/__trashed\/","url":"https:\/\/pagina10.com\/web\/__trashed\/","name":"En Pasto conductor falleci\u00f3 luego de caer a un lavadero de autos en la v\u00eda Panamericana | P\u00e1gina10","isPartOf":{"@id":"https:\/\/pagina10.com\/web\/#website"},"primaryImageOfPage":{"@id":"https:\/\/pagina10.com\/web\/__trashed\/#primaryimage"},"image":{"@id":"https:\/\/pagina10.com\/web\/__trashed\/#primaryimage"},"thumbnailUrl":"https:\/\/pagina10.com\/web\/wp-content\/uploads\/2022\/09\/305072637_598453762004293_2659170840025960739_n-e1662429188281.jpg","datePublished":"2022-09-06T01:52:01+00:00","dateModified":"2022-09-06T01:53:15+00:00","breadcrumb":{"@id":"https:\/\/pagina10.com\/web\/__trashed\/#breadcrumb"},"inLanguage":"es","potentialAction":[{"@type":"ReadAction","target":["https:\/\/pagina10.com\/web\/__trashed\/"]}]},{"@type":"ImageObject","inLanguage":"es","@id":"https:\/\/pagina10.com\/web\/__trashed\/#primaryimage","url":"https:\/\/pagina10.com\/web\/wp-content\/uploads\/2022\/09\/305072637_598453762004293_2659170840025960739_n-e1662429188281.jpg","contentUrl":"https:\/\/pagina10.com\/web\/wp-content\/uploads\/2022\/09\/305072637_598453762004293_2659170840025960739_n-e1662429188281.jpg","width":921,"height":716},{"@type":"BreadcrumbList","@id":"https:\/\/pagina10.com\/web\/__trashed\/#breadcrumb","itemListElement":[{"@type":"ListItem","position":1,"name":"Portada","item":"https:\/\/pagina10.com\/web\/"},{"@type":"ListItem","position":2,"name":"En Pasto conductor falleci\u00f3 luego de caer a un lavadero de autos en la v\u00eda Panamericana"}]},{"@type":"WebSite","@id":"https:\/\/pagina10.com\/web\/#website","url":"https:\/\/pagina10.com\/web\/","name":"P\u00e1gina10","description":"Peri\u00f3dico Regional","publisher":{"@id":"https:\/\/pagina10.com\/web\/#organization"},"alternateName":"P\u00e1gina10 Peri\u00f3dico Regional","potentialAction":[{"@type":"SearchAction","target":{"@type":"EntryPoint","urlTemplate":"https:\/\/pagina10.com\/web\/?s={search_term_string}"},"query-input":{"@type":"PropertyValueSpecification","valueRequired":true,"valueName":"search_term_string"}}],"inLanguage":"es"},{"@type":"Organization","@id":"https:\/\/pagina10.com\/web\/#organization","name":"P\u00e1gina10","alternateName":"P\u00e1gina10 Peri\u00f3dico Regional","url":"https:\/\/pagina10.com\/web\/","logo":{"@type":"ImageObject","inLanguage":"es","@id":"https:\/\/pagina10.com\/web\/#\/schema\/logo\/image\/","url":"https:\/\/pagina10.com\/web\/wp-content\/uploads\/2024\/01\/40-pagina-10-periodico-regional-pasto.jpg","contentUrl":"https:\/\/pagina10.com\/web\/wp-content\/uploads\/2024\/01\/40-pagina-10-periodico-regional-pasto.jpg","width":1280,"height":720,"caption":"P\u00e1gina10"},"image":{"@id":"https:\/\/pagina10.com\/web\/#\/schema\/logo\/image\/"},"sameAs":["https:\/\/www.facebook.com\/pag10com","https:\/\/x.com\/Pag10com","https:\/\/www.instagram.com\/pagina10col\/","https:\/\/youtube.com\/channel\/pag10","https:\/\/www.tiktok.com\/@p10col"]},{"@type":"Person","@id":"https:\/\/pagina10.com\/web\/#\/schema\/person\/2efc4a090d25b667d3bc796798a3a81b","name":"P\u00e1gina 10","description":"P\u00e1gina 10 es un peri\u00f3dico regional que nace en Colombia, en el departamento de Nari\u00f1o, con un enfoque global, fundamentado en cuatro pilares esenciales: la libertad, el pluralismo, la inclusi\u00f3n y la independencia. P\u00e1gina 10 hace referencia a Nari\u00f1o como el d\u00e9cimo departamento creado en Colombia, despu\u00e9s de un proceso pol\u00edtico liderado por actores y actrices regionales con el fin de obtener la independencia y autonom\u00eda de nuestros territorios. Con la creaci\u00f3n de P\u00e1gina 10 se pretende abrir un escenario para el dialogo, la reflexi\u00f3n y el debate que se extienda a otras geograf\u00edas de Am\u00e9rica Latina y del planeta, en una apuesta por transformar colectivamente los desaf\u00edos de un mundo contempor\u00e1neo, m\u00e1s all\u00e1 de las fronteras impuestas.","url":"https:\/\/pagina10.com\/web\/author\/pdiezadmin\/"}]}},"_links":{"self":[{"href":"https:\/\/pagina10.com\/web\/wp-json\/wp\/v2\/posts\/61483","targetHints":{"allow":["GET"]}}],"collection":[{"href":"https:\/\/pagina10.com\/web\/wp-json\/wp\/v2\/posts"}],"about":[{"href":"https:\/\/pagina10.com\/web\/wp-json\/wp\/v2\/types\/post"}],"author":[{"embeddable":true,"href":"https:\/\/pagina10.com\/web\/wp-json\/wp\/v2\/users\/1"}],"replies":[{"embeddable":true,"href":"https:\/\/pagina10.com\/web\/wp-json\/wp\/v2\/comments?post=61483"}],"version-history":[{"count":1,"href":"https:\/\/pagina10.com\/web\/wp-json\/wp\/v2\/posts\/61483\/revisions"}],"predecessor-version":[{"id":61484,"href":"https:\/\/pagina10.com\/web\/wp-json\/wp\/v2\/posts\/61483\/revisions\/61484"}],"wp:featuredmedia":[{"embeddable":true,"href":"https:\/\/pagina10.com\/web\/wp-json\/wp\/v2\/media\/61485"}],"wp:attachment":[{"href":"https:\/\/pagina10.com\/web\/wp-json\/wp\/v2\/media?parent=61483"}],"wp:term":[{"taxonomy":"category","embeddable":true,"href":"https:\/\/pagina10.com\/web\/wp-json\/wp\/v2\/categories?post=61483"},{"taxonomy":"post_tag","embeddable":true,"href":"https:\/\/pagina10.com\/web\/wp-json\/wp\/v2\/tags?post=61483"}],"curies":[{"name":"wp","href":"https:\/\/api.w.org\/{rel}","templated":true}]}}