{"id":61490,"date":"2022-09-06T11:12:05","date_gmt":"2022-09-06T16:12:05","guid":{"rendered":"https:\/\/pagina10.com\/web\/?p=61490"},"modified":"2022-09-06T11:12:05","modified_gmt":"2022-09-06T16:12:05","slug":"asesinan-a-lider-social-en-magui-payan","status":"publish","type":"post","link":"https:\/\/pagina10.com\/web\/asesinan-a-lider-social-en-magui-payan\/","title":{"rendered":"Asesinan a l\u00edder social en Mag\u00fci Pay\u00e1n"},"content":{"rendered":"<p style=\"text-align: justify;\">Tras quedar en medio de un enfrentamiento entre grupos armados delincuenciales que operan en la costa pac\u00edfica de Nari\u00f1o, perdi\u00f3 la vida el l\u00edder social Juan Qui\u00f1ones Angulo, quien era uno de los miembros del Consejo Comunitario la Voz de los Negros en el municipio de Mag\u00fci, Pay\u00e1n.<\/p>\n<p style=\"text-align: justify;\">Seg\u00fan Indepaz, el dirigente result\u00f3 herido al quedar en medio del enfrentamiento entre grupos al margen de la ley en zona rural de la mencionada localidad nari\u00f1ense el pasado domingo 28 de agosto. La Defensor\u00eda del Pueblo hab\u00eda emitido una alerta temprana que advert\u00eda de las condiciones de pobreza y marginalidad que padecen en el municipio, que los pon\u00eda en peligro ante el accionar criminal de los grupos armados ilegales.<\/p>\n<p style=\"text-align: justify;\">Por su parte, la Fundaci\u00f3n Desarrollo y Paz (Fundepaz) indic\u00f3 que con este nuevo homicidio se completa la escabrosa cifra de 14 l\u00edderes sociales asesinados en el departamento de Nari\u00f1o durante este 2022.<\/p>\n","protected":false},"excerpt":{"rendered":"<p>Tras quedar en medio de un enfrentamiento entre grupos armados delincuenciales que operan en la costa pac\u00edfica de Nari\u00f1o, perdi\u00f3 la vida el l\u00edder social Juan Qui\u00f1ones Angulo, quien era uno de los miembros del Consejo Comunitario la Voz de los Negros en el municipio de Mag\u00fci, Pay\u00e1n. Seg\u00fan Indepaz, el dirigente result\u00f3 herido al [&hellip;]<\/p>\n","protected":false},"author":1,"featured_media":61491,"comment_status":"open","ping_status":"open","sticky":false,"template":"","format":"standard","meta":{"footnotes":""},"categories":[61],"tags":[],"class_list":["post-61490","post","type-post","status-publish","format-standard","has-post-thumbnail","hentry","category-judicial"],"yoast_head":"<!-- This site is optimized with the Yoast SEO plugin v27.1.1 - https:\/\/yoast.com\/product\/yoast-seo-wordpress\/ -->\n<title>Asesinan a l\u00edder social en Mag\u00fci Pay\u00e1n | P\u00e1gina10<\/title>\n<meta name=\"robots\" content=\"index, follow, max-snippet:-1, max-image-preview:large, max-video-preview:-1\" \/>\n<link rel=\"canonical\" href=\"https:\/\/pagina10.com\/web\/asesinan-a-lider-social-en-magui-payan\/\" \/>\n<meta property=\"og:locale\" content=\"es_ES\" \/>\n<meta property=\"og:type\" content=\"article\" \/>\n<meta property=\"og:title\" content=\"Asesinan a l\u00edder social en Mag\u00fci Pay\u00e1n | P\u00e1gina10\" \/>\n<meta property=\"og:description\" content=\"Tras quedar en medio de un enfrentamiento entre grupos armados delincuenciales que operan en la costa pac\u00edfica de Nari\u00f1o, perdi\u00f3 la vida el l\u00edder social Juan Qui\u00f1ones Angulo, quien era uno de los miembros del Consejo Comunitario la Voz de los Negros en el municipio de Mag\u00fci, Pay\u00e1n. Seg\u00fan Indepaz, el dirigente result\u00f3 herido al [&hellip;]\" \/>\n<meta property=\"og:url\" content=\"https:\/\/pagina10.com\/web\/asesinan-a-lider-social-en-magui-payan\/\" \/>\n<meta property=\"og:site_name\" content=\"P\u00e1gina10\" \/>\n<meta property=\"article:publisher\" content=\"https:\/\/www.facebook.com\/pag10com\" \/>\n<meta property=\"article:published_time\" content=\"2022-09-06T16:12:05+00:00\" \/>\n<meta property=\"og:image\" content=\"https:\/\/pagina10.com\/web\/wp-content\/uploads\/2022\/09\/52F3T6YSBRAGFNUR36RN5SQZ3Y.jpg\" \/>\n\t<meta property=\"og:image:width\" content=\"768\" \/>\n\t<meta property=\"og:image:height\" content=\"432\" \/>\n\t<meta property=\"og:image:type\" content=\"image\/jpeg\" \/>\n<meta name=\"author\" content=\"P\u00e1gina 10\" \/>\n<meta name=\"twitter:card\" content=\"summary_large_image\" \/>\n<meta name=\"twitter:creator\" content=\"@Pag10com\" \/>\n<meta name=\"twitter:site\" content=\"@Pag10com\" \/>\n<meta name=\"twitter:label1\" content=\"Escrito por\" \/>\n\t<meta name=\"twitter:data1\" content=\"P\u00e1gina 10\" \/>\n\t<meta name=\"twitter:label2\" content=\"Tiempo de lectura\" \/>\n\t<meta name=\"twitter:data2\" content=\"1 minuto\" \/>\n<script type=\"application\/ld+json\" class=\"yoast-schema-graph\">{\"@context\":\"https:\/\/schema.org\",\"@graph\":[{\"@type\":\"Article\",\"@id\":\"https:\/\/pagina10.com\/web\/asesinan-a-lider-social-en-magui-payan\/#article\",\"isPartOf\":{\"@id\":\"https:\/\/pagina10.com\/web\/asesinan-a-lider-social-en-magui-payan\/\"},\"author\":{\"name\":\"P\u00e1gina 10\",\"@id\":\"https:\/\/pagina10.com\/web\/#\/schema\/person\/2efc4a090d25b667d3bc796798a3a81b\"},\"headline\":\"Asesinan a l\u00edder social en Mag\u00fci Pay\u00e1n\",\"datePublished\":\"2022-09-06T16:12:05+00:00\",\"mainEntityOfPage\":{\"@id\":\"https:\/\/pagina10.com\/web\/asesinan-a-lider-social-en-magui-payan\/\"},\"wordCount\":173,\"commentCount\":0,\"publisher\":{\"@id\":\"https:\/\/pagina10.com\/web\/#organization\"},\"image\":{\"@id\":\"https:\/\/pagina10.com\/web\/asesinan-a-lider-social-en-magui-payan\/#primaryimage\"},\"thumbnailUrl\":\"https:\/\/pagina10.com\/web\/wp-content\/uploads\/2022\/09\/52F3T6YSBRAGFNUR36RN5SQZ3Y.jpg\",\"articleSection\":[\"Judicial\"],\"inLanguage\":\"es\",\"potentialAction\":[{\"@type\":\"CommentAction\",\"name\":\"Comment\",\"target\":[\"https:\/\/pagina10.com\/web\/asesinan-a-lider-social-en-magui-payan\/#respond\"]}]},{\"@type\":\"WebPage\",\"@id\":\"https:\/\/pagina10.com\/web\/asesinan-a-lider-social-en-magui-payan\/\",\"url\":\"https:\/\/pagina10.com\/web\/asesinan-a-lider-social-en-magui-payan\/\",\"name\":\"Asesinan a l\u00edder social en Mag\u00fci Pay\u00e1n | P\u00e1gina10\",\"isPartOf\":{\"@id\":\"https:\/\/pagina10.com\/web\/#website\"},\"primaryImageOfPage\":{\"@id\":\"https:\/\/pagina10.com\/web\/asesinan-a-lider-social-en-magui-payan\/#primaryimage\"},\"image\":{\"@id\":\"https:\/\/pagina10.com\/web\/asesinan-a-lider-social-en-magui-payan\/#primaryimage\"},\"thumbnailUrl\":\"https:\/\/pagina10.com\/web\/wp-content\/uploads\/2022\/09\/52F3T6YSBRAGFNUR36RN5SQZ3Y.jpg\",\"datePublished\":\"2022-09-06T16:12:05+00:00\",\"breadcrumb\":{\"@id\":\"https:\/\/pagina10.com\/web\/asesinan-a-lider-social-en-magui-payan\/#breadcrumb\"},\"inLanguage\":\"es\",\"potentialAction\":[{\"@type\":\"ReadAction\",\"target\":[\"https:\/\/pagina10.com\/web\/asesinan-a-lider-social-en-magui-payan\/\"]}]},{\"@type\":\"ImageObject\",\"inLanguage\":\"es\",\"@id\":\"https:\/\/pagina10.com\/web\/asesinan-a-lider-social-en-magui-payan\/#primaryimage\",\"url\":\"https:\/\/pagina10.com\/web\/wp-content\/uploads\/2022\/09\/52F3T6YSBRAGFNUR36RN5SQZ3Y.jpg\",\"contentUrl\":\"https:\/\/pagina10.com\/web\/wp-content\/uploads\/2022\/09\/52F3T6YSBRAGFNUR36RN5SQZ3Y.jpg\",\"width\":768,\"height\":432},{\"@type\":\"BreadcrumbList\",\"@id\":\"https:\/\/pagina10.com\/web\/asesinan-a-lider-social-en-magui-payan\/#breadcrumb\",\"itemListElement\":[{\"@type\":\"ListItem\",\"position\":1,\"name\":\"Portada\",\"item\":\"https:\/\/pagina10.com\/web\/\"},{\"@type\":\"ListItem\",\"position\":2,\"name\":\"Asesinan a l\u00edder social en Mag\u00fci Pay\u00e1n\"}]},{\"@type\":\"WebSite\",\"@id\":\"https:\/\/pagina10.com\/web\/#website\",\"url\":\"https:\/\/pagina10.com\/web\/\",\"name\":\"P\u00e1gina10\",\"description\":\"Peri\u00f3dico Regional\",\"publisher\":{\"@id\":\"https:\/\/pagina10.com\/web\/#organization\"},\"alternateName\":\"P\u00e1gina10 Peri\u00f3dico Regional\",\"potentialAction\":[{\"@type\":\"SearchAction\",\"target\":{\"@type\":\"EntryPoint\",\"urlTemplate\":\"https:\/\/pagina10.com\/web\/?s={search_term_string}\"},\"query-input\":{\"@type\":\"PropertyValueSpecification\",\"valueRequired\":true,\"valueName\":\"search_term_string\"}}],\"inLanguage\":\"es\"},{\"@type\":\"Organization\",\"@id\":\"https:\/\/pagina10.com\/web\/#organization\",\"name\":\"P\u00e1gina10\",\"alternateName\":\"P\u00e1gina10 Peri\u00f3dico Regional\",\"url\":\"https:\/\/pagina10.com\/web\/\",\"logo\":{\"@type\":\"ImageObject\",\"inLanguage\":\"es\",\"@id\":\"https:\/\/pagina10.com\/web\/#\/schema\/logo\/image\/\",\"url\":\"https:\/\/pagina10.com\/web\/wp-content\/uploads\/2024\/01\/40-pagina-10-periodico-regional-pasto.jpg\",\"contentUrl\":\"https:\/\/pagina10.com\/web\/wp-content\/uploads\/2024\/01\/40-pagina-10-periodico-regional-pasto.jpg\",\"width\":1280,\"height\":720,\"caption\":\"P\u00e1gina10\"},\"image\":{\"@id\":\"https:\/\/pagina10.com\/web\/#\/schema\/logo\/image\/\"},\"sameAs\":[\"https:\/\/www.facebook.com\/pag10com\",\"https:\/\/x.com\/Pag10com\",\"https:\/\/www.instagram.com\/pagina10col\/\",\"https:\/\/youtube.com\/channel\/pag10\",\"https:\/\/www.tiktok.com\/@p10col\"]},{\"@type\":\"Person\",\"@id\":\"https:\/\/pagina10.com\/web\/#\/schema\/person\/2efc4a090d25b667d3bc796798a3a81b\",\"name\":\"P\u00e1gina 10\",\"description\":\"P\u00e1gina 10 es un peri\u00f3dico regional que nace en Colombia, en el departamento de Nari\u00f1o, con un enfoque global, fundamentado en cuatro pilares esenciales: la libertad, el pluralismo, la inclusi\u00f3n y la independencia. P\u00e1gina 10 hace referencia a Nari\u00f1o como el d\u00e9cimo departamento creado en Colombia, despu\u00e9s de un proceso pol\u00edtico liderado por actores y actrices regionales con el fin de obtener la independencia y autonom\u00eda de nuestros territorios. Con la creaci\u00f3n de P\u00e1gina 10 se pretende abrir un escenario para el dialogo, la reflexi\u00f3n y el debate que se extienda a otras geograf\u00edas de Am\u00e9rica Latina y del planeta, en una apuesta por transformar colectivamente los desaf\u00edos de un mundo contempor\u00e1neo, m\u00e1s all\u00e1 de las fronteras impuestas.\",\"url\":\"https:\/\/pagina10.com\/web\/author\/pdiezadmin\/\"}]}<\/script>\n<!-- \/ Yoast SEO plugin. -->","yoast_head_json":{"title":"Asesinan a l\u00edder social en Mag\u00fci Pay\u00e1n | P\u00e1gina10","robots":{"index":"index","follow":"follow","max-snippet":"max-snippet:-1","max-image-preview":"max-image-preview:large","max-video-preview":"max-video-preview:-1"},"canonical":"https:\/\/pagina10.com\/web\/asesinan-a-lider-social-en-magui-payan\/","og_locale":"es_ES","og_type":"article","og_title":"Asesinan a l\u00edder social en Mag\u00fci Pay\u00e1n | P\u00e1gina10","og_description":"Tras quedar en medio de un enfrentamiento entre grupos armados delincuenciales que operan en la costa pac\u00edfica de Nari\u00f1o, perdi\u00f3 la vida el l\u00edder social Juan Qui\u00f1ones Angulo, quien era uno de los miembros del Consejo Comunitario la Voz de los Negros en el municipio de Mag\u00fci, Pay\u00e1n. Seg\u00fan Indepaz, el dirigente result\u00f3 herido al [&hellip;]","og_url":"https:\/\/pagina10.com\/web\/asesinan-a-lider-social-en-magui-payan\/","og_site_name":"P\u00e1gina10","article_publisher":"https:\/\/www.facebook.com\/pag10com","article_published_time":"2022-09-06T16:12:05+00:00","og_image":[{"width":768,"height":432,"url":"https:\/\/pagina10.com\/web\/wp-content\/uploads\/2022\/09\/52F3T6YSBRAGFNUR36RN5SQZ3Y.jpg","type":"image\/jpeg"}],"author":"P\u00e1gina 10","twitter_card":"summary_large_image","twitter_creator":"@Pag10com","twitter_site":"@Pag10com","twitter_misc":{"Escrito por":"P\u00e1gina 10","Tiempo de lectura":"1 minuto"},"schema":{"@context":"https:\/\/schema.org","@graph":[{"@type":"Article","@id":"https:\/\/pagina10.com\/web\/asesinan-a-lider-social-en-magui-payan\/#article","isPartOf":{"@id":"https:\/\/pagina10.com\/web\/asesinan-a-lider-social-en-magui-payan\/"},"author":{"name":"P\u00e1gina 10","@id":"https:\/\/pagina10.com\/web\/#\/schema\/person\/2efc4a090d25b667d3bc796798a3a81b"},"headline":"Asesinan a l\u00edder social en Mag\u00fci Pay\u00e1n","datePublished":"2022-09-06T16:12:05+00:00","mainEntityOfPage":{"@id":"https:\/\/pagina10.com\/web\/asesinan-a-lider-social-en-magui-payan\/"},"wordCount":173,"commentCount":0,"publisher":{"@id":"https:\/\/pagina10.com\/web\/#organization"},"image":{"@id":"https:\/\/pagina10.com\/web\/asesinan-a-lider-social-en-magui-payan\/#primaryimage"},"thumbnailUrl":"https:\/\/pagina10.com\/web\/wp-content\/uploads\/2022\/09\/52F3T6YSBRAGFNUR36RN5SQZ3Y.jpg","articleSection":["Judicial"],"inLanguage":"es","potentialAction":[{"@type":"CommentAction","name":"Comment","target":["https:\/\/pagina10.com\/web\/asesinan-a-lider-social-en-magui-payan\/#respond"]}]},{"@type":"WebPage","@id":"https:\/\/pagina10.com\/web\/asesinan-a-lider-social-en-magui-payan\/","url":"https:\/\/pagina10.com\/web\/asesinan-a-lider-social-en-magui-payan\/","name":"Asesinan a l\u00edder social en Mag\u00fci Pay\u00e1n | P\u00e1gina10","isPartOf":{"@id":"https:\/\/pagina10.com\/web\/#website"},"primaryImageOfPage":{"@id":"https:\/\/pagina10.com\/web\/asesinan-a-lider-social-en-magui-payan\/#primaryimage"},"image":{"@id":"https:\/\/pagina10.com\/web\/asesinan-a-lider-social-en-magui-payan\/#primaryimage"},"thumbnailUrl":"https:\/\/pagina10.com\/web\/wp-content\/uploads\/2022\/09\/52F3T6YSBRAGFNUR36RN5SQZ3Y.jpg","datePublished":"2022-09-06T16:12:05+00:00","breadcrumb":{"@id":"https:\/\/pagina10.com\/web\/asesinan-a-lider-social-en-magui-payan\/#breadcrumb"},"inLanguage":"es","potentialAction":[{"@type":"ReadAction","target":["https:\/\/pagina10.com\/web\/asesinan-a-lider-social-en-magui-payan\/"]}]},{"@type":"ImageObject","inLanguage":"es","@id":"https:\/\/pagina10.com\/web\/asesinan-a-lider-social-en-magui-payan\/#primaryimage","url":"https:\/\/pagina10.com\/web\/wp-content\/uploads\/2022\/09\/52F3T6YSBRAGFNUR36RN5SQZ3Y.jpg","contentUrl":"https:\/\/pagina10.com\/web\/wp-content\/uploads\/2022\/09\/52F3T6YSBRAGFNUR36RN5SQZ3Y.jpg","width":768,"height":432},{"@type":"BreadcrumbList","@id":"https:\/\/pagina10.com\/web\/asesinan-a-lider-social-en-magui-payan\/#breadcrumb","itemListElement":[{"@type":"ListItem","position":1,"name":"Portada","item":"https:\/\/pagina10.com\/web\/"},{"@type":"ListItem","position":2,"name":"Asesinan a l\u00edder social en Mag\u00fci Pay\u00e1n"}]},{"@type":"WebSite","@id":"https:\/\/pagina10.com\/web\/#website","url":"https:\/\/pagina10.com\/web\/","name":"P\u00e1gina10","description":"Peri\u00f3dico Regional","publisher":{"@id":"https:\/\/pagina10.com\/web\/#organization"},"alternateName":"P\u00e1gina10 Peri\u00f3dico Regional","potentialAction":[{"@type":"SearchAction","target":{"@type":"EntryPoint","urlTemplate":"https:\/\/pagina10.com\/web\/?s={search_term_string}"},"query-input":{"@type":"PropertyValueSpecification","valueRequired":true,"valueName":"search_term_string"}}],"inLanguage":"es"},{"@type":"Organization","@id":"https:\/\/pagina10.com\/web\/#organization","name":"P\u00e1gina10","alternateName":"P\u00e1gina10 Peri\u00f3dico Regional","url":"https:\/\/pagina10.com\/web\/","logo":{"@type":"ImageObject","inLanguage":"es","@id":"https:\/\/pagina10.com\/web\/#\/schema\/logo\/image\/","url":"https:\/\/pagina10.com\/web\/wp-content\/uploads\/2024\/01\/40-pagina-10-periodico-regional-pasto.jpg","contentUrl":"https:\/\/pagina10.com\/web\/wp-content\/uploads\/2024\/01\/40-pagina-10-periodico-regional-pasto.jpg","width":1280,"height":720,"caption":"P\u00e1gina10"},"image":{"@id":"https:\/\/pagina10.com\/web\/#\/schema\/logo\/image\/"},"sameAs":["https:\/\/www.facebook.com\/pag10com","https:\/\/x.com\/Pag10com","https:\/\/www.instagram.com\/pagina10col\/","https:\/\/youtube.com\/channel\/pag10","https:\/\/www.tiktok.com\/@p10col"]},{"@type":"Person","@id":"https:\/\/pagina10.com\/web\/#\/schema\/person\/2efc4a090d25b667d3bc796798a3a81b","name":"P\u00e1gina 10","description":"P\u00e1gina 10 es un peri\u00f3dico regional que nace en Colombia, en el departamento de Nari\u00f1o, con un enfoque global, fundamentado en cuatro pilares esenciales: la libertad, el pluralismo, la inclusi\u00f3n y la independencia. P\u00e1gina 10 hace referencia a Nari\u00f1o como el d\u00e9cimo departamento creado en Colombia, despu\u00e9s de un proceso pol\u00edtico liderado por actores y actrices regionales con el fin de obtener la independencia y autonom\u00eda de nuestros territorios. Con la creaci\u00f3n de P\u00e1gina 10 se pretende abrir un escenario para el dialogo, la reflexi\u00f3n y el debate que se extienda a otras geograf\u00edas de Am\u00e9rica Latina y del planeta, en una apuesta por transformar colectivamente los desaf\u00edos de un mundo contempor\u00e1neo, m\u00e1s all\u00e1 de las fronteras impuestas.","url":"https:\/\/pagina10.com\/web\/author\/pdiezadmin\/"}]}},"_links":{"self":[{"href":"https:\/\/pagina10.com\/web\/wp-json\/wp\/v2\/posts\/61490","targetHints":{"allow":["GET"]}}],"collection":[{"href":"https:\/\/pagina10.com\/web\/wp-json\/wp\/v2\/posts"}],"about":[{"href":"https:\/\/pagina10.com\/web\/wp-json\/wp\/v2\/types\/post"}],"author":[{"embeddable":true,"href":"https:\/\/pagina10.com\/web\/wp-json\/wp\/v2\/users\/1"}],"replies":[{"embeddable":true,"href":"https:\/\/pagina10.com\/web\/wp-json\/wp\/v2\/comments?post=61490"}],"version-history":[{"count":1,"href":"https:\/\/pagina10.com\/web\/wp-json\/wp\/v2\/posts\/61490\/revisions"}],"predecessor-version":[{"id":61492,"href":"https:\/\/pagina10.com\/web\/wp-json\/wp\/v2\/posts\/61490\/revisions\/61492"}],"wp:featuredmedia":[{"embeddable":true,"href":"https:\/\/pagina10.com\/web\/wp-json\/wp\/v2\/media\/61491"}],"wp:attachment":[{"href":"https:\/\/pagina10.com\/web\/wp-json\/wp\/v2\/media?parent=61490"}],"wp:term":[{"taxonomy":"category","embeddable":true,"href":"https:\/\/pagina10.com\/web\/wp-json\/wp\/v2\/categories?post=61490"},{"taxonomy":"post_tag","embeddable":true,"href":"https:\/\/pagina10.com\/web\/wp-json\/wp\/v2\/tags?post=61490"}],"curies":[{"name":"wp","href":"https:\/\/api.w.org\/{rel}","templated":true}]}}