{"id":61493,"date":"2022-09-06T11:21:31","date_gmt":"2022-09-06T16:21:31","guid":{"rendered":"https:\/\/pagina10.com\/web\/?p=61493"},"modified":"2022-09-06T11:21:31","modified_gmt":"2022-09-06T16:21:31","slug":"buscan-a-joven-desaparecida-en-pupiales","status":"publish","type":"post","link":"https:\/\/pagina10.com\/web\/buscan-a-joven-desaparecida-en-pupiales\/","title":{"rendered":"Buscan a joven desaparecida en Pupiales"},"content":{"rendered":"<p style=\"text-align: justify;\">De acuerdo con lo relatado por sus familiares, Yuli Carolina Cuat\u00edn Pe\u00f1a desapareci\u00f3 el pasado viernes 26 de agosto, luego de salir del municipio de Pupiales donde resid\u00eda, con destino a la ciudad de Ipiales, en el sur Nari\u00f1o, donde asistir\u00eda a una cita m\u00e9dica a la cual nunca lleg\u00f3.<\/p>\n<p style=\"text-align: justify;\">Ante esta situaci\u00f3n, sus allegados indicaron que la joven de 26 a\u00f1os tiene cabello corto y de color rubio, ojos claros, tono de piel blanca y 1.64 de estatura. As\u00ed mismo, habilitaron los contactos 316 234 5009 \u2013 316 631 6580 \u2013 312 872 8200, para que la comunidad pueda sumin\u00edstrales cualquier tipo de informaci\u00f3n que los conduzca hacia su paradero.<\/p>\n","protected":false},"excerpt":{"rendered":"<p>De acuerdo con lo relatado por sus familiares, Yuli Carolina Cuat\u00edn Pe\u00f1a desapareci\u00f3 el pasado viernes 26 de agosto, luego de salir del municipio de Pupiales donde resid\u00eda, con destino a la ciudad de Ipiales, en el sur Nari\u00f1o, donde asistir\u00eda a una cita m\u00e9dica a la cual nunca lleg\u00f3. Ante esta situaci\u00f3n, sus allegados [&hellip;]<\/p>\n","protected":false},"author":1,"featured_media":61495,"comment_status":"open","ping_status":"open","sticky":false,"template":"","format":"standard","meta":{"footnotes":""},"categories":[61],"tags":[],"class_list":["post-61493","post","type-post","status-publish","format-standard","has-post-thumbnail","hentry","category-judicial"],"yoast_head":"<!-- This site is optimized with the Yoast SEO plugin v27.1.1 - https:\/\/yoast.com\/product\/yoast-seo-wordpress\/ -->\n<title>Buscan a joven desaparecida en Pupiales | P\u00e1gina10<\/title>\n<meta name=\"robots\" content=\"index, follow, max-snippet:-1, max-image-preview:large, max-video-preview:-1\" \/>\n<link rel=\"canonical\" href=\"https:\/\/pagina10.com\/web\/buscan-a-joven-desaparecida-en-pupiales\/\" \/>\n<meta property=\"og:locale\" content=\"es_ES\" \/>\n<meta property=\"og:type\" content=\"article\" \/>\n<meta property=\"og:title\" content=\"Buscan a joven desaparecida en Pupiales | P\u00e1gina10\" \/>\n<meta property=\"og:description\" content=\"De acuerdo con lo relatado por sus familiares, Yuli Carolina Cuat\u00edn Pe\u00f1a desapareci\u00f3 el pasado viernes 26 de agosto, luego de salir del municipio de Pupiales donde resid\u00eda, con destino a la ciudad de Ipiales, en el sur Nari\u00f1o, donde asistir\u00eda a una cita m\u00e9dica a la cual nunca lleg\u00f3. Ante esta situaci\u00f3n, sus allegados [&hellip;]\" \/>\n<meta property=\"og:url\" content=\"https:\/\/pagina10.com\/web\/buscan-a-joven-desaparecida-en-pupiales\/\" \/>\n<meta property=\"og:site_name\" content=\"P\u00e1gina10\" \/>\n<meta property=\"article:publisher\" content=\"https:\/\/www.facebook.com\/pag10com\" \/>\n<meta property=\"article:published_time\" content=\"2022-09-06T16:21:31+00:00\" \/>\n<meta property=\"og:image\" content=\"https:\/\/pagina10.com\/web\/wp-content\/uploads\/2022\/09\/305101538_555709649763303_2883779116930162112_n.jpg\" \/>\n\t<meta property=\"og:image:width\" content=\"362\" \/>\n\t<meta property=\"og:image:height\" content=\"538\" \/>\n\t<meta property=\"og:image:type\" content=\"image\/jpeg\" \/>\n<meta name=\"author\" content=\"P\u00e1gina 10\" \/>\n<meta name=\"twitter:card\" content=\"summary_large_image\" \/>\n<meta name=\"twitter:creator\" content=\"@Pag10com\" \/>\n<meta name=\"twitter:site\" content=\"@Pag10com\" \/>\n<meta name=\"twitter:label1\" content=\"Escrito por\" \/>\n\t<meta name=\"twitter:data1\" content=\"P\u00e1gina 10\" \/>\n\t<meta name=\"twitter:label2\" content=\"Tiempo de lectura\" \/>\n\t<meta name=\"twitter:data2\" content=\"1 minuto\" \/>\n<script type=\"application\/ld+json\" class=\"yoast-schema-graph\">{\"@context\":\"https:\/\/schema.org\",\"@graph\":[{\"@type\":\"Article\",\"@id\":\"https:\/\/pagina10.com\/web\/buscan-a-joven-desaparecida-en-pupiales\/#article\",\"isPartOf\":{\"@id\":\"https:\/\/pagina10.com\/web\/buscan-a-joven-desaparecida-en-pupiales\/\"},\"author\":{\"name\":\"P\u00e1gina 10\",\"@id\":\"https:\/\/pagina10.com\/web\/#\/schema\/person\/2efc4a090d25b667d3bc796798a3a81b\"},\"headline\":\"Buscan a joven desaparecida en Pupiales\",\"datePublished\":\"2022-09-06T16:21:31+00:00\",\"mainEntityOfPage\":{\"@id\":\"https:\/\/pagina10.com\/web\/buscan-a-joven-desaparecida-en-pupiales\/\"},\"wordCount\":113,\"commentCount\":0,\"publisher\":{\"@id\":\"https:\/\/pagina10.com\/web\/#organization\"},\"image\":{\"@id\":\"https:\/\/pagina10.com\/web\/buscan-a-joven-desaparecida-en-pupiales\/#primaryimage\"},\"thumbnailUrl\":\"https:\/\/pagina10.com\/web\/wp-content\/uploads\/2022\/09\/305101538_555709649763303_2883779116930162112_n.jpg\",\"articleSection\":[\"Judicial\"],\"inLanguage\":\"es\",\"potentialAction\":[{\"@type\":\"CommentAction\",\"name\":\"Comment\",\"target\":[\"https:\/\/pagina10.com\/web\/buscan-a-joven-desaparecida-en-pupiales\/#respond\"]}]},{\"@type\":\"WebPage\",\"@id\":\"https:\/\/pagina10.com\/web\/buscan-a-joven-desaparecida-en-pupiales\/\",\"url\":\"https:\/\/pagina10.com\/web\/buscan-a-joven-desaparecida-en-pupiales\/\",\"name\":\"Buscan a joven desaparecida en Pupiales | P\u00e1gina10\",\"isPartOf\":{\"@id\":\"https:\/\/pagina10.com\/web\/#website\"},\"primaryImageOfPage\":{\"@id\":\"https:\/\/pagina10.com\/web\/buscan-a-joven-desaparecida-en-pupiales\/#primaryimage\"},\"image\":{\"@id\":\"https:\/\/pagina10.com\/web\/buscan-a-joven-desaparecida-en-pupiales\/#primaryimage\"},\"thumbnailUrl\":\"https:\/\/pagina10.com\/web\/wp-content\/uploads\/2022\/09\/305101538_555709649763303_2883779116930162112_n.jpg\",\"datePublished\":\"2022-09-06T16:21:31+00:00\",\"breadcrumb\":{\"@id\":\"https:\/\/pagina10.com\/web\/buscan-a-joven-desaparecida-en-pupiales\/#breadcrumb\"},\"inLanguage\":\"es\",\"potentialAction\":[{\"@type\":\"ReadAction\",\"target\":[\"https:\/\/pagina10.com\/web\/buscan-a-joven-desaparecida-en-pupiales\/\"]}]},{\"@type\":\"ImageObject\",\"inLanguage\":\"es\",\"@id\":\"https:\/\/pagina10.com\/web\/buscan-a-joven-desaparecida-en-pupiales\/#primaryimage\",\"url\":\"https:\/\/pagina10.com\/web\/wp-content\/uploads\/2022\/09\/305101538_555709649763303_2883779116930162112_n.jpg\",\"contentUrl\":\"https:\/\/pagina10.com\/web\/wp-content\/uploads\/2022\/09\/305101538_555709649763303_2883779116930162112_n.jpg\",\"width\":362,\"height\":538},{\"@type\":\"BreadcrumbList\",\"@id\":\"https:\/\/pagina10.com\/web\/buscan-a-joven-desaparecida-en-pupiales\/#breadcrumb\",\"itemListElement\":[{\"@type\":\"ListItem\",\"position\":1,\"name\":\"Portada\",\"item\":\"https:\/\/pagina10.com\/web\/\"},{\"@type\":\"ListItem\",\"position\":2,\"name\":\"Buscan a joven desaparecida en Pupiales\"}]},{\"@type\":\"WebSite\",\"@id\":\"https:\/\/pagina10.com\/web\/#website\",\"url\":\"https:\/\/pagina10.com\/web\/\",\"name\":\"P\u00e1gina10\",\"description\":\"Peri\u00f3dico Regional\",\"publisher\":{\"@id\":\"https:\/\/pagina10.com\/web\/#organization\"},\"alternateName\":\"P\u00e1gina10 Peri\u00f3dico Regional\",\"potentialAction\":[{\"@type\":\"SearchAction\",\"target\":{\"@type\":\"EntryPoint\",\"urlTemplate\":\"https:\/\/pagina10.com\/web\/?s={search_term_string}\"},\"query-input\":{\"@type\":\"PropertyValueSpecification\",\"valueRequired\":true,\"valueName\":\"search_term_string\"}}],\"inLanguage\":\"es\"},{\"@type\":\"Organization\",\"@id\":\"https:\/\/pagina10.com\/web\/#organization\",\"name\":\"P\u00e1gina10\",\"alternateName\":\"P\u00e1gina10 Peri\u00f3dico Regional\",\"url\":\"https:\/\/pagina10.com\/web\/\",\"logo\":{\"@type\":\"ImageObject\",\"inLanguage\":\"es\",\"@id\":\"https:\/\/pagina10.com\/web\/#\/schema\/logo\/image\/\",\"url\":\"https:\/\/pagina10.com\/web\/wp-content\/uploads\/2024\/01\/40-pagina-10-periodico-regional-pasto.jpg\",\"contentUrl\":\"https:\/\/pagina10.com\/web\/wp-content\/uploads\/2024\/01\/40-pagina-10-periodico-regional-pasto.jpg\",\"width\":1280,\"height\":720,\"caption\":\"P\u00e1gina10\"},\"image\":{\"@id\":\"https:\/\/pagina10.com\/web\/#\/schema\/logo\/image\/\"},\"sameAs\":[\"https:\/\/www.facebook.com\/pag10com\",\"https:\/\/x.com\/Pag10com\",\"https:\/\/www.instagram.com\/pagina10col\/\",\"https:\/\/youtube.com\/channel\/pag10\",\"https:\/\/www.tiktok.com\/@p10col\"]},{\"@type\":\"Person\",\"@id\":\"https:\/\/pagina10.com\/web\/#\/schema\/person\/2efc4a090d25b667d3bc796798a3a81b\",\"name\":\"P\u00e1gina 10\",\"description\":\"P\u00e1gina 10 es un peri\u00f3dico regional que nace en Colombia, en el departamento de Nari\u00f1o, con un enfoque global, fundamentado en cuatro pilares esenciales: la libertad, el pluralismo, la inclusi\u00f3n y la independencia. P\u00e1gina 10 hace referencia a Nari\u00f1o como el d\u00e9cimo departamento creado en Colombia, despu\u00e9s de un proceso pol\u00edtico liderado por actores y actrices regionales con el fin de obtener la independencia y autonom\u00eda de nuestros territorios. Con la creaci\u00f3n de P\u00e1gina 10 se pretende abrir un escenario para el dialogo, la reflexi\u00f3n y el debate que se extienda a otras geograf\u00edas de Am\u00e9rica Latina y del planeta, en una apuesta por transformar colectivamente los desaf\u00edos de un mundo contempor\u00e1neo, m\u00e1s all\u00e1 de las fronteras impuestas.\",\"url\":\"https:\/\/pagina10.com\/web\/author\/pdiezadmin\/\"}]}<\/script>\n<!-- \/ Yoast SEO plugin. -->","yoast_head_json":{"title":"Buscan a joven desaparecida en Pupiales | P\u00e1gina10","robots":{"index":"index","follow":"follow","max-snippet":"max-snippet:-1","max-image-preview":"max-image-preview:large","max-video-preview":"max-video-preview:-1"},"canonical":"https:\/\/pagina10.com\/web\/buscan-a-joven-desaparecida-en-pupiales\/","og_locale":"es_ES","og_type":"article","og_title":"Buscan a joven desaparecida en Pupiales | P\u00e1gina10","og_description":"De acuerdo con lo relatado por sus familiares, Yuli Carolina Cuat\u00edn Pe\u00f1a desapareci\u00f3 el pasado viernes 26 de agosto, luego de salir del municipio de Pupiales donde resid\u00eda, con destino a la ciudad de Ipiales, en el sur Nari\u00f1o, donde asistir\u00eda a una cita m\u00e9dica a la cual nunca lleg\u00f3. Ante esta situaci\u00f3n, sus allegados [&hellip;]","og_url":"https:\/\/pagina10.com\/web\/buscan-a-joven-desaparecida-en-pupiales\/","og_site_name":"P\u00e1gina10","article_publisher":"https:\/\/www.facebook.com\/pag10com","article_published_time":"2022-09-06T16:21:31+00:00","og_image":[{"width":362,"height":538,"url":"https:\/\/pagina10.com\/web\/wp-content\/uploads\/2022\/09\/305101538_555709649763303_2883779116930162112_n.jpg","type":"image\/jpeg"}],"author":"P\u00e1gina 10","twitter_card":"summary_large_image","twitter_creator":"@Pag10com","twitter_site":"@Pag10com","twitter_misc":{"Escrito por":"P\u00e1gina 10","Tiempo de lectura":"1 minuto"},"schema":{"@context":"https:\/\/schema.org","@graph":[{"@type":"Article","@id":"https:\/\/pagina10.com\/web\/buscan-a-joven-desaparecida-en-pupiales\/#article","isPartOf":{"@id":"https:\/\/pagina10.com\/web\/buscan-a-joven-desaparecida-en-pupiales\/"},"author":{"name":"P\u00e1gina 10","@id":"https:\/\/pagina10.com\/web\/#\/schema\/person\/2efc4a090d25b667d3bc796798a3a81b"},"headline":"Buscan a joven desaparecida en Pupiales","datePublished":"2022-09-06T16:21:31+00:00","mainEntityOfPage":{"@id":"https:\/\/pagina10.com\/web\/buscan-a-joven-desaparecida-en-pupiales\/"},"wordCount":113,"commentCount":0,"publisher":{"@id":"https:\/\/pagina10.com\/web\/#organization"},"image":{"@id":"https:\/\/pagina10.com\/web\/buscan-a-joven-desaparecida-en-pupiales\/#primaryimage"},"thumbnailUrl":"https:\/\/pagina10.com\/web\/wp-content\/uploads\/2022\/09\/305101538_555709649763303_2883779116930162112_n.jpg","articleSection":["Judicial"],"inLanguage":"es","potentialAction":[{"@type":"CommentAction","name":"Comment","target":["https:\/\/pagina10.com\/web\/buscan-a-joven-desaparecida-en-pupiales\/#respond"]}]},{"@type":"WebPage","@id":"https:\/\/pagina10.com\/web\/buscan-a-joven-desaparecida-en-pupiales\/","url":"https:\/\/pagina10.com\/web\/buscan-a-joven-desaparecida-en-pupiales\/","name":"Buscan a joven desaparecida en Pupiales | P\u00e1gina10","isPartOf":{"@id":"https:\/\/pagina10.com\/web\/#website"},"primaryImageOfPage":{"@id":"https:\/\/pagina10.com\/web\/buscan-a-joven-desaparecida-en-pupiales\/#primaryimage"},"image":{"@id":"https:\/\/pagina10.com\/web\/buscan-a-joven-desaparecida-en-pupiales\/#primaryimage"},"thumbnailUrl":"https:\/\/pagina10.com\/web\/wp-content\/uploads\/2022\/09\/305101538_555709649763303_2883779116930162112_n.jpg","datePublished":"2022-09-06T16:21:31+00:00","breadcrumb":{"@id":"https:\/\/pagina10.com\/web\/buscan-a-joven-desaparecida-en-pupiales\/#breadcrumb"},"inLanguage":"es","potentialAction":[{"@type":"ReadAction","target":["https:\/\/pagina10.com\/web\/buscan-a-joven-desaparecida-en-pupiales\/"]}]},{"@type":"ImageObject","inLanguage":"es","@id":"https:\/\/pagina10.com\/web\/buscan-a-joven-desaparecida-en-pupiales\/#primaryimage","url":"https:\/\/pagina10.com\/web\/wp-content\/uploads\/2022\/09\/305101538_555709649763303_2883779116930162112_n.jpg","contentUrl":"https:\/\/pagina10.com\/web\/wp-content\/uploads\/2022\/09\/305101538_555709649763303_2883779116930162112_n.jpg","width":362,"height":538},{"@type":"BreadcrumbList","@id":"https:\/\/pagina10.com\/web\/buscan-a-joven-desaparecida-en-pupiales\/#breadcrumb","itemListElement":[{"@type":"ListItem","position":1,"name":"Portada","item":"https:\/\/pagina10.com\/web\/"},{"@type":"ListItem","position":2,"name":"Buscan a joven desaparecida en Pupiales"}]},{"@type":"WebSite","@id":"https:\/\/pagina10.com\/web\/#website","url":"https:\/\/pagina10.com\/web\/","name":"P\u00e1gina10","description":"Peri\u00f3dico Regional","publisher":{"@id":"https:\/\/pagina10.com\/web\/#organization"},"alternateName":"P\u00e1gina10 Peri\u00f3dico Regional","potentialAction":[{"@type":"SearchAction","target":{"@type":"EntryPoint","urlTemplate":"https:\/\/pagina10.com\/web\/?s={search_term_string}"},"query-input":{"@type":"PropertyValueSpecification","valueRequired":true,"valueName":"search_term_string"}}],"inLanguage":"es"},{"@type":"Organization","@id":"https:\/\/pagina10.com\/web\/#organization","name":"P\u00e1gina10","alternateName":"P\u00e1gina10 Peri\u00f3dico Regional","url":"https:\/\/pagina10.com\/web\/","logo":{"@type":"ImageObject","inLanguage":"es","@id":"https:\/\/pagina10.com\/web\/#\/schema\/logo\/image\/","url":"https:\/\/pagina10.com\/web\/wp-content\/uploads\/2024\/01\/40-pagina-10-periodico-regional-pasto.jpg","contentUrl":"https:\/\/pagina10.com\/web\/wp-content\/uploads\/2024\/01\/40-pagina-10-periodico-regional-pasto.jpg","width":1280,"height":720,"caption":"P\u00e1gina10"},"image":{"@id":"https:\/\/pagina10.com\/web\/#\/schema\/logo\/image\/"},"sameAs":["https:\/\/www.facebook.com\/pag10com","https:\/\/x.com\/Pag10com","https:\/\/www.instagram.com\/pagina10col\/","https:\/\/youtube.com\/channel\/pag10","https:\/\/www.tiktok.com\/@p10col"]},{"@type":"Person","@id":"https:\/\/pagina10.com\/web\/#\/schema\/person\/2efc4a090d25b667d3bc796798a3a81b","name":"P\u00e1gina 10","description":"P\u00e1gina 10 es un peri\u00f3dico regional que nace en Colombia, en el departamento de Nari\u00f1o, con un enfoque global, fundamentado en cuatro pilares esenciales: la libertad, el pluralismo, la inclusi\u00f3n y la independencia. P\u00e1gina 10 hace referencia a Nari\u00f1o como el d\u00e9cimo departamento creado en Colombia, despu\u00e9s de un proceso pol\u00edtico liderado por actores y actrices regionales con el fin de obtener la independencia y autonom\u00eda de nuestros territorios. Con la creaci\u00f3n de P\u00e1gina 10 se pretende abrir un escenario para el dialogo, la reflexi\u00f3n y el debate que se extienda a otras geograf\u00edas de Am\u00e9rica Latina y del planeta, en una apuesta por transformar colectivamente los desaf\u00edos de un mundo contempor\u00e1neo, m\u00e1s all\u00e1 de las fronteras impuestas.","url":"https:\/\/pagina10.com\/web\/author\/pdiezadmin\/"}]}},"_links":{"self":[{"href":"https:\/\/pagina10.com\/web\/wp-json\/wp\/v2\/posts\/61493","targetHints":{"allow":["GET"]}}],"collection":[{"href":"https:\/\/pagina10.com\/web\/wp-json\/wp\/v2\/posts"}],"about":[{"href":"https:\/\/pagina10.com\/web\/wp-json\/wp\/v2\/types\/post"}],"author":[{"embeddable":true,"href":"https:\/\/pagina10.com\/web\/wp-json\/wp\/v2\/users\/1"}],"replies":[{"embeddable":true,"href":"https:\/\/pagina10.com\/web\/wp-json\/wp\/v2\/comments?post=61493"}],"version-history":[{"count":1,"href":"https:\/\/pagina10.com\/web\/wp-json\/wp\/v2\/posts\/61493\/revisions"}],"predecessor-version":[{"id":61496,"href":"https:\/\/pagina10.com\/web\/wp-json\/wp\/v2\/posts\/61493\/revisions\/61496"}],"wp:featuredmedia":[{"embeddable":true,"href":"https:\/\/pagina10.com\/web\/wp-json\/wp\/v2\/media\/61495"}],"wp:attachment":[{"href":"https:\/\/pagina10.com\/web\/wp-json\/wp\/v2\/media?parent=61493"}],"wp:term":[{"taxonomy":"category","embeddable":true,"href":"https:\/\/pagina10.com\/web\/wp-json\/wp\/v2\/categories?post=61493"},{"taxonomy":"post_tag","embeddable":true,"href":"https:\/\/pagina10.com\/web\/wp-json\/wp\/v2\/tags?post=61493"}],"curies":[{"name":"wp","href":"https:\/\/api.w.org\/{rel}","templated":true}]}}