{"id":61516,"date":"2022-09-07T09:30:14","date_gmt":"2022-09-07T14:30:14","guid":{"rendered":"https:\/\/pagina10.com\/web\/?p=61516"},"modified":"2022-09-07T01:21:59","modified_gmt":"2022-09-07T06:21:59","slug":"a-la-carcel-presunto-cabecilla-del-frente-oliver-sinisterra-tras-masacre-de-cuatro-comerciantes-en-tumaco","status":"publish","type":"post","link":"https:\/\/pagina10.com\/web\/a-la-carcel-presunto-cabecilla-del-frente-oliver-sinisterra-tras-masacre-de-cuatro-comerciantes-en-tumaco\/","title":{"rendered":"A la c\u00e1rcel presunto cabecilla del frente \u2018Oliver Sinisterra\u2019 tras masacre de cuatro comerciantes en Tumaco"},"content":{"rendered":"<p>Por solicitud de la Fiscal\u00eda General de las Naci\u00f3n, un juez penal de Tumaco (Nari\u00f1o) priv\u00f3 de la libertad a Andr\u00e9s Camilo Delgado Angulo, alias Carduma, presunto cabecilla de la disidencia residual Oliver Sinisterra de las extintas Farc.<\/p>\n<p>Un fiscal de la Unidad de Vida le imput\u00f3 cargos como presunto autor de los delitos de homicidio agravado, secuestro simple, concierto para delinquir, y fabricaci\u00f3n, tr\u00e1fico y porte de armas de fuego, a los que no se allan\u00f3.<\/p>\n<p>Seg\u00fan la investigaci\u00f3n, el 19 de febrero de 2021 alias Carduma, junto con otros miembros de la comisi\u00f3n de finanzas del frente \u2018Oliver Sinisterra\u2019, habr\u00eda secuestrado a siete personas, entre ellos varios comerciantes, a quienes ataron de pies y manos. Ese mismo d\u00eda cuatro de ellas fueron asesinadas, presuntamente, por el propio cabecilla de la estructura criminal.<\/p>\n<p>El hombre fue capturado el pasado viernes 2 de septiembre por servidores del Cuerpo T\u00e9cnico de Investigaci\u00f3n de la Fiscal\u00eda y agentes de la Polic\u00eda Nacional en un sector de Tumaco, cumpliendo una orden emitida por un juzgado penal de ese municipio. Al finalizar las audiencias el juez emiti\u00f3 la orden para que Delgado Angulo sea trasladado a la c\u00e1rcel de m\u00e1xima seguridad La Picota en Bogot\u00e1.<\/p>\n","protected":false},"excerpt":{"rendered":"<p>Por solicitud de la Fiscal\u00eda General de las Naci\u00f3n, un juez penal de Tumaco (Nari\u00f1o) priv\u00f3 de la libertad a Andr\u00e9s Camilo Delgado Angulo, alias Carduma, presunto cabecilla de la disidencia residual Oliver Sinisterra de las extintas Farc. Un fiscal de la Unidad de Vida le imput\u00f3 cargos como presunto autor de los delitos de [&hellip;]<\/p>\n","protected":false},"author":1,"featured_media":61517,"comment_status":"open","ping_status":"open","sticky":false,"template":"","format":"standard","meta":{"footnotes":""},"categories":[61],"tags":[],"class_list":["post-61516","post","type-post","status-publish","format-standard","has-post-thumbnail","hentry","category-judicial"],"yoast_head":"<!-- This site is optimized with the Yoast SEO plugin v27.1.1 - https:\/\/yoast.com\/product\/yoast-seo-wordpress\/ -->\n<title>A la c\u00e1rcel presunto cabecilla del frente \u2018Oliver Sinisterra\u2019 tras masacre de cuatro comerciantes en Tumaco | P\u00e1gina10<\/title>\n<meta name=\"robots\" content=\"index, follow, max-snippet:-1, max-image-preview:large, max-video-preview:-1\" \/>\n<link rel=\"canonical\" href=\"https:\/\/pagina10.com\/web\/a-la-carcel-presunto-cabecilla-del-frente-oliver-sinisterra-tras-masacre-de-cuatro-comerciantes-en-tumaco\/\" \/>\n<meta property=\"og:locale\" content=\"es_ES\" \/>\n<meta property=\"og:type\" content=\"article\" \/>\n<meta property=\"og:title\" content=\"A la c\u00e1rcel presunto cabecilla del frente \u2018Oliver Sinisterra\u2019 tras masacre de cuatro comerciantes en Tumaco | P\u00e1gina10\" \/>\n<meta property=\"og:description\" content=\"Por solicitud de la Fiscal\u00eda General de las Naci\u00f3n, un juez penal de Tumaco (Nari\u00f1o) priv\u00f3 de la libertad a Andr\u00e9s Camilo Delgado Angulo, alias Carduma, presunto cabecilla de la disidencia residual Oliver Sinisterra de las extintas Farc. Un fiscal de la Unidad de Vida le imput\u00f3 cargos como presunto autor de los delitos de [&hellip;]\" \/>\n<meta property=\"og:url\" content=\"https:\/\/pagina10.com\/web\/a-la-carcel-presunto-cabecilla-del-frente-oliver-sinisterra-tras-masacre-de-cuatro-comerciantes-en-tumaco\/\" \/>\n<meta property=\"og:site_name\" content=\"P\u00e1gina10\" \/>\n<meta property=\"article:publisher\" content=\"https:\/\/www.facebook.com\/pag10com\" \/>\n<meta property=\"article:published_time\" content=\"2022-09-07T14:30:14+00:00\" \/>\n<meta property=\"og:image\" content=\"https:\/\/pagina10.com\/web\/wp-content\/uploads\/2022\/09\/WhatsApp-Image-2022-09-06-at-6.00.35-PM-e1662531708360.jpeg\" \/>\n\t<meta property=\"og:image:width\" content=\"1088\" \/>\n\t<meta property=\"og:image:height\" content=\"617\" \/>\n\t<meta property=\"og:image:type\" content=\"image\/jpeg\" \/>\n<meta name=\"author\" content=\"P\u00e1gina 10\" \/>\n<meta name=\"twitter:card\" content=\"summary_large_image\" \/>\n<meta name=\"twitter:creator\" content=\"@Pag10com\" \/>\n<meta name=\"twitter:site\" content=\"@Pag10com\" \/>\n<meta name=\"twitter:label1\" content=\"Escrito por\" \/>\n\t<meta name=\"twitter:data1\" content=\"P\u00e1gina 10\" \/>\n\t<meta name=\"twitter:label2\" content=\"Tiempo de lectura\" \/>\n\t<meta name=\"twitter:data2\" content=\"1 minuto\" \/>\n<script type=\"application\/ld+json\" class=\"yoast-schema-graph\">{\"@context\":\"https:\/\/schema.org\",\"@graph\":[{\"@type\":\"Article\",\"@id\":\"https:\/\/pagina10.com\/web\/a-la-carcel-presunto-cabecilla-del-frente-oliver-sinisterra-tras-masacre-de-cuatro-comerciantes-en-tumaco\/#article\",\"isPartOf\":{\"@id\":\"https:\/\/pagina10.com\/web\/a-la-carcel-presunto-cabecilla-del-frente-oliver-sinisterra-tras-masacre-de-cuatro-comerciantes-en-tumaco\/\"},\"author\":{\"name\":\"P\u00e1gina 10\",\"@id\":\"https:\/\/pagina10.com\/web\/#\/schema\/person\/2efc4a090d25b667d3bc796798a3a81b\"},\"headline\":\"A la c\u00e1rcel presunto cabecilla del frente \u2018Oliver Sinisterra\u2019 tras masacre de cuatro comerciantes en Tumaco\",\"datePublished\":\"2022-09-07T14:30:14+00:00\",\"mainEntityOfPage\":{\"@id\":\"https:\/\/pagina10.com\/web\/a-la-carcel-presunto-cabecilla-del-frente-oliver-sinisterra-tras-masacre-de-cuatro-comerciantes-en-tumaco\/\"},\"wordCount\":232,\"commentCount\":0,\"publisher\":{\"@id\":\"https:\/\/pagina10.com\/web\/#organization\"},\"image\":{\"@id\":\"https:\/\/pagina10.com\/web\/a-la-carcel-presunto-cabecilla-del-frente-oliver-sinisterra-tras-masacre-de-cuatro-comerciantes-en-tumaco\/#primaryimage\"},\"thumbnailUrl\":\"https:\/\/pagina10.com\/web\/wp-content\/uploads\/2022\/09\/WhatsApp-Image-2022-09-06-at-6.00.35-PM-e1662531708360.jpeg\",\"articleSection\":[\"Judicial\"],\"inLanguage\":\"es\",\"potentialAction\":[{\"@type\":\"CommentAction\",\"name\":\"Comment\",\"target\":[\"https:\/\/pagina10.com\/web\/a-la-carcel-presunto-cabecilla-del-frente-oliver-sinisterra-tras-masacre-de-cuatro-comerciantes-en-tumaco\/#respond\"]}]},{\"@type\":\"WebPage\",\"@id\":\"https:\/\/pagina10.com\/web\/a-la-carcel-presunto-cabecilla-del-frente-oliver-sinisterra-tras-masacre-de-cuatro-comerciantes-en-tumaco\/\",\"url\":\"https:\/\/pagina10.com\/web\/a-la-carcel-presunto-cabecilla-del-frente-oliver-sinisterra-tras-masacre-de-cuatro-comerciantes-en-tumaco\/\",\"name\":\"A la c\u00e1rcel presunto cabecilla del frente \u2018Oliver Sinisterra\u2019 tras masacre de cuatro comerciantes en Tumaco | P\u00e1gina10\",\"isPartOf\":{\"@id\":\"https:\/\/pagina10.com\/web\/#website\"},\"primaryImageOfPage\":{\"@id\":\"https:\/\/pagina10.com\/web\/a-la-carcel-presunto-cabecilla-del-frente-oliver-sinisterra-tras-masacre-de-cuatro-comerciantes-en-tumaco\/#primaryimage\"},\"image\":{\"@id\":\"https:\/\/pagina10.com\/web\/a-la-carcel-presunto-cabecilla-del-frente-oliver-sinisterra-tras-masacre-de-cuatro-comerciantes-en-tumaco\/#primaryimage\"},\"thumbnailUrl\":\"https:\/\/pagina10.com\/web\/wp-content\/uploads\/2022\/09\/WhatsApp-Image-2022-09-06-at-6.00.35-PM-e1662531708360.jpeg\",\"datePublished\":\"2022-09-07T14:30:14+00:00\",\"breadcrumb\":{\"@id\":\"https:\/\/pagina10.com\/web\/a-la-carcel-presunto-cabecilla-del-frente-oliver-sinisterra-tras-masacre-de-cuatro-comerciantes-en-tumaco\/#breadcrumb\"},\"inLanguage\":\"es\",\"potentialAction\":[{\"@type\":\"ReadAction\",\"target\":[\"https:\/\/pagina10.com\/web\/a-la-carcel-presunto-cabecilla-del-frente-oliver-sinisterra-tras-masacre-de-cuatro-comerciantes-en-tumaco\/\"]}]},{\"@type\":\"ImageObject\",\"inLanguage\":\"es\",\"@id\":\"https:\/\/pagina10.com\/web\/a-la-carcel-presunto-cabecilla-del-frente-oliver-sinisterra-tras-masacre-de-cuatro-comerciantes-en-tumaco\/#primaryimage\",\"url\":\"https:\/\/pagina10.com\/web\/wp-content\/uploads\/2022\/09\/WhatsApp-Image-2022-09-06-at-6.00.35-PM-e1662531708360.jpeg\",\"contentUrl\":\"https:\/\/pagina10.com\/web\/wp-content\/uploads\/2022\/09\/WhatsApp-Image-2022-09-06-at-6.00.35-PM-e1662531708360.jpeg\",\"width\":1088,\"height\":617},{\"@type\":\"BreadcrumbList\",\"@id\":\"https:\/\/pagina10.com\/web\/a-la-carcel-presunto-cabecilla-del-frente-oliver-sinisterra-tras-masacre-de-cuatro-comerciantes-en-tumaco\/#breadcrumb\",\"itemListElement\":[{\"@type\":\"ListItem\",\"position\":1,\"name\":\"Portada\",\"item\":\"https:\/\/pagina10.com\/web\/\"},{\"@type\":\"ListItem\",\"position\":2,\"name\":\"A la c\u00e1rcel presunto cabecilla del frente \u2018Oliver Sinisterra\u2019 tras masacre de cuatro comerciantes en Tumaco\"}]},{\"@type\":\"WebSite\",\"@id\":\"https:\/\/pagina10.com\/web\/#website\",\"url\":\"https:\/\/pagina10.com\/web\/\",\"name\":\"P\u00e1gina10\",\"description\":\"Peri\u00f3dico Regional\",\"publisher\":{\"@id\":\"https:\/\/pagina10.com\/web\/#organization\"},\"alternateName\":\"P\u00e1gina10 Peri\u00f3dico Regional\",\"potentialAction\":[{\"@type\":\"SearchAction\",\"target\":{\"@type\":\"EntryPoint\",\"urlTemplate\":\"https:\/\/pagina10.com\/web\/?s={search_term_string}\"},\"query-input\":{\"@type\":\"PropertyValueSpecification\",\"valueRequired\":true,\"valueName\":\"search_term_string\"}}],\"inLanguage\":\"es\"},{\"@type\":\"Organization\",\"@id\":\"https:\/\/pagina10.com\/web\/#organization\",\"name\":\"P\u00e1gina10\",\"alternateName\":\"P\u00e1gina10 Peri\u00f3dico Regional\",\"url\":\"https:\/\/pagina10.com\/web\/\",\"logo\":{\"@type\":\"ImageObject\",\"inLanguage\":\"es\",\"@id\":\"https:\/\/pagina10.com\/web\/#\/schema\/logo\/image\/\",\"url\":\"https:\/\/pagina10.com\/web\/wp-content\/uploads\/2024\/01\/40-pagina-10-periodico-regional-pasto.jpg\",\"contentUrl\":\"https:\/\/pagina10.com\/web\/wp-content\/uploads\/2024\/01\/40-pagina-10-periodico-regional-pasto.jpg\",\"width\":1280,\"height\":720,\"caption\":\"P\u00e1gina10\"},\"image\":{\"@id\":\"https:\/\/pagina10.com\/web\/#\/schema\/logo\/image\/\"},\"sameAs\":[\"https:\/\/www.facebook.com\/pag10com\",\"https:\/\/x.com\/Pag10com\",\"https:\/\/www.instagram.com\/pagina10col\/\",\"https:\/\/youtube.com\/channel\/pag10\",\"https:\/\/www.tiktok.com\/@p10col\"]},{\"@type\":\"Person\",\"@id\":\"https:\/\/pagina10.com\/web\/#\/schema\/person\/2efc4a090d25b667d3bc796798a3a81b\",\"name\":\"P\u00e1gina 10\",\"description\":\"P\u00e1gina 10 es un peri\u00f3dico regional que nace en Colombia, en el departamento de Nari\u00f1o, con un enfoque global, fundamentado en cuatro pilares esenciales: la libertad, el pluralismo, la inclusi\u00f3n y la independencia. P\u00e1gina 10 hace referencia a Nari\u00f1o como el d\u00e9cimo departamento creado en Colombia, despu\u00e9s de un proceso pol\u00edtico liderado por actores y actrices regionales con el fin de obtener la independencia y autonom\u00eda de nuestros territorios. Con la creaci\u00f3n de P\u00e1gina 10 se pretende abrir un escenario para el dialogo, la reflexi\u00f3n y el debate que se extienda a otras geograf\u00edas de Am\u00e9rica Latina y del planeta, en una apuesta por transformar colectivamente los desaf\u00edos de un mundo contempor\u00e1neo, m\u00e1s all\u00e1 de las fronteras impuestas.\",\"url\":\"https:\/\/pagina10.com\/web\/author\/pdiezadmin\/\"}]}<\/script>\n<!-- \/ Yoast SEO plugin. -->","yoast_head_json":{"title":"A la c\u00e1rcel presunto cabecilla del frente \u2018Oliver Sinisterra\u2019 tras masacre de cuatro comerciantes en Tumaco | P\u00e1gina10","robots":{"index":"index","follow":"follow","max-snippet":"max-snippet:-1","max-image-preview":"max-image-preview:large","max-video-preview":"max-video-preview:-1"},"canonical":"https:\/\/pagina10.com\/web\/a-la-carcel-presunto-cabecilla-del-frente-oliver-sinisterra-tras-masacre-de-cuatro-comerciantes-en-tumaco\/","og_locale":"es_ES","og_type":"article","og_title":"A la c\u00e1rcel presunto cabecilla del frente \u2018Oliver Sinisterra\u2019 tras masacre de cuatro comerciantes en Tumaco | P\u00e1gina10","og_description":"Por solicitud de la Fiscal\u00eda General de las Naci\u00f3n, un juez penal de Tumaco (Nari\u00f1o) priv\u00f3 de la libertad a Andr\u00e9s Camilo Delgado Angulo, alias Carduma, presunto cabecilla de la disidencia residual Oliver Sinisterra de las extintas Farc. Un fiscal de la Unidad de Vida le imput\u00f3 cargos como presunto autor de los delitos de [&hellip;]","og_url":"https:\/\/pagina10.com\/web\/a-la-carcel-presunto-cabecilla-del-frente-oliver-sinisterra-tras-masacre-de-cuatro-comerciantes-en-tumaco\/","og_site_name":"P\u00e1gina10","article_publisher":"https:\/\/www.facebook.com\/pag10com","article_published_time":"2022-09-07T14:30:14+00:00","og_image":[{"width":1088,"height":617,"url":"https:\/\/pagina10.com\/web\/wp-content\/uploads\/2022\/09\/WhatsApp-Image-2022-09-06-at-6.00.35-PM-e1662531708360.jpeg","type":"image\/jpeg"}],"author":"P\u00e1gina 10","twitter_card":"summary_large_image","twitter_creator":"@Pag10com","twitter_site":"@Pag10com","twitter_misc":{"Escrito por":"P\u00e1gina 10","Tiempo de lectura":"1 minuto"},"schema":{"@context":"https:\/\/schema.org","@graph":[{"@type":"Article","@id":"https:\/\/pagina10.com\/web\/a-la-carcel-presunto-cabecilla-del-frente-oliver-sinisterra-tras-masacre-de-cuatro-comerciantes-en-tumaco\/#article","isPartOf":{"@id":"https:\/\/pagina10.com\/web\/a-la-carcel-presunto-cabecilla-del-frente-oliver-sinisterra-tras-masacre-de-cuatro-comerciantes-en-tumaco\/"},"author":{"name":"P\u00e1gina 10","@id":"https:\/\/pagina10.com\/web\/#\/schema\/person\/2efc4a090d25b667d3bc796798a3a81b"},"headline":"A la c\u00e1rcel presunto cabecilla del frente \u2018Oliver Sinisterra\u2019 tras masacre de cuatro comerciantes en Tumaco","datePublished":"2022-09-07T14:30:14+00:00","mainEntityOfPage":{"@id":"https:\/\/pagina10.com\/web\/a-la-carcel-presunto-cabecilla-del-frente-oliver-sinisterra-tras-masacre-de-cuatro-comerciantes-en-tumaco\/"},"wordCount":232,"commentCount":0,"publisher":{"@id":"https:\/\/pagina10.com\/web\/#organization"},"image":{"@id":"https:\/\/pagina10.com\/web\/a-la-carcel-presunto-cabecilla-del-frente-oliver-sinisterra-tras-masacre-de-cuatro-comerciantes-en-tumaco\/#primaryimage"},"thumbnailUrl":"https:\/\/pagina10.com\/web\/wp-content\/uploads\/2022\/09\/WhatsApp-Image-2022-09-06-at-6.00.35-PM-e1662531708360.jpeg","articleSection":["Judicial"],"inLanguage":"es","potentialAction":[{"@type":"CommentAction","name":"Comment","target":["https:\/\/pagina10.com\/web\/a-la-carcel-presunto-cabecilla-del-frente-oliver-sinisterra-tras-masacre-de-cuatro-comerciantes-en-tumaco\/#respond"]}]},{"@type":"WebPage","@id":"https:\/\/pagina10.com\/web\/a-la-carcel-presunto-cabecilla-del-frente-oliver-sinisterra-tras-masacre-de-cuatro-comerciantes-en-tumaco\/","url":"https:\/\/pagina10.com\/web\/a-la-carcel-presunto-cabecilla-del-frente-oliver-sinisterra-tras-masacre-de-cuatro-comerciantes-en-tumaco\/","name":"A la c\u00e1rcel presunto cabecilla del frente \u2018Oliver Sinisterra\u2019 tras masacre de cuatro comerciantes en Tumaco | P\u00e1gina10","isPartOf":{"@id":"https:\/\/pagina10.com\/web\/#website"},"primaryImageOfPage":{"@id":"https:\/\/pagina10.com\/web\/a-la-carcel-presunto-cabecilla-del-frente-oliver-sinisterra-tras-masacre-de-cuatro-comerciantes-en-tumaco\/#primaryimage"},"image":{"@id":"https:\/\/pagina10.com\/web\/a-la-carcel-presunto-cabecilla-del-frente-oliver-sinisterra-tras-masacre-de-cuatro-comerciantes-en-tumaco\/#primaryimage"},"thumbnailUrl":"https:\/\/pagina10.com\/web\/wp-content\/uploads\/2022\/09\/WhatsApp-Image-2022-09-06-at-6.00.35-PM-e1662531708360.jpeg","datePublished":"2022-09-07T14:30:14+00:00","breadcrumb":{"@id":"https:\/\/pagina10.com\/web\/a-la-carcel-presunto-cabecilla-del-frente-oliver-sinisterra-tras-masacre-de-cuatro-comerciantes-en-tumaco\/#breadcrumb"},"inLanguage":"es","potentialAction":[{"@type":"ReadAction","target":["https:\/\/pagina10.com\/web\/a-la-carcel-presunto-cabecilla-del-frente-oliver-sinisterra-tras-masacre-de-cuatro-comerciantes-en-tumaco\/"]}]},{"@type":"ImageObject","inLanguage":"es","@id":"https:\/\/pagina10.com\/web\/a-la-carcel-presunto-cabecilla-del-frente-oliver-sinisterra-tras-masacre-de-cuatro-comerciantes-en-tumaco\/#primaryimage","url":"https:\/\/pagina10.com\/web\/wp-content\/uploads\/2022\/09\/WhatsApp-Image-2022-09-06-at-6.00.35-PM-e1662531708360.jpeg","contentUrl":"https:\/\/pagina10.com\/web\/wp-content\/uploads\/2022\/09\/WhatsApp-Image-2022-09-06-at-6.00.35-PM-e1662531708360.jpeg","width":1088,"height":617},{"@type":"BreadcrumbList","@id":"https:\/\/pagina10.com\/web\/a-la-carcel-presunto-cabecilla-del-frente-oliver-sinisterra-tras-masacre-de-cuatro-comerciantes-en-tumaco\/#breadcrumb","itemListElement":[{"@type":"ListItem","position":1,"name":"Portada","item":"https:\/\/pagina10.com\/web\/"},{"@type":"ListItem","position":2,"name":"A la c\u00e1rcel presunto cabecilla del frente \u2018Oliver Sinisterra\u2019 tras masacre de cuatro comerciantes en Tumaco"}]},{"@type":"WebSite","@id":"https:\/\/pagina10.com\/web\/#website","url":"https:\/\/pagina10.com\/web\/","name":"P\u00e1gina10","description":"Peri\u00f3dico Regional","publisher":{"@id":"https:\/\/pagina10.com\/web\/#organization"},"alternateName":"P\u00e1gina10 Peri\u00f3dico Regional","potentialAction":[{"@type":"SearchAction","target":{"@type":"EntryPoint","urlTemplate":"https:\/\/pagina10.com\/web\/?s={search_term_string}"},"query-input":{"@type":"PropertyValueSpecification","valueRequired":true,"valueName":"search_term_string"}}],"inLanguage":"es"},{"@type":"Organization","@id":"https:\/\/pagina10.com\/web\/#organization","name":"P\u00e1gina10","alternateName":"P\u00e1gina10 Peri\u00f3dico Regional","url":"https:\/\/pagina10.com\/web\/","logo":{"@type":"ImageObject","inLanguage":"es","@id":"https:\/\/pagina10.com\/web\/#\/schema\/logo\/image\/","url":"https:\/\/pagina10.com\/web\/wp-content\/uploads\/2024\/01\/40-pagina-10-periodico-regional-pasto.jpg","contentUrl":"https:\/\/pagina10.com\/web\/wp-content\/uploads\/2024\/01\/40-pagina-10-periodico-regional-pasto.jpg","width":1280,"height":720,"caption":"P\u00e1gina10"},"image":{"@id":"https:\/\/pagina10.com\/web\/#\/schema\/logo\/image\/"},"sameAs":["https:\/\/www.facebook.com\/pag10com","https:\/\/x.com\/Pag10com","https:\/\/www.instagram.com\/pagina10col\/","https:\/\/youtube.com\/channel\/pag10","https:\/\/www.tiktok.com\/@p10col"]},{"@type":"Person","@id":"https:\/\/pagina10.com\/web\/#\/schema\/person\/2efc4a090d25b667d3bc796798a3a81b","name":"P\u00e1gina 10","description":"P\u00e1gina 10 es un peri\u00f3dico regional que nace en Colombia, en el departamento de Nari\u00f1o, con un enfoque global, fundamentado en cuatro pilares esenciales: la libertad, el pluralismo, la inclusi\u00f3n y la independencia. P\u00e1gina 10 hace referencia a Nari\u00f1o como el d\u00e9cimo departamento creado en Colombia, despu\u00e9s de un proceso pol\u00edtico liderado por actores y actrices regionales con el fin de obtener la independencia y autonom\u00eda de nuestros territorios. Con la creaci\u00f3n de P\u00e1gina 10 se pretende abrir un escenario para el dialogo, la reflexi\u00f3n y el debate que se extienda a otras geograf\u00edas de Am\u00e9rica Latina y del planeta, en una apuesta por transformar colectivamente los desaf\u00edos de un mundo contempor\u00e1neo, m\u00e1s all\u00e1 de las fronteras impuestas.","url":"https:\/\/pagina10.com\/web\/author\/pdiezadmin\/"}]}},"_links":{"self":[{"href":"https:\/\/pagina10.com\/web\/wp-json\/wp\/v2\/posts\/61516","targetHints":{"allow":["GET"]}}],"collection":[{"href":"https:\/\/pagina10.com\/web\/wp-json\/wp\/v2\/posts"}],"about":[{"href":"https:\/\/pagina10.com\/web\/wp-json\/wp\/v2\/types\/post"}],"author":[{"embeddable":true,"href":"https:\/\/pagina10.com\/web\/wp-json\/wp\/v2\/users\/1"}],"replies":[{"embeddable":true,"href":"https:\/\/pagina10.com\/web\/wp-json\/wp\/v2\/comments?post=61516"}],"version-history":[{"count":1,"href":"https:\/\/pagina10.com\/web\/wp-json\/wp\/v2\/posts\/61516\/revisions"}],"predecessor-version":[{"id":61518,"href":"https:\/\/pagina10.com\/web\/wp-json\/wp\/v2\/posts\/61516\/revisions\/61518"}],"wp:featuredmedia":[{"embeddable":true,"href":"https:\/\/pagina10.com\/web\/wp-json\/wp\/v2\/media\/61517"}],"wp:attachment":[{"href":"https:\/\/pagina10.com\/web\/wp-json\/wp\/v2\/media?parent=61516"}],"wp:term":[{"taxonomy":"category","embeddable":true,"href":"https:\/\/pagina10.com\/web\/wp-json\/wp\/v2\/categories?post=61516"},{"taxonomy":"post_tag","embeddable":true,"href":"https:\/\/pagina10.com\/web\/wp-json\/wp\/v2\/tags?post=61516"}],"curies":[{"name":"wp","href":"https:\/\/api.w.org\/{rel}","templated":true}]}}