{"id":61526,"date":"2022-09-07T23:38:53","date_gmt":"2022-09-08T04:38:53","guid":{"rendered":"https:\/\/pagina10.com\/web\/?p=61526"},"modified":"2022-09-07T23:38:53","modified_gmt":"2022-09-08T04:38:53","slug":"en-pasto-envian-a-prision-a-joven-que-asesino-a-un-agente-de-transito-que-le-impuso-un-comparendo","status":"publish","type":"post","link":"https:\/\/pagina10.com\/web\/en-pasto-envian-a-prision-a-joven-que-asesino-a-un-agente-de-transito-que-le-impuso-un-comparendo\/","title":{"rendered":"En Pasto env\u00edan a prisi\u00f3n a joven que asesin\u00f3 a un agente de tr\u00e1nsito que le impuso un comparendo"},"content":{"rendered":"<p style=\"text-align: justify;\">Tras avalar el material probatorio presentado por la Fiscal\u00eda, un juez de Pasto cobij\u00f3 con medida de aseguramiento en centro carcelario a Danilo Robins\u00f3n Benavides Potos\u00ed, de 21 a\u00f1os, por ser el presunto responsable del homicidio de un agente de tr\u00e1nsito en la capital de Nari\u00f1o.<\/p>\n<p style=\"text-align: justify;\">El crimen ocurri\u00f3 el pasado 3 de julio, cuando Benavides Potos\u00ed, presuntamente, le dispar\u00f3 por la espalda al agente quien falleci\u00f3 aproximadamente 20 d\u00edas despu\u00e9s debido a la gravedad de las heridas. La Fiscal\u00eda logr\u00f3 establecer que d\u00edas antes del asesinato al hoy judicializado le fue inmovilizada una motocicleta y le impusieron un comparendo.<\/p>\n<p style=\"text-align: justify;\">Agentes de la SIJIN de la Polic\u00eda Metropolitana capturaron al investigado cuando se desplazaba por un sector de Pasto, en cumplimiento de una orden emitida el 31 de agosto por un juez penal de la ciudad. Un fiscal especializado imput\u00f3 al hombre por los delitos de homicidio agravado y porte de armas de fuego. Benavides Potos\u00ed no se allan\u00f3 a los cargos.<\/p>\n","protected":false},"excerpt":{"rendered":"<p>Tras avalar el material probatorio presentado por la Fiscal\u00eda, un juez de Pasto cobij\u00f3 con medida de aseguramiento en centro carcelario a Danilo Robins\u00f3n Benavides Potos\u00ed, de 21 a\u00f1os, por ser el presunto responsable del homicidio de un agente de tr\u00e1nsito en la capital de Nari\u00f1o. El crimen ocurri\u00f3 el pasado 3 de julio, cuando [&hellip;]<\/p>\n","protected":false},"author":1,"featured_media":61527,"comment_status":"open","ping_status":"open","sticky":false,"template":"","format":"standard","meta":{"footnotes":""},"categories":[61],"tags":[],"class_list":["post-61526","post","type-post","status-publish","format-standard","has-post-thumbnail","hentry","category-judicial"],"yoast_head":"<!-- This site is optimized with the Yoast SEO plugin v27.1.1 - https:\/\/yoast.com\/product\/yoast-seo-wordpress\/ -->\n<title>En Pasto env\u00edan a prisi\u00f3n a joven que asesin\u00f3 a un agente de tr\u00e1nsito que le impuso un comparendo | P\u00e1gina10<\/title>\n<meta name=\"robots\" content=\"index, follow, max-snippet:-1, max-image-preview:large, max-video-preview:-1\" \/>\n<link rel=\"canonical\" href=\"https:\/\/pagina10.com\/web\/en-pasto-envian-a-prision-a-joven-que-asesino-a-un-agente-de-transito-que-le-impuso-un-comparendo\/\" \/>\n<meta property=\"og:locale\" content=\"es_ES\" \/>\n<meta property=\"og:type\" content=\"article\" \/>\n<meta property=\"og:title\" content=\"En Pasto env\u00edan a prisi\u00f3n a joven que asesin\u00f3 a un agente de tr\u00e1nsito que le impuso un comparendo | P\u00e1gina10\" \/>\n<meta property=\"og:description\" content=\"Tras avalar el material probatorio presentado por la Fiscal\u00eda, un juez de Pasto cobij\u00f3 con medida de aseguramiento en centro carcelario a Danilo Robins\u00f3n Benavides Potos\u00ed, de 21 a\u00f1os, por ser el presunto responsable del homicidio de un agente de tr\u00e1nsito en la capital de Nari\u00f1o. El crimen ocurri\u00f3 el pasado 3 de julio, cuando [&hellip;]\" \/>\n<meta property=\"og:url\" content=\"https:\/\/pagina10.com\/web\/en-pasto-envian-a-prision-a-joven-que-asesino-a-un-agente-de-transito-que-le-impuso-un-comparendo\/\" \/>\n<meta property=\"og:site_name\" content=\"P\u00e1gina10\" \/>\n<meta property=\"article:publisher\" content=\"https:\/\/www.facebook.com\/pag10com\" \/>\n<meta property=\"article:published_time\" content=\"2022-09-08T04:38:53+00:00\" \/>\n<meta property=\"og:image\" content=\"https:\/\/pagina10.com\/web\/wp-content\/uploads\/2022\/09\/WhatsApp-Image-2022-09-07-at-10.33.51-AM.jpeg\" \/>\n\t<meta property=\"og:image:width\" content=\"1280\" \/>\n\t<meta property=\"og:image:height\" content=\"1004\" \/>\n\t<meta property=\"og:image:type\" content=\"image\/jpeg\" \/>\n<meta name=\"author\" content=\"P\u00e1gina 10\" \/>\n<meta name=\"twitter:card\" content=\"summary_large_image\" \/>\n<meta name=\"twitter:creator\" content=\"@Pag10com\" \/>\n<meta name=\"twitter:site\" content=\"@Pag10com\" \/>\n<meta name=\"twitter:label1\" content=\"Escrito por\" \/>\n\t<meta name=\"twitter:data1\" content=\"P\u00e1gina 10\" \/>\n\t<meta name=\"twitter:label2\" content=\"Tiempo de lectura\" \/>\n\t<meta name=\"twitter:data2\" content=\"1 minuto\" \/>\n<script type=\"application\/ld+json\" class=\"yoast-schema-graph\">{\"@context\":\"https:\/\/schema.org\",\"@graph\":[{\"@type\":\"Article\",\"@id\":\"https:\/\/pagina10.com\/web\/en-pasto-envian-a-prision-a-joven-que-asesino-a-un-agente-de-transito-que-le-impuso-un-comparendo\/#article\",\"isPartOf\":{\"@id\":\"https:\/\/pagina10.com\/web\/en-pasto-envian-a-prision-a-joven-que-asesino-a-un-agente-de-transito-que-le-impuso-un-comparendo\/\"},\"author\":{\"name\":\"P\u00e1gina 10\",\"@id\":\"https:\/\/pagina10.com\/web\/#\/schema\/person\/2efc4a090d25b667d3bc796798a3a81b\"},\"headline\":\"En Pasto env\u00edan a prisi\u00f3n a joven que asesin\u00f3 a un agente de tr\u00e1nsito que le impuso un comparendo\",\"datePublished\":\"2022-09-08T04:38:53+00:00\",\"mainEntityOfPage\":{\"@id\":\"https:\/\/pagina10.com\/web\/en-pasto-envian-a-prision-a-joven-que-asesino-a-un-agente-de-transito-que-le-impuso-un-comparendo\/\"},\"wordCount\":190,\"commentCount\":0,\"publisher\":{\"@id\":\"https:\/\/pagina10.com\/web\/#organization\"},\"image\":{\"@id\":\"https:\/\/pagina10.com\/web\/en-pasto-envian-a-prision-a-joven-que-asesino-a-un-agente-de-transito-que-le-impuso-un-comparendo\/#primaryimage\"},\"thumbnailUrl\":\"https:\/\/pagina10.com\/web\/wp-content\/uploads\/2022\/09\/WhatsApp-Image-2022-09-07-at-10.33.51-AM.jpeg\",\"articleSection\":[\"Judicial\"],\"inLanguage\":\"es\",\"potentialAction\":[{\"@type\":\"CommentAction\",\"name\":\"Comment\",\"target\":[\"https:\/\/pagina10.com\/web\/en-pasto-envian-a-prision-a-joven-que-asesino-a-un-agente-de-transito-que-le-impuso-un-comparendo\/#respond\"]}]},{\"@type\":\"WebPage\",\"@id\":\"https:\/\/pagina10.com\/web\/en-pasto-envian-a-prision-a-joven-que-asesino-a-un-agente-de-transito-que-le-impuso-un-comparendo\/\",\"url\":\"https:\/\/pagina10.com\/web\/en-pasto-envian-a-prision-a-joven-que-asesino-a-un-agente-de-transito-que-le-impuso-un-comparendo\/\",\"name\":\"En Pasto env\u00edan a prisi\u00f3n a joven que asesin\u00f3 a un agente de tr\u00e1nsito que le impuso un comparendo | P\u00e1gina10\",\"isPartOf\":{\"@id\":\"https:\/\/pagina10.com\/web\/#website\"},\"primaryImageOfPage\":{\"@id\":\"https:\/\/pagina10.com\/web\/en-pasto-envian-a-prision-a-joven-que-asesino-a-un-agente-de-transito-que-le-impuso-un-comparendo\/#primaryimage\"},\"image\":{\"@id\":\"https:\/\/pagina10.com\/web\/en-pasto-envian-a-prision-a-joven-que-asesino-a-un-agente-de-transito-que-le-impuso-un-comparendo\/#primaryimage\"},\"thumbnailUrl\":\"https:\/\/pagina10.com\/web\/wp-content\/uploads\/2022\/09\/WhatsApp-Image-2022-09-07-at-10.33.51-AM.jpeg\",\"datePublished\":\"2022-09-08T04:38:53+00:00\",\"breadcrumb\":{\"@id\":\"https:\/\/pagina10.com\/web\/en-pasto-envian-a-prision-a-joven-que-asesino-a-un-agente-de-transito-que-le-impuso-un-comparendo\/#breadcrumb\"},\"inLanguage\":\"es\",\"potentialAction\":[{\"@type\":\"ReadAction\",\"target\":[\"https:\/\/pagina10.com\/web\/en-pasto-envian-a-prision-a-joven-que-asesino-a-un-agente-de-transito-que-le-impuso-un-comparendo\/\"]}]},{\"@type\":\"ImageObject\",\"inLanguage\":\"es\",\"@id\":\"https:\/\/pagina10.com\/web\/en-pasto-envian-a-prision-a-joven-que-asesino-a-un-agente-de-transito-que-le-impuso-un-comparendo\/#primaryimage\",\"url\":\"https:\/\/pagina10.com\/web\/wp-content\/uploads\/2022\/09\/WhatsApp-Image-2022-09-07-at-10.33.51-AM.jpeg\",\"contentUrl\":\"https:\/\/pagina10.com\/web\/wp-content\/uploads\/2022\/09\/WhatsApp-Image-2022-09-07-at-10.33.51-AM.jpeg\",\"width\":1280,\"height\":1004},{\"@type\":\"BreadcrumbList\",\"@id\":\"https:\/\/pagina10.com\/web\/en-pasto-envian-a-prision-a-joven-que-asesino-a-un-agente-de-transito-que-le-impuso-un-comparendo\/#breadcrumb\",\"itemListElement\":[{\"@type\":\"ListItem\",\"position\":1,\"name\":\"Portada\",\"item\":\"https:\/\/pagina10.com\/web\/\"},{\"@type\":\"ListItem\",\"position\":2,\"name\":\"En Pasto env\u00edan a prisi\u00f3n a joven que asesin\u00f3 a un agente de tr\u00e1nsito que le impuso un comparendo\"}]},{\"@type\":\"WebSite\",\"@id\":\"https:\/\/pagina10.com\/web\/#website\",\"url\":\"https:\/\/pagina10.com\/web\/\",\"name\":\"P\u00e1gina10\",\"description\":\"Peri\u00f3dico Regional\",\"publisher\":{\"@id\":\"https:\/\/pagina10.com\/web\/#organization\"},\"alternateName\":\"P\u00e1gina10 Peri\u00f3dico Regional\",\"potentialAction\":[{\"@type\":\"SearchAction\",\"target\":{\"@type\":\"EntryPoint\",\"urlTemplate\":\"https:\/\/pagina10.com\/web\/?s={search_term_string}\"},\"query-input\":{\"@type\":\"PropertyValueSpecification\",\"valueRequired\":true,\"valueName\":\"search_term_string\"}}],\"inLanguage\":\"es\"},{\"@type\":\"Organization\",\"@id\":\"https:\/\/pagina10.com\/web\/#organization\",\"name\":\"P\u00e1gina10\",\"alternateName\":\"P\u00e1gina10 Peri\u00f3dico Regional\",\"url\":\"https:\/\/pagina10.com\/web\/\",\"logo\":{\"@type\":\"ImageObject\",\"inLanguage\":\"es\",\"@id\":\"https:\/\/pagina10.com\/web\/#\/schema\/logo\/image\/\",\"url\":\"https:\/\/pagina10.com\/web\/wp-content\/uploads\/2024\/01\/40-pagina-10-periodico-regional-pasto.jpg\",\"contentUrl\":\"https:\/\/pagina10.com\/web\/wp-content\/uploads\/2024\/01\/40-pagina-10-periodico-regional-pasto.jpg\",\"width\":1280,\"height\":720,\"caption\":\"P\u00e1gina10\"},\"image\":{\"@id\":\"https:\/\/pagina10.com\/web\/#\/schema\/logo\/image\/\"},\"sameAs\":[\"https:\/\/www.facebook.com\/pag10com\",\"https:\/\/x.com\/Pag10com\",\"https:\/\/www.instagram.com\/pagina10col\/\",\"https:\/\/youtube.com\/channel\/pag10\",\"https:\/\/www.tiktok.com\/@p10col\"]},{\"@type\":\"Person\",\"@id\":\"https:\/\/pagina10.com\/web\/#\/schema\/person\/2efc4a090d25b667d3bc796798a3a81b\",\"name\":\"P\u00e1gina 10\",\"description\":\"P\u00e1gina 10 es un peri\u00f3dico regional que nace en Colombia, en el departamento de Nari\u00f1o, con un enfoque global, fundamentado en cuatro pilares esenciales: la libertad, el pluralismo, la inclusi\u00f3n y la independencia. P\u00e1gina 10 hace referencia a Nari\u00f1o como el d\u00e9cimo departamento creado en Colombia, despu\u00e9s de un proceso pol\u00edtico liderado por actores y actrices regionales con el fin de obtener la independencia y autonom\u00eda de nuestros territorios. Con la creaci\u00f3n de P\u00e1gina 10 se pretende abrir un escenario para el dialogo, la reflexi\u00f3n y el debate que se extienda a otras geograf\u00edas de Am\u00e9rica Latina y del planeta, en una apuesta por transformar colectivamente los desaf\u00edos de un mundo contempor\u00e1neo, m\u00e1s all\u00e1 de las fronteras impuestas.\",\"url\":\"https:\/\/pagina10.com\/web\/author\/pdiezadmin\/\"}]}<\/script>\n<!-- \/ Yoast SEO plugin. -->","yoast_head_json":{"title":"En Pasto env\u00edan a prisi\u00f3n a joven que asesin\u00f3 a un agente de tr\u00e1nsito que le impuso un comparendo | P\u00e1gina10","robots":{"index":"index","follow":"follow","max-snippet":"max-snippet:-1","max-image-preview":"max-image-preview:large","max-video-preview":"max-video-preview:-1"},"canonical":"https:\/\/pagina10.com\/web\/en-pasto-envian-a-prision-a-joven-que-asesino-a-un-agente-de-transito-que-le-impuso-un-comparendo\/","og_locale":"es_ES","og_type":"article","og_title":"En Pasto env\u00edan a prisi\u00f3n a joven que asesin\u00f3 a un agente de tr\u00e1nsito que le impuso un comparendo | P\u00e1gina10","og_description":"Tras avalar el material probatorio presentado por la Fiscal\u00eda, un juez de Pasto cobij\u00f3 con medida de aseguramiento en centro carcelario a Danilo Robins\u00f3n Benavides Potos\u00ed, de 21 a\u00f1os, por ser el presunto responsable del homicidio de un agente de tr\u00e1nsito en la capital de Nari\u00f1o. El crimen ocurri\u00f3 el pasado 3 de julio, cuando [&hellip;]","og_url":"https:\/\/pagina10.com\/web\/en-pasto-envian-a-prision-a-joven-que-asesino-a-un-agente-de-transito-que-le-impuso-un-comparendo\/","og_site_name":"P\u00e1gina10","article_publisher":"https:\/\/www.facebook.com\/pag10com","article_published_time":"2022-09-08T04:38:53+00:00","og_image":[{"width":1280,"height":1004,"url":"https:\/\/pagina10.com\/web\/wp-content\/uploads\/2022\/09\/WhatsApp-Image-2022-09-07-at-10.33.51-AM.jpeg","type":"image\/jpeg"}],"author":"P\u00e1gina 10","twitter_card":"summary_large_image","twitter_creator":"@Pag10com","twitter_site":"@Pag10com","twitter_misc":{"Escrito por":"P\u00e1gina 10","Tiempo de lectura":"1 minuto"},"schema":{"@context":"https:\/\/schema.org","@graph":[{"@type":"Article","@id":"https:\/\/pagina10.com\/web\/en-pasto-envian-a-prision-a-joven-que-asesino-a-un-agente-de-transito-que-le-impuso-un-comparendo\/#article","isPartOf":{"@id":"https:\/\/pagina10.com\/web\/en-pasto-envian-a-prision-a-joven-que-asesino-a-un-agente-de-transito-que-le-impuso-un-comparendo\/"},"author":{"name":"P\u00e1gina 10","@id":"https:\/\/pagina10.com\/web\/#\/schema\/person\/2efc4a090d25b667d3bc796798a3a81b"},"headline":"En Pasto env\u00edan a prisi\u00f3n a joven que asesin\u00f3 a un agente de tr\u00e1nsito que le impuso un comparendo","datePublished":"2022-09-08T04:38:53+00:00","mainEntityOfPage":{"@id":"https:\/\/pagina10.com\/web\/en-pasto-envian-a-prision-a-joven-que-asesino-a-un-agente-de-transito-que-le-impuso-un-comparendo\/"},"wordCount":190,"commentCount":0,"publisher":{"@id":"https:\/\/pagina10.com\/web\/#organization"},"image":{"@id":"https:\/\/pagina10.com\/web\/en-pasto-envian-a-prision-a-joven-que-asesino-a-un-agente-de-transito-que-le-impuso-un-comparendo\/#primaryimage"},"thumbnailUrl":"https:\/\/pagina10.com\/web\/wp-content\/uploads\/2022\/09\/WhatsApp-Image-2022-09-07-at-10.33.51-AM.jpeg","articleSection":["Judicial"],"inLanguage":"es","potentialAction":[{"@type":"CommentAction","name":"Comment","target":["https:\/\/pagina10.com\/web\/en-pasto-envian-a-prision-a-joven-que-asesino-a-un-agente-de-transito-que-le-impuso-un-comparendo\/#respond"]}]},{"@type":"WebPage","@id":"https:\/\/pagina10.com\/web\/en-pasto-envian-a-prision-a-joven-que-asesino-a-un-agente-de-transito-que-le-impuso-un-comparendo\/","url":"https:\/\/pagina10.com\/web\/en-pasto-envian-a-prision-a-joven-que-asesino-a-un-agente-de-transito-que-le-impuso-un-comparendo\/","name":"En Pasto env\u00edan a prisi\u00f3n a joven que asesin\u00f3 a un agente de tr\u00e1nsito que le impuso un comparendo | P\u00e1gina10","isPartOf":{"@id":"https:\/\/pagina10.com\/web\/#website"},"primaryImageOfPage":{"@id":"https:\/\/pagina10.com\/web\/en-pasto-envian-a-prision-a-joven-que-asesino-a-un-agente-de-transito-que-le-impuso-un-comparendo\/#primaryimage"},"image":{"@id":"https:\/\/pagina10.com\/web\/en-pasto-envian-a-prision-a-joven-que-asesino-a-un-agente-de-transito-que-le-impuso-un-comparendo\/#primaryimage"},"thumbnailUrl":"https:\/\/pagina10.com\/web\/wp-content\/uploads\/2022\/09\/WhatsApp-Image-2022-09-07-at-10.33.51-AM.jpeg","datePublished":"2022-09-08T04:38:53+00:00","breadcrumb":{"@id":"https:\/\/pagina10.com\/web\/en-pasto-envian-a-prision-a-joven-que-asesino-a-un-agente-de-transito-que-le-impuso-un-comparendo\/#breadcrumb"},"inLanguage":"es","potentialAction":[{"@type":"ReadAction","target":["https:\/\/pagina10.com\/web\/en-pasto-envian-a-prision-a-joven-que-asesino-a-un-agente-de-transito-que-le-impuso-un-comparendo\/"]}]},{"@type":"ImageObject","inLanguage":"es","@id":"https:\/\/pagina10.com\/web\/en-pasto-envian-a-prision-a-joven-que-asesino-a-un-agente-de-transito-que-le-impuso-un-comparendo\/#primaryimage","url":"https:\/\/pagina10.com\/web\/wp-content\/uploads\/2022\/09\/WhatsApp-Image-2022-09-07-at-10.33.51-AM.jpeg","contentUrl":"https:\/\/pagina10.com\/web\/wp-content\/uploads\/2022\/09\/WhatsApp-Image-2022-09-07-at-10.33.51-AM.jpeg","width":1280,"height":1004},{"@type":"BreadcrumbList","@id":"https:\/\/pagina10.com\/web\/en-pasto-envian-a-prision-a-joven-que-asesino-a-un-agente-de-transito-que-le-impuso-un-comparendo\/#breadcrumb","itemListElement":[{"@type":"ListItem","position":1,"name":"Portada","item":"https:\/\/pagina10.com\/web\/"},{"@type":"ListItem","position":2,"name":"En Pasto env\u00edan a prisi\u00f3n a joven que asesin\u00f3 a un agente de tr\u00e1nsito que le impuso un comparendo"}]},{"@type":"WebSite","@id":"https:\/\/pagina10.com\/web\/#website","url":"https:\/\/pagina10.com\/web\/","name":"P\u00e1gina10","description":"Peri\u00f3dico Regional","publisher":{"@id":"https:\/\/pagina10.com\/web\/#organization"},"alternateName":"P\u00e1gina10 Peri\u00f3dico Regional","potentialAction":[{"@type":"SearchAction","target":{"@type":"EntryPoint","urlTemplate":"https:\/\/pagina10.com\/web\/?s={search_term_string}"},"query-input":{"@type":"PropertyValueSpecification","valueRequired":true,"valueName":"search_term_string"}}],"inLanguage":"es"},{"@type":"Organization","@id":"https:\/\/pagina10.com\/web\/#organization","name":"P\u00e1gina10","alternateName":"P\u00e1gina10 Peri\u00f3dico Regional","url":"https:\/\/pagina10.com\/web\/","logo":{"@type":"ImageObject","inLanguage":"es","@id":"https:\/\/pagina10.com\/web\/#\/schema\/logo\/image\/","url":"https:\/\/pagina10.com\/web\/wp-content\/uploads\/2024\/01\/40-pagina-10-periodico-regional-pasto.jpg","contentUrl":"https:\/\/pagina10.com\/web\/wp-content\/uploads\/2024\/01\/40-pagina-10-periodico-regional-pasto.jpg","width":1280,"height":720,"caption":"P\u00e1gina10"},"image":{"@id":"https:\/\/pagina10.com\/web\/#\/schema\/logo\/image\/"},"sameAs":["https:\/\/www.facebook.com\/pag10com","https:\/\/x.com\/Pag10com","https:\/\/www.instagram.com\/pagina10col\/","https:\/\/youtube.com\/channel\/pag10","https:\/\/www.tiktok.com\/@p10col"]},{"@type":"Person","@id":"https:\/\/pagina10.com\/web\/#\/schema\/person\/2efc4a090d25b667d3bc796798a3a81b","name":"P\u00e1gina 10","description":"P\u00e1gina 10 es un peri\u00f3dico regional que nace en Colombia, en el departamento de Nari\u00f1o, con un enfoque global, fundamentado en cuatro pilares esenciales: la libertad, el pluralismo, la inclusi\u00f3n y la independencia. P\u00e1gina 10 hace referencia a Nari\u00f1o como el d\u00e9cimo departamento creado en Colombia, despu\u00e9s de un proceso pol\u00edtico liderado por actores y actrices regionales con el fin de obtener la independencia y autonom\u00eda de nuestros territorios. Con la creaci\u00f3n de P\u00e1gina 10 se pretende abrir un escenario para el dialogo, la reflexi\u00f3n y el debate que se extienda a otras geograf\u00edas de Am\u00e9rica Latina y del planeta, en una apuesta por transformar colectivamente los desaf\u00edos de un mundo contempor\u00e1neo, m\u00e1s all\u00e1 de las fronteras impuestas.","url":"https:\/\/pagina10.com\/web\/author\/pdiezadmin\/"}]}},"_links":{"self":[{"href":"https:\/\/pagina10.com\/web\/wp-json\/wp\/v2\/posts\/61526","targetHints":{"allow":["GET"]}}],"collection":[{"href":"https:\/\/pagina10.com\/web\/wp-json\/wp\/v2\/posts"}],"about":[{"href":"https:\/\/pagina10.com\/web\/wp-json\/wp\/v2\/types\/post"}],"author":[{"embeddable":true,"href":"https:\/\/pagina10.com\/web\/wp-json\/wp\/v2\/users\/1"}],"replies":[{"embeddable":true,"href":"https:\/\/pagina10.com\/web\/wp-json\/wp\/v2\/comments?post=61526"}],"version-history":[{"count":1,"href":"https:\/\/pagina10.com\/web\/wp-json\/wp\/v2\/posts\/61526\/revisions"}],"predecessor-version":[{"id":61528,"href":"https:\/\/pagina10.com\/web\/wp-json\/wp\/v2\/posts\/61526\/revisions\/61528"}],"wp:featuredmedia":[{"embeddable":true,"href":"https:\/\/pagina10.com\/web\/wp-json\/wp\/v2\/media\/61527"}],"wp:attachment":[{"href":"https:\/\/pagina10.com\/web\/wp-json\/wp\/v2\/media?parent=61526"}],"wp:term":[{"taxonomy":"category","embeddable":true,"href":"https:\/\/pagina10.com\/web\/wp-json\/wp\/v2\/categories?post=61526"},{"taxonomy":"post_tag","embeddable":true,"href":"https:\/\/pagina10.com\/web\/wp-json\/wp\/v2\/tags?post=61526"}],"curies":[{"name":"wp","href":"https:\/\/api.w.org\/{rel}","templated":true}]}}