{"id":61532,"date":"2022-09-08T08:00:40","date_gmt":"2022-09-08T13:00:40","guid":{"rendered":"https:\/\/pagina10.com\/web\/?p=61532"},"modified":"2022-09-08T00:17:40","modified_gmt":"2022-09-08T05:17:40","slug":"estudiantes-de-la-normal-de-pasto-son-devueltos-a-sus-casas-por-falta-de-docentes","status":"publish","type":"post","link":"https:\/\/pagina10.com\/web\/estudiantes-de-la-normal-de-pasto-son-devueltos-a-sus-casas-por-falta-de-docentes\/","title":{"rendered":"Estudiantes de la Normal de Pasto son devueltos a sus casas por falta de docentes"},"content":{"rendered":"<p style=\"text-align: justify;\">A trav\u00e9s de un comunicado firmado por el rector de la Escuela Normal Superior de Pasto, Jos\u00e9 Coral Asa\u00edn, se dio a conocer la delicada situaci\u00f3n que afronta esa instituci\u00f3n desde hace varios meses por la falta de docentes.<\/p>\n<p style=\"text-align: justify;\">En el documento se precisa que hasta la fecha la Secretar\u00eda de Educaci\u00f3n Municipal no ha nombrado cuatro docentes \u201cque son reemplazos de los profesores(as) Lydia Acosta, Armando Mu\u00f1oz (1 de agosto). Fanny Astorquiza (31 de agosto) y del sacerdote Ricardo Narv\u00e1ez (nuevo coordinador 1 de julio)\u201d.<\/p>\n<p style=\"text-align: justify;\">Tambi\u00e9n, se afirma que no hay reemplazos de dos funcionarias administrativas, Sof\u00eda Acosta (10 de noviembre del 2021) y Pilar Zambrano (21 de julio 2022). Adem\u00e1s del reemplazo del coordinador Jorge Rosero (31 de agosto).<\/p>\n<p style=\"text-align: justify;\">Seg\u00fan el rector, esta falta de maestros(as) y personal administrativo es grave para el normal desarrollo de la Instituci\u00f3n ya que los estudiantes que no reciben clases en niveles como B\u00e1sica Primaria, deben ser enviados a sus casas.<\/p>\n<p style=\"text-align: justify;\">Ante esta crisis, Coral Asa\u00edn destac\u00f3 que la soluci\u00f3n que plantea el Ministerio de Educaci\u00f3n es que se liberen docentes de otras instituciones donde est\u00e1n sobrando por las relaciones t\u00e9cnicas y de estas devoluciones, se realicen los nombramientos a los reemplazos. A\u00f1adi\u00f3 que ese ajuste de planta lo debe realizar la Secretar\u00eda de Educaci\u00f3n desde inicio del a\u00f1o escolar, pero afirm\u00f3 que a\u00fan no lo ha hecho.<\/p>\n<p style=\"text-align: justify;\">Por este motivo, en conjunto con otros 17 rectores, pidi\u00f3 de manera urgente al Ministerio de Educaci\u00f3n y a la Secretar\u00eda de Gobierno nombrar a los reemplazos a trav\u00e9s del Sistema Maestro.<\/p>\n<p style=\"text-align: justify;\">\u201cEl nuevo ministro y sus funcionarios no autorizan hasta el momento abrir el sistema ya que solicitan se revise t\u00e9cnicamente la planta de personal docente en las instituciones del municipio. La reuni\u00f3n que convoca el Ministerio de Educaci\u00f3n para analizar este tema posiblemente se realice la pr\u00f3xima semana\u201d, concluy\u00f3.<\/p>\n","protected":false},"excerpt":{"rendered":"<p>A trav\u00e9s de un comunicado firmado por el rector de la Escuela Normal Superior de Pasto, Jos\u00e9 Coral Asa\u00edn, se dio a conocer la delicada situaci\u00f3n que afronta esa instituci\u00f3n desde hace varios meses por la falta de docentes. En el documento se precisa que hasta la fecha la Secretar\u00eda de Educaci\u00f3n Municipal no ha [&hellip;]<\/p>\n","protected":false},"author":1,"featured_media":61533,"comment_status":"open","ping_status":"open","sticky":false,"template":"","format":"standard","meta":{"footnotes":""},"categories":[1549],"tags":[],"class_list":["post-61532","post","type-post","status-publish","format-standard","has-post-thumbnail","hentry","category-educacion-innovacion-3"],"yoast_head":"<!-- This site is optimized with the Yoast SEO plugin v27.1.1 - https:\/\/yoast.com\/product\/yoast-seo-wordpress\/ -->\n<title>Estudiantes de la Normal de Pasto son devueltos a sus casas por falta de docentes | P\u00e1gina10<\/title>\n<meta name=\"robots\" content=\"index, follow, max-snippet:-1, max-image-preview:large, max-video-preview:-1\" \/>\n<link rel=\"canonical\" href=\"https:\/\/pagina10.com\/web\/estudiantes-de-la-normal-de-pasto-son-devueltos-a-sus-casas-por-falta-de-docentes\/\" \/>\n<meta property=\"og:locale\" content=\"es_ES\" \/>\n<meta property=\"og:type\" content=\"article\" \/>\n<meta property=\"og:title\" content=\"Estudiantes de la Normal de Pasto son devueltos a sus casas por falta de docentes | P\u00e1gina10\" \/>\n<meta property=\"og:description\" content=\"A trav\u00e9s de un comunicado firmado por el rector de la Escuela Normal Superior de Pasto, Jos\u00e9 Coral Asa\u00edn, se dio a conocer la delicada situaci\u00f3n que afronta esa instituci\u00f3n desde hace varios meses por la falta de docentes. En el documento se precisa que hasta la fecha la Secretar\u00eda de Educaci\u00f3n Municipal no ha [&hellip;]\" \/>\n<meta property=\"og:url\" content=\"https:\/\/pagina10.com\/web\/estudiantes-de-la-normal-de-pasto-son-devueltos-a-sus-casas-por-falta-de-docentes\/\" \/>\n<meta property=\"og:site_name\" content=\"P\u00e1gina10\" \/>\n<meta property=\"article:publisher\" content=\"https:\/\/www.facebook.com\/pag10com\" \/>\n<meta property=\"article:published_time\" content=\"2022-09-08T13:00:40+00:00\" \/>\n<meta property=\"og:image\" content=\"https:\/\/pagina10.com\/web\/wp-content\/uploads\/2022\/09\/ETFU5XjXgAEaOiN.jpg\" \/>\n\t<meta property=\"og:image:width\" content=\"1200\" \/>\n\t<meta property=\"og:image:height\" content=\"900\" \/>\n\t<meta property=\"og:image:type\" content=\"image\/jpeg\" \/>\n<meta name=\"author\" content=\"P\u00e1gina 10\" \/>\n<meta name=\"twitter:card\" content=\"summary_large_image\" \/>\n<meta name=\"twitter:creator\" content=\"@Pag10com\" \/>\n<meta name=\"twitter:site\" content=\"@Pag10com\" \/>\n<meta name=\"twitter:label1\" content=\"Escrito por\" \/>\n\t<meta name=\"twitter:data1\" content=\"P\u00e1gina 10\" \/>\n\t<meta name=\"twitter:label2\" content=\"Tiempo de lectura\" \/>\n\t<meta name=\"twitter:data2\" content=\"2 minutos\" \/>\n<script type=\"application\/ld+json\" class=\"yoast-schema-graph\">{\"@context\":\"https:\/\/schema.org\",\"@graph\":[{\"@type\":\"Article\",\"@id\":\"https:\/\/pagina10.com\/web\/estudiantes-de-la-normal-de-pasto-son-devueltos-a-sus-casas-por-falta-de-docentes\/#article\",\"isPartOf\":{\"@id\":\"https:\/\/pagina10.com\/web\/estudiantes-de-la-normal-de-pasto-son-devueltos-a-sus-casas-por-falta-de-docentes\/\"},\"author\":{\"name\":\"P\u00e1gina 10\",\"@id\":\"https:\/\/pagina10.com\/web\/#\/schema\/person\/2efc4a090d25b667d3bc796798a3a81b\"},\"headline\":\"Estudiantes de la Normal de Pasto son devueltos a sus casas por falta de docentes\",\"datePublished\":\"2022-09-08T13:00:40+00:00\",\"mainEntityOfPage\":{\"@id\":\"https:\/\/pagina10.com\/web\/estudiantes-de-la-normal-de-pasto-son-devueltos-a-sus-casas-por-falta-de-docentes\/\"},\"wordCount\":346,\"commentCount\":0,\"publisher\":{\"@id\":\"https:\/\/pagina10.com\/web\/#organization\"},\"image\":{\"@id\":\"https:\/\/pagina10.com\/web\/estudiantes-de-la-normal-de-pasto-son-devueltos-a-sus-casas-por-falta-de-docentes\/#primaryimage\"},\"thumbnailUrl\":\"https:\/\/pagina10.com\/web\/wp-content\/uploads\/2022\/09\/ETFU5XjXgAEaOiN.jpg\",\"articleSection\":[\"Educaci\u00f3n\"],\"inLanguage\":\"es\",\"potentialAction\":[{\"@type\":\"CommentAction\",\"name\":\"Comment\",\"target\":[\"https:\/\/pagina10.com\/web\/estudiantes-de-la-normal-de-pasto-son-devueltos-a-sus-casas-por-falta-de-docentes\/#respond\"]}]},{\"@type\":\"WebPage\",\"@id\":\"https:\/\/pagina10.com\/web\/estudiantes-de-la-normal-de-pasto-son-devueltos-a-sus-casas-por-falta-de-docentes\/\",\"url\":\"https:\/\/pagina10.com\/web\/estudiantes-de-la-normal-de-pasto-son-devueltos-a-sus-casas-por-falta-de-docentes\/\",\"name\":\"Estudiantes de la Normal de Pasto son devueltos a sus casas por falta de docentes | P\u00e1gina10\",\"isPartOf\":{\"@id\":\"https:\/\/pagina10.com\/web\/#website\"},\"primaryImageOfPage\":{\"@id\":\"https:\/\/pagina10.com\/web\/estudiantes-de-la-normal-de-pasto-son-devueltos-a-sus-casas-por-falta-de-docentes\/#primaryimage\"},\"image\":{\"@id\":\"https:\/\/pagina10.com\/web\/estudiantes-de-la-normal-de-pasto-son-devueltos-a-sus-casas-por-falta-de-docentes\/#primaryimage\"},\"thumbnailUrl\":\"https:\/\/pagina10.com\/web\/wp-content\/uploads\/2022\/09\/ETFU5XjXgAEaOiN.jpg\",\"datePublished\":\"2022-09-08T13:00:40+00:00\",\"breadcrumb\":{\"@id\":\"https:\/\/pagina10.com\/web\/estudiantes-de-la-normal-de-pasto-son-devueltos-a-sus-casas-por-falta-de-docentes\/#breadcrumb\"},\"inLanguage\":\"es\",\"potentialAction\":[{\"@type\":\"ReadAction\",\"target\":[\"https:\/\/pagina10.com\/web\/estudiantes-de-la-normal-de-pasto-son-devueltos-a-sus-casas-por-falta-de-docentes\/\"]}]},{\"@type\":\"ImageObject\",\"inLanguage\":\"es\",\"@id\":\"https:\/\/pagina10.com\/web\/estudiantes-de-la-normal-de-pasto-son-devueltos-a-sus-casas-por-falta-de-docentes\/#primaryimage\",\"url\":\"https:\/\/pagina10.com\/web\/wp-content\/uploads\/2022\/09\/ETFU5XjXgAEaOiN.jpg\",\"contentUrl\":\"https:\/\/pagina10.com\/web\/wp-content\/uploads\/2022\/09\/ETFU5XjXgAEaOiN.jpg\",\"width\":1200,\"height\":900},{\"@type\":\"BreadcrumbList\",\"@id\":\"https:\/\/pagina10.com\/web\/estudiantes-de-la-normal-de-pasto-son-devueltos-a-sus-casas-por-falta-de-docentes\/#breadcrumb\",\"itemListElement\":[{\"@type\":\"ListItem\",\"position\":1,\"name\":\"Portada\",\"item\":\"https:\/\/pagina10.com\/web\/\"},{\"@type\":\"ListItem\",\"position\":2,\"name\":\"Estudiantes de la Normal de Pasto son devueltos a sus casas por falta de docentes\"}]},{\"@type\":\"WebSite\",\"@id\":\"https:\/\/pagina10.com\/web\/#website\",\"url\":\"https:\/\/pagina10.com\/web\/\",\"name\":\"P\u00e1gina10\",\"description\":\"Peri\u00f3dico Regional\",\"publisher\":{\"@id\":\"https:\/\/pagina10.com\/web\/#organization\"},\"alternateName\":\"P\u00e1gina10 Peri\u00f3dico Regional\",\"potentialAction\":[{\"@type\":\"SearchAction\",\"target\":{\"@type\":\"EntryPoint\",\"urlTemplate\":\"https:\/\/pagina10.com\/web\/?s={search_term_string}\"},\"query-input\":{\"@type\":\"PropertyValueSpecification\",\"valueRequired\":true,\"valueName\":\"search_term_string\"}}],\"inLanguage\":\"es\"},{\"@type\":\"Organization\",\"@id\":\"https:\/\/pagina10.com\/web\/#organization\",\"name\":\"P\u00e1gina10\",\"alternateName\":\"P\u00e1gina10 Peri\u00f3dico Regional\",\"url\":\"https:\/\/pagina10.com\/web\/\",\"logo\":{\"@type\":\"ImageObject\",\"inLanguage\":\"es\",\"@id\":\"https:\/\/pagina10.com\/web\/#\/schema\/logo\/image\/\",\"url\":\"https:\/\/pagina10.com\/web\/wp-content\/uploads\/2024\/01\/40-pagina-10-periodico-regional-pasto.jpg\",\"contentUrl\":\"https:\/\/pagina10.com\/web\/wp-content\/uploads\/2024\/01\/40-pagina-10-periodico-regional-pasto.jpg\",\"width\":1280,\"height\":720,\"caption\":\"P\u00e1gina10\"},\"image\":{\"@id\":\"https:\/\/pagina10.com\/web\/#\/schema\/logo\/image\/\"},\"sameAs\":[\"https:\/\/www.facebook.com\/pag10com\",\"https:\/\/x.com\/Pag10com\",\"https:\/\/www.instagram.com\/pagina10col\/\",\"https:\/\/youtube.com\/channel\/pag10\",\"https:\/\/www.tiktok.com\/@p10col\"]},{\"@type\":\"Person\",\"@id\":\"https:\/\/pagina10.com\/web\/#\/schema\/person\/2efc4a090d25b667d3bc796798a3a81b\",\"name\":\"P\u00e1gina 10\",\"description\":\"P\u00e1gina 10 es un peri\u00f3dico regional que nace en Colombia, en el departamento de Nari\u00f1o, con un enfoque global, fundamentado en cuatro pilares esenciales: la libertad, el pluralismo, la inclusi\u00f3n y la independencia. P\u00e1gina 10 hace referencia a Nari\u00f1o como el d\u00e9cimo departamento creado en Colombia, despu\u00e9s de un proceso pol\u00edtico liderado por actores y actrices regionales con el fin de obtener la independencia y autonom\u00eda de nuestros territorios. Con la creaci\u00f3n de P\u00e1gina 10 se pretende abrir un escenario para el dialogo, la reflexi\u00f3n y el debate que se extienda a otras geograf\u00edas de Am\u00e9rica Latina y del planeta, en una apuesta por transformar colectivamente los desaf\u00edos de un mundo contempor\u00e1neo, m\u00e1s all\u00e1 de las fronteras impuestas.\",\"url\":\"https:\/\/pagina10.com\/web\/author\/pdiezadmin\/\"}]}<\/script>\n<!-- \/ Yoast SEO plugin. -->","yoast_head_json":{"title":"Estudiantes de la Normal de Pasto son devueltos a sus casas por falta de docentes | P\u00e1gina10","robots":{"index":"index","follow":"follow","max-snippet":"max-snippet:-1","max-image-preview":"max-image-preview:large","max-video-preview":"max-video-preview:-1"},"canonical":"https:\/\/pagina10.com\/web\/estudiantes-de-la-normal-de-pasto-son-devueltos-a-sus-casas-por-falta-de-docentes\/","og_locale":"es_ES","og_type":"article","og_title":"Estudiantes de la Normal de Pasto son devueltos a sus casas por falta de docentes | P\u00e1gina10","og_description":"A trav\u00e9s de un comunicado firmado por el rector de la Escuela Normal Superior de Pasto, Jos\u00e9 Coral Asa\u00edn, se dio a conocer la delicada situaci\u00f3n que afronta esa instituci\u00f3n desde hace varios meses por la falta de docentes. En el documento se precisa que hasta la fecha la Secretar\u00eda de Educaci\u00f3n Municipal no ha [&hellip;]","og_url":"https:\/\/pagina10.com\/web\/estudiantes-de-la-normal-de-pasto-son-devueltos-a-sus-casas-por-falta-de-docentes\/","og_site_name":"P\u00e1gina10","article_publisher":"https:\/\/www.facebook.com\/pag10com","article_published_time":"2022-09-08T13:00:40+00:00","og_image":[{"width":1200,"height":900,"url":"https:\/\/pagina10.com\/web\/wp-content\/uploads\/2022\/09\/ETFU5XjXgAEaOiN.jpg","type":"image\/jpeg"}],"author":"P\u00e1gina 10","twitter_card":"summary_large_image","twitter_creator":"@Pag10com","twitter_site":"@Pag10com","twitter_misc":{"Escrito por":"P\u00e1gina 10","Tiempo de lectura":"2 minutos"},"schema":{"@context":"https:\/\/schema.org","@graph":[{"@type":"Article","@id":"https:\/\/pagina10.com\/web\/estudiantes-de-la-normal-de-pasto-son-devueltos-a-sus-casas-por-falta-de-docentes\/#article","isPartOf":{"@id":"https:\/\/pagina10.com\/web\/estudiantes-de-la-normal-de-pasto-son-devueltos-a-sus-casas-por-falta-de-docentes\/"},"author":{"name":"P\u00e1gina 10","@id":"https:\/\/pagina10.com\/web\/#\/schema\/person\/2efc4a090d25b667d3bc796798a3a81b"},"headline":"Estudiantes de la Normal de Pasto son devueltos a sus casas por falta de docentes","datePublished":"2022-09-08T13:00:40+00:00","mainEntityOfPage":{"@id":"https:\/\/pagina10.com\/web\/estudiantes-de-la-normal-de-pasto-son-devueltos-a-sus-casas-por-falta-de-docentes\/"},"wordCount":346,"commentCount":0,"publisher":{"@id":"https:\/\/pagina10.com\/web\/#organization"},"image":{"@id":"https:\/\/pagina10.com\/web\/estudiantes-de-la-normal-de-pasto-son-devueltos-a-sus-casas-por-falta-de-docentes\/#primaryimage"},"thumbnailUrl":"https:\/\/pagina10.com\/web\/wp-content\/uploads\/2022\/09\/ETFU5XjXgAEaOiN.jpg","articleSection":["Educaci\u00f3n"],"inLanguage":"es","potentialAction":[{"@type":"CommentAction","name":"Comment","target":["https:\/\/pagina10.com\/web\/estudiantes-de-la-normal-de-pasto-son-devueltos-a-sus-casas-por-falta-de-docentes\/#respond"]}]},{"@type":"WebPage","@id":"https:\/\/pagina10.com\/web\/estudiantes-de-la-normal-de-pasto-son-devueltos-a-sus-casas-por-falta-de-docentes\/","url":"https:\/\/pagina10.com\/web\/estudiantes-de-la-normal-de-pasto-son-devueltos-a-sus-casas-por-falta-de-docentes\/","name":"Estudiantes de la Normal de Pasto son devueltos a sus casas por falta de docentes | P\u00e1gina10","isPartOf":{"@id":"https:\/\/pagina10.com\/web\/#website"},"primaryImageOfPage":{"@id":"https:\/\/pagina10.com\/web\/estudiantes-de-la-normal-de-pasto-son-devueltos-a-sus-casas-por-falta-de-docentes\/#primaryimage"},"image":{"@id":"https:\/\/pagina10.com\/web\/estudiantes-de-la-normal-de-pasto-son-devueltos-a-sus-casas-por-falta-de-docentes\/#primaryimage"},"thumbnailUrl":"https:\/\/pagina10.com\/web\/wp-content\/uploads\/2022\/09\/ETFU5XjXgAEaOiN.jpg","datePublished":"2022-09-08T13:00:40+00:00","breadcrumb":{"@id":"https:\/\/pagina10.com\/web\/estudiantes-de-la-normal-de-pasto-son-devueltos-a-sus-casas-por-falta-de-docentes\/#breadcrumb"},"inLanguage":"es","potentialAction":[{"@type":"ReadAction","target":["https:\/\/pagina10.com\/web\/estudiantes-de-la-normal-de-pasto-son-devueltos-a-sus-casas-por-falta-de-docentes\/"]}]},{"@type":"ImageObject","inLanguage":"es","@id":"https:\/\/pagina10.com\/web\/estudiantes-de-la-normal-de-pasto-son-devueltos-a-sus-casas-por-falta-de-docentes\/#primaryimage","url":"https:\/\/pagina10.com\/web\/wp-content\/uploads\/2022\/09\/ETFU5XjXgAEaOiN.jpg","contentUrl":"https:\/\/pagina10.com\/web\/wp-content\/uploads\/2022\/09\/ETFU5XjXgAEaOiN.jpg","width":1200,"height":900},{"@type":"BreadcrumbList","@id":"https:\/\/pagina10.com\/web\/estudiantes-de-la-normal-de-pasto-son-devueltos-a-sus-casas-por-falta-de-docentes\/#breadcrumb","itemListElement":[{"@type":"ListItem","position":1,"name":"Portada","item":"https:\/\/pagina10.com\/web\/"},{"@type":"ListItem","position":2,"name":"Estudiantes de la Normal de Pasto son devueltos a sus casas por falta de docentes"}]},{"@type":"WebSite","@id":"https:\/\/pagina10.com\/web\/#website","url":"https:\/\/pagina10.com\/web\/","name":"P\u00e1gina10","description":"Peri\u00f3dico Regional","publisher":{"@id":"https:\/\/pagina10.com\/web\/#organization"},"alternateName":"P\u00e1gina10 Peri\u00f3dico Regional","potentialAction":[{"@type":"SearchAction","target":{"@type":"EntryPoint","urlTemplate":"https:\/\/pagina10.com\/web\/?s={search_term_string}"},"query-input":{"@type":"PropertyValueSpecification","valueRequired":true,"valueName":"search_term_string"}}],"inLanguage":"es"},{"@type":"Organization","@id":"https:\/\/pagina10.com\/web\/#organization","name":"P\u00e1gina10","alternateName":"P\u00e1gina10 Peri\u00f3dico Regional","url":"https:\/\/pagina10.com\/web\/","logo":{"@type":"ImageObject","inLanguage":"es","@id":"https:\/\/pagina10.com\/web\/#\/schema\/logo\/image\/","url":"https:\/\/pagina10.com\/web\/wp-content\/uploads\/2024\/01\/40-pagina-10-periodico-regional-pasto.jpg","contentUrl":"https:\/\/pagina10.com\/web\/wp-content\/uploads\/2024\/01\/40-pagina-10-periodico-regional-pasto.jpg","width":1280,"height":720,"caption":"P\u00e1gina10"},"image":{"@id":"https:\/\/pagina10.com\/web\/#\/schema\/logo\/image\/"},"sameAs":["https:\/\/www.facebook.com\/pag10com","https:\/\/x.com\/Pag10com","https:\/\/www.instagram.com\/pagina10col\/","https:\/\/youtube.com\/channel\/pag10","https:\/\/www.tiktok.com\/@p10col"]},{"@type":"Person","@id":"https:\/\/pagina10.com\/web\/#\/schema\/person\/2efc4a090d25b667d3bc796798a3a81b","name":"P\u00e1gina 10","description":"P\u00e1gina 10 es un peri\u00f3dico regional que nace en Colombia, en el departamento de Nari\u00f1o, con un enfoque global, fundamentado en cuatro pilares esenciales: la libertad, el pluralismo, la inclusi\u00f3n y la independencia. P\u00e1gina 10 hace referencia a Nari\u00f1o como el d\u00e9cimo departamento creado en Colombia, despu\u00e9s de un proceso pol\u00edtico liderado por actores y actrices regionales con el fin de obtener la independencia y autonom\u00eda de nuestros territorios. Con la creaci\u00f3n de P\u00e1gina 10 se pretende abrir un escenario para el dialogo, la reflexi\u00f3n y el debate que se extienda a otras geograf\u00edas de Am\u00e9rica Latina y del planeta, en una apuesta por transformar colectivamente los desaf\u00edos de un mundo contempor\u00e1neo, m\u00e1s all\u00e1 de las fronteras impuestas.","url":"https:\/\/pagina10.com\/web\/author\/pdiezadmin\/"}]}},"_links":{"self":[{"href":"https:\/\/pagina10.com\/web\/wp-json\/wp\/v2\/posts\/61532","targetHints":{"allow":["GET"]}}],"collection":[{"href":"https:\/\/pagina10.com\/web\/wp-json\/wp\/v2\/posts"}],"about":[{"href":"https:\/\/pagina10.com\/web\/wp-json\/wp\/v2\/types\/post"}],"author":[{"embeddable":true,"href":"https:\/\/pagina10.com\/web\/wp-json\/wp\/v2\/users\/1"}],"replies":[{"embeddable":true,"href":"https:\/\/pagina10.com\/web\/wp-json\/wp\/v2\/comments?post=61532"}],"version-history":[{"count":1,"href":"https:\/\/pagina10.com\/web\/wp-json\/wp\/v2\/posts\/61532\/revisions"}],"predecessor-version":[{"id":61534,"href":"https:\/\/pagina10.com\/web\/wp-json\/wp\/v2\/posts\/61532\/revisions\/61534"}],"wp:featuredmedia":[{"embeddable":true,"href":"https:\/\/pagina10.com\/web\/wp-json\/wp\/v2\/media\/61533"}],"wp:attachment":[{"href":"https:\/\/pagina10.com\/web\/wp-json\/wp\/v2\/media?parent=61532"}],"wp:term":[{"taxonomy":"category","embeddable":true,"href":"https:\/\/pagina10.com\/web\/wp-json\/wp\/v2\/categories?post=61532"},{"taxonomy":"post_tag","embeddable":true,"href":"https:\/\/pagina10.com\/web\/wp-json\/wp\/v2\/tags?post=61532"}],"curies":[{"name":"wp","href":"https:\/\/api.w.org\/{rel}","templated":true}]}}