{"id":61568,"date":"2022-09-09T22:10:06","date_gmt":"2022-09-10T03:10:06","guid":{"rendered":"https:\/\/pagina10.com\/web\/?p=61568"},"modified":"2022-09-09T22:10:06","modified_gmt":"2022-09-10T03:10:06","slug":"mauricio-ortiz-nuevo-secretario-de-agricultura-de-narino","status":"publish","type":"post","link":"https:\/\/pagina10.com\/web\/mauricio-ortiz-nuevo-secretario-de-agricultura-de-narino\/","title":{"rendered":"Mauricio Ortiz, nuevo secretario de Agricultura de Nari\u00f1o"},"content":{"rendered":"<p style=\"text-align: justify;\">El ingeniero agr\u00f3nomo y magister en administraci\u00f3n de empresas, Mauricio Ortiz, fue nombrado como nuevo secretario de Agricultura de Nari\u00f1o luego de la renuncia de Jairo Chamorro. El funcionario tomar\u00e1 posesi\u00f3n de su cargo ante el gobernador Jhon Rojas el pr\u00f3ximo lunes 12 de septiembre.<\/p>\n<p style=\"text-align: justify;\">En el sector privado se desempe\u00f1\u00f3 como coordinador del gremio de productores de frutas y hortalizas a nivel nacional y coordinador gremial de Fedepapa. Adem\u00e1s, trabaj\u00f3 con comunidades rurales y urbanas en desarrollo social y econ\u00f3mico, organizaci\u00f3n empresarial, econom\u00eda solidaria, sector solidario, asistencia t\u00e9cnica unidades de producci\u00f3n sostenibles-producci\u00f3n limpia, proyectos de desarrollo comunitario y extensi\u00f3n rural.<\/p>\n<p style=\"text-align: justify;\">Ortiz manifest\u00f3 que su primera gesti\u00f3n ser\u00e1 consolidar un documento con la situaci\u00f3n actual del campo en el departamento y presentarlo ante el gobierno nacional con el fin de que sea incluido en el Plan de Desarrollo Nacional. Adem\u00e1s, retomar\u00e1 el proyecto a trav\u00e9s del cual se pretend\u00eda subsidiar los insumos de producci\u00f3n agraria.<\/p>\n","protected":false},"excerpt":{"rendered":"<p>El ingeniero agr\u00f3nomo y magister en administraci\u00f3n de empresas, Mauricio Ortiz, fue nombrado como nuevo secretario de Agricultura de Nari\u00f1o luego de la renuncia de Jairo Chamorro. El funcionario tomar\u00e1 posesi\u00f3n de su cargo ante el gobernador Jhon Rojas el pr\u00f3ximo lunes 12 de septiembre. En el sector privado se desempe\u00f1\u00f3 como coordinador del gremio [&hellip;]<\/p>\n","protected":false},"author":1,"featured_media":61569,"comment_status":"open","ping_status":"open","sticky":false,"template":"","format":"standard","meta":{"footnotes":""},"categories":[14],"tags":[],"class_list":["post-61568","post","type-post","status-publish","format-standard","has-post-thumbnail","hentry","category-narino-actual"],"yoast_head":"<!-- This site is optimized with the Yoast SEO plugin v27.1.1 - https:\/\/yoast.com\/product\/yoast-seo-wordpress\/ -->\n<title>Mauricio Ortiz, nuevo secretario de Agricultura de Nari\u00f1o | P\u00e1gina10<\/title>\n<meta name=\"robots\" content=\"index, follow, max-snippet:-1, max-image-preview:large, max-video-preview:-1\" \/>\n<link rel=\"canonical\" href=\"https:\/\/pagina10.com\/web\/mauricio-ortiz-nuevo-secretario-de-agricultura-de-narino\/\" \/>\n<meta property=\"og:locale\" content=\"es_ES\" \/>\n<meta property=\"og:type\" content=\"article\" \/>\n<meta property=\"og:title\" content=\"Mauricio Ortiz, nuevo secretario de Agricultura de Nari\u00f1o | P\u00e1gina10\" \/>\n<meta property=\"og:description\" content=\"El ingeniero agr\u00f3nomo y magister en administraci\u00f3n de empresas, Mauricio Ortiz, fue nombrado como nuevo secretario de Agricultura de Nari\u00f1o luego de la renuncia de Jairo Chamorro. El funcionario tomar\u00e1 posesi\u00f3n de su cargo ante el gobernador Jhon Rojas el pr\u00f3ximo lunes 12 de septiembre. En el sector privado se desempe\u00f1\u00f3 como coordinador del gremio [&hellip;]\" \/>\n<meta property=\"og:url\" content=\"https:\/\/pagina10.com\/web\/mauricio-ortiz-nuevo-secretario-de-agricultura-de-narino\/\" \/>\n<meta property=\"og:site_name\" content=\"P\u00e1gina10\" \/>\n<meta property=\"article:publisher\" content=\"https:\/\/www.facebook.com\/pag10com\" \/>\n<meta property=\"article:published_time\" content=\"2022-09-10T03:10:06+00:00\" \/>\n<meta property=\"og:image\" content=\"https:\/\/pagina10.com\/web\/wp-content\/uploads\/2022\/09\/Screenshot_20220909-215430_YouTube-1.jpg\" \/>\n\t<meta property=\"og:image:width\" content=\"720\" \/>\n\t<meta property=\"og:image:height\" content=\"391\" \/>\n\t<meta property=\"og:image:type\" content=\"image\/jpeg\" \/>\n<meta name=\"author\" content=\"P\u00e1gina 10\" \/>\n<meta name=\"twitter:card\" content=\"summary_large_image\" \/>\n<meta name=\"twitter:creator\" content=\"@Pag10com\" \/>\n<meta name=\"twitter:site\" content=\"@Pag10com\" \/>\n<meta name=\"twitter:label1\" content=\"Escrito por\" \/>\n\t<meta name=\"twitter:data1\" content=\"P\u00e1gina 10\" \/>\n\t<meta name=\"twitter:label2\" content=\"Tiempo de lectura\" \/>\n\t<meta name=\"twitter:data2\" content=\"1 minuto\" \/>\n<script type=\"application\/ld+json\" class=\"yoast-schema-graph\">{\"@context\":\"https:\/\/schema.org\",\"@graph\":[{\"@type\":\"Article\",\"@id\":\"https:\/\/pagina10.com\/web\/mauricio-ortiz-nuevo-secretario-de-agricultura-de-narino\/#article\",\"isPartOf\":{\"@id\":\"https:\/\/pagina10.com\/web\/mauricio-ortiz-nuevo-secretario-de-agricultura-de-narino\/\"},\"author\":{\"name\":\"P\u00e1gina 10\",\"@id\":\"https:\/\/pagina10.com\/web\/#\/schema\/person\/2efc4a090d25b667d3bc796798a3a81b\"},\"headline\":\"Mauricio Ortiz, nuevo secretario de Agricultura de Nari\u00f1o\",\"datePublished\":\"2022-09-10T03:10:06+00:00\",\"mainEntityOfPage\":{\"@id\":\"https:\/\/pagina10.com\/web\/mauricio-ortiz-nuevo-secretario-de-agricultura-de-narino\/\"},\"wordCount\":182,\"commentCount\":0,\"publisher\":{\"@id\":\"https:\/\/pagina10.com\/web\/#organization\"},\"image\":{\"@id\":\"https:\/\/pagina10.com\/web\/mauricio-ortiz-nuevo-secretario-de-agricultura-de-narino\/#primaryimage\"},\"thumbnailUrl\":\"https:\/\/pagina10.com\/web\/wp-content\/uploads\/2022\/09\/Screenshot_20220909-215430_YouTube-1.jpg\",\"articleSection\":[\"Nari\u00f1o Actual\"],\"inLanguage\":\"es\",\"potentialAction\":[{\"@type\":\"CommentAction\",\"name\":\"Comment\",\"target\":[\"https:\/\/pagina10.com\/web\/mauricio-ortiz-nuevo-secretario-de-agricultura-de-narino\/#respond\"]}]},{\"@type\":\"WebPage\",\"@id\":\"https:\/\/pagina10.com\/web\/mauricio-ortiz-nuevo-secretario-de-agricultura-de-narino\/\",\"url\":\"https:\/\/pagina10.com\/web\/mauricio-ortiz-nuevo-secretario-de-agricultura-de-narino\/\",\"name\":\"Mauricio Ortiz, nuevo secretario de Agricultura de Nari\u00f1o | P\u00e1gina10\",\"isPartOf\":{\"@id\":\"https:\/\/pagina10.com\/web\/#website\"},\"primaryImageOfPage\":{\"@id\":\"https:\/\/pagina10.com\/web\/mauricio-ortiz-nuevo-secretario-de-agricultura-de-narino\/#primaryimage\"},\"image\":{\"@id\":\"https:\/\/pagina10.com\/web\/mauricio-ortiz-nuevo-secretario-de-agricultura-de-narino\/#primaryimage\"},\"thumbnailUrl\":\"https:\/\/pagina10.com\/web\/wp-content\/uploads\/2022\/09\/Screenshot_20220909-215430_YouTube-1.jpg\",\"datePublished\":\"2022-09-10T03:10:06+00:00\",\"breadcrumb\":{\"@id\":\"https:\/\/pagina10.com\/web\/mauricio-ortiz-nuevo-secretario-de-agricultura-de-narino\/#breadcrumb\"},\"inLanguage\":\"es\",\"potentialAction\":[{\"@type\":\"ReadAction\",\"target\":[\"https:\/\/pagina10.com\/web\/mauricio-ortiz-nuevo-secretario-de-agricultura-de-narino\/\"]}]},{\"@type\":\"ImageObject\",\"inLanguage\":\"es\",\"@id\":\"https:\/\/pagina10.com\/web\/mauricio-ortiz-nuevo-secretario-de-agricultura-de-narino\/#primaryimage\",\"url\":\"https:\/\/pagina10.com\/web\/wp-content\/uploads\/2022\/09\/Screenshot_20220909-215430_YouTube-1.jpg\",\"contentUrl\":\"https:\/\/pagina10.com\/web\/wp-content\/uploads\/2022\/09\/Screenshot_20220909-215430_YouTube-1.jpg\",\"width\":720,\"height\":391},{\"@type\":\"BreadcrumbList\",\"@id\":\"https:\/\/pagina10.com\/web\/mauricio-ortiz-nuevo-secretario-de-agricultura-de-narino\/#breadcrumb\",\"itemListElement\":[{\"@type\":\"ListItem\",\"position\":1,\"name\":\"Portada\",\"item\":\"https:\/\/pagina10.com\/web\/\"},{\"@type\":\"ListItem\",\"position\":2,\"name\":\"Mauricio Ortiz, nuevo secretario de Agricultura de Nari\u00f1o\"}]},{\"@type\":\"WebSite\",\"@id\":\"https:\/\/pagina10.com\/web\/#website\",\"url\":\"https:\/\/pagina10.com\/web\/\",\"name\":\"P\u00e1gina10\",\"description\":\"Peri\u00f3dico Regional\",\"publisher\":{\"@id\":\"https:\/\/pagina10.com\/web\/#organization\"},\"alternateName\":\"P\u00e1gina10 Peri\u00f3dico Regional\",\"potentialAction\":[{\"@type\":\"SearchAction\",\"target\":{\"@type\":\"EntryPoint\",\"urlTemplate\":\"https:\/\/pagina10.com\/web\/?s={search_term_string}\"},\"query-input\":{\"@type\":\"PropertyValueSpecification\",\"valueRequired\":true,\"valueName\":\"search_term_string\"}}],\"inLanguage\":\"es\"},{\"@type\":\"Organization\",\"@id\":\"https:\/\/pagina10.com\/web\/#organization\",\"name\":\"P\u00e1gina10\",\"alternateName\":\"P\u00e1gina10 Peri\u00f3dico Regional\",\"url\":\"https:\/\/pagina10.com\/web\/\",\"logo\":{\"@type\":\"ImageObject\",\"inLanguage\":\"es\",\"@id\":\"https:\/\/pagina10.com\/web\/#\/schema\/logo\/image\/\",\"url\":\"https:\/\/pagina10.com\/web\/wp-content\/uploads\/2024\/01\/40-pagina-10-periodico-regional-pasto.jpg\",\"contentUrl\":\"https:\/\/pagina10.com\/web\/wp-content\/uploads\/2024\/01\/40-pagina-10-periodico-regional-pasto.jpg\",\"width\":1280,\"height\":720,\"caption\":\"P\u00e1gina10\"},\"image\":{\"@id\":\"https:\/\/pagina10.com\/web\/#\/schema\/logo\/image\/\"},\"sameAs\":[\"https:\/\/www.facebook.com\/pag10com\",\"https:\/\/x.com\/Pag10com\",\"https:\/\/www.instagram.com\/pagina10col\/\",\"https:\/\/youtube.com\/channel\/pag10\",\"https:\/\/www.tiktok.com\/@p10col\"]},{\"@type\":\"Person\",\"@id\":\"https:\/\/pagina10.com\/web\/#\/schema\/person\/2efc4a090d25b667d3bc796798a3a81b\",\"name\":\"P\u00e1gina 10\",\"description\":\"P\u00e1gina 10 es un peri\u00f3dico regional que nace en Colombia, en el departamento de Nari\u00f1o, con un enfoque global, fundamentado en cuatro pilares esenciales: la libertad, el pluralismo, la inclusi\u00f3n y la independencia. P\u00e1gina 10 hace referencia a Nari\u00f1o como el d\u00e9cimo departamento creado en Colombia, despu\u00e9s de un proceso pol\u00edtico liderado por actores y actrices regionales con el fin de obtener la independencia y autonom\u00eda de nuestros territorios. Con la creaci\u00f3n de P\u00e1gina 10 se pretende abrir un escenario para el dialogo, la reflexi\u00f3n y el debate que se extienda a otras geograf\u00edas de Am\u00e9rica Latina y del planeta, en una apuesta por transformar colectivamente los desaf\u00edos de un mundo contempor\u00e1neo, m\u00e1s all\u00e1 de las fronteras impuestas.\",\"url\":\"https:\/\/pagina10.com\/web\/author\/pdiezadmin\/\"}]}<\/script>\n<!-- \/ Yoast SEO plugin. -->","yoast_head_json":{"title":"Mauricio Ortiz, nuevo secretario de Agricultura de Nari\u00f1o | P\u00e1gina10","robots":{"index":"index","follow":"follow","max-snippet":"max-snippet:-1","max-image-preview":"max-image-preview:large","max-video-preview":"max-video-preview:-1"},"canonical":"https:\/\/pagina10.com\/web\/mauricio-ortiz-nuevo-secretario-de-agricultura-de-narino\/","og_locale":"es_ES","og_type":"article","og_title":"Mauricio Ortiz, nuevo secretario de Agricultura de Nari\u00f1o | P\u00e1gina10","og_description":"El ingeniero agr\u00f3nomo y magister en administraci\u00f3n de empresas, Mauricio Ortiz, fue nombrado como nuevo secretario de Agricultura de Nari\u00f1o luego de la renuncia de Jairo Chamorro. El funcionario tomar\u00e1 posesi\u00f3n de su cargo ante el gobernador Jhon Rojas el pr\u00f3ximo lunes 12 de septiembre. En el sector privado se desempe\u00f1\u00f3 como coordinador del gremio [&hellip;]","og_url":"https:\/\/pagina10.com\/web\/mauricio-ortiz-nuevo-secretario-de-agricultura-de-narino\/","og_site_name":"P\u00e1gina10","article_publisher":"https:\/\/www.facebook.com\/pag10com","article_published_time":"2022-09-10T03:10:06+00:00","og_image":[{"width":720,"height":391,"url":"https:\/\/pagina10.com\/web\/wp-content\/uploads\/2022\/09\/Screenshot_20220909-215430_YouTube-1.jpg","type":"image\/jpeg"}],"author":"P\u00e1gina 10","twitter_card":"summary_large_image","twitter_creator":"@Pag10com","twitter_site":"@Pag10com","twitter_misc":{"Escrito por":"P\u00e1gina 10","Tiempo de lectura":"1 minuto"},"schema":{"@context":"https:\/\/schema.org","@graph":[{"@type":"Article","@id":"https:\/\/pagina10.com\/web\/mauricio-ortiz-nuevo-secretario-de-agricultura-de-narino\/#article","isPartOf":{"@id":"https:\/\/pagina10.com\/web\/mauricio-ortiz-nuevo-secretario-de-agricultura-de-narino\/"},"author":{"name":"P\u00e1gina 10","@id":"https:\/\/pagina10.com\/web\/#\/schema\/person\/2efc4a090d25b667d3bc796798a3a81b"},"headline":"Mauricio Ortiz, nuevo secretario de Agricultura de Nari\u00f1o","datePublished":"2022-09-10T03:10:06+00:00","mainEntityOfPage":{"@id":"https:\/\/pagina10.com\/web\/mauricio-ortiz-nuevo-secretario-de-agricultura-de-narino\/"},"wordCount":182,"commentCount":0,"publisher":{"@id":"https:\/\/pagina10.com\/web\/#organization"},"image":{"@id":"https:\/\/pagina10.com\/web\/mauricio-ortiz-nuevo-secretario-de-agricultura-de-narino\/#primaryimage"},"thumbnailUrl":"https:\/\/pagina10.com\/web\/wp-content\/uploads\/2022\/09\/Screenshot_20220909-215430_YouTube-1.jpg","articleSection":["Nari\u00f1o Actual"],"inLanguage":"es","potentialAction":[{"@type":"CommentAction","name":"Comment","target":["https:\/\/pagina10.com\/web\/mauricio-ortiz-nuevo-secretario-de-agricultura-de-narino\/#respond"]}]},{"@type":"WebPage","@id":"https:\/\/pagina10.com\/web\/mauricio-ortiz-nuevo-secretario-de-agricultura-de-narino\/","url":"https:\/\/pagina10.com\/web\/mauricio-ortiz-nuevo-secretario-de-agricultura-de-narino\/","name":"Mauricio Ortiz, nuevo secretario de Agricultura de Nari\u00f1o | P\u00e1gina10","isPartOf":{"@id":"https:\/\/pagina10.com\/web\/#website"},"primaryImageOfPage":{"@id":"https:\/\/pagina10.com\/web\/mauricio-ortiz-nuevo-secretario-de-agricultura-de-narino\/#primaryimage"},"image":{"@id":"https:\/\/pagina10.com\/web\/mauricio-ortiz-nuevo-secretario-de-agricultura-de-narino\/#primaryimage"},"thumbnailUrl":"https:\/\/pagina10.com\/web\/wp-content\/uploads\/2022\/09\/Screenshot_20220909-215430_YouTube-1.jpg","datePublished":"2022-09-10T03:10:06+00:00","breadcrumb":{"@id":"https:\/\/pagina10.com\/web\/mauricio-ortiz-nuevo-secretario-de-agricultura-de-narino\/#breadcrumb"},"inLanguage":"es","potentialAction":[{"@type":"ReadAction","target":["https:\/\/pagina10.com\/web\/mauricio-ortiz-nuevo-secretario-de-agricultura-de-narino\/"]}]},{"@type":"ImageObject","inLanguage":"es","@id":"https:\/\/pagina10.com\/web\/mauricio-ortiz-nuevo-secretario-de-agricultura-de-narino\/#primaryimage","url":"https:\/\/pagina10.com\/web\/wp-content\/uploads\/2022\/09\/Screenshot_20220909-215430_YouTube-1.jpg","contentUrl":"https:\/\/pagina10.com\/web\/wp-content\/uploads\/2022\/09\/Screenshot_20220909-215430_YouTube-1.jpg","width":720,"height":391},{"@type":"BreadcrumbList","@id":"https:\/\/pagina10.com\/web\/mauricio-ortiz-nuevo-secretario-de-agricultura-de-narino\/#breadcrumb","itemListElement":[{"@type":"ListItem","position":1,"name":"Portada","item":"https:\/\/pagina10.com\/web\/"},{"@type":"ListItem","position":2,"name":"Mauricio Ortiz, nuevo secretario de Agricultura de Nari\u00f1o"}]},{"@type":"WebSite","@id":"https:\/\/pagina10.com\/web\/#website","url":"https:\/\/pagina10.com\/web\/","name":"P\u00e1gina10","description":"Peri\u00f3dico Regional","publisher":{"@id":"https:\/\/pagina10.com\/web\/#organization"},"alternateName":"P\u00e1gina10 Peri\u00f3dico Regional","potentialAction":[{"@type":"SearchAction","target":{"@type":"EntryPoint","urlTemplate":"https:\/\/pagina10.com\/web\/?s={search_term_string}"},"query-input":{"@type":"PropertyValueSpecification","valueRequired":true,"valueName":"search_term_string"}}],"inLanguage":"es"},{"@type":"Organization","@id":"https:\/\/pagina10.com\/web\/#organization","name":"P\u00e1gina10","alternateName":"P\u00e1gina10 Peri\u00f3dico Regional","url":"https:\/\/pagina10.com\/web\/","logo":{"@type":"ImageObject","inLanguage":"es","@id":"https:\/\/pagina10.com\/web\/#\/schema\/logo\/image\/","url":"https:\/\/pagina10.com\/web\/wp-content\/uploads\/2024\/01\/40-pagina-10-periodico-regional-pasto.jpg","contentUrl":"https:\/\/pagina10.com\/web\/wp-content\/uploads\/2024\/01\/40-pagina-10-periodico-regional-pasto.jpg","width":1280,"height":720,"caption":"P\u00e1gina10"},"image":{"@id":"https:\/\/pagina10.com\/web\/#\/schema\/logo\/image\/"},"sameAs":["https:\/\/www.facebook.com\/pag10com","https:\/\/x.com\/Pag10com","https:\/\/www.instagram.com\/pagina10col\/","https:\/\/youtube.com\/channel\/pag10","https:\/\/www.tiktok.com\/@p10col"]},{"@type":"Person","@id":"https:\/\/pagina10.com\/web\/#\/schema\/person\/2efc4a090d25b667d3bc796798a3a81b","name":"P\u00e1gina 10","description":"P\u00e1gina 10 es un peri\u00f3dico regional que nace en Colombia, en el departamento de Nari\u00f1o, con un enfoque global, fundamentado en cuatro pilares esenciales: la libertad, el pluralismo, la inclusi\u00f3n y la independencia. P\u00e1gina 10 hace referencia a Nari\u00f1o como el d\u00e9cimo departamento creado en Colombia, despu\u00e9s de un proceso pol\u00edtico liderado por actores y actrices regionales con el fin de obtener la independencia y autonom\u00eda de nuestros territorios. Con la creaci\u00f3n de P\u00e1gina 10 se pretende abrir un escenario para el dialogo, la reflexi\u00f3n y el debate que se extienda a otras geograf\u00edas de Am\u00e9rica Latina y del planeta, en una apuesta por transformar colectivamente los desaf\u00edos de un mundo contempor\u00e1neo, m\u00e1s all\u00e1 de las fronteras impuestas.","url":"https:\/\/pagina10.com\/web\/author\/pdiezadmin\/"}]}},"_links":{"self":[{"href":"https:\/\/pagina10.com\/web\/wp-json\/wp\/v2\/posts\/61568","targetHints":{"allow":["GET"]}}],"collection":[{"href":"https:\/\/pagina10.com\/web\/wp-json\/wp\/v2\/posts"}],"about":[{"href":"https:\/\/pagina10.com\/web\/wp-json\/wp\/v2\/types\/post"}],"author":[{"embeddable":true,"href":"https:\/\/pagina10.com\/web\/wp-json\/wp\/v2\/users\/1"}],"replies":[{"embeddable":true,"href":"https:\/\/pagina10.com\/web\/wp-json\/wp\/v2\/comments?post=61568"}],"version-history":[{"count":1,"href":"https:\/\/pagina10.com\/web\/wp-json\/wp\/v2\/posts\/61568\/revisions"}],"predecessor-version":[{"id":61570,"href":"https:\/\/pagina10.com\/web\/wp-json\/wp\/v2\/posts\/61568\/revisions\/61570"}],"wp:featuredmedia":[{"embeddable":true,"href":"https:\/\/pagina10.com\/web\/wp-json\/wp\/v2\/media\/61569"}],"wp:attachment":[{"href":"https:\/\/pagina10.com\/web\/wp-json\/wp\/v2\/media?parent=61568"}],"wp:term":[{"taxonomy":"category","embeddable":true,"href":"https:\/\/pagina10.com\/web\/wp-json\/wp\/v2\/categories?post=61568"},{"taxonomy":"post_tag","embeddable":true,"href":"https:\/\/pagina10.com\/web\/wp-json\/wp\/v2\/tags?post=61568"}],"curies":[{"name":"wp","href":"https:\/\/api.w.org\/{rel}","templated":true}]}}