{"id":61615,"date":"2022-09-12T23:50:59","date_gmt":"2022-09-13T04:50:59","guid":{"rendered":"https:\/\/pagina10.com\/web\/?p=61615"},"modified":"2022-09-12T23:50:59","modified_gmt":"2022-09-13T04:50:59","slug":"disidencias-de-las-farc-en-narino-se-unirian-a-la-paz-total-de-petro-pero-con-condiciones","status":"publish","type":"post","link":"https:\/\/pagina10.com\/web\/disidencias-de-las-farc-en-narino-se-unirian-a-la-paz-total-de-petro-pero-con-condiciones\/","title":{"rendered":"Disidencias de las Farc en Nari\u00f1o se unir\u00edan a la paz total de Petro, pero con condiciones"},"content":{"rendered":"<p style=\"text-align: justify;\">En un video filmado en las monta\u00f1as de Nari\u00f1o, el comandante de la Columna M\u00f3vil Ur\u00edas Rond\u00f3n de las disidencias de las Farc que operan en Nari\u00f1o, \u00d3scar Garc\u00eda, envi\u00f3 un mensaje al presidente de la Rep\u00fablica Gustavo Petro a quien le declar\u00f3 su idea de unirse a la paz total siempre y cuando se cumplan dos condiciones.<\/p>\n<p style=\"text-align: justify;\">La primera un cese bilateral al fuego \u201cpara generar un ambiente propicio donde nos podamos sentar a resolver las causas que han generado la violencia en Colombia\u201d. Sin embargo, advirti\u00f3 que \u201cseguiremos combatiendo a todos los grupos paramilitares que insistan en causar da\u00f1o al pueblo colombiano\u201d.<\/p>\n<p style=\"text-align: justify;\">Como segunda condici\u00f3n, hizo un llamado al presidente, a su ministro de Defensa y a los altos mandos militares \u201cpara que entreguen los nombres de los oficiales, suboficiales y soldados, que fueron denunciados por la comunidad por tener alianzas con grupos paramilitares como \u2018Los Contadores\u2019, \u2018Oliver Sinisterra\u2019, \u2018Los Allende\u2019 y \u2018Los Diegos\u2019 que bajo el nombre de la \u2018Nueva Marquetalia\u2019 y mediante enga\u00f1os, han causado el terror en el departamento con continuos desplazamientos y confinamientos de la poblaci\u00f3n civil\u201d.<\/p>\n<p style=\"text-align: justify;\">Hasta el momento, ni el presidente Petro ni ninguno de los funcionarios de su gabinete se han referido sobre este anuncio dado a conocer en las \u00faltimas horas por el mencionado grupo de disidentes de las Farc.<\/p>\n","protected":false},"excerpt":{"rendered":"<p>En un video filmado en las monta\u00f1as de Nari\u00f1o, el comandante de la Columna M\u00f3vil Ur\u00edas Rond\u00f3n de las disidencias de las Farc que operan en Nari\u00f1o, \u00d3scar Garc\u00eda, envi\u00f3 un mensaje al presidente de la Rep\u00fablica Gustavo Petro a quien le declar\u00f3 su idea de unirse a la paz total siempre y cuando se [&hellip;]<\/p>\n","protected":false},"author":1,"featured_media":61616,"comment_status":"open","ping_status":"open","sticky":false,"template":"","format":"standard","meta":{"footnotes":""},"categories":[61],"tags":[],"class_list":["post-61615","post","type-post","status-publish","format-standard","has-post-thumbnail","hentry","category-judicial"],"yoast_head":"<!-- This site is optimized with the Yoast SEO plugin v27.1.1 - https:\/\/yoast.com\/product\/yoast-seo-wordpress\/ -->\n<title>Disidencias de las Farc en Nari\u00f1o se unir\u00edan a la paz total de Petro, pero con condiciones | P\u00e1gina10<\/title>\n<meta name=\"robots\" content=\"index, follow, max-snippet:-1, max-image-preview:large, max-video-preview:-1\" \/>\n<link rel=\"canonical\" href=\"https:\/\/pagina10.com\/web\/disidencias-de-las-farc-en-narino-se-unirian-a-la-paz-total-de-petro-pero-con-condiciones\/\" \/>\n<meta property=\"og:locale\" content=\"es_ES\" \/>\n<meta property=\"og:type\" content=\"article\" \/>\n<meta property=\"og:title\" content=\"Disidencias de las Farc en Nari\u00f1o se unir\u00edan a la paz total de Petro, pero con condiciones | P\u00e1gina10\" \/>\n<meta property=\"og:description\" content=\"En un video filmado en las monta\u00f1as de Nari\u00f1o, el comandante de la Columna M\u00f3vil Ur\u00edas Rond\u00f3n de las disidencias de las Farc que operan en Nari\u00f1o, \u00d3scar Garc\u00eda, envi\u00f3 un mensaje al presidente de la Rep\u00fablica Gustavo Petro a quien le declar\u00f3 su idea de unirse a la paz total siempre y cuando se [&hellip;]\" \/>\n<meta property=\"og:url\" content=\"https:\/\/pagina10.com\/web\/disidencias-de-las-farc-en-narino-se-unirian-a-la-paz-total-de-petro-pero-con-condiciones\/\" \/>\n<meta property=\"og:site_name\" content=\"P\u00e1gina10\" \/>\n<meta property=\"article:publisher\" content=\"https:\/\/www.facebook.com\/pag10com\" \/>\n<meta property=\"article:published_time\" content=\"2022-09-13T04:50:59+00:00\" \/>\n<meta property=\"og:image\" content=\"https:\/\/pagina10.com\/web\/wp-content\/uploads\/2022\/09\/631dea8c43fca.jpeg\" \/>\n\t<meta property=\"og:image:width\" content=\"980\" \/>\n\t<meta property=\"og:image:height\" content=\"590\" \/>\n\t<meta property=\"og:image:type\" content=\"image\/jpeg\" \/>\n<meta name=\"author\" content=\"P\u00e1gina 10\" \/>\n<meta name=\"twitter:card\" content=\"summary_large_image\" \/>\n<meta name=\"twitter:creator\" content=\"@Pag10com\" \/>\n<meta name=\"twitter:site\" content=\"@Pag10com\" \/>\n<meta name=\"twitter:label1\" content=\"Escrito por\" \/>\n\t<meta name=\"twitter:data1\" content=\"P\u00e1gina 10\" \/>\n\t<meta name=\"twitter:label2\" content=\"Tiempo de lectura\" \/>\n\t<meta name=\"twitter:data2\" content=\"1 minuto\" \/>\n<script type=\"application\/ld+json\" class=\"yoast-schema-graph\">{\"@context\":\"https:\/\/schema.org\",\"@graph\":[{\"@type\":\"Article\",\"@id\":\"https:\/\/pagina10.com\/web\/disidencias-de-las-farc-en-narino-se-unirian-a-la-paz-total-de-petro-pero-con-condiciones\/#article\",\"isPartOf\":{\"@id\":\"https:\/\/pagina10.com\/web\/disidencias-de-las-farc-en-narino-se-unirian-a-la-paz-total-de-petro-pero-con-condiciones\/\"},\"author\":{\"name\":\"P\u00e1gina 10\",\"@id\":\"https:\/\/pagina10.com\/web\/#\/schema\/person\/2efc4a090d25b667d3bc796798a3a81b\"},\"headline\":\"Disidencias de las Farc en Nari\u00f1o se unir\u00edan a la paz total de Petro, pero con condiciones\",\"datePublished\":\"2022-09-13T04:50:59+00:00\",\"mainEntityOfPage\":{\"@id\":\"https:\/\/pagina10.com\/web\/disidencias-de-las-farc-en-narino-se-unirian-a-la-paz-total-de-petro-pero-con-condiciones\/\"},\"wordCount\":251,\"commentCount\":0,\"publisher\":{\"@id\":\"https:\/\/pagina10.com\/web\/#organization\"},\"image\":{\"@id\":\"https:\/\/pagina10.com\/web\/disidencias-de-las-farc-en-narino-se-unirian-a-la-paz-total-de-petro-pero-con-condiciones\/#primaryimage\"},\"thumbnailUrl\":\"https:\/\/pagina10.com\/web\/wp-content\/uploads\/2022\/09\/631dea8c43fca.jpeg\",\"articleSection\":[\"Judicial\"],\"inLanguage\":\"es\",\"potentialAction\":[{\"@type\":\"CommentAction\",\"name\":\"Comment\",\"target\":[\"https:\/\/pagina10.com\/web\/disidencias-de-las-farc-en-narino-se-unirian-a-la-paz-total-de-petro-pero-con-condiciones\/#respond\"]}]},{\"@type\":\"WebPage\",\"@id\":\"https:\/\/pagina10.com\/web\/disidencias-de-las-farc-en-narino-se-unirian-a-la-paz-total-de-petro-pero-con-condiciones\/\",\"url\":\"https:\/\/pagina10.com\/web\/disidencias-de-las-farc-en-narino-se-unirian-a-la-paz-total-de-petro-pero-con-condiciones\/\",\"name\":\"Disidencias de las Farc en Nari\u00f1o se unir\u00edan a la paz total de Petro, pero con condiciones | P\u00e1gina10\",\"isPartOf\":{\"@id\":\"https:\/\/pagina10.com\/web\/#website\"},\"primaryImageOfPage\":{\"@id\":\"https:\/\/pagina10.com\/web\/disidencias-de-las-farc-en-narino-se-unirian-a-la-paz-total-de-petro-pero-con-condiciones\/#primaryimage\"},\"image\":{\"@id\":\"https:\/\/pagina10.com\/web\/disidencias-de-las-farc-en-narino-se-unirian-a-la-paz-total-de-petro-pero-con-condiciones\/#primaryimage\"},\"thumbnailUrl\":\"https:\/\/pagina10.com\/web\/wp-content\/uploads\/2022\/09\/631dea8c43fca.jpeg\",\"datePublished\":\"2022-09-13T04:50:59+00:00\",\"breadcrumb\":{\"@id\":\"https:\/\/pagina10.com\/web\/disidencias-de-las-farc-en-narino-se-unirian-a-la-paz-total-de-petro-pero-con-condiciones\/#breadcrumb\"},\"inLanguage\":\"es\",\"potentialAction\":[{\"@type\":\"ReadAction\",\"target\":[\"https:\/\/pagina10.com\/web\/disidencias-de-las-farc-en-narino-se-unirian-a-la-paz-total-de-petro-pero-con-condiciones\/\"]}]},{\"@type\":\"ImageObject\",\"inLanguage\":\"es\",\"@id\":\"https:\/\/pagina10.com\/web\/disidencias-de-las-farc-en-narino-se-unirian-a-la-paz-total-de-petro-pero-con-condiciones\/#primaryimage\",\"url\":\"https:\/\/pagina10.com\/web\/wp-content\/uploads\/2022\/09\/631dea8c43fca.jpeg\",\"contentUrl\":\"https:\/\/pagina10.com\/web\/wp-content\/uploads\/2022\/09\/631dea8c43fca.jpeg\",\"width\":980,\"height\":590},{\"@type\":\"BreadcrumbList\",\"@id\":\"https:\/\/pagina10.com\/web\/disidencias-de-las-farc-en-narino-se-unirian-a-la-paz-total-de-petro-pero-con-condiciones\/#breadcrumb\",\"itemListElement\":[{\"@type\":\"ListItem\",\"position\":1,\"name\":\"Portada\",\"item\":\"https:\/\/pagina10.com\/web\/\"},{\"@type\":\"ListItem\",\"position\":2,\"name\":\"Disidencias de las Farc en Nari\u00f1o se unir\u00edan a la paz total de Petro, pero con condiciones\"}]},{\"@type\":\"WebSite\",\"@id\":\"https:\/\/pagina10.com\/web\/#website\",\"url\":\"https:\/\/pagina10.com\/web\/\",\"name\":\"P\u00e1gina10\",\"description\":\"Peri\u00f3dico Regional\",\"publisher\":{\"@id\":\"https:\/\/pagina10.com\/web\/#organization\"},\"alternateName\":\"P\u00e1gina10 Peri\u00f3dico Regional\",\"potentialAction\":[{\"@type\":\"SearchAction\",\"target\":{\"@type\":\"EntryPoint\",\"urlTemplate\":\"https:\/\/pagina10.com\/web\/?s={search_term_string}\"},\"query-input\":{\"@type\":\"PropertyValueSpecification\",\"valueRequired\":true,\"valueName\":\"search_term_string\"}}],\"inLanguage\":\"es\"},{\"@type\":\"Organization\",\"@id\":\"https:\/\/pagina10.com\/web\/#organization\",\"name\":\"P\u00e1gina10\",\"alternateName\":\"P\u00e1gina10 Peri\u00f3dico Regional\",\"url\":\"https:\/\/pagina10.com\/web\/\",\"logo\":{\"@type\":\"ImageObject\",\"inLanguage\":\"es\",\"@id\":\"https:\/\/pagina10.com\/web\/#\/schema\/logo\/image\/\",\"url\":\"https:\/\/pagina10.com\/web\/wp-content\/uploads\/2024\/01\/40-pagina-10-periodico-regional-pasto.jpg\",\"contentUrl\":\"https:\/\/pagina10.com\/web\/wp-content\/uploads\/2024\/01\/40-pagina-10-periodico-regional-pasto.jpg\",\"width\":1280,\"height\":720,\"caption\":\"P\u00e1gina10\"},\"image\":{\"@id\":\"https:\/\/pagina10.com\/web\/#\/schema\/logo\/image\/\"},\"sameAs\":[\"https:\/\/www.facebook.com\/pag10com\",\"https:\/\/x.com\/Pag10com\",\"https:\/\/www.instagram.com\/pagina10col\/\",\"https:\/\/youtube.com\/channel\/pag10\",\"https:\/\/www.tiktok.com\/@p10col\"]},{\"@type\":\"Person\",\"@id\":\"https:\/\/pagina10.com\/web\/#\/schema\/person\/2efc4a090d25b667d3bc796798a3a81b\",\"name\":\"P\u00e1gina 10\",\"description\":\"P\u00e1gina 10 es un peri\u00f3dico regional que nace en Colombia, en el departamento de Nari\u00f1o, con un enfoque global, fundamentado en cuatro pilares esenciales: la libertad, el pluralismo, la inclusi\u00f3n y la independencia. P\u00e1gina 10 hace referencia a Nari\u00f1o como el d\u00e9cimo departamento creado en Colombia, despu\u00e9s de un proceso pol\u00edtico liderado por actores y actrices regionales con el fin de obtener la independencia y autonom\u00eda de nuestros territorios. Con la creaci\u00f3n de P\u00e1gina 10 se pretende abrir un escenario para el dialogo, la reflexi\u00f3n y el debate que se extienda a otras geograf\u00edas de Am\u00e9rica Latina y del planeta, en una apuesta por transformar colectivamente los desaf\u00edos de un mundo contempor\u00e1neo, m\u00e1s all\u00e1 de las fronteras impuestas.\",\"url\":\"https:\/\/pagina10.com\/web\/author\/pdiezadmin\/\"}]}<\/script>\n<!-- \/ Yoast SEO plugin. -->","yoast_head_json":{"title":"Disidencias de las Farc en Nari\u00f1o se unir\u00edan a la paz total de Petro, pero con condiciones | P\u00e1gina10","robots":{"index":"index","follow":"follow","max-snippet":"max-snippet:-1","max-image-preview":"max-image-preview:large","max-video-preview":"max-video-preview:-1"},"canonical":"https:\/\/pagina10.com\/web\/disidencias-de-las-farc-en-narino-se-unirian-a-la-paz-total-de-petro-pero-con-condiciones\/","og_locale":"es_ES","og_type":"article","og_title":"Disidencias de las Farc en Nari\u00f1o se unir\u00edan a la paz total de Petro, pero con condiciones | P\u00e1gina10","og_description":"En un video filmado en las monta\u00f1as de Nari\u00f1o, el comandante de la Columna M\u00f3vil Ur\u00edas Rond\u00f3n de las disidencias de las Farc que operan en Nari\u00f1o, \u00d3scar Garc\u00eda, envi\u00f3 un mensaje al presidente de la Rep\u00fablica Gustavo Petro a quien le declar\u00f3 su idea de unirse a la paz total siempre y cuando se [&hellip;]","og_url":"https:\/\/pagina10.com\/web\/disidencias-de-las-farc-en-narino-se-unirian-a-la-paz-total-de-petro-pero-con-condiciones\/","og_site_name":"P\u00e1gina10","article_publisher":"https:\/\/www.facebook.com\/pag10com","article_published_time":"2022-09-13T04:50:59+00:00","og_image":[{"width":980,"height":590,"url":"https:\/\/pagina10.com\/web\/wp-content\/uploads\/2022\/09\/631dea8c43fca.jpeg","type":"image\/jpeg"}],"author":"P\u00e1gina 10","twitter_card":"summary_large_image","twitter_creator":"@Pag10com","twitter_site":"@Pag10com","twitter_misc":{"Escrito por":"P\u00e1gina 10","Tiempo de lectura":"1 minuto"},"schema":{"@context":"https:\/\/schema.org","@graph":[{"@type":"Article","@id":"https:\/\/pagina10.com\/web\/disidencias-de-las-farc-en-narino-se-unirian-a-la-paz-total-de-petro-pero-con-condiciones\/#article","isPartOf":{"@id":"https:\/\/pagina10.com\/web\/disidencias-de-las-farc-en-narino-se-unirian-a-la-paz-total-de-petro-pero-con-condiciones\/"},"author":{"name":"P\u00e1gina 10","@id":"https:\/\/pagina10.com\/web\/#\/schema\/person\/2efc4a090d25b667d3bc796798a3a81b"},"headline":"Disidencias de las Farc en Nari\u00f1o se unir\u00edan a la paz total de Petro, pero con condiciones","datePublished":"2022-09-13T04:50:59+00:00","mainEntityOfPage":{"@id":"https:\/\/pagina10.com\/web\/disidencias-de-las-farc-en-narino-se-unirian-a-la-paz-total-de-petro-pero-con-condiciones\/"},"wordCount":251,"commentCount":0,"publisher":{"@id":"https:\/\/pagina10.com\/web\/#organization"},"image":{"@id":"https:\/\/pagina10.com\/web\/disidencias-de-las-farc-en-narino-se-unirian-a-la-paz-total-de-petro-pero-con-condiciones\/#primaryimage"},"thumbnailUrl":"https:\/\/pagina10.com\/web\/wp-content\/uploads\/2022\/09\/631dea8c43fca.jpeg","articleSection":["Judicial"],"inLanguage":"es","potentialAction":[{"@type":"CommentAction","name":"Comment","target":["https:\/\/pagina10.com\/web\/disidencias-de-las-farc-en-narino-se-unirian-a-la-paz-total-de-petro-pero-con-condiciones\/#respond"]}]},{"@type":"WebPage","@id":"https:\/\/pagina10.com\/web\/disidencias-de-las-farc-en-narino-se-unirian-a-la-paz-total-de-petro-pero-con-condiciones\/","url":"https:\/\/pagina10.com\/web\/disidencias-de-las-farc-en-narino-se-unirian-a-la-paz-total-de-petro-pero-con-condiciones\/","name":"Disidencias de las Farc en Nari\u00f1o se unir\u00edan a la paz total de Petro, pero con condiciones | P\u00e1gina10","isPartOf":{"@id":"https:\/\/pagina10.com\/web\/#website"},"primaryImageOfPage":{"@id":"https:\/\/pagina10.com\/web\/disidencias-de-las-farc-en-narino-se-unirian-a-la-paz-total-de-petro-pero-con-condiciones\/#primaryimage"},"image":{"@id":"https:\/\/pagina10.com\/web\/disidencias-de-las-farc-en-narino-se-unirian-a-la-paz-total-de-petro-pero-con-condiciones\/#primaryimage"},"thumbnailUrl":"https:\/\/pagina10.com\/web\/wp-content\/uploads\/2022\/09\/631dea8c43fca.jpeg","datePublished":"2022-09-13T04:50:59+00:00","breadcrumb":{"@id":"https:\/\/pagina10.com\/web\/disidencias-de-las-farc-en-narino-se-unirian-a-la-paz-total-de-petro-pero-con-condiciones\/#breadcrumb"},"inLanguage":"es","potentialAction":[{"@type":"ReadAction","target":["https:\/\/pagina10.com\/web\/disidencias-de-las-farc-en-narino-se-unirian-a-la-paz-total-de-petro-pero-con-condiciones\/"]}]},{"@type":"ImageObject","inLanguage":"es","@id":"https:\/\/pagina10.com\/web\/disidencias-de-las-farc-en-narino-se-unirian-a-la-paz-total-de-petro-pero-con-condiciones\/#primaryimage","url":"https:\/\/pagina10.com\/web\/wp-content\/uploads\/2022\/09\/631dea8c43fca.jpeg","contentUrl":"https:\/\/pagina10.com\/web\/wp-content\/uploads\/2022\/09\/631dea8c43fca.jpeg","width":980,"height":590},{"@type":"BreadcrumbList","@id":"https:\/\/pagina10.com\/web\/disidencias-de-las-farc-en-narino-se-unirian-a-la-paz-total-de-petro-pero-con-condiciones\/#breadcrumb","itemListElement":[{"@type":"ListItem","position":1,"name":"Portada","item":"https:\/\/pagina10.com\/web\/"},{"@type":"ListItem","position":2,"name":"Disidencias de las Farc en Nari\u00f1o se unir\u00edan a la paz total de Petro, pero con condiciones"}]},{"@type":"WebSite","@id":"https:\/\/pagina10.com\/web\/#website","url":"https:\/\/pagina10.com\/web\/","name":"P\u00e1gina10","description":"Peri\u00f3dico Regional","publisher":{"@id":"https:\/\/pagina10.com\/web\/#organization"},"alternateName":"P\u00e1gina10 Peri\u00f3dico Regional","potentialAction":[{"@type":"SearchAction","target":{"@type":"EntryPoint","urlTemplate":"https:\/\/pagina10.com\/web\/?s={search_term_string}"},"query-input":{"@type":"PropertyValueSpecification","valueRequired":true,"valueName":"search_term_string"}}],"inLanguage":"es"},{"@type":"Organization","@id":"https:\/\/pagina10.com\/web\/#organization","name":"P\u00e1gina10","alternateName":"P\u00e1gina10 Peri\u00f3dico Regional","url":"https:\/\/pagina10.com\/web\/","logo":{"@type":"ImageObject","inLanguage":"es","@id":"https:\/\/pagina10.com\/web\/#\/schema\/logo\/image\/","url":"https:\/\/pagina10.com\/web\/wp-content\/uploads\/2024\/01\/40-pagina-10-periodico-regional-pasto.jpg","contentUrl":"https:\/\/pagina10.com\/web\/wp-content\/uploads\/2024\/01\/40-pagina-10-periodico-regional-pasto.jpg","width":1280,"height":720,"caption":"P\u00e1gina10"},"image":{"@id":"https:\/\/pagina10.com\/web\/#\/schema\/logo\/image\/"},"sameAs":["https:\/\/www.facebook.com\/pag10com","https:\/\/x.com\/Pag10com","https:\/\/www.instagram.com\/pagina10col\/","https:\/\/youtube.com\/channel\/pag10","https:\/\/www.tiktok.com\/@p10col"]},{"@type":"Person","@id":"https:\/\/pagina10.com\/web\/#\/schema\/person\/2efc4a090d25b667d3bc796798a3a81b","name":"P\u00e1gina 10","description":"P\u00e1gina 10 es un peri\u00f3dico regional que nace en Colombia, en el departamento de Nari\u00f1o, con un enfoque global, fundamentado en cuatro pilares esenciales: la libertad, el pluralismo, la inclusi\u00f3n y la independencia. P\u00e1gina 10 hace referencia a Nari\u00f1o como el d\u00e9cimo departamento creado en Colombia, despu\u00e9s de un proceso pol\u00edtico liderado por actores y actrices regionales con el fin de obtener la independencia y autonom\u00eda de nuestros territorios. Con la creaci\u00f3n de P\u00e1gina 10 se pretende abrir un escenario para el dialogo, la reflexi\u00f3n y el debate que se extienda a otras geograf\u00edas de Am\u00e9rica Latina y del planeta, en una apuesta por transformar colectivamente los desaf\u00edos de un mundo contempor\u00e1neo, m\u00e1s all\u00e1 de las fronteras impuestas.","url":"https:\/\/pagina10.com\/web\/author\/pdiezadmin\/"}]}},"_links":{"self":[{"href":"https:\/\/pagina10.com\/web\/wp-json\/wp\/v2\/posts\/61615","targetHints":{"allow":["GET"]}}],"collection":[{"href":"https:\/\/pagina10.com\/web\/wp-json\/wp\/v2\/posts"}],"about":[{"href":"https:\/\/pagina10.com\/web\/wp-json\/wp\/v2\/types\/post"}],"author":[{"embeddable":true,"href":"https:\/\/pagina10.com\/web\/wp-json\/wp\/v2\/users\/1"}],"replies":[{"embeddable":true,"href":"https:\/\/pagina10.com\/web\/wp-json\/wp\/v2\/comments?post=61615"}],"version-history":[{"count":1,"href":"https:\/\/pagina10.com\/web\/wp-json\/wp\/v2\/posts\/61615\/revisions"}],"predecessor-version":[{"id":61617,"href":"https:\/\/pagina10.com\/web\/wp-json\/wp\/v2\/posts\/61615\/revisions\/61617"}],"wp:featuredmedia":[{"embeddable":true,"href":"https:\/\/pagina10.com\/web\/wp-json\/wp\/v2\/media\/61616"}],"wp:attachment":[{"href":"https:\/\/pagina10.com\/web\/wp-json\/wp\/v2\/media?parent=61615"}],"wp:term":[{"taxonomy":"category","embeddable":true,"href":"https:\/\/pagina10.com\/web\/wp-json\/wp\/v2\/categories?post=61615"},{"taxonomy":"post_tag","embeddable":true,"href":"https:\/\/pagina10.com\/web\/wp-json\/wp\/v2\/tags?post=61615"}],"curies":[{"name":"wp","href":"https:\/\/api.w.org\/{rel}","templated":true}]}}