{"id":6162,"date":"2014-01-16T15:29:15","date_gmt":"2014-01-16T15:29:15","guid":{"rendered":"https:\/\/pagina10.com\/web\/recursos-por-50-000-millones-anuncia-el-dnp-a-pasto\/"},"modified":"2014-01-16T15:29:15","modified_gmt":"2014-01-16T15:29:15","slug":"recursos-por-50-000-millones-anuncia-el-dnp-a-pasto","status":"publish","type":"post","link":"https:\/\/pagina10.com\/web\/recursos-por-50-000-millones-anuncia-el-dnp-a-pasto\/","title":{"rendered":"Recursos por $50.000 millones anuncia el DNP a Pasto"},"content":{"rendered":"<p><img fetchpriority=\"high\" decoding=\"async\" class=\" size-full wp-image-6161\" src=\"https:\/\/pagina10.com\/web\/wp-content\/uploads\/2014\/01\/ec46fcda4b88e2064437c26396403b6f.jpg\" alt=\"\" width=\"960\" height=\"638\" srcset=\"https:\/\/pagina10.com\/web\/wp-content\/uploads\/2014\/01\/ec46fcda4b88e2064437c26396403b6f.jpg 960w, https:\/\/pagina10.com\/web\/wp-content\/uploads\/2014\/01\/ec46fcda4b88e2064437c26396403b6f-300x199.jpg 300w, https:\/\/pagina10.com\/web\/wp-content\/uploads\/2014\/01\/ec46fcda4b88e2064437c26396403b6f-768x510.jpg 768w, https:\/\/pagina10.com\/web\/wp-content\/uploads\/2014\/01\/ec46fcda4b88e2064437c26396403b6f-450x300.jpg 450w\" sizes=\"(max-width: 960px) 100vw, 960px\" \/><\/p>\n<p style=\"text-align: justify;\">La directora del Departamento Nacional de Planeaci\u00f3n, Tatyana Orozco, anunci\u00f3 hoy la destinaci\u00f3n de 50.000 millones de pesos de inversi\u00f3n para complementar el aporte de la alcald\u00eda de Pasto en la construcci\u00f3n de la nueva sede de la Polic\u00eda Metropolitana de la capital de Nari\u00f1o. <\/p>\n<p>Durante el encuentro \u201cCuentas claras, Prosperidad segura\u201d, en el que el Gobierno nacional comparti\u00f3 con el gobernador de Nari\u00f1o, Ra\u00fal Delgado, el alcalde de Pasto, Harold Guerrero, y alcaldes de ese departamento sus logros e inquietudes de la regi\u00f3n, la Directora del DNP tambi\u00e9n destac\u00f3 el apoyo que se brindar\u00e1 a esa capital en la elaboraci\u00f3n del Plan de Ordenamiento Territorial. <\/p>\n<p>\u201cOtro anuncio que hemos hecho hoy es que desde la Direcci\u00f3n de Desarrollo Empresarial de DNP vamos a ayudar a Pasto para que cuente con un mejor clima de inversiones, a partir de un estudio del Banco Mundial\u201d, dijo la directora de Planeaci\u00f3n Nacional, Tatyana Orozco. <\/p>\n<p>Inform\u00f3 que el Ministerio de Comercio tendr\u00e1 una sede en esa ciudad que contar\u00e1 con expertos en comercio, turismo, artesan\u00edas, entre otras actividades, para lo cual la gobernaci\u00f3n de Nari\u00f1o y la alcald\u00eda de Pasto aportar\u00e1n las oficinas. \u201cEsta acci\u00f3n nos ayudar\u00e1 a aprovechar cada vez m\u00e1s la Alianza del Pac\u00edfico\u201d, agreg\u00f3 la funcionaria.<\/p>\n<p style=\"text-align: justify;\">En materia de Inversi\u00f3n destac\u00f3 c\u00f3mo el presupuesto de inversi\u00f3n para Nari\u00f1o se ha duplicado, llegando a cerca de 5 billones de pesos en el cuatrienio. En este a\u00f1o en particular, comparado con el a\u00f1o pasado, hay incremento cercano al 50 por ciento en nuevos recursos para el departamento. <\/p>\n<p>\u201cSon inversiones hist\u00f3ricas que nunca se hab\u00edan dado en este departamento por parte del Gobierno nacional, por supuesto impulsado con un alto compromiso por parte tanto del gobernador de Nari\u00f1o como del alcalde de Pasto\u201d, precis\u00f3 la Directora del DNP.<\/p>\n<p style=\"text-align: justify;\">&nbsp;<\/p>\n<p style=\"text-align: justify;\">Finalmente, destac\u00f3 a Pasto como un ejemplo a nivel nacional en disminuci\u00f3n de la pobreza y de pobreza extrema. \u201cPor eso, nos sentimos complacidos que en este trabajo conjunto de desarrollo de viviendas, de v\u00edas, aunado a los programas de la Anspe para terminar la pobreza extrema, Pasto es hoy el municipio que logr\u00f3 la mayor reducci\u00f3n de la pobreza en Colombia<\/p>\n<p style=\"text-align: justify;\">&nbsp;<\/p>\n<p>Fuente: DNP&nbsp;<\/p>\n","protected":false},"excerpt":{"rendered":"<p>La directora del Departamento Nacional de Planeaci\u00f3n, Tatyana Orozco, anunci\u00f3 hoy la destinaci\u00f3n de 50.000 millones de pesos de inversi\u00f3n para complementar el aporte de la alcald\u00eda de Pasto en la construcci\u00f3n de la nueva sede de la Polic\u00eda Metropolitana de la capital de Nari\u00f1o. Durante el encuentro \u201cCuentas claras, Prosperidad segura\u201d, en el que [&hellip;]<\/p>\n","protected":false},"author":29,"featured_media":6161,"comment_status":"open","ping_status":"open","sticky":false,"template":"","format":"standard","meta":{"footnotes":""},"categories":[82],"tags":[],"class_list":["post-6162","post","type-post","status-publish","format-standard","has-post-thumbnail","hentry","category-ciudad-2"],"yoast_head":"<!-- This site is optimized with the Yoast SEO plugin v27.1.1 - https:\/\/yoast.com\/product\/yoast-seo-wordpress\/ -->\n<title>Recursos por $50.000 millones anuncia el DNP a Pasto | P\u00e1gina10<\/title>\n<meta name=\"robots\" content=\"index, follow, max-snippet:-1, max-image-preview:large, max-video-preview:-1\" \/>\n<link rel=\"canonical\" href=\"https:\/\/pagina10.com\/web\/recursos-por-50-000-millones-anuncia-el-dnp-a-pasto\/\" \/>\n<meta property=\"og:locale\" content=\"es_ES\" \/>\n<meta property=\"og:type\" content=\"article\" \/>\n<meta property=\"og:title\" content=\"Recursos por $50.000 millones anuncia el DNP a Pasto | P\u00e1gina10\" \/>\n<meta property=\"og:description\" content=\"La directora del Departamento Nacional de Planeaci\u00f3n, Tatyana Orozco, anunci\u00f3 hoy la destinaci\u00f3n de 50.000 millones de pesos de inversi\u00f3n para complementar el aporte de la alcald\u00eda de Pasto en la construcci\u00f3n de la nueva sede de la Polic\u00eda Metropolitana de la capital de Nari\u00f1o. Durante el encuentro \u201cCuentas claras, Prosperidad segura\u201d, en el que [&hellip;]\" \/>\n<meta property=\"og:url\" content=\"https:\/\/pagina10.com\/web\/recursos-por-50-000-millones-anuncia-el-dnp-a-pasto\/\" \/>\n<meta property=\"og:site_name\" content=\"P\u00e1gina10\" \/>\n<meta property=\"article:publisher\" content=\"https:\/\/www.facebook.com\/pag10com\" \/>\n<meta property=\"article:published_time\" content=\"2014-01-16T15:29:15+00:00\" \/>\n<meta property=\"og:image\" content=\"https:\/\/pagina10.com\/web\/wp-content\/uploads\/2014\/01\/ec46fcda4b88e2064437c26396403b6f.jpg\" \/>\n\t<meta property=\"og:image:width\" content=\"960\" \/>\n\t<meta property=\"og:image:height\" content=\"638\" \/>\n\t<meta property=\"og:image:type\" content=\"image\/jpeg\" \/>\n<meta name=\"author\" content=\"P\u00e1gina 10\" \/>\n<meta name=\"twitter:card\" content=\"summary_large_image\" \/>\n<meta name=\"twitter:creator\" content=\"@Pag10com\" \/>\n<meta name=\"twitter:site\" content=\"@Pag10com\" \/>\n<meta name=\"twitter:label1\" content=\"Escrito por\" \/>\n\t<meta name=\"twitter:data1\" content=\"P\u00e1gina 10\" \/>\n\t<meta name=\"twitter:label2\" content=\"Tiempo de lectura\" \/>\n\t<meta name=\"twitter:data2\" content=\"2 minutos\" \/>\n<script type=\"application\/ld+json\" class=\"yoast-schema-graph\">{\"@context\":\"https:\/\/schema.org\",\"@graph\":[{\"@type\":\"Article\",\"@id\":\"https:\/\/pagina10.com\/web\/recursos-por-50-000-millones-anuncia-el-dnp-a-pasto\/#article\",\"isPartOf\":{\"@id\":\"https:\/\/pagina10.com\/web\/recursos-por-50-000-millones-anuncia-el-dnp-a-pasto\/\"},\"author\":{\"name\":\"P\u00e1gina 10\",\"@id\":\"https:\/\/pagina10.com\/web\/#\/schema\/person\/a7a5d38f0629dfc107f619fbae4f6cc3\"},\"headline\":\"Recursos por $50.000 millones anuncia el DNP a Pasto\",\"datePublished\":\"2014-01-16T15:29:15+00:00\",\"mainEntityOfPage\":{\"@id\":\"https:\/\/pagina10.com\/web\/recursos-por-50-000-millones-anuncia-el-dnp-a-pasto\/\"},\"wordCount\":401,\"commentCount\":0,\"publisher\":{\"@id\":\"https:\/\/pagina10.com\/web\/#organization\"},\"image\":{\"@id\":\"https:\/\/pagina10.com\/web\/recursos-por-50-000-millones-anuncia-el-dnp-a-pasto\/#primaryimage\"},\"thumbnailUrl\":\"https:\/\/pagina10.com\/web\/wp-content\/uploads\/2014\/01\/ec46fcda4b88e2064437c26396403b6f.jpg\",\"articleSection\":[\"Ciudad\"],\"inLanguage\":\"es\",\"potentialAction\":[{\"@type\":\"CommentAction\",\"name\":\"Comment\",\"target\":[\"https:\/\/pagina10.com\/web\/recursos-por-50-000-millones-anuncia-el-dnp-a-pasto\/#respond\"]}]},{\"@type\":\"WebPage\",\"@id\":\"https:\/\/pagina10.com\/web\/recursos-por-50-000-millones-anuncia-el-dnp-a-pasto\/\",\"url\":\"https:\/\/pagina10.com\/web\/recursos-por-50-000-millones-anuncia-el-dnp-a-pasto\/\",\"name\":\"Recursos por $50.000 millones anuncia el DNP a Pasto | P\u00e1gina10\",\"isPartOf\":{\"@id\":\"https:\/\/pagina10.com\/web\/#website\"},\"primaryImageOfPage\":{\"@id\":\"https:\/\/pagina10.com\/web\/recursos-por-50-000-millones-anuncia-el-dnp-a-pasto\/#primaryimage\"},\"image\":{\"@id\":\"https:\/\/pagina10.com\/web\/recursos-por-50-000-millones-anuncia-el-dnp-a-pasto\/#primaryimage\"},\"thumbnailUrl\":\"https:\/\/pagina10.com\/web\/wp-content\/uploads\/2014\/01\/ec46fcda4b88e2064437c26396403b6f.jpg\",\"datePublished\":\"2014-01-16T15:29:15+00:00\",\"breadcrumb\":{\"@id\":\"https:\/\/pagina10.com\/web\/recursos-por-50-000-millones-anuncia-el-dnp-a-pasto\/#breadcrumb\"},\"inLanguage\":\"es\",\"potentialAction\":[{\"@type\":\"ReadAction\",\"target\":[\"https:\/\/pagina10.com\/web\/recursos-por-50-000-millones-anuncia-el-dnp-a-pasto\/\"]}]},{\"@type\":\"ImageObject\",\"inLanguage\":\"es\",\"@id\":\"https:\/\/pagina10.com\/web\/recursos-por-50-000-millones-anuncia-el-dnp-a-pasto\/#primaryimage\",\"url\":\"https:\/\/pagina10.com\/web\/wp-content\/uploads\/2014\/01\/ec46fcda4b88e2064437c26396403b6f.jpg\",\"contentUrl\":\"https:\/\/pagina10.com\/web\/wp-content\/uploads\/2014\/01\/ec46fcda4b88e2064437c26396403b6f.jpg\",\"width\":960,\"height\":638},{\"@type\":\"BreadcrumbList\",\"@id\":\"https:\/\/pagina10.com\/web\/recursos-por-50-000-millones-anuncia-el-dnp-a-pasto\/#breadcrumb\",\"itemListElement\":[{\"@type\":\"ListItem\",\"position\":1,\"name\":\"Portada\",\"item\":\"https:\/\/pagina10.com\/web\/\"},{\"@type\":\"ListItem\",\"position\":2,\"name\":\"Recursos por $50.000 millones anuncia el DNP a Pasto\"}]},{\"@type\":\"WebSite\",\"@id\":\"https:\/\/pagina10.com\/web\/#website\",\"url\":\"https:\/\/pagina10.com\/web\/\",\"name\":\"P\u00e1gina10\",\"description\":\"Peri\u00f3dico Regional\",\"publisher\":{\"@id\":\"https:\/\/pagina10.com\/web\/#organization\"},\"alternateName\":\"P\u00e1gina10 Peri\u00f3dico Regional\",\"potentialAction\":[{\"@type\":\"SearchAction\",\"target\":{\"@type\":\"EntryPoint\",\"urlTemplate\":\"https:\/\/pagina10.com\/web\/?s={search_term_string}\"},\"query-input\":{\"@type\":\"PropertyValueSpecification\",\"valueRequired\":true,\"valueName\":\"search_term_string\"}}],\"inLanguage\":\"es\"},{\"@type\":\"Organization\",\"@id\":\"https:\/\/pagina10.com\/web\/#organization\",\"name\":\"P\u00e1gina10\",\"alternateName\":\"P\u00e1gina10 Peri\u00f3dico Regional\",\"url\":\"https:\/\/pagina10.com\/web\/\",\"logo\":{\"@type\":\"ImageObject\",\"inLanguage\":\"es\",\"@id\":\"https:\/\/pagina10.com\/web\/#\/schema\/logo\/image\/\",\"url\":\"https:\/\/pagina10.com\/web\/wp-content\/uploads\/2024\/01\/40-pagina-10-periodico-regional-pasto.jpg\",\"contentUrl\":\"https:\/\/pagina10.com\/web\/wp-content\/uploads\/2024\/01\/40-pagina-10-periodico-regional-pasto.jpg\",\"width\":1280,\"height\":720,\"caption\":\"P\u00e1gina10\"},\"image\":{\"@id\":\"https:\/\/pagina10.com\/web\/#\/schema\/logo\/image\/\"},\"sameAs\":[\"https:\/\/www.facebook.com\/pag10com\",\"https:\/\/x.com\/Pag10com\",\"https:\/\/www.instagram.com\/pagina10col\/\",\"https:\/\/youtube.com\/channel\/pag10\",\"https:\/\/www.tiktok.com\/@p10col\"]},{\"@type\":\"Person\",\"@id\":\"https:\/\/pagina10.com\/web\/#\/schema\/person\/a7a5d38f0629dfc107f619fbae4f6cc3\",\"name\":\"P\u00e1gina 10\",\"description\":\"P\u00e1gina10.com es un peri\u00f3dico digital que nace en Colombia, en el departamento de Nari\u00f1o, con un enfoque global, fundamentado en cuatro pilares esenciales: la libertad, el pluralismo, la inclusi\u00f3n y la independencia. P\u00e1gina10.com hace referencia a Nari\u00f1o como el d\u00e9cimo departamento creado en Colombia, despu\u00e9s de un proceso pol\u00edtico liderado por actores y actrices regionales con el fin de obtener la independencia y autonom\u00eda de nuestros territorios. Con la creaci\u00f3n de P\u00e1gina10.com se pretende abrir un escenario para el dialogo, la reflexi\u00f3n y el debate que se extienda a otras geograf\u00edas de Am\u00e9rica Latina y del planeta, en una apuesta por transformar colectivamente los desaf\u00edos de un mundo contempor\u00e1neo, m\u00e1s all\u00e1 de las fronteras impuestas.\",\"url\":\"https:\/\/pagina10.com\/web\/author\/mcepeda\/\"}]}<\/script>\n<!-- \/ Yoast SEO plugin. -->","yoast_head_json":{"title":"Recursos por $50.000 millones anuncia el DNP a Pasto | P\u00e1gina10","robots":{"index":"index","follow":"follow","max-snippet":"max-snippet:-1","max-image-preview":"max-image-preview:large","max-video-preview":"max-video-preview:-1"},"canonical":"https:\/\/pagina10.com\/web\/recursos-por-50-000-millones-anuncia-el-dnp-a-pasto\/","og_locale":"es_ES","og_type":"article","og_title":"Recursos por $50.000 millones anuncia el DNP a Pasto | P\u00e1gina10","og_description":"La directora del Departamento Nacional de Planeaci\u00f3n, Tatyana Orozco, anunci\u00f3 hoy la destinaci\u00f3n de 50.000 millones de pesos de inversi\u00f3n para complementar el aporte de la alcald\u00eda de Pasto en la construcci\u00f3n de la nueva sede de la Polic\u00eda Metropolitana de la capital de Nari\u00f1o. Durante el encuentro \u201cCuentas claras, Prosperidad segura\u201d, en el que [&hellip;]","og_url":"https:\/\/pagina10.com\/web\/recursos-por-50-000-millones-anuncia-el-dnp-a-pasto\/","og_site_name":"P\u00e1gina10","article_publisher":"https:\/\/www.facebook.com\/pag10com","article_published_time":"2014-01-16T15:29:15+00:00","og_image":[{"width":960,"height":638,"url":"https:\/\/pagina10.com\/web\/wp-content\/uploads\/2014\/01\/ec46fcda4b88e2064437c26396403b6f.jpg","type":"image\/jpeg"}],"author":"P\u00e1gina 10","twitter_card":"summary_large_image","twitter_creator":"@Pag10com","twitter_site":"@Pag10com","twitter_misc":{"Escrito por":"P\u00e1gina 10","Tiempo de lectura":"2 minutos"},"schema":{"@context":"https:\/\/schema.org","@graph":[{"@type":"Article","@id":"https:\/\/pagina10.com\/web\/recursos-por-50-000-millones-anuncia-el-dnp-a-pasto\/#article","isPartOf":{"@id":"https:\/\/pagina10.com\/web\/recursos-por-50-000-millones-anuncia-el-dnp-a-pasto\/"},"author":{"name":"P\u00e1gina 10","@id":"https:\/\/pagina10.com\/web\/#\/schema\/person\/a7a5d38f0629dfc107f619fbae4f6cc3"},"headline":"Recursos por $50.000 millones anuncia el DNP a Pasto","datePublished":"2014-01-16T15:29:15+00:00","mainEntityOfPage":{"@id":"https:\/\/pagina10.com\/web\/recursos-por-50-000-millones-anuncia-el-dnp-a-pasto\/"},"wordCount":401,"commentCount":0,"publisher":{"@id":"https:\/\/pagina10.com\/web\/#organization"},"image":{"@id":"https:\/\/pagina10.com\/web\/recursos-por-50-000-millones-anuncia-el-dnp-a-pasto\/#primaryimage"},"thumbnailUrl":"https:\/\/pagina10.com\/web\/wp-content\/uploads\/2014\/01\/ec46fcda4b88e2064437c26396403b6f.jpg","articleSection":["Ciudad"],"inLanguage":"es","potentialAction":[{"@type":"CommentAction","name":"Comment","target":["https:\/\/pagina10.com\/web\/recursos-por-50-000-millones-anuncia-el-dnp-a-pasto\/#respond"]}]},{"@type":"WebPage","@id":"https:\/\/pagina10.com\/web\/recursos-por-50-000-millones-anuncia-el-dnp-a-pasto\/","url":"https:\/\/pagina10.com\/web\/recursos-por-50-000-millones-anuncia-el-dnp-a-pasto\/","name":"Recursos por $50.000 millones anuncia el DNP a Pasto | P\u00e1gina10","isPartOf":{"@id":"https:\/\/pagina10.com\/web\/#website"},"primaryImageOfPage":{"@id":"https:\/\/pagina10.com\/web\/recursos-por-50-000-millones-anuncia-el-dnp-a-pasto\/#primaryimage"},"image":{"@id":"https:\/\/pagina10.com\/web\/recursos-por-50-000-millones-anuncia-el-dnp-a-pasto\/#primaryimage"},"thumbnailUrl":"https:\/\/pagina10.com\/web\/wp-content\/uploads\/2014\/01\/ec46fcda4b88e2064437c26396403b6f.jpg","datePublished":"2014-01-16T15:29:15+00:00","breadcrumb":{"@id":"https:\/\/pagina10.com\/web\/recursos-por-50-000-millones-anuncia-el-dnp-a-pasto\/#breadcrumb"},"inLanguage":"es","potentialAction":[{"@type":"ReadAction","target":["https:\/\/pagina10.com\/web\/recursos-por-50-000-millones-anuncia-el-dnp-a-pasto\/"]}]},{"@type":"ImageObject","inLanguage":"es","@id":"https:\/\/pagina10.com\/web\/recursos-por-50-000-millones-anuncia-el-dnp-a-pasto\/#primaryimage","url":"https:\/\/pagina10.com\/web\/wp-content\/uploads\/2014\/01\/ec46fcda4b88e2064437c26396403b6f.jpg","contentUrl":"https:\/\/pagina10.com\/web\/wp-content\/uploads\/2014\/01\/ec46fcda4b88e2064437c26396403b6f.jpg","width":960,"height":638},{"@type":"BreadcrumbList","@id":"https:\/\/pagina10.com\/web\/recursos-por-50-000-millones-anuncia-el-dnp-a-pasto\/#breadcrumb","itemListElement":[{"@type":"ListItem","position":1,"name":"Portada","item":"https:\/\/pagina10.com\/web\/"},{"@type":"ListItem","position":2,"name":"Recursos por $50.000 millones anuncia el DNP a Pasto"}]},{"@type":"WebSite","@id":"https:\/\/pagina10.com\/web\/#website","url":"https:\/\/pagina10.com\/web\/","name":"P\u00e1gina10","description":"Peri\u00f3dico Regional","publisher":{"@id":"https:\/\/pagina10.com\/web\/#organization"},"alternateName":"P\u00e1gina10 Peri\u00f3dico Regional","potentialAction":[{"@type":"SearchAction","target":{"@type":"EntryPoint","urlTemplate":"https:\/\/pagina10.com\/web\/?s={search_term_string}"},"query-input":{"@type":"PropertyValueSpecification","valueRequired":true,"valueName":"search_term_string"}}],"inLanguage":"es"},{"@type":"Organization","@id":"https:\/\/pagina10.com\/web\/#organization","name":"P\u00e1gina10","alternateName":"P\u00e1gina10 Peri\u00f3dico Regional","url":"https:\/\/pagina10.com\/web\/","logo":{"@type":"ImageObject","inLanguage":"es","@id":"https:\/\/pagina10.com\/web\/#\/schema\/logo\/image\/","url":"https:\/\/pagina10.com\/web\/wp-content\/uploads\/2024\/01\/40-pagina-10-periodico-regional-pasto.jpg","contentUrl":"https:\/\/pagina10.com\/web\/wp-content\/uploads\/2024\/01\/40-pagina-10-periodico-regional-pasto.jpg","width":1280,"height":720,"caption":"P\u00e1gina10"},"image":{"@id":"https:\/\/pagina10.com\/web\/#\/schema\/logo\/image\/"},"sameAs":["https:\/\/www.facebook.com\/pag10com","https:\/\/x.com\/Pag10com","https:\/\/www.instagram.com\/pagina10col\/","https:\/\/youtube.com\/channel\/pag10","https:\/\/www.tiktok.com\/@p10col"]},{"@type":"Person","@id":"https:\/\/pagina10.com\/web\/#\/schema\/person\/a7a5d38f0629dfc107f619fbae4f6cc3","name":"P\u00e1gina 10","description":"P\u00e1gina10.com es un peri\u00f3dico digital que nace en Colombia, en el departamento de Nari\u00f1o, con un enfoque global, fundamentado en cuatro pilares esenciales: la libertad, el pluralismo, la inclusi\u00f3n y la independencia. P\u00e1gina10.com hace referencia a Nari\u00f1o como el d\u00e9cimo departamento creado en Colombia, despu\u00e9s de un proceso pol\u00edtico liderado por actores y actrices regionales con el fin de obtener la independencia y autonom\u00eda de nuestros territorios. Con la creaci\u00f3n de P\u00e1gina10.com se pretende abrir un escenario para el dialogo, la reflexi\u00f3n y el debate que se extienda a otras geograf\u00edas de Am\u00e9rica Latina y del planeta, en una apuesta por transformar colectivamente los desaf\u00edos de un mundo contempor\u00e1neo, m\u00e1s all\u00e1 de las fronteras impuestas.","url":"https:\/\/pagina10.com\/web\/author\/mcepeda\/"}]}},"_links":{"self":[{"href":"https:\/\/pagina10.com\/web\/wp-json\/wp\/v2\/posts\/6162","targetHints":{"allow":["GET"]}}],"collection":[{"href":"https:\/\/pagina10.com\/web\/wp-json\/wp\/v2\/posts"}],"about":[{"href":"https:\/\/pagina10.com\/web\/wp-json\/wp\/v2\/types\/post"}],"author":[{"embeddable":true,"href":"https:\/\/pagina10.com\/web\/wp-json\/wp\/v2\/users\/29"}],"replies":[{"embeddable":true,"href":"https:\/\/pagina10.com\/web\/wp-json\/wp\/v2\/comments?post=6162"}],"version-history":[{"count":0,"href":"https:\/\/pagina10.com\/web\/wp-json\/wp\/v2\/posts\/6162\/revisions"}],"wp:featuredmedia":[{"embeddable":true,"href":"https:\/\/pagina10.com\/web\/wp-json\/wp\/v2\/media\/6161"}],"wp:attachment":[{"href":"https:\/\/pagina10.com\/web\/wp-json\/wp\/v2\/media?parent=6162"}],"wp:term":[{"taxonomy":"category","embeddable":true,"href":"https:\/\/pagina10.com\/web\/wp-json\/wp\/v2\/categories?post=6162"},{"taxonomy":"post_tag","embeddable":true,"href":"https:\/\/pagina10.com\/web\/wp-json\/wp\/v2\/tags?post=6162"}],"curies":[{"name":"wp","href":"https:\/\/api.w.org\/{rel}","templated":true}]}}