{"id":61624,"date":"2022-09-12T23:59:18","date_gmt":"2022-09-13T04:59:18","guid":{"rendered":"https:\/\/pagina10.com\/web\/?p=61624"},"modified":"2022-09-13T11:32:46","modified_gmt":"2022-09-13T16:32:46","slug":"sangriento-fin-de-semana-en-tumaco-dejo-dos-muertos-y-siete-heridos","status":"publish","type":"post","link":"https:\/\/pagina10.com\/web\/sangriento-fin-de-semana-en-tumaco-dejo-dos-muertos-y-siete-heridos\/","title":{"rendered":"Dos muertos y siete heridos tras ataque armado en Tumaco"},"content":{"rendered":"<p style=\"text-align: justify;\">Un ataque sicarial registrado la noche del s\u00e1bado en el municipio de Tumaco dej\u00f3 como resultado dos personas muertas y siete m\u00e1s gravemente heridas. Seg\u00fan informaci\u00f3n preliminar entregada por las autoridades, los responsables del hecho ser\u00edan integrantes de la Columna M\u00f3vil Ur\u00edas Rond\u00f3n de las disidencias de las Farc.<\/p>\n<p style=\"text-align: justify;\">Se conoci\u00f3 que hacia las 10:30 de la noche, hombres fuertemente armados ingresaron a un establecimiento ubicado en el sector de El Pindo, en la v\u00eda que comunica al puerto con Pasto, y sin mediar palabra arremetieron contra las personas que se encontraban en ese lugar.<\/p>\n<p style=\"text-align: justify;\">Producto de la balacera perdi\u00f3 la vida un hombre identificado como Harlyn Presley Arboleda Cortes de 32 a\u00f1os. As\u00ed mismo, resultaron heridas varias personas que no pudieron escapar de los proyectiles. Una persona m\u00e1s habr\u00eda fallecido en el hospital producto de las lesiones. Sin embargo, su identidad a\u00fan no ha sido confirmada.<\/p>\n<p style=\"text-align: justify;\">Ante lo ocurrido, las autoridades citaron a un consejo de seguridad en el municipio costero con el fin de tratar el delicado tema de seguridad que afronta esa localidad desde hace varios meses.<\/p>\n<p style=\"text-align: justify;\">Al respecto el coronel Edwin Orlando Rojas Chisco, comandante del Departamento de Polic\u00eda Nari\u00f1o, expres\u00f3 que unidades de la Sijin y de la Sipol, bajo la coordinaci\u00f3n de la Fiscal\u00eda, \u201ciniciaron las investigaciones correspondientes con el fin de determinar las circunstancias que rodearon estos hechos\u201d.<\/p>\n","protected":false},"excerpt":{"rendered":"<p>Un ataque sicarial registrado la noche del s\u00e1bado en el municipio de Tumaco dej\u00f3 como resultado dos personas muertas y siete m\u00e1s gravemente heridas. Seg\u00fan informaci\u00f3n preliminar entregada por las autoridades, los responsables del hecho ser\u00edan integrantes de la Columna M\u00f3vil Ur\u00edas Rond\u00f3n de las disidencias de las Farc. Se conoci\u00f3 que hacia las 10:30 [&hellip;]<\/p>\n","protected":false},"author":1,"featured_media":61625,"comment_status":"open","ping_status":"open","sticky":false,"template":"","format":"standard","meta":{"footnotes":""},"categories":[61],"tags":[],"class_list":["post-61624","post","type-post","status-publish","format-standard","has-post-thumbnail","hentry","category-judicial"],"yoast_head":"<!-- This site is optimized with the Yoast SEO plugin v27.1.1 - https:\/\/yoast.com\/product\/yoast-seo-wordpress\/ -->\n<title>Dos muertos y siete heridos tras ataque armado en Tumaco | P\u00e1gina10<\/title>\n<meta name=\"robots\" content=\"index, follow, max-snippet:-1, max-image-preview:large, max-video-preview:-1\" \/>\n<link rel=\"canonical\" href=\"https:\/\/pagina10.com\/web\/sangriento-fin-de-semana-en-tumaco-dejo-dos-muertos-y-siete-heridos\/\" \/>\n<meta property=\"og:locale\" content=\"es_ES\" \/>\n<meta property=\"og:type\" content=\"article\" \/>\n<meta property=\"og:title\" content=\"Dos muertos y siete heridos tras ataque armado en Tumaco | P\u00e1gina10\" \/>\n<meta property=\"og:description\" content=\"Un ataque sicarial registrado la noche del s\u00e1bado en el municipio de Tumaco dej\u00f3 como resultado dos personas muertas y siete m\u00e1s gravemente heridas. Seg\u00fan informaci\u00f3n preliminar entregada por las autoridades, los responsables del hecho ser\u00edan integrantes de la Columna M\u00f3vil Ur\u00edas Rond\u00f3n de las disidencias de las Farc. Se conoci\u00f3 que hacia las 10:30 [&hellip;]\" \/>\n<meta property=\"og:url\" content=\"https:\/\/pagina10.com\/web\/sangriento-fin-de-semana-en-tumaco-dejo-dos-muertos-y-siete-heridos\/\" \/>\n<meta property=\"og:site_name\" content=\"P\u00e1gina10\" \/>\n<meta property=\"article:publisher\" content=\"https:\/\/www.facebook.com\/pag10com\" \/>\n<meta property=\"article:published_time\" content=\"2022-09-13T04:59:18+00:00\" \/>\n<meta property=\"article:modified_time\" content=\"2022-09-13T16:32:46+00:00\" \/>\n<meta property=\"og:image\" content=\"https:\/\/pagina10.com\/web\/wp-content\/uploads\/2022\/09\/Tumaco.jpg\" \/>\n\t<meta property=\"og:image:width\" content=\"1200\" \/>\n\t<meta property=\"og:image:height\" content=\"900\" \/>\n\t<meta property=\"og:image:type\" content=\"image\/jpeg\" \/>\n<meta name=\"author\" content=\"P\u00e1gina 10\" \/>\n<meta name=\"twitter:card\" content=\"summary_large_image\" \/>\n<meta name=\"twitter:creator\" content=\"@Pag10com\" \/>\n<meta name=\"twitter:site\" content=\"@Pag10com\" \/>\n<meta name=\"twitter:label1\" content=\"Escrito por\" \/>\n\t<meta name=\"twitter:data1\" content=\"P\u00e1gina 10\" \/>\n\t<meta name=\"twitter:label2\" content=\"Tiempo de lectura\" \/>\n\t<meta name=\"twitter:data2\" content=\"1 minuto\" \/>\n<script type=\"application\/ld+json\" class=\"yoast-schema-graph\">{\"@context\":\"https:\/\/schema.org\",\"@graph\":[{\"@type\":\"Article\",\"@id\":\"https:\/\/pagina10.com\/web\/sangriento-fin-de-semana-en-tumaco-dejo-dos-muertos-y-siete-heridos\/#article\",\"isPartOf\":{\"@id\":\"https:\/\/pagina10.com\/web\/sangriento-fin-de-semana-en-tumaco-dejo-dos-muertos-y-siete-heridos\/\"},\"author\":{\"name\":\"P\u00e1gina 10\",\"@id\":\"https:\/\/pagina10.com\/web\/#\/schema\/person\/2efc4a090d25b667d3bc796798a3a81b\"},\"headline\":\"Dos muertos y siete heridos tras ataque armado en Tumaco\",\"datePublished\":\"2022-09-13T04:59:18+00:00\",\"dateModified\":\"2022-09-13T16:32:46+00:00\",\"mainEntityOfPage\":{\"@id\":\"https:\/\/pagina10.com\/web\/sangriento-fin-de-semana-en-tumaco-dejo-dos-muertos-y-siete-heridos\/\"},\"wordCount\":250,\"commentCount\":0,\"publisher\":{\"@id\":\"https:\/\/pagina10.com\/web\/#organization\"},\"image\":{\"@id\":\"https:\/\/pagina10.com\/web\/sangriento-fin-de-semana-en-tumaco-dejo-dos-muertos-y-siete-heridos\/#primaryimage\"},\"thumbnailUrl\":\"https:\/\/pagina10.com\/web\/wp-content\/uploads\/2022\/09\/Tumaco.jpg\",\"articleSection\":[\"Judicial\"],\"inLanguage\":\"es\",\"potentialAction\":[{\"@type\":\"CommentAction\",\"name\":\"Comment\",\"target\":[\"https:\/\/pagina10.com\/web\/sangriento-fin-de-semana-en-tumaco-dejo-dos-muertos-y-siete-heridos\/#respond\"]}]},{\"@type\":\"WebPage\",\"@id\":\"https:\/\/pagina10.com\/web\/sangriento-fin-de-semana-en-tumaco-dejo-dos-muertos-y-siete-heridos\/\",\"url\":\"https:\/\/pagina10.com\/web\/sangriento-fin-de-semana-en-tumaco-dejo-dos-muertos-y-siete-heridos\/\",\"name\":\"Dos muertos y siete heridos tras ataque armado en Tumaco | P\u00e1gina10\",\"isPartOf\":{\"@id\":\"https:\/\/pagina10.com\/web\/#website\"},\"primaryImageOfPage\":{\"@id\":\"https:\/\/pagina10.com\/web\/sangriento-fin-de-semana-en-tumaco-dejo-dos-muertos-y-siete-heridos\/#primaryimage\"},\"image\":{\"@id\":\"https:\/\/pagina10.com\/web\/sangriento-fin-de-semana-en-tumaco-dejo-dos-muertos-y-siete-heridos\/#primaryimage\"},\"thumbnailUrl\":\"https:\/\/pagina10.com\/web\/wp-content\/uploads\/2022\/09\/Tumaco.jpg\",\"datePublished\":\"2022-09-13T04:59:18+00:00\",\"dateModified\":\"2022-09-13T16:32:46+00:00\",\"breadcrumb\":{\"@id\":\"https:\/\/pagina10.com\/web\/sangriento-fin-de-semana-en-tumaco-dejo-dos-muertos-y-siete-heridos\/#breadcrumb\"},\"inLanguage\":\"es\",\"potentialAction\":[{\"@type\":\"ReadAction\",\"target\":[\"https:\/\/pagina10.com\/web\/sangriento-fin-de-semana-en-tumaco-dejo-dos-muertos-y-siete-heridos\/\"]}]},{\"@type\":\"ImageObject\",\"inLanguage\":\"es\",\"@id\":\"https:\/\/pagina10.com\/web\/sangriento-fin-de-semana-en-tumaco-dejo-dos-muertos-y-siete-heridos\/#primaryimage\",\"url\":\"https:\/\/pagina10.com\/web\/wp-content\/uploads\/2022\/09\/Tumaco.jpg\",\"contentUrl\":\"https:\/\/pagina10.com\/web\/wp-content\/uploads\/2022\/09\/Tumaco.jpg\",\"width\":1200,\"height\":900},{\"@type\":\"BreadcrumbList\",\"@id\":\"https:\/\/pagina10.com\/web\/sangriento-fin-de-semana-en-tumaco-dejo-dos-muertos-y-siete-heridos\/#breadcrumb\",\"itemListElement\":[{\"@type\":\"ListItem\",\"position\":1,\"name\":\"Portada\",\"item\":\"https:\/\/pagina10.com\/web\/\"},{\"@type\":\"ListItem\",\"position\":2,\"name\":\"Dos muertos y siete heridos tras ataque armado en Tumaco\"}]},{\"@type\":\"WebSite\",\"@id\":\"https:\/\/pagina10.com\/web\/#website\",\"url\":\"https:\/\/pagina10.com\/web\/\",\"name\":\"P\u00e1gina10\",\"description\":\"Peri\u00f3dico Regional\",\"publisher\":{\"@id\":\"https:\/\/pagina10.com\/web\/#organization\"},\"alternateName\":\"P\u00e1gina10 Peri\u00f3dico Regional\",\"potentialAction\":[{\"@type\":\"SearchAction\",\"target\":{\"@type\":\"EntryPoint\",\"urlTemplate\":\"https:\/\/pagina10.com\/web\/?s={search_term_string}\"},\"query-input\":{\"@type\":\"PropertyValueSpecification\",\"valueRequired\":true,\"valueName\":\"search_term_string\"}}],\"inLanguage\":\"es\"},{\"@type\":\"Organization\",\"@id\":\"https:\/\/pagina10.com\/web\/#organization\",\"name\":\"P\u00e1gina10\",\"alternateName\":\"P\u00e1gina10 Peri\u00f3dico Regional\",\"url\":\"https:\/\/pagina10.com\/web\/\",\"logo\":{\"@type\":\"ImageObject\",\"inLanguage\":\"es\",\"@id\":\"https:\/\/pagina10.com\/web\/#\/schema\/logo\/image\/\",\"url\":\"https:\/\/pagina10.com\/web\/wp-content\/uploads\/2024\/01\/40-pagina-10-periodico-regional-pasto.jpg\",\"contentUrl\":\"https:\/\/pagina10.com\/web\/wp-content\/uploads\/2024\/01\/40-pagina-10-periodico-regional-pasto.jpg\",\"width\":1280,\"height\":720,\"caption\":\"P\u00e1gina10\"},\"image\":{\"@id\":\"https:\/\/pagina10.com\/web\/#\/schema\/logo\/image\/\"},\"sameAs\":[\"https:\/\/www.facebook.com\/pag10com\",\"https:\/\/x.com\/Pag10com\",\"https:\/\/www.instagram.com\/pagina10col\/\",\"https:\/\/youtube.com\/channel\/pag10\",\"https:\/\/www.tiktok.com\/@p10col\"]},{\"@type\":\"Person\",\"@id\":\"https:\/\/pagina10.com\/web\/#\/schema\/person\/2efc4a090d25b667d3bc796798a3a81b\",\"name\":\"P\u00e1gina 10\",\"description\":\"P\u00e1gina 10 es un peri\u00f3dico regional que nace en Colombia, en el departamento de Nari\u00f1o, con un enfoque global, fundamentado en cuatro pilares esenciales: la libertad, el pluralismo, la inclusi\u00f3n y la independencia. P\u00e1gina 10 hace referencia a Nari\u00f1o como el d\u00e9cimo departamento creado en Colombia, despu\u00e9s de un proceso pol\u00edtico liderado por actores y actrices regionales con el fin de obtener la independencia y autonom\u00eda de nuestros territorios. Con la creaci\u00f3n de P\u00e1gina 10 se pretende abrir un escenario para el dialogo, la reflexi\u00f3n y el debate que se extienda a otras geograf\u00edas de Am\u00e9rica Latina y del planeta, en una apuesta por transformar colectivamente los desaf\u00edos de un mundo contempor\u00e1neo, m\u00e1s all\u00e1 de las fronteras impuestas.\",\"url\":\"https:\/\/pagina10.com\/web\/author\/pdiezadmin\/\"}]}<\/script>\n<!-- \/ Yoast SEO plugin. -->","yoast_head_json":{"title":"Dos muertos y siete heridos tras ataque armado en Tumaco | P\u00e1gina10","robots":{"index":"index","follow":"follow","max-snippet":"max-snippet:-1","max-image-preview":"max-image-preview:large","max-video-preview":"max-video-preview:-1"},"canonical":"https:\/\/pagina10.com\/web\/sangriento-fin-de-semana-en-tumaco-dejo-dos-muertos-y-siete-heridos\/","og_locale":"es_ES","og_type":"article","og_title":"Dos muertos y siete heridos tras ataque armado en Tumaco | P\u00e1gina10","og_description":"Un ataque sicarial registrado la noche del s\u00e1bado en el municipio de Tumaco dej\u00f3 como resultado dos personas muertas y siete m\u00e1s gravemente heridas. Seg\u00fan informaci\u00f3n preliminar entregada por las autoridades, los responsables del hecho ser\u00edan integrantes de la Columna M\u00f3vil Ur\u00edas Rond\u00f3n de las disidencias de las Farc. Se conoci\u00f3 que hacia las 10:30 [&hellip;]","og_url":"https:\/\/pagina10.com\/web\/sangriento-fin-de-semana-en-tumaco-dejo-dos-muertos-y-siete-heridos\/","og_site_name":"P\u00e1gina10","article_publisher":"https:\/\/www.facebook.com\/pag10com","article_published_time":"2022-09-13T04:59:18+00:00","article_modified_time":"2022-09-13T16:32:46+00:00","og_image":[{"width":1200,"height":900,"url":"https:\/\/pagina10.com\/web\/wp-content\/uploads\/2022\/09\/Tumaco.jpg","type":"image\/jpeg"}],"author":"P\u00e1gina 10","twitter_card":"summary_large_image","twitter_creator":"@Pag10com","twitter_site":"@Pag10com","twitter_misc":{"Escrito por":"P\u00e1gina 10","Tiempo de lectura":"1 minuto"},"schema":{"@context":"https:\/\/schema.org","@graph":[{"@type":"Article","@id":"https:\/\/pagina10.com\/web\/sangriento-fin-de-semana-en-tumaco-dejo-dos-muertos-y-siete-heridos\/#article","isPartOf":{"@id":"https:\/\/pagina10.com\/web\/sangriento-fin-de-semana-en-tumaco-dejo-dos-muertos-y-siete-heridos\/"},"author":{"name":"P\u00e1gina 10","@id":"https:\/\/pagina10.com\/web\/#\/schema\/person\/2efc4a090d25b667d3bc796798a3a81b"},"headline":"Dos muertos y siete heridos tras ataque armado en Tumaco","datePublished":"2022-09-13T04:59:18+00:00","dateModified":"2022-09-13T16:32:46+00:00","mainEntityOfPage":{"@id":"https:\/\/pagina10.com\/web\/sangriento-fin-de-semana-en-tumaco-dejo-dos-muertos-y-siete-heridos\/"},"wordCount":250,"commentCount":0,"publisher":{"@id":"https:\/\/pagina10.com\/web\/#organization"},"image":{"@id":"https:\/\/pagina10.com\/web\/sangriento-fin-de-semana-en-tumaco-dejo-dos-muertos-y-siete-heridos\/#primaryimage"},"thumbnailUrl":"https:\/\/pagina10.com\/web\/wp-content\/uploads\/2022\/09\/Tumaco.jpg","articleSection":["Judicial"],"inLanguage":"es","potentialAction":[{"@type":"CommentAction","name":"Comment","target":["https:\/\/pagina10.com\/web\/sangriento-fin-de-semana-en-tumaco-dejo-dos-muertos-y-siete-heridos\/#respond"]}]},{"@type":"WebPage","@id":"https:\/\/pagina10.com\/web\/sangriento-fin-de-semana-en-tumaco-dejo-dos-muertos-y-siete-heridos\/","url":"https:\/\/pagina10.com\/web\/sangriento-fin-de-semana-en-tumaco-dejo-dos-muertos-y-siete-heridos\/","name":"Dos muertos y siete heridos tras ataque armado en Tumaco | P\u00e1gina10","isPartOf":{"@id":"https:\/\/pagina10.com\/web\/#website"},"primaryImageOfPage":{"@id":"https:\/\/pagina10.com\/web\/sangriento-fin-de-semana-en-tumaco-dejo-dos-muertos-y-siete-heridos\/#primaryimage"},"image":{"@id":"https:\/\/pagina10.com\/web\/sangriento-fin-de-semana-en-tumaco-dejo-dos-muertos-y-siete-heridos\/#primaryimage"},"thumbnailUrl":"https:\/\/pagina10.com\/web\/wp-content\/uploads\/2022\/09\/Tumaco.jpg","datePublished":"2022-09-13T04:59:18+00:00","dateModified":"2022-09-13T16:32:46+00:00","breadcrumb":{"@id":"https:\/\/pagina10.com\/web\/sangriento-fin-de-semana-en-tumaco-dejo-dos-muertos-y-siete-heridos\/#breadcrumb"},"inLanguage":"es","potentialAction":[{"@type":"ReadAction","target":["https:\/\/pagina10.com\/web\/sangriento-fin-de-semana-en-tumaco-dejo-dos-muertos-y-siete-heridos\/"]}]},{"@type":"ImageObject","inLanguage":"es","@id":"https:\/\/pagina10.com\/web\/sangriento-fin-de-semana-en-tumaco-dejo-dos-muertos-y-siete-heridos\/#primaryimage","url":"https:\/\/pagina10.com\/web\/wp-content\/uploads\/2022\/09\/Tumaco.jpg","contentUrl":"https:\/\/pagina10.com\/web\/wp-content\/uploads\/2022\/09\/Tumaco.jpg","width":1200,"height":900},{"@type":"BreadcrumbList","@id":"https:\/\/pagina10.com\/web\/sangriento-fin-de-semana-en-tumaco-dejo-dos-muertos-y-siete-heridos\/#breadcrumb","itemListElement":[{"@type":"ListItem","position":1,"name":"Portada","item":"https:\/\/pagina10.com\/web\/"},{"@type":"ListItem","position":2,"name":"Dos muertos y siete heridos tras ataque armado en Tumaco"}]},{"@type":"WebSite","@id":"https:\/\/pagina10.com\/web\/#website","url":"https:\/\/pagina10.com\/web\/","name":"P\u00e1gina10","description":"Peri\u00f3dico Regional","publisher":{"@id":"https:\/\/pagina10.com\/web\/#organization"},"alternateName":"P\u00e1gina10 Peri\u00f3dico Regional","potentialAction":[{"@type":"SearchAction","target":{"@type":"EntryPoint","urlTemplate":"https:\/\/pagina10.com\/web\/?s={search_term_string}"},"query-input":{"@type":"PropertyValueSpecification","valueRequired":true,"valueName":"search_term_string"}}],"inLanguage":"es"},{"@type":"Organization","@id":"https:\/\/pagina10.com\/web\/#organization","name":"P\u00e1gina10","alternateName":"P\u00e1gina10 Peri\u00f3dico Regional","url":"https:\/\/pagina10.com\/web\/","logo":{"@type":"ImageObject","inLanguage":"es","@id":"https:\/\/pagina10.com\/web\/#\/schema\/logo\/image\/","url":"https:\/\/pagina10.com\/web\/wp-content\/uploads\/2024\/01\/40-pagina-10-periodico-regional-pasto.jpg","contentUrl":"https:\/\/pagina10.com\/web\/wp-content\/uploads\/2024\/01\/40-pagina-10-periodico-regional-pasto.jpg","width":1280,"height":720,"caption":"P\u00e1gina10"},"image":{"@id":"https:\/\/pagina10.com\/web\/#\/schema\/logo\/image\/"},"sameAs":["https:\/\/www.facebook.com\/pag10com","https:\/\/x.com\/Pag10com","https:\/\/www.instagram.com\/pagina10col\/","https:\/\/youtube.com\/channel\/pag10","https:\/\/www.tiktok.com\/@p10col"]},{"@type":"Person","@id":"https:\/\/pagina10.com\/web\/#\/schema\/person\/2efc4a090d25b667d3bc796798a3a81b","name":"P\u00e1gina 10","description":"P\u00e1gina 10 es un peri\u00f3dico regional que nace en Colombia, en el departamento de Nari\u00f1o, con un enfoque global, fundamentado en cuatro pilares esenciales: la libertad, el pluralismo, la inclusi\u00f3n y la independencia. P\u00e1gina 10 hace referencia a Nari\u00f1o como el d\u00e9cimo departamento creado en Colombia, despu\u00e9s de un proceso pol\u00edtico liderado por actores y actrices regionales con el fin de obtener la independencia y autonom\u00eda de nuestros territorios. Con la creaci\u00f3n de P\u00e1gina 10 se pretende abrir un escenario para el dialogo, la reflexi\u00f3n y el debate que se extienda a otras geograf\u00edas de Am\u00e9rica Latina y del planeta, en una apuesta por transformar colectivamente los desaf\u00edos de un mundo contempor\u00e1neo, m\u00e1s all\u00e1 de las fronteras impuestas.","url":"https:\/\/pagina10.com\/web\/author\/pdiezadmin\/"}]}},"_links":{"self":[{"href":"https:\/\/pagina10.com\/web\/wp-json\/wp\/v2\/posts\/61624","targetHints":{"allow":["GET"]}}],"collection":[{"href":"https:\/\/pagina10.com\/web\/wp-json\/wp\/v2\/posts"}],"about":[{"href":"https:\/\/pagina10.com\/web\/wp-json\/wp\/v2\/types\/post"}],"author":[{"embeddable":true,"href":"https:\/\/pagina10.com\/web\/wp-json\/wp\/v2\/users\/1"}],"replies":[{"embeddable":true,"href":"https:\/\/pagina10.com\/web\/wp-json\/wp\/v2\/comments?post=61624"}],"version-history":[{"count":2,"href":"https:\/\/pagina10.com\/web\/wp-json\/wp\/v2\/posts\/61624\/revisions"}],"predecessor-version":[{"id":61629,"href":"https:\/\/pagina10.com\/web\/wp-json\/wp\/v2\/posts\/61624\/revisions\/61629"}],"wp:featuredmedia":[{"embeddable":true,"href":"https:\/\/pagina10.com\/web\/wp-json\/wp\/v2\/media\/61625"}],"wp:attachment":[{"href":"https:\/\/pagina10.com\/web\/wp-json\/wp\/v2\/media?parent=61624"}],"wp:term":[{"taxonomy":"category","embeddable":true,"href":"https:\/\/pagina10.com\/web\/wp-json\/wp\/v2\/categories?post=61624"},{"taxonomy":"post_tag","embeddable":true,"href":"https:\/\/pagina10.com\/web\/wp-json\/wp\/v2\/tags?post=61624"}],"curies":[{"name":"wp","href":"https:\/\/api.w.org\/{rel}","templated":true}]}}