{"id":61648,"date":"2022-09-14T21:07:46","date_gmt":"2022-09-15T02:07:46","guid":{"rendered":"https:\/\/pagina10.com\/web\/?p=61648"},"modified":"2022-09-14T21:07:46","modified_gmt":"2022-09-15T02:07:46","slug":"secretaria-de-educacion-municipal-magister-gloria-jurado-y-su-impulso-a-las-bibliotecas-escolares","status":"publish","type":"post","link":"https:\/\/pagina10.com\/web\/secretaria-de-educacion-municipal-magister-gloria-jurado-y-su-impulso-a-las-bibliotecas-escolares\/","title":{"rendered":"Secretaria de educaci\u00f3n municipal, mag\u00edster Gloria Jurado, y su impulso a las bibliotecas escolares."},"content":{"rendered":"<div>\n<div dir=\"auto\" style=\"text-align: justify;\"><a tabindex=\"0\" role=\"link\" href=\"https:\/\/wmcmf.com\/video\/por-que-finlandia-es-lider-en-comprension-lectora-xavier-melgarejo\/?feed_id=9119&amp;_unique_id=63211eaedea53&amp;fbclid=IwAR16IbTm3gdw0ovE5QUw75e15JeaxD1MD4fDC1ZHu0pV_xFA33X8kjOl2rs\" target=\"_blank\" rel=\"nofollow noopener\">https:\/\/wmcmf.com\/&#8230;\/por-que-finlandia-es-lider-en&#8230;\/&#8230;<\/a><\/div>\n<\/div>\n<div style=\"text-align: justify;\">\n<div dir=\"auto\">En visita a la secretaria de educaci\u00f3n municipal de Pasto, Magister Gloria Jurado, tuve la oportunidad de compartir puntos de vista sobre educaci\u00f3n, literatura y filosof\u00eda. Temas que se entrecruzan en los momentos pedag\u00f3gicos.<\/div>\n<\/div>\n<div style=\"text-align: justify;\">\n<div dir=\"auto\">Uno de los aspectos m\u00e1s interesantes tuvo que ver con la urgente necesidad de impulsar y fomentar procesos de lecto-escritura en los estudiantes de nuestro municipio. Para ello es imprescindible redise\u00f1ar los espacios destinados a bibliotecas en las instituciones educativas.<\/div>\n<\/div>\n<div style=\"text-align: justify;\">\n<div dir=\"auto\">La biblioteca es el cerebro de una instituci\u00f3n y puede decirse que es la imagen y representaci\u00f3n de quienes la dirigen. Desafortunadamente y por m\u00faltiples circunstancias estos espacios fueron perdiendo importancia en las ciudades, centros educativos, comunas y barrios. A\u00fan en los mismos hogares se fue encogiendo el lugar destinado a los libros y a la biblioteca .<\/div>\n<\/div>\n<div style=\"text-align: justify;\">\n<div dir=\"auto\">Pero el transcurrir de los d\u00edas ha permitido ver y analizar que las bibliotecas se constituyen en escenarios ideales de aprendizaje, de motivaci\u00f3n y de expansi\u00f3n mental y espiritual. Los libros son ese canal que facilitan el ensanchamiento de las perspectivas existenciales.<\/div>\n<\/div>\n<div style=\"text-align: justify;\">\n<div dir=\"auto\">Importante que quien rige los destinos de la educaci\u00f3n en nuestro municipio tenga esa sensibilidad y disposici\u00f3n para destinar esfuerzos y recursos en aras de revivir la biblioteca escolar como ese verdadero patrimonio de las generaciones que se forman entre sus p\u00e1ginas palabras y emociones.<\/div>\n<\/div>\n<div style=\"text-align: justify;\">\n<div dir=\"auto\">Una invitaci\u00f3n a rectores, directivos escolares, administradores, entidades y funcionarios para que acojan y apoyen iniciativas de esta naturaleza.<\/div>\n<\/div>\n<div>\n<div dir=\"auto\" style=\"text-align: justify;\">Nuestro reconocimiento a la doctora Gloria Jurado por permitirnos un di\u00e1logo Franco y sincero en torno a la cultura, los libros, la biblioteca escolar y el presente y futuro de la educaci\u00f3n en nuestro municipio.<\/div>\n<\/div>\n","protected":false},"excerpt":{"rendered":"<p>https:\/\/wmcmf.com\/&#8230;\/por-que-finlandia-es-lider-en&#8230;\/&#8230; En visita a la secretaria de educaci\u00f3n municipal de Pasto, Magister Gloria Jurado, tuve la oportunidad de compartir puntos de vista sobre educaci\u00f3n, literatura y filosof\u00eda. Temas que se entrecruzan en los momentos pedag\u00f3gicos. Uno de los aspectos m\u00e1s interesantes tuvo que ver con la urgente necesidad de impulsar y fomentar procesos de lecto-escritura [&hellip;]<\/p>\n","protected":false},"author":46,"featured_media":61649,"comment_status":"open","ping_status":"open","sticky":false,"template":"","format":"standard","meta":{"footnotes":""},"categories":[1549],"tags":[],"class_list":["post-61648","post","type-post","status-publish","format-standard","has-post-thumbnail","hentry","category-educacion-innovacion-3"],"yoast_head":"<!-- This site is optimized with the Yoast SEO plugin v27.1.1 - https:\/\/yoast.com\/product\/yoast-seo-wordpress\/ -->\n<title>Secretaria de educaci\u00f3n municipal, mag\u00edster Gloria Jurado, y su impulso a las bibliotecas escolares. | P\u00e1gina10<\/title>\n<meta name=\"robots\" content=\"index, follow, max-snippet:-1, max-image-preview:large, max-video-preview:-1\" \/>\n<link rel=\"canonical\" href=\"https:\/\/pagina10.com\/web\/secretaria-de-educacion-municipal-magister-gloria-jurado-y-su-impulso-a-las-bibliotecas-escolares\/\" \/>\n<meta property=\"og:locale\" content=\"es_ES\" \/>\n<meta property=\"og:type\" content=\"article\" \/>\n<meta property=\"og:title\" content=\"Secretaria de educaci\u00f3n municipal, mag\u00edster Gloria Jurado, y su impulso a las bibliotecas escolares. | P\u00e1gina10\" \/>\n<meta property=\"og:description\" content=\"https:\/\/wmcmf.com\/&#8230;\/por-que-finlandia-es-lider-en&#8230;\/&#8230; En visita a la secretaria de educaci\u00f3n municipal de Pasto, Magister Gloria Jurado, tuve la oportunidad de compartir puntos de vista sobre educaci\u00f3n, literatura y filosof\u00eda. Temas que se entrecruzan en los momentos pedag\u00f3gicos. Uno de los aspectos m\u00e1s interesantes tuvo que ver con la urgente necesidad de impulsar y fomentar procesos de lecto-escritura [&hellip;]\" \/>\n<meta property=\"og:url\" content=\"https:\/\/pagina10.com\/web\/secretaria-de-educacion-municipal-magister-gloria-jurado-y-su-impulso-a-las-bibliotecas-escolares\/\" \/>\n<meta property=\"og:site_name\" content=\"P\u00e1gina10\" \/>\n<meta property=\"article:publisher\" content=\"https:\/\/www.facebook.com\/pag10com\" \/>\n<meta property=\"article:published_time\" content=\"2022-09-15T02:07:46+00:00\" \/>\n<meta property=\"og:image\" content=\"https:\/\/pagina10.com\/web\/wp-content\/uploads\/2022\/09\/Captura-de-Pantalla-2022-09-14-a-las-9.04.56-p.-m..png\" \/>\n\t<meta property=\"og:image:width\" content=\"372\" \/>\n\t<meta property=\"og:image:height\" content=\"347\" \/>\n\t<meta property=\"og:image:type\" content=\"image\/png\" \/>\n<meta name=\"author\" content=\"Pablo Emilio Obando Acosta\" \/>\n<meta name=\"twitter:card\" content=\"summary_large_image\" \/>\n<meta name=\"twitter:creator\" content=\"@Pag10com\" \/>\n<meta name=\"twitter:site\" content=\"@Pag10com\" \/>\n<meta name=\"twitter:label1\" content=\"Escrito por\" \/>\n\t<meta name=\"twitter:data1\" content=\"Pablo Emilio Obando Acosta\" \/>\n\t<meta name=\"twitter:label2\" content=\"Tiempo de lectura\" \/>\n\t<meta name=\"twitter:data2\" content=\"1 minuto\" \/>\n<script type=\"application\/ld+json\" class=\"yoast-schema-graph\">{\"@context\":\"https:\/\/schema.org\",\"@graph\":[{\"@type\":\"Article\",\"@id\":\"https:\/\/pagina10.com\/web\/secretaria-de-educacion-municipal-magister-gloria-jurado-y-su-impulso-a-las-bibliotecas-escolares\/#article\",\"isPartOf\":{\"@id\":\"https:\/\/pagina10.com\/web\/secretaria-de-educacion-municipal-magister-gloria-jurado-y-su-impulso-a-las-bibliotecas-escolares\/\"},\"author\":{\"name\":\"Pablo Emilio Obando Acosta\",\"@id\":\"https:\/\/pagina10.com\/web\/#\/schema\/person\/3d3687c9f037834284853a963ee45123\"},\"headline\":\"Secretaria de educaci\u00f3n municipal, mag\u00edster Gloria Jurado, y su impulso a las bibliotecas escolares.\",\"datePublished\":\"2022-09-15T02:07:46+00:00\",\"mainEntityOfPage\":{\"@id\":\"https:\/\/pagina10.com\/web\/secretaria-de-educacion-municipal-magister-gloria-jurado-y-su-impulso-a-las-bibliotecas-escolares\/\"},\"wordCount\":311,\"commentCount\":0,\"publisher\":{\"@id\":\"https:\/\/pagina10.com\/web\/#organization\"},\"image\":{\"@id\":\"https:\/\/pagina10.com\/web\/secretaria-de-educacion-municipal-magister-gloria-jurado-y-su-impulso-a-las-bibliotecas-escolares\/#primaryimage\"},\"thumbnailUrl\":\"https:\/\/pagina10.com\/web\/wp-content\/uploads\/2022\/09\/Captura-de-Pantalla-2022-09-14-a-las-9.04.56-p.-m..png\",\"articleSection\":[\"Educaci\u00f3n\"],\"inLanguage\":\"es\",\"potentialAction\":[{\"@type\":\"CommentAction\",\"name\":\"Comment\",\"target\":[\"https:\/\/pagina10.com\/web\/secretaria-de-educacion-municipal-magister-gloria-jurado-y-su-impulso-a-las-bibliotecas-escolares\/#respond\"]}]},{\"@type\":\"WebPage\",\"@id\":\"https:\/\/pagina10.com\/web\/secretaria-de-educacion-municipal-magister-gloria-jurado-y-su-impulso-a-las-bibliotecas-escolares\/\",\"url\":\"https:\/\/pagina10.com\/web\/secretaria-de-educacion-municipal-magister-gloria-jurado-y-su-impulso-a-las-bibliotecas-escolares\/\",\"name\":\"Secretaria de educaci\u00f3n municipal, mag\u00edster Gloria Jurado, y su impulso a las bibliotecas escolares. | P\u00e1gina10\",\"isPartOf\":{\"@id\":\"https:\/\/pagina10.com\/web\/#website\"},\"primaryImageOfPage\":{\"@id\":\"https:\/\/pagina10.com\/web\/secretaria-de-educacion-municipal-magister-gloria-jurado-y-su-impulso-a-las-bibliotecas-escolares\/#primaryimage\"},\"image\":{\"@id\":\"https:\/\/pagina10.com\/web\/secretaria-de-educacion-municipal-magister-gloria-jurado-y-su-impulso-a-las-bibliotecas-escolares\/#primaryimage\"},\"thumbnailUrl\":\"https:\/\/pagina10.com\/web\/wp-content\/uploads\/2022\/09\/Captura-de-Pantalla-2022-09-14-a-las-9.04.56-p.-m..png\",\"datePublished\":\"2022-09-15T02:07:46+00:00\",\"breadcrumb\":{\"@id\":\"https:\/\/pagina10.com\/web\/secretaria-de-educacion-municipal-magister-gloria-jurado-y-su-impulso-a-las-bibliotecas-escolares\/#breadcrumb\"},\"inLanguage\":\"es\",\"potentialAction\":[{\"@type\":\"ReadAction\",\"target\":[\"https:\/\/pagina10.com\/web\/secretaria-de-educacion-municipal-magister-gloria-jurado-y-su-impulso-a-las-bibliotecas-escolares\/\"]}]},{\"@type\":\"ImageObject\",\"inLanguage\":\"es\",\"@id\":\"https:\/\/pagina10.com\/web\/secretaria-de-educacion-municipal-magister-gloria-jurado-y-su-impulso-a-las-bibliotecas-escolares\/#primaryimage\",\"url\":\"https:\/\/pagina10.com\/web\/wp-content\/uploads\/2022\/09\/Captura-de-Pantalla-2022-09-14-a-las-9.04.56-p.-m..png\",\"contentUrl\":\"https:\/\/pagina10.com\/web\/wp-content\/uploads\/2022\/09\/Captura-de-Pantalla-2022-09-14-a-las-9.04.56-p.-m..png\",\"width\":372,\"height\":347},{\"@type\":\"BreadcrumbList\",\"@id\":\"https:\/\/pagina10.com\/web\/secretaria-de-educacion-municipal-magister-gloria-jurado-y-su-impulso-a-las-bibliotecas-escolares\/#breadcrumb\",\"itemListElement\":[{\"@type\":\"ListItem\",\"position\":1,\"name\":\"Portada\",\"item\":\"https:\/\/pagina10.com\/web\/\"},{\"@type\":\"ListItem\",\"position\":2,\"name\":\"Secretaria de educaci\u00f3n municipal, mag\u00edster Gloria Jurado, y su impulso a las bibliotecas escolares.\"}]},{\"@type\":\"WebSite\",\"@id\":\"https:\/\/pagina10.com\/web\/#website\",\"url\":\"https:\/\/pagina10.com\/web\/\",\"name\":\"P\u00e1gina10\",\"description\":\"Peri\u00f3dico Regional\",\"publisher\":{\"@id\":\"https:\/\/pagina10.com\/web\/#organization\"},\"alternateName\":\"P\u00e1gina10 Peri\u00f3dico Regional\",\"potentialAction\":[{\"@type\":\"SearchAction\",\"target\":{\"@type\":\"EntryPoint\",\"urlTemplate\":\"https:\/\/pagina10.com\/web\/?s={search_term_string}\"},\"query-input\":{\"@type\":\"PropertyValueSpecification\",\"valueRequired\":true,\"valueName\":\"search_term_string\"}}],\"inLanguage\":\"es\"},{\"@type\":\"Organization\",\"@id\":\"https:\/\/pagina10.com\/web\/#organization\",\"name\":\"P\u00e1gina10\",\"alternateName\":\"P\u00e1gina10 Peri\u00f3dico Regional\",\"url\":\"https:\/\/pagina10.com\/web\/\",\"logo\":{\"@type\":\"ImageObject\",\"inLanguage\":\"es\",\"@id\":\"https:\/\/pagina10.com\/web\/#\/schema\/logo\/image\/\",\"url\":\"https:\/\/pagina10.com\/web\/wp-content\/uploads\/2024\/01\/40-pagina-10-periodico-regional-pasto.jpg\",\"contentUrl\":\"https:\/\/pagina10.com\/web\/wp-content\/uploads\/2024\/01\/40-pagina-10-periodico-regional-pasto.jpg\",\"width\":1280,\"height\":720,\"caption\":\"P\u00e1gina10\"},\"image\":{\"@id\":\"https:\/\/pagina10.com\/web\/#\/schema\/logo\/image\/\"},\"sameAs\":[\"https:\/\/www.facebook.com\/pag10com\",\"https:\/\/x.com\/Pag10com\",\"https:\/\/www.instagram.com\/pagina10col\/\",\"https:\/\/youtube.com\/channel\/pag10\",\"https:\/\/www.tiktok.com\/@p10col\"]},{\"@type\":\"Person\",\"@id\":\"https:\/\/pagina10.com\/web\/#\/schema\/person\/3d3687c9f037834284853a963ee45123\",\"name\":\"Pablo Emilio Obando Acosta\",\"description\":\"PABLO EMILIO OBANDO ACOSTA Nace en el a\u00f1o de 1965. Bachiller acad\u00e9mico Modalidad Humanidades del INEM de Pasto. En 1989 culmina sus estudios universitarios en la Universidad de Nari\u00f1o obteniendo el t\u00edtulo de Licenciado en Ciencias Sociales \u2013 \u00e9nfasis Ciencias de la Educaci\u00f3n \u2013Jornada nocturna-. Especialista en Literatura latinoamericana y colaborador de importantes medios de comunicaci\u00f3n escritos de nuestra regi\u00f3n y del pa\u00eds: El Tiempo.com, Semana.com, Dinero, Diario Del Sur, El Espectador.com, entre otros, Sus escritos se conocen y han obtenido reconocimientos en Chile, Uruguay, Paraguay, Espa\u00f1a y Alemania. En el a\u00f1o 2000 obtiene el reconocimiento CORREO DEL SUR como el personaje c\u00edvico del a\u00f1o por su f\u00e9rrea defensa de la dignidad pastense al protestar con su documento \u201cUn pueblo ante la historia\u201d por el trato despectivo de algunos medios de comunicaci\u00f3n. Las reacciones no se hacen esperar en peri\u00f3dicos de circulaci\u00f3n regional y nacional como El Tiempo, El Espectador y El Pa\u00eds. Ha obtenido m\u00faltiples medallas y condecoraciones por su labor period\u00edstica y cultural: Medalla al merito Guillermo Edmundo Ch\u00e1vez \u2013 mejor escritor del departamento de Nari\u00f1o 2005 \u2013 Fundaci\u00f3n Gabriel Garc\u00eda M\u00e1rquez. Mejor Columnista del departamento de Nari\u00f1o \u2013 a\u00f1os 1991 \u2013 1993 \u2013 1996 \u2013 2001 \u2013 2006 Fundaci\u00f3n Cultural Correo del Sur. Personaje C\u00edvico del Departamento de Nari\u00f1o a\u00f1o 2000. Medalla \u00c1lvaro Javier Jurado Calvache a\u00f1o 2007 \u2013 Centro Educativo PROFESA \u2013 defensor poblaci\u00f3n vulnerable del municipio de Pasto. Mejor cuentista del departamento de Nari\u00f1o \u2013 a\u00f1os 1989 \u2013 2004 \u2013 2005. Cronista m\u00e1s destacado del departamento de Nari\u00f1o \u2013 a\u00f1o 2001. Finalista VI Concurso Internacional de Cuento \u2013 Prensa Nueva \u2013 a\u00f1o 1991. Primer puesto Concurso nacional de cuento \u2013 Contralor\u00eda general de la Rep\u00fablica \u2013 a\u00f1o 1992. Primer Lugar Concurso Municipal de Periodismo \u201cSilvio Le\u00f3n Espa\u00f1a\u201d \u2013 2009. . Reconocimiento Concejo municipal de Pasto, por su labor c\u00edvica y educativa. Sus obras y escritos se conocen en varios pa\u00edses de Latinoam\u00e9rica y de Colombia. Es autor de una docena de textos y m\u00e1s de un millar de columnas de opini\u00f3n que han generado pol\u00e9mica en el contexto nacional y latinoamericano: Testimonio de una insurrecci\u00f3n ciudadana \u2013 2011. El doctor Mierda. Un pueblo ante la historia. La filosof\u00eda de la gallina. Del amor por la Tierra... y otros textos. Diario de un maestro de escuela. Apuntes para una nueva historia Nuevos apuntes \u2013 Tomas Hidalgo Calvache. El problema de los cristianos. La utilidad del poeta. \u00bfTe acuerdas Mariana...? Corona F\u00fanebre \u2013 Tomas Hidalgo Calvache. En formato digital ha editado los siguientes t\u00edtulos: - La nueva filosof\u00eda de la gallina. - Tomas Hidalgo Calvache - Apuntes. - Educar con valor. Figura en varias antolog\u00edas de autores nari\u00f1enses y en una latinoamericana. Sobre \u00e9l han escrito elogiosamente intelectuales de la talla de Otto Morales Ben\u00edtez, Edgar Bastidas Urresty, Juan Augusto Ortiz cabrera, Carlos Santamar\u00eda, Javier Rodrizales, Miguel Garz\u00f3n Arteaga, Fausto Molina, Jorge Arturo Bravo y otros tantos que ser\u00eda dif\u00edcil nombrar en esta peque\u00f1a cr\u00f3nica sobre Pablo Emilio Obando Acosta.\",\"url\":\"https:\/\/pagina10.com\/web\/author\/pobando\/\"}]}<\/script>\n<!-- \/ Yoast SEO plugin. -->","yoast_head_json":{"title":"Secretaria de educaci\u00f3n municipal, mag\u00edster Gloria Jurado, y su impulso a las bibliotecas escolares. | P\u00e1gina10","robots":{"index":"index","follow":"follow","max-snippet":"max-snippet:-1","max-image-preview":"max-image-preview:large","max-video-preview":"max-video-preview:-1"},"canonical":"https:\/\/pagina10.com\/web\/secretaria-de-educacion-municipal-magister-gloria-jurado-y-su-impulso-a-las-bibliotecas-escolares\/","og_locale":"es_ES","og_type":"article","og_title":"Secretaria de educaci\u00f3n municipal, mag\u00edster Gloria Jurado, y su impulso a las bibliotecas escolares. | P\u00e1gina10","og_description":"https:\/\/wmcmf.com\/&#8230;\/por-que-finlandia-es-lider-en&#8230;\/&#8230; En visita a la secretaria de educaci\u00f3n municipal de Pasto, Magister Gloria Jurado, tuve la oportunidad de compartir puntos de vista sobre educaci\u00f3n, literatura y filosof\u00eda. Temas que se entrecruzan en los momentos pedag\u00f3gicos. Uno de los aspectos m\u00e1s interesantes tuvo que ver con la urgente necesidad de impulsar y fomentar procesos de lecto-escritura [&hellip;]","og_url":"https:\/\/pagina10.com\/web\/secretaria-de-educacion-municipal-magister-gloria-jurado-y-su-impulso-a-las-bibliotecas-escolares\/","og_site_name":"P\u00e1gina10","article_publisher":"https:\/\/www.facebook.com\/pag10com","article_published_time":"2022-09-15T02:07:46+00:00","og_image":[{"width":372,"height":347,"url":"https:\/\/pagina10.com\/web\/wp-content\/uploads\/2022\/09\/Captura-de-Pantalla-2022-09-14-a-las-9.04.56-p.-m..png","type":"image\/png"}],"author":"Pablo Emilio Obando Acosta","twitter_card":"summary_large_image","twitter_creator":"@Pag10com","twitter_site":"@Pag10com","twitter_misc":{"Escrito por":"Pablo Emilio Obando Acosta","Tiempo de lectura":"1 minuto"},"schema":{"@context":"https:\/\/schema.org","@graph":[{"@type":"Article","@id":"https:\/\/pagina10.com\/web\/secretaria-de-educacion-municipal-magister-gloria-jurado-y-su-impulso-a-las-bibliotecas-escolares\/#article","isPartOf":{"@id":"https:\/\/pagina10.com\/web\/secretaria-de-educacion-municipal-magister-gloria-jurado-y-su-impulso-a-las-bibliotecas-escolares\/"},"author":{"name":"Pablo Emilio Obando Acosta","@id":"https:\/\/pagina10.com\/web\/#\/schema\/person\/3d3687c9f037834284853a963ee45123"},"headline":"Secretaria de educaci\u00f3n municipal, mag\u00edster Gloria Jurado, y su impulso a las bibliotecas escolares.","datePublished":"2022-09-15T02:07:46+00:00","mainEntityOfPage":{"@id":"https:\/\/pagina10.com\/web\/secretaria-de-educacion-municipal-magister-gloria-jurado-y-su-impulso-a-las-bibliotecas-escolares\/"},"wordCount":311,"commentCount":0,"publisher":{"@id":"https:\/\/pagina10.com\/web\/#organization"},"image":{"@id":"https:\/\/pagina10.com\/web\/secretaria-de-educacion-municipal-magister-gloria-jurado-y-su-impulso-a-las-bibliotecas-escolares\/#primaryimage"},"thumbnailUrl":"https:\/\/pagina10.com\/web\/wp-content\/uploads\/2022\/09\/Captura-de-Pantalla-2022-09-14-a-las-9.04.56-p.-m..png","articleSection":["Educaci\u00f3n"],"inLanguage":"es","potentialAction":[{"@type":"CommentAction","name":"Comment","target":["https:\/\/pagina10.com\/web\/secretaria-de-educacion-municipal-magister-gloria-jurado-y-su-impulso-a-las-bibliotecas-escolares\/#respond"]}]},{"@type":"WebPage","@id":"https:\/\/pagina10.com\/web\/secretaria-de-educacion-municipal-magister-gloria-jurado-y-su-impulso-a-las-bibliotecas-escolares\/","url":"https:\/\/pagina10.com\/web\/secretaria-de-educacion-municipal-magister-gloria-jurado-y-su-impulso-a-las-bibliotecas-escolares\/","name":"Secretaria de educaci\u00f3n municipal, mag\u00edster Gloria Jurado, y su impulso a las bibliotecas escolares. | P\u00e1gina10","isPartOf":{"@id":"https:\/\/pagina10.com\/web\/#website"},"primaryImageOfPage":{"@id":"https:\/\/pagina10.com\/web\/secretaria-de-educacion-municipal-magister-gloria-jurado-y-su-impulso-a-las-bibliotecas-escolares\/#primaryimage"},"image":{"@id":"https:\/\/pagina10.com\/web\/secretaria-de-educacion-municipal-magister-gloria-jurado-y-su-impulso-a-las-bibliotecas-escolares\/#primaryimage"},"thumbnailUrl":"https:\/\/pagina10.com\/web\/wp-content\/uploads\/2022\/09\/Captura-de-Pantalla-2022-09-14-a-las-9.04.56-p.-m..png","datePublished":"2022-09-15T02:07:46+00:00","breadcrumb":{"@id":"https:\/\/pagina10.com\/web\/secretaria-de-educacion-municipal-magister-gloria-jurado-y-su-impulso-a-las-bibliotecas-escolares\/#breadcrumb"},"inLanguage":"es","potentialAction":[{"@type":"ReadAction","target":["https:\/\/pagina10.com\/web\/secretaria-de-educacion-municipal-magister-gloria-jurado-y-su-impulso-a-las-bibliotecas-escolares\/"]}]},{"@type":"ImageObject","inLanguage":"es","@id":"https:\/\/pagina10.com\/web\/secretaria-de-educacion-municipal-magister-gloria-jurado-y-su-impulso-a-las-bibliotecas-escolares\/#primaryimage","url":"https:\/\/pagina10.com\/web\/wp-content\/uploads\/2022\/09\/Captura-de-Pantalla-2022-09-14-a-las-9.04.56-p.-m..png","contentUrl":"https:\/\/pagina10.com\/web\/wp-content\/uploads\/2022\/09\/Captura-de-Pantalla-2022-09-14-a-las-9.04.56-p.-m..png","width":372,"height":347},{"@type":"BreadcrumbList","@id":"https:\/\/pagina10.com\/web\/secretaria-de-educacion-municipal-magister-gloria-jurado-y-su-impulso-a-las-bibliotecas-escolares\/#breadcrumb","itemListElement":[{"@type":"ListItem","position":1,"name":"Portada","item":"https:\/\/pagina10.com\/web\/"},{"@type":"ListItem","position":2,"name":"Secretaria de educaci\u00f3n municipal, mag\u00edster Gloria Jurado, y su impulso a las bibliotecas escolares."}]},{"@type":"WebSite","@id":"https:\/\/pagina10.com\/web\/#website","url":"https:\/\/pagina10.com\/web\/","name":"P\u00e1gina10","description":"Peri\u00f3dico Regional","publisher":{"@id":"https:\/\/pagina10.com\/web\/#organization"},"alternateName":"P\u00e1gina10 Peri\u00f3dico Regional","potentialAction":[{"@type":"SearchAction","target":{"@type":"EntryPoint","urlTemplate":"https:\/\/pagina10.com\/web\/?s={search_term_string}"},"query-input":{"@type":"PropertyValueSpecification","valueRequired":true,"valueName":"search_term_string"}}],"inLanguage":"es"},{"@type":"Organization","@id":"https:\/\/pagina10.com\/web\/#organization","name":"P\u00e1gina10","alternateName":"P\u00e1gina10 Peri\u00f3dico Regional","url":"https:\/\/pagina10.com\/web\/","logo":{"@type":"ImageObject","inLanguage":"es","@id":"https:\/\/pagina10.com\/web\/#\/schema\/logo\/image\/","url":"https:\/\/pagina10.com\/web\/wp-content\/uploads\/2024\/01\/40-pagina-10-periodico-regional-pasto.jpg","contentUrl":"https:\/\/pagina10.com\/web\/wp-content\/uploads\/2024\/01\/40-pagina-10-periodico-regional-pasto.jpg","width":1280,"height":720,"caption":"P\u00e1gina10"},"image":{"@id":"https:\/\/pagina10.com\/web\/#\/schema\/logo\/image\/"},"sameAs":["https:\/\/www.facebook.com\/pag10com","https:\/\/x.com\/Pag10com","https:\/\/www.instagram.com\/pagina10col\/","https:\/\/youtube.com\/channel\/pag10","https:\/\/www.tiktok.com\/@p10col"]},{"@type":"Person","@id":"https:\/\/pagina10.com\/web\/#\/schema\/person\/3d3687c9f037834284853a963ee45123","name":"Pablo Emilio Obando Acosta","description":"PABLO EMILIO OBANDO ACOSTA Nace en el a\u00f1o de 1965. Bachiller acad\u00e9mico Modalidad Humanidades del INEM de Pasto. En 1989 culmina sus estudios universitarios en la Universidad de Nari\u00f1o obteniendo el t\u00edtulo de Licenciado en Ciencias Sociales \u2013 \u00e9nfasis Ciencias de la Educaci\u00f3n \u2013Jornada nocturna-. Especialista en Literatura latinoamericana y colaborador de importantes medios de comunicaci\u00f3n escritos de nuestra regi\u00f3n y del pa\u00eds: El Tiempo.com, Semana.com, Dinero, Diario Del Sur, El Espectador.com, entre otros, Sus escritos se conocen y han obtenido reconocimientos en Chile, Uruguay, Paraguay, Espa\u00f1a y Alemania. En el a\u00f1o 2000 obtiene el reconocimiento CORREO DEL SUR como el personaje c\u00edvico del a\u00f1o por su f\u00e9rrea defensa de la dignidad pastense al protestar con su documento \u201cUn pueblo ante la historia\u201d por el trato despectivo de algunos medios de comunicaci\u00f3n. Las reacciones no se hacen esperar en peri\u00f3dicos de circulaci\u00f3n regional y nacional como El Tiempo, El Espectador y El Pa\u00eds. Ha obtenido m\u00faltiples medallas y condecoraciones por su labor period\u00edstica y cultural: Medalla al merito Guillermo Edmundo Ch\u00e1vez \u2013 mejor escritor del departamento de Nari\u00f1o 2005 \u2013 Fundaci\u00f3n Gabriel Garc\u00eda M\u00e1rquez. Mejor Columnista del departamento de Nari\u00f1o \u2013 a\u00f1os 1991 \u2013 1993 \u2013 1996 \u2013 2001 \u2013 2006 Fundaci\u00f3n Cultural Correo del Sur. Personaje C\u00edvico del Departamento de Nari\u00f1o a\u00f1o 2000. Medalla \u00c1lvaro Javier Jurado Calvache a\u00f1o 2007 \u2013 Centro Educativo PROFESA \u2013 defensor poblaci\u00f3n vulnerable del municipio de Pasto. Mejor cuentista del departamento de Nari\u00f1o \u2013 a\u00f1os 1989 \u2013 2004 \u2013 2005. Cronista m\u00e1s destacado del departamento de Nari\u00f1o \u2013 a\u00f1o 2001. Finalista VI Concurso Internacional de Cuento \u2013 Prensa Nueva \u2013 a\u00f1o 1991. Primer puesto Concurso nacional de cuento \u2013 Contralor\u00eda general de la Rep\u00fablica \u2013 a\u00f1o 1992. Primer Lugar Concurso Municipal de Periodismo \u201cSilvio Le\u00f3n Espa\u00f1a\u201d \u2013 2009. . Reconocimiento Concejo municipal de Pasto, por su labor c\u00edvica y educativa. Sus obras y escritos se conocen en varios pa\u00edses de Latinoam\u00e9rica y de Colombia. Es autor de una docena de textos y m\u00e1s de un millar de columnas de opini\u00f3n que han generado pol\u00e9mica en el contexto nacional y latinoamericano: Testimonio de una insurrecci\u00f3n ciudadana \u2013 2011. El doctor Mierda. Un pueblo ante la historia. La filosof\u00eda de la gallina. Del amor por la Tierra... y otros textos. Diario de un maestro de escuela. Apuntes para una nueva historia Nuevos apuntes \u2013 Tomas Hidalgo Calvache. El problema de los cristianos. La utilidad del poeta. \u00bfTe acuerdas Mariana...? Corona F\u00fanebre \u2013 Tomas Hidalgo Calvache. En formato digital ha editado los siguientes t\u00edtulos: - La nueva filosof\u00eda de la gallina. - Tomas Hidalgo Calvache - Apuntes. - Educar con valor. Figura en varias antolog\u00edas de autores nari\u00f1enses y en una latinoamericana. Sobre \u00e9l han escrito elogiosamente intelectuales de la talla de Otto Morales Ben\u00edtez, Edgar Bastidas Urresty, Juan Augusto Ortiz cabrera, Carlos Santamar\u00eda, Javier Rodrizales, Miguel Garz\u00f3n Arteaga, Fausto Molina, Jorge Arturo Bravo y otros tantos que ser\u00eda dif\u00edcil nombrar en esta peque\u00f1a cr\u00f3nica sobre Pablo Emilio Obando Acosta.","url":"https:\/\/pagina10.com\/web\/author\/pobando\/"}]}},"_links":{"self":[{"href":"https:\/\/pagina10.com\/web\/wp-json\/wp\/v2\/posts\/61648","targetHints":{"allow":["GET"]}}],"collection":[{"href":"https:\/\/pagina10.com\/web\/wp-json\/wp\/v2\/posts"}],"about":[{"href":"https:\/\/pagina10.com\/web\/wp-json\/wp\/v2\/types\/post"}],"author":[{"embeddable":true,"href":"https:\/\/pagina10.com\/web\/wp-json\/wp\/v2\/users\/46"}],"replies":[{"embeddable":true,"href":"https:\/\/pagina10.com\/web\/wp-json\/wp\/v2\/comments?post=61648"}],"version-history":[{"count":1,"href":"https:\/\/pagina10.com\/web\/wp-json\/wp\/v2\/posts\/61648\/revisions"}],"predecessor-version":[{"id":61650,"href":"https:\/\/pagina10.com\/web\/wp-json\/wp\/v2\/posts\/61648\/revisions\/61650"}],"wp:featuredmedia":[{"embeddable":true,"href":"https:\/\/pagina10.com\/web\/wp-json\/wp\/v2\/media\/61649"}],"wp:attachment":[{"href":"https:\/\/pagina10.com\/web\/wp-json\/wp\/v2\/media?parent=61648"}],"wp:term":[{"taxonomy":"category","embeddable":true,"href":"https:\/\/pagina10.com\/web\/wp-json\/wp\/v2\/categories?post=61648"},{"taxonomy":"post_tag","embeddable":true,"href":"https:\/\/pagina10.com\/web\/wp-json\/wp\/v2\/tags?post=61648"}],"curies":[{"name":"wp","href":"https:\/\/api.w.org\/{rel}","templated":true}]}}