{"id":61654,"date":"2022-09-14T22:25:01","date_gmt":"2022-09-15T03:25:01","guid":{"rendered":"https:\/\/pagina10.com\/web\/?p=61654"},"modified":"2022-09-14T22:25:01","modified_gmt":"2022-09-15T03:25:01","slug":"cae-red-senalada-de-enviar-cocaina-desde-dos-municipios-de-narino-hacia-centroamerica","status":"publish","type":"post","link":"https:\/\/pagina10.com\/web\/cae-red-senalada-de-enviar-cocaina-desde-dos-municipios-de-narino-hacia-centroamerica\/","title":{"rendered":"Cae red se\u00f1alada de enviar coca\u00edna desde dos municipios de Nari\u00f1o hacia Centroam\u00e9rica"},"content":{"rendered":"<p style=\"text-align: justify;\">La Fiscal\u00eda General de la Naci\u00f3n, a trav\u00e9s de la Direcci\u00f3n Especializada contra el Narcotr\u00e1fico, logr\u00f3 la judicializaci\u00f3n de 14 se\u00f1alados integrantes de una estructura narcotraficante, que ser\u00eda la responsable de coordinar la salida de los cargamentos de coca\u00edna desde dos municipios de Nari\u00f1o y uno del Cauca hacia Centroam\u00e9rica.<\/p>\n<p style=\"text-align: justify;\">Las investigaciones permitieron conocer que esta red ilegal, al parecer, ten\u00eda complejos para la producci\u00f3n y procesamiento del clorhidrato de coca\u00edna en Cumbitara y Leiva (Nari\u00f1o), y Argelia (Cauca), desde donde era trasportada v\u00eda terrestre al Valle del Cauca para almacenarla en centros de acopio.<\/p>\n<p style=\"text-align: justify;\">Posteriormente, de acuerdo con las evidencias, utilizaban veh\u00edculos de trasporte p\u00fablico y particular a los que les adaptaban compartimentos secretos para llevar la sustancia hasta las zonas costeras de La Guajira desde donde, aparentemente, enviaban los cargamentos al destino internacional.<\/p>\n<p style=\"text-align: justify;\">Las personas que estar\u00edan involucradas en esta actividad fueron capturadas en diligencias realizadas, la Direcci\u00f3n de Antinarc\u00f3ticos de la Polic\u00eda\u00a0 y autoridades brit\u00e1nicas, en Los Patios, Zulia, Gramalote (Santander), Popay\u00e1n, El Bordo, Santander de Quilichao (Cauca), Yumbo (Valle del Cauca) e Ipiales (Nari\u00f1o). En los operativos se incautaron seis pistolas, dos carabinas, una escopeta, 11 proveedores, 603 cartuchos y $26.350.000 en efectivo. Igualmente, 888 kilos de clorhidrato de coca\u00edna.<\/p>\n<p style=\"text-align: justify;\">Los sindicados fueron identificados como Jos\u00e9 Rafael Infante Vega, alias Chiqui, se\u00f1alado cabecilla financiero de la organizaci\u00f3n delincuencial; Daniel Arciniegas Piedrahita, alias Huesos, quien, al parecer, fung\u00eda como coordinador para la compra del alcalohide; Dustin Essneider C\u00f3rdoba Zamora alias Dustin y H\u00e9ctor Fabio Rojas Guevara, alias H\u00e9ctor, quienes ser\u00edan los encargados de coordinar el transporte de los alijos. Adem\u00e1s de Edgar Fernando Mart\u00ednez Uribe, alias El Indio y Yeraldin G\u00f3mez Roser, alias Yeraldin, presuntos financieros y encargados de la producci\u00f3n del estupefaciente.<\/p>\n<p style=\"text-align: justify;\">Asimismo, fueron judicializados Alexander Oviedo Clavijo, alias Tuty, que estar\u00eda a encargo de la elaboraci\u00f3n de caletas; Jaime Esteban Bravo Castro, alias Jaimito; \u00d3scar Alfonso Castillo Daza, alias Oscar; Yan Carlos Trejos Rojas, alias Yanca; H\u00e9ctor Camilo Portilla Zambrano, alias H\u00e9ctor; Elver Johanni Quiroz Insuasty, alias Trasporte; y F\u00e9lix Badillo Camargo, alias Indio 2, quienes ser\u00edan los transportadores de los narc\u00f3ticos.<\/p>\n<p style=\"text-align: justify;\">Un fiscal de la Direcci\u00f3n Especializada contra el Narcotr\u00e1fico imput\u00f3 a los detenidos los delitos de tr\u00e1fico, fabricaci\u00f3n o porte de estupefacientes, y concierto para delinquir con fines de narcotr\u00e1fico. Los procesados recibieron medida de aseguramiento privativa de la libertad en centro carcelario.<\/p>\n","protected":false},"excerpt":{"rendered":"<p>La Fiscal\u00eda General de la Naci\u00f3n, a trav\u00e9s de la Direcci\u00f3n Especializada contra el Narcotr\u00e1fico, logr\u00f3 la judicializaci\u00f3n de 14 se\u00f1alados integrantes de una estructura narcotraficante, que ser\u00eda la responsable de coordinar la salida de los cargamentos de coca\u00edna desde dos municipios de Nari\u00f1o y uno del Cauca hacia Centroam\u00e9rica. Las investigaciones permitieron conocer que [&hellip;]<\/p>\n","protected":false},"author":1,"featured_media":61655,"comment_status":"open","ping_status":"open","sticky":false,"template":"","format":"standard","meta":{"footnotes":""},"categories":[61],"tags":[],"class_list":["post-61654","post","type-post","status-publish","format-standard","has-post-thumbnail","hentry","category-judicial"],"yoast_head":"<!-- This site is optimized with the Yoast SEO plugin v27.1.1 - https:\/\/yoast.com\/product\/yoast-seo-wordpress\/ -->\n<title>Cae red se\u00f1alada de enviar coca\u00edna desde dos municipios de Nari\u00f1o hacia Centroam\u00e9rica | P\u00e1gina10<\/title>\n<meta name=\"robots\" content=\"index, follow, max-snippet:-1, max-image-preview:large, max-video-preview:-1\" \/>\n<link rel=\"canonical\" href=\"https:\/\/pagina10.com\/web\/cae-red-senalada-de-enviar-cocaina-desde-dos-municipios-de-narino-hacia-centroamerica\/\" \/>\n<meta property=\"og:locale\" content=\"es_ES\" \/>\n<meta property=\"og:type\" content=\"article\" \/>\n<meta property=\"og:title\" content=\"Cae red se\u00f1alada de enviar coca\u00edna desde dos municipios de Nari\u00f1o hacia Centroam\u00e9rica | P\u00e1gina10\" \/>\n<meta property=\"og:description\" content=\"La Fiscal\u00eda General de la Naci\u00f3n, a trav\u00e9s de la Direcci\u00f3n Especializada contra el Narcotr\u00e1fico, logr\u00f3 la judicializaci\u00f3n de 14 se\u00f1alados integrantes de una estructura narcotraficante, que ser\u00eda la responsable de coordinar la salida de los cargamentos de coca\u00edna desde dos municipios de Nari\u00f1o y uno del Cauca hacia Centroam\u00e9rica. Las investigaciones permitieron conocer que [&hellip;]\" \/>\n<meta property=\"og:url\" content=\"https:\/\/pagina10.com\/web\/cae-red-senalada-de-enviar-cocaina-desde-dos-municipios-de-narino-hacia-centroamerica\/\" \/>\n<meta property=\"og:site_name\" content=\"P\u00e1gina10\" \/>\n<meta property=\"article:publisher\" content=\"https:\/\/www.facebook.com\/pag10com\" \/>\n<meta property=\"article:published_time\" content=\"2022-09-15T03:25:01+00:00\" \/>\n<meta property=\"og:image\" content=\"https:\/\/pagina10.com\/web\/wp-content\/uploads\/2022\/09\/100955645_gettyimages-585278028.jpg\" \/>\n\t<meta property=\"og:image:width\" content=\"976\" \/>\n\t<meta property=\"og:image:height\" content=\"549\" \/>\n\t<meta property=\"og:image:type\" content=\"image\/jpeg\" \/>\n<meta name=\"author\" content=\"P\u00e1gina 10\" \/>\n<meta name=\"twitter:card\" content=\"summary_large_image\" \/>\n<meta name=\"twitter:creator\" content=\"@Pag10com\" \/>\n<meta name=\"twitter:site\" content=\"@Pag10com\" \/>\n<meta name=\"twitter:label1\" content=\"Escrito por\" \/>\n\t<meta name=\"twitter:data1\" content=\"P\u00e1gina 10\" \/>\n\t<meta name=\"twitter:label2\" content=\"Tiempo de lectura\" \/>\n\t<meta name=\"twitter:data2\" content=\"2 minutos\" \/>\n<script type=\"application\/ld+json\" class=\"yoast-schema-graph\">{\"@context\":\"https:\/\/schema.org\",\"@graph\":[{\"@type\":\"Article\",\"@id\":\"https:\/\/pagina10.com\/web\/cae-red-senalada-de-enviar-cocaina-desde-dos-municipios-de-narino-hacia-centroamerica\/#article\",\"isPartOf\":{\"@id\":\"https:\/\/pagina10.com\/web\/cae-red-senalada-de-enviar-cocaina-desde-dos-municipios-de-narino-hacia-centroamerica\/\"},\"author\":{\"name\":\"P\u00e1gina 10\",\"@id\":\"https:\/\/pagina10.com\/web\/#\/schema\/person\/2efc4a090d25b667d3bc796798a3a81b\"},\"headline\":\"Cae red se\u00f1alada de enviar coca\u00edna desde dos municipios de Nari\u00f1o hacia Centroam\u00e9rica\",\"datePublished\":\"2022-09-15T03:25:01+00:00\",\"mainEntityOfPage\":{\"@id\":\"https:\/\/pagina10.com\/web\/cae-red-senalada-de-enviar-cocaina-desde-dos-municipios-de-narino-hacia-centroamerica\/\"},\"wordCount\":450,\"commentCount\":0,\"publisher\":{\"@id\":\"https:\/\/pagina10.com\/web\/#organization\"},\"image\":{\"@id\":\"https:\/\/pagina10.com\/web\/cae-red-senalada-de-enviar-cocaina-desde-dos-municipios-de-narino-hacia-centroamerica\/#primaryimage\"},\"thumbnailUrl\":\"https:\/\/pagina10.com\/web\/wp-content\/uploads\/2022\/09\/100955645_gettyimages-585278028.jpg\",\"articleSection\":[\"Judicial\"],\"inLanguage\":\"es\",\"potentialAction\":[{\"@type\":\"CommentAction\",\"name\":\"Comment\",\"target\":[\"https:\/\/pagina10.com\/web\/cae-red-senalada-de-enviar-cocaina-desde-dos-municipios-de-narino-hacia-centroamerica\/#respond\"]}]},{\"@type\":\"WebPage\",\"@id\":\"https:\/\/pagina10.com\/web\/cae-red-senalada-de-enviar-cocaina-desde-dos-municipios-de-narino-hacia-centroamerica\/\",\"url\":\"https:\/\/pagina10.com\/web\/cae-red-senalada-de-enviar-cocaina-desde-dos-municipios-de-narino-hacia-centroamerica\/\",\"name\":\"Cae red se\u00f1alada de enviar coca\u00edna desde dos municipios de Nari\u00f1o hacia Centroam\u00e9rica | P\u00e1gina10\",\"isPartOf\":{\"@id\":\"https:\/\/pagina10.com\/web\/#website\"},\"primaryImageOfPage\":{\"@id\":\"https:\/\/pagina10.com\/web\/cae-red-senalada-de-enviar-cocaina-desde-dos-municipios-de-narino-hacia-centroamerica\/#primaryimage\"},\"image\":{\"@id\":\"https:\/\/pagina10.com\/web\/cae-red-senalada-de-enviar-cocaina-desde-dos-municipios-de-narino-hacia-centroamerica\/#primaryimage\"},\"thumbnailUrl\":\"https:\/\/pagina10.com\/web\/wp-content\/uploads\/2022\/09\/100955645_gettyimages-585278028.jpg\",\"datePublished\":\"2022-09-15T03:25:01+00:00\",\"breadcrumb\":{\"@id\":\"https:\/\/pagina10.com\/web\/cae-red-senalada-de-enviar-cocaina-desde-dos-municipios-de-narino-hacia-centroamerica\/#breadcrumb\"},\"inLanguage\":\"es\",\"potentialAction\":[{\"@type\":\"ReadAction\",\"target\":[\"https:\/\/pagina10.com\/web\/cae-red-senalada-de-enviar-cocaina-desde-dos-municipios-de-narino-hacia-centroamerica\/\"]}]},{\"@type\":\"ImageObject\",\"inLanguage\":\"es\",\"@id\":\"https:\/\/pagina10.com\/web\/cae-red-senalada-de-enviar-cocaina-desde-dos-municipios-de-narino-hacia-centroamerica\/#primaryimage\",\"url\":\"https:\/\/pagina10.com\/web\/wp-content\/uploads\/2022\/09\/100955645_gettyimages-585278028.jpg\",\"contentUrl\":\"https:\/\/pagina10.com\/web\/wp-content\/uploads\/2022\/09\/100955645_gettyimages-585278028.jpg\",\"width\":976,\"height\":549},{\"@type\":\"BreadcrumbList\",\"@id\":\"https:\/\/pagina10.com\/web\/cae-red-senalada-de-enviar-cocaina-desde-dos-municipios-de-narino-hacia-centroamerica\/#breadcrumb\",\"itemListElement\":[{\"@type\":\"ListItem\",\"position\":1,\"name\":\"Portada\",\"item\":\"https:\/\/pagina10.com\/web\/\"},{\"@type\":\"ListItem\",\"position\":2,\"name\":\"Cae red se\u00f1alada de enviar coca\u00edna desde dos municipios de Nari\u00f1o hacia Centroam\u00e9rica\"}]},{\"@type\":\"WebSite\",\"@id\":\"https:\/\/pagina10.com\/web\/#website\",\"url\":\"https:\/\/pagina10.com\/web\/\",\"name\":\"P\u00e1gina10\",\"description\":\"Peri\u00f3dico Regional\",\"publisher\":{\"@id\":\"https:\/\/pagina10.com\/web\/#organization\"},\"alternateName\":\"P\u00e1gina10 Peri\u00f3dico Regional\",\"potentialAction\":[{\"@type\":\"SearchAction\",\"target\":{\"@type\":\"EntryPoint\",\"urlTemplate\":\"https:\/\/pagina10.com\/web\/?s={search_term_string}\"},\"query-input\":{\"@type\":\"PropertyValueSpecification\",\"valueRequired\":true,\"valueName\":\"search_term_string\"}}],\"inLanguage\":\"es\"},{\"@type\":\"Organization\",\"@id\":\"https:\/\/pagina10.com\/web\/#organization\",\"name\":\"P\u00e1gina10\",\"alternateName\":\"P\u00e1gina10 Peri\u00f3dico Regional\",\"url\":\"https:\/\/pagina10.com\/web\/\",\"logo\":{\"@type\":\"ImageObject\",\"inLanguage\":\"es\",\"@id\":\"https:\/\/pagina10.com\/web\/#\/schema\/logo\/image\/\",\"url\":\"https:\/\/pagina10.com\/web\/wp-content\/uploads\/2024\/01\/40-pagina-10-periodico-regional-pasto.jpg\",\"contentUrl\":\"https:\/\/pagina10.com\/web\/wp-content\/uploads\/2024\/01\/40-pagina-10-periodico-regional-pasto.jpg\",\"width\":1280,\"height\":720,\"caption\":\"P\u00e1gina10\"},\"image\":{\"@id\":\"https:\/\/pagina10.com\/web\/#\/schema\/logo\/image\/\"},\"sameAs\":[\"https:\/\/www.facebook.com\/pag10com\",\"https:\/\/x.com\/Pag10com\",\"https:\/\/www.instagram.com\/pagina10col\/\",\"https:\/\/youtube.com\/channel\/pag10\",\"https:\/\/www.tiktok.com\/@p10col\"]},{\"@type\":\"Person\",\"@id\":\"https:\/\/pagina10.com\/web\/#\/schema\/person\/2efc4a090d25b667d3bc796798a3a81b\",\"name\":\"P\u00e1gina 10\",\"description\":\"P\u00e1gina 10 es un peri\u00f3dico regional que nace en Colombia, en el departamento de Nari\u00f1o, con un enfoque global, fundamentado en cuatro pilares esenciales: la libertad, el pluralismo, la inclusi\u00f3n y la independencia. P\u00e1gina 10 hace referencia a Nari\u00f1o como el d\u00e9cimo departamento creado en Colombia, despu\u00e9s de un proceso pol\u00edtico liderado por actores y actrices regionales con el fin de obtener la independencia y autonom\u00eda de nuestros territorios. Con la creaci\u00f3n de P\u00e1gina 10 se pretende abrir un escenario para el dialogo, la reflexi\u00f3n y el debate que se extienda a otras geograf\u00edas de Am\u00e9rica Latina y del planeta, en una apuesta por transformar colectivamente los desaf\u00edos de un mundo contempor\u00e1neo, m\u00e1s all\u00e1 de las fronteras impuestas.\",\"url\":\"https:\/\/pagina10.com\/web\/author\/pdiezadmin\/\"}]}<\/script>\n<!-- \/ Yoast SEO plugin. -->","yoast_head_json":{"title":"Cae red se\u00f1alada de enviar coca\u00edna desde dos municipios de Nari\u00f1o hacia Centroam\u00e9rica | P\u00e1gina10","robots":{"index":"index","follow":"follow","max-snippet":"max-snippet:-1","max-image-preview":"max-image-preview:large","max-video-preview":"max-video-preview:-1"},"canonical":"https:\/\/pagina10.com\/web\/cae-red-senalada-de-enviar-cocaina-desde-dos-municipios-de-narino-hacia-centroamerica\/","og_locale":"es_ES","og_type":"article","og_title":"Cae red se\u00f1alada de enviar coca\u00edna desde dos municipios de Nari\u00f1o hacia Centroam\u00e9rica | P\u00e1gina10","og_description":"La Fiscal\u00eda General de la Naci\u00f3n, a trav\u00e9s de la Direcci\u00f3n Especializada contra el Narcotr\u00e1fico, logr\u00f3 la judicializaci\u00f3n de 14 se\u00f1alados integrantes de una estructura narcotraficante, que ser\u00eda la responsable de coordinar la salida de los cargamentos de coca\u00edna desde dos municipios de Nari\u00f1o y uno del Cauca hacia Centroam\u00e9rica. Las investigaciones permitieron conocer que [&hellip;]","og_url":"https:\/\/pagina10.com\/web\/cae-red-senalada-de-enviar-cocaina-desde-dos-municipios-de-narino-hacia-centroamerica\/","og_site_name":"P\u00e1gina10","article_publisher":"https:\/\/www.facebook.com\/pag10com","article_published_time":"2022-09-15T03:25:01+00:00","og_image":[{"width":976,"height":549,"url":"https:\/\/pagina10.com\/web\/wp-content\/uploads\/2022\/09\/100955645_gettyimages-585278028.jpg","type":"image\/jpeg"}],"author":"P\u00e1gina 10","twitter_card":"summary_large_image","twitter_creator":"@Pag10com","twitter_site":"@Pag10com","twitter_misc":{"Escrito por":"P\u00e1gina 10","Tiempo de lectura":"2 minutos"},"schema":{"@context":"https:\/\/schema.org","@graph":[{"@type":"Article","@id":"https:\/\/pagina10.com\/web\/cae-red-senalada-de-enviar-cocaina-desde-dos-municipios-de-narino-hacia-centroamerica\/#article","isPartOf":{"@id":"https:\/\/pagina10.com\/web\/cae-red-senalada-de-enviar-cocaina-desde-dos-municipios-de-narino-hacia-centroamerica\/"},"author":{"name":"P\u00e1gina 10","@id":"https:\/\/pagina10.com\/web\/#\/schema\/person\/2efc4a090d25b667d3bc796798a3a81b"},"headline":"Cae red se\u00f1alada de enviar coca\u00edna desde dos municipios de Nari\u00f1o hacia Centroam\u00e9rica","datePublished":"2022-09-15T03:25:01+00:00","mainEntityOfPage":{"@id":"https:\/\/pagina10.com\/web\/cae-red-senalada-de-enviar-cocaina-desde-dos-municipios-de-narino-hacia-centroamerica\/"},"wordCount":450,"commentCount":0,"publisher":{"@id":"https:\/\/pagina10.com\/web\/#organization"},"image":{"@id":"https:\/\/pagina10.com\/web\/cae-red-senalada-de-enviar-cocaina-desde-dos-municipios-de-narino-hacia-centroamerica\/#primaryimage"},"thumbnailUrl":"https:\/\/pagina10.com\/web\/wp-content\/uploads\/2022\/09\/100955645_gettyimages-585278028.jpg","articleSection":["Judicial"],"inLanguage":"es","potentialAction":[{"@type":"CommentAction","name":"Comment","target":["https:\/\/pagina10.com\/web\/cae-red-senalada-de-enviar-cocaina-desde-dos-municipios-de-narino-hacia-centroamerica\/#respond"]}]},{"@type":"WebPage","@id":"https:\/\/pagina10.com\/web\/cae-red-senalada-de-enviar-cocaina-desde-dos-municipios-de-narino-hacia-centroamerica\/","url":"https:\/\/pagina10.com\/web\/cae-red-senalada-de-enviar-cocaina-desde-dos-municipios-de-narino-hacia-centroamerica\/","name":"Cae red se\u00f1alada de enviar coca\u00edna desde dos municipios de Nari\u00f1o hacia Centroam\u00e9rica | P\u00e1gina10","isPartOf":{"@id":"https:\/\/pagina10.com\/web\/#website"},"primaryImageOfPage":{"@id":"https:\/\/pagina10.com\/web\/cae-red-senalada-de-enviar-cocaina-desde-dos-municipios-de-narino-hacia-centroamerica\/#primaryimage"},"image":{"@id":"https:\/\/pagina10.com\/web\/cae-red-senalada-de-enviar-cocaina-desde-dos-municipios-de-narino-hacia-centroamerica\/#primaryimage"},"thumbnailUrl":"https:\/\/pagina10.com\/web\/wp-content\/uploads\/2022\/09\/100955645_gettyimages-585278028.jpg","datePublished":"2022-09-15T03:25:01+00:00","breadcrumb":{"@id":"https:\/\/pagina10.com\/web\/cae-red-senalada-de-enviar-cocaina-desde-dos-municipios-de-narino-hacia-centroamerica\/#breadcrumb"},"inLanguage":"es","potentialAction":[{"@type":"ReadAction","target":["https:\/\/pagina10.com\/web\/cae-red-senalada-de-enviar-cocaina-desde-dos-municipios-de-narino-hacia-centroamerica\/"]}]},{"@type":"ImageObject","inLanguage":"es","@id":"https:\/\/pagina10.com\/web\/cae-red-senalada-de-enviar-cocaina-desde-dos-municipios-de-narino-hacia-centroamerica\/#primaryimage","url":"https:\/\/pagina10.com\/web\/wp-content\/uploads\/2022\/09\/100955645_gettyimages-585278028.jpg","contentUrl":"https:\/\/pagina10.com\/web\/wp-content\/uploads\/2022\/09\/100955645_gettyimages-585278028.jpg","width":976,"height":549},{"@type":"BreadcrumbList","@id":"https:\/\/pagina10.com\/web\/cae-red-senalada-de-enviar-cocaina-desde-dos-municipios-de-narino-hacia-centroamerica\/#breadcrumb","itemListElement":[{"@type":"ListItem","position":1,"name":"Portada","item":"https:\/\/pagina10.com\/web\/"},{"@type":"ListItem","position":2,"name":"Cae red se\u00f1alada de enviar coca\u00edna desde dos municipios de Nari\u00f1o hacia Centroam\u00e9rica"}]},{"@type":"WebSite","@id":"https:\/\/pagina10.com\/web\/#website","url":"https:\/\/pagina10.com\/web\/","name":"P\u00e1gina10","description":"Peri\u00f3dico Regional","publisher":{"@id":"https:\/\/pagina10.com\/web\/#organization"},"alternateName":"P\u00e1gina10 Peri\u00f3dico Regional","potentialAction":[{"@type":"SearchAction","target":{"@type":"EntryPoint","urlTemplate":"https:\/\/pagina10.com\/web\/?s={search_term_string}"},"query-input":{"@type":"PropertyValueSpecification","valueRequired":true,"valueName":"search_term_string"}}],"inLanguage":"es"},{"@type":"Organization","@id":"https:\/\/pagina10.com\/web\/#organization","name":"P\u00e1gina10","alternateName":"P\u00e1gina10 Peri\u00f3dico Regional","url":"https:\/\/pagina10.com\/web\/","logo":{"@type":"ImageObject","inLanguage":"es","@id":"https:\/\/pagina10.com\/web\/#\/schema\/logo\/image\/","url":"https:\/\/pagina10.com\/web\/wp-content\/uploads\/2024\/01\/40-pagina-10-periodico-regional-pasto.jpg","contentUrl":"https:\/\/pagina10.com\/web\/wp-content\/uploads\/2024\/01\/40-pagina-10-periodico-regional-pasto.jpg","width":1280,"height":720,"caption":"P\u00e1gina10"},"image":{"@id":"https:\/\/pagina10.com\/web\/#\/schema\/logo\/image\/"},"sameAs":["https:\/\/www.facebook.com\/pag10com","https:\/\/x.com\/Pag10com","https:\/\/www.instagram.com\/pagina10col\/","https:\/\/youtube.com\/channel\/pag10","https:\/\/www.tiktok.com\/@p10col"]},{"@type":"Person","@id":"https:\/\/pagina10.com\/web\/#\/schema\/person\/2efc4a090d25b667d3bc796798a3a81b","name":"P\u00e1gina 10","description":"P\u00e1gina 10 es un peri\u00f3dico regional que nace en Colombia, en el departamento de Nari\u00f1o, con un enfoque global, fundamentado en cuatro pilares esenciales: la libertad, el pluralismo, la inclusi\u00f3n y la independencia. P\u00e1gina 10 hace referencia a Nari\u00f1o como el d\u00e9cimo departamento creado en Colombia, despu\u00e9s de un proceso pol\u00edtico liderado por actores y actrices regionales con el fin de obtener la independencia y autonom\u00eda de nuestros territorios. Con la creaci\u00f3n de P\u00e1gina 10 se pretende abrir un escenario para el dialogo, la reflexi\u00f3n y el debate que se extienda a otras geograf\u00edas de Am\u00e9rica Latina y del planeta, en una apuesta por transformar colectivamente los desaf\u00edos de un mundo contempor\u00e1neo, m\u00e1s all\u00e1 de las fronteras impuestas.","url":"https:\/\/pagina10.com\/web\/author\/pdiezadmin\/"}]}},"_links":{"self":[{"href":"https:\/\/pagina10.com\/web\/wp-json\/wp\/v2\/posts\/61654","targetHints":{"allow":["GET"]}}],"collection":[{"href":"https:\/\/pagina10.com\/web\/wp-json\/wp\/v2\/posts"}],"about":[{"href":"https:\/\/pagina10.com\/web\/wp-json\/wp\/v2\/types\/post"}],"author":[{"embeddable":true,"href":"https:\/\/pagina10.com\/web\/wp-json\/wp\/v2\/users\/1"}],"replies":[{"embeddable":true,"href":"https:\/\/pagina10.com\/web\/wp-json\/wp\/v2\/comments?post=61654"}],"version-history":[{"count":1,"href":"https:\/\/pagina10.com\/web\/wp-json\/wp\/v2\/posts\/61654\/revisions"}],"predecessor-version":[{"id":61656,"href":"https:\/\/pagina10.com\/web\/wp-json\/wp\/v2\/posts\/61654\/revisions\/61656"}],"wp:featuredmedia":[{"embeddable":true,"href":"https:\/\/pagina10.com\/web\/wp-json\/wp\/v2\/media\/61655"}],"wp:attachment":[{"href":"https:\/\/pagina10.com\/web\/wp-json\/wp\/v2\/media?parent=61654"}],"wp:term":[{"taxonomy":"category","embeddable":true,"href":"https:\/\/pagina10.com\/web\/wp-json\/wp\/v2\/categories?post=61654"},{"taxonomy":"post_tag","embeddable":true,"href":"https:\/\/pagina10.com\/web\/wp-json\/wp\/v2\/tags?post=61654"}],"curies":[{"name":"wp","href":"https:\/\/api.w.org\/{rel}","templated":true}]}}